{"id":11798,"date":"2015-02-24T17:55:42","date_gmt":"2015-02-24T17:55:42","guid":{"rendered":"http:\/\/ceric.org\/?p=11798"},"modified":"2015-07-14T16:38:53","modified_gmt":"2015-07-14T20:38:53","slug":"une-nouvelle-recherche-documentaire-se-penche-sur-les-personnes-handicapees-et-le-developpement-de-carriere","status":"publish","type":"post","link":"https:\/\/ceric.ca\/fr\/2015\/02\/une-nouvelle-recherche-documentaire-se-penche-sur-les-personnes-handicapees-et-le-developpement-de-carriere\/","title":{"rendered":"Une nouvelle recherche documentaire se penche sur les personnes handicap\u00e9es et le d\u00e9veloppement de carri\u00e8re"},"content":{"rendered":"<p>La toute derni\u00e8re recherche du CERIC porte sur <a href=\"http:\/\/contactpoint.ca\/wp-content\/uploads\/2015\/02\/Literature-Search-Persons-with-Disabilities-and-Career-Development-updated-January-2015..pdf\" target=\"_blank\">les personnes handicap\u00e9es et le d\u00e9veloppement de carri\u00e8re<\/a>. Les professionnels du d\u00e9veloppement de carri\u00e8re travaillent souvent avec des personnes qui ont des handicaps de toutes sortes et \u00e9prouvent de la difficult\u00e9 \u00e0 trouver un bon emploi. Selon une <a href=\"http:\/\/www.statcan.gc.ca\/pub\/89-654-x\/89-654-x2013002-fra.htm\" target=\"_blank\">enqu\u00eate de 2012 du gouvernement du Canada<\/a>, 13,7 % des adultes canadiens ont un handicap qui limite leurs activit\u00e9s quotidiennes.<\/p>\n<p><!--more--><\/p>\n<p>Les sujets couverts dans cette recherche documentaire sont les suivants :<\/p>\n<ul>\n<li>L&rsquo;effet des handicaps sur les revenus;<\/li>\n<\/ul>\n<ul>\n<li>L&rsquo;int\u00e9gration des personnes handicap\u00e9es au march\u00e9 du travail;<\/li>\n<\/ul>\n<ul>\n<li>Les handicaps et les comp\u00e9tences;<\/li>\n<\/ul>\n<ul>\n<li>Les obstacles \u00e0 l&rsquo;avancement professionnel des personnes handicap\u00e9es.<\/li>\n<\/ul>\n<p>Il existe au total 27 recherches documentaires, dont \u00ab Travailleurs \u00e2g\u00e9s et d\u00e9veloppement de carri\u00e8re \u00bb, \u00ab Transitions professionnelles de l&rsquo;arm\u00e9e au monde civil \u00bb, \u00ab L\u2019orientation professionnelle et les questions autochtones \u00bb et \u00ab Sant\u00e9 mentale sur le lieu de travail \u00bb.<\/p>\n<p>Les outils de recherche comprennent une liste exhaustive de travaux et d&rsquo;articles cl\u00e9s sur le d\u00e9veloppement de carri\u00e8re, soulignant les \u00e9l\u00e9ments essentiels des connaissances actuelles.<\/p>\n<p>Les recherches documentaires sont tr\u00e8s utiles si vous d\u00e9sirez vous renseigner sur les r\u00e9flexions les plus r\u00e9centes ou les meilleures pratiques confirm\u00e9es. Elles sont \u00e9galement utiles si vous songez faire une demande concernant du <a href=\"\/partenariats\/\">financement de partenariat<\/a> afin d&rsquo;obtenir un aper\u00e7u des importants travaux d\u00e9j\u00e0 r\u00e9alis\u00e9s dans votre domaine.<\/p>\n<p><a href=\"\/listes-de-documents\/\">D\u00e9couvrez tous les documents ici<\/a>.<\/p>\n","protected":false},"excerpt":{"rendered":"<p>La toute derni\u00e8re recherche du CERIC porte sur les personnes handicap\u00e9es et le d\u00e9veloppement de carri\u00e8re. Les professionnels du d\u00e9veloppement de carri\u00e8re travaillent souvent avec des<span class=\"excerpt-hellip\"> [\u2026]<\/span><\/p>\n","protected":false},"author":1,"featured_media":0,"comment_status":"closed","ping_status":"closed","sticky":false,"template":"","format":"standard","meta":{"h5ap_radio_sources":[],"footnotes":""},"categories":[260,262,32],"tags":[],"class_list":["post-11798","post","type-post","status-publish","format-standard","hentry","category-2015-fr","category-fevrier-2015-fr","category-nouvelles"],"yoast_head":"<!-- This site is optimized with the Yoast SEO Premium plugin v27.4 (Yoast SEO v27.4) - https:\/\/yoast.com\/product\/yoast-seo-premium-wordpress\/ -->\n<title>Une nouvelle recherche documentaire se penche sur les personnes handicap\u00e9es et le d\u00e9veloppement de carri\u00e8re - CERIC<\/title>\n<meta name=\"robots\" content=\"index, follow, max-snippet:-1, max-image-preview:large, max-video-preview:-1\" \/>\n<link rel=\"canonical\" href=\"https:\/\/ceric.ca\/fr\/2015\/02\/une-nouvelle-recherche-documentaire-se-penche-sur-les-personnes-handicapees-et-le-developpement-de-carriere\/\" \/>\n<meta property=\"og:locale\" content=\"fr_FR\" \/>\n<meta property=\"og:type\" content=\"article\" \/>\n<meta property=\"og:title\" content=\"Une nouvelle recherche documentaire se penche sur les personnes handicap\u00e9es et le d\u00e9veloppement de carri\u00e8re\" \/>\n<meta property=\"og:description\" content=\"La toute derni\u00e8re recherche du CERIC porte sur les personnes handicap\u00e9es et le d\u00e9veloppement de carri\u00e8re. Les professionnels du d\u00e9veloppement de carri\u00e8re travaillent souvent avec des [\u2026]\" \/>\n<meta property=\"og:url\" content=\"https:\/\/ceric.ca\/fr\/2015\/02\/une-nouvelle-recherche-documentaire-se-penche-sur-les-personnes-handicapees-et-le-developpement-de-carriere\/\" \/>\n<meta property=\"og:site_name\" content=\"CERIC\" \/>\n<meta property=\"article:published_time\" content=\"2015-02-24T17:55:42+00:00\" \/>\n<meta property=\"article:modified_time\" content=\"2015-07-14T20:38:53+00:00\" \/>\n<meta name=\"author\" content=\"Norman Valdez\" \/>\n<meta name=\"twitter:card\" content=\"summary_large_image\" \/>\n<meta name=\"twitter:creator\" content=\"@rachel@ceric.ca\" \/>\n<meta name=\"twitter:label1\" content=\"\u00c9crit par\" \/>\n\t<meta name=\"twitter:data1\" content=\"Norman Valdez\" \/>\n\t<meta name=\"twitter:label2\" content=\"Dur\u00e9e de lecture estim\u00e9e\" \/>\n\t<meta name=\"twitter:data2\" content=\"1 minute\" \/>\n<script type=\"application\/ld+json\" class=\"yoast-schema-graph\">{\"@context\":\"https:\\\/\\\/schema.org\",\"@graph\":[{\"@type\":\"Article\",\"@id\":\"https:\\\/\\\/ceric.ca\\\/fr\\\/2015\\\/02\\\/une-nouvelle-recherche-documentaire-se-penche-sur-les-personnes-handicapees-et-le-developpement-de-carriere\\\/#article\",\"isPartOf\":{\"@id\":\"https:\\\/\\\/ceric.ca\\\/fr\\\/2015\\\/02\\\/une-nouvelle-recherche-documentaire-se-penche-sur-les-personnes-handicapees-et-le-developpement-de-carriere\\\/\"},\"author\":{\"name\":\"Norman Valdez\",\"@id\":\"https:\\\/\\\/ceric.ca\\\/#\\\/schema\\\/person\\\/444d77ede5f23ae98c74e54ab17e2da2\"},\"headline\":\"Une nouvelle recherche documentaire se penche sur les personnes handicap\u00e9es et le d\u00e9veloppement de carri\u00e8re\",\"datePublished\":\"2015-02-24T17:55:42+00:00\",\"dateModified\":\"2015-07-14T20:38:53+00:00\",\"mainEntityOfPage\":{\"@id\":\"https:\\\/\\\/ceric.ca\\\/fr\\\/2015\\\/02\\\/une-nouvelle-recherche-documentaire-se-penche-sur-les-personnes-handicapees-et-le-developpement-de-carriere\\\/\"},\"wordCount\":266,\"publisher\":{\"@id\":\"https:\\\/\\\/ceric.ca\\\/#organization\"},\"articleSection\":[\"2015 @fr\",\"f\u00e9vrier\",\"Nouvelles\"],\"inLanguage\":\"fr-FR\"},{\"@type\":\"WebPage\",\"@id\":\"https:\\\/\\\/ceric.ca\\\/fr\\\/2015\\\/02\\\/une-nouvelle-recherche-documentaire-se-penche-sur-les-personnes-handicapees-et-le-developpement-de-carriere\\\/\",\"url\":\"https:\\\/\\\/ceric.ca\\\/fr\\\/2015\\\/02\\\/une-nouvelle-recherche-documentaire-se-penche-sur-les-personnes-handicapees-et-le-developpement-de-carriere\\\/\",\"name\":\"Une nouvelle recherche documentaire se penche sur les personnes handicap\u00e9es et le d\u00e9veloppement de carri\u00e8re - CERIC\",\"isPartOf\":{\"@id\":\"https:\\\/\\\/ceric.ca\\\/#website\"},\"datePublished\":\"2015-02-24T17:55:42+00:00\",\"dateModified\":\"2015-07-14T20:38:53+00:00\",\"breadcrumb\":{\"@id\":\"https:\\\/\\\/ceric.ca\\\/fr\\\/2015\\\/02\\\/une-nouvelle-recherche-documentaire-se-penche-sur-les-personnes-handicapees-et-le-developpement-de-carriere\\\/#breadcrumb\"},\"inLanguage\":\"fr-FR\",\"potentialAction\":[{\"@type\":\"ReadAction\",\"target\":[\"https:\\\/\\\/ceric.ca\\\/fr\\\/2015\\\/02\\\/une-nouvelle-recherche-documentaire-se-penche-sur-les-personnes-handicapees-et-le-developpement-de-carriere\\\/\"]}]},{\"@type\":\"BreadcrumbList\",\"@id\":\"https:\\\/\\\/ceric.ca\\\/fr\\\/2015\\\/02\\\/une-nouvelle-recherche-documentaire-se-penche-sur-les-personnes-handicapees-et-le-developpement-de-carriere\\\/#breadcrumb\",\"itemListElement\":[{\"@type\":\"ListItem\",\"position\":1,\"name\":\"Home\",\"item\":\"https:\\\/\\\/ceric.ca\\\/fr\\\/ceric-homepage-2025\\\/\"},{\"@type\":\"ListItem\",\"position\":2,\"name\":\"Une nouvelle recherche documentaire se penche sur les personnes handicap\u00e9es et le d\u00e9veloppement de carri\u00e8re\"}]},{\"@type\":\"WebSite\",\"@id\":\"https:\\\/\\\/ceric.ca\\\/#website\",\"url\":\"https:\\\/\\\/ceric.ca\\\/\",\"name\":\"CERIC\",\"description\":\"\",\"publisher\":{\"@id\":\"https:\\\/\\\/ceric.ca\\\/#organization\"},\"potentialAction\":[{\"@type\":\"SearchAction\",\"target\":{\"@type\":\"EntryPoint\",\"urlTemplate\":\"https:\\\/\\\/ceric.ca\\\/?s={search_term_string}\"},\"query-input\":{\"@type\":\"PropertyValueSpecification\",\"valueRequired\":true,\"valueName\":\"search_term_string\"}}],\"inLanguage\":\"fr-FR\"},{\"@type\":\"Organization\",\"@id\":\"https:\\\/\\\/ceric.ca\\\/#organization\",\"name\":\"CERIC\",\"url\":\"https:\\\/\\\/ceric.ca\\\/\",\"logo\":{\"@type\":\"ImageObject\",\"inLanguage\":\"fr-FR\",\"@id\":\"https:\\\/\\\/ceric.ca\\\/#\\\/schema\\\/logo\\\/image\\\/\",\"url\":\"\",\"contentUrl\":\"\",\"caption\":\"CERIC\"},\"image\":{\"@id\":\"https:\\\/\\\/ceric.ca\\\/#\\\/schema\\\/logo\\\/image\\\/\"}},{\"@type\":\"Person\",\"@id\":\"https:\\\/\\\/ceric.ca\\\/#\\\/schema\\\/person\\\/444d77ede5f23ae98c74e54ab17e2da2\",\"name\":\"Norman Valdez\",\"image\":{\"@type\":\"ImageObject\",\"inLanguage\":\"fr-FR\",\"@id\":\"https:\\\/\\\/secure.gravatar.com\\\/avatar\\\/01def366a03d176e612e177e52d2c8b99d80f13e922b93d5fb9696239fb7fbd4?s=96&d=blank&r=g\",\"url\":\"https:\\\/\\\/secure.gravatar.com\\\/avatar\\\/01def366a03d176e612e177e52d2c8b99d80f13e922b93d5fb9696239fb7fbd4?s=96&d=blank&r=g\",\"contentUrl\":\"https:\\\/\\\/secure.gravatar.com\\\/avatar\\\/01def366a03d176e612e177e52d2c8b99d80f13e922b93d5fb9696239fb7fbd4?s=96&d=blank&r=g\",\"caption\":\"Norman Valdez\"},\"sameAs\":[\"https:\\\/\\\/x.com\\\/rachel@ceric.ca\"],\"url\":\"https:\\\/\\\/ceric.ca\\\/fr\\\/author\\\/norman\\\/\"}]}<\/script>\n<!-- \/ Yoast SEO Premium plugin. -->","yoast_head_json":{"title":"Une nouvelle recherche documentaire se penche sur les personnes handicap\u00e9es et le d\u00e9veloppement de carri\u00e8re - CERIC","robots":{"index":"index","follow":"follow","max-snippet":"max-snippet:-1","max-image-preview":"max-image-preview:large","max-video-preview":"max-video-preview:-1"},"canonical":"https:\/\/ceric.ca\/fr\/2015\/02\/une-nouvelle-recherche-documentaire-se-penche-sur-les-personnes-handicapees-et-le-developpement-de-carriere\/","og_locale":"fr_FR","og_type":"article","og_title":"Une nouvelle recherche documentaire se penche sur les personnes handicap\u00e9es et le d\u00e9veloppement de carri\u00e8re","og_description":"La toute derni\u00e8re recherche du CERIC porte sur les personnes handicap\u00e9es et le d\u00e9veloppement de carri\u00e8re. Les professionnels du d\u00e9veloppement de carri\u00e8re travaillent souvent avec des [\u2026]","og_url":"https:\/\/ceric.ca\/fr\/2015\/02\/une-nouvelle-recherche-documentaire-se-penche-sur-les-personnes-handicapees-et-le-developpement-de-carriere\/","og_site_name":"CERIC","article_published_time":"2015-02-24T17:55:42+00:00","article_modified_time":"2015-07-14T20:38:53+00:00","author":"Norman Valdez","twitter_card":"summary_large_image","twitter_creator":"@rachel@ceric.ca","twitter_misc":{"\u00c9crit par":"Norman Valdez","Dur\u00e9e de lecture estim\u00e9e":"1 minute"},"schema":{"@context":"https:\/\/schema.org","@graph":[{"@type":"Article","@id":"https:\/\/ceric.ca\/fr\/2015\/02\/une-nouvelle-recherche-documentaire-se-penche-sur-les-personnes-handicapees-et-le-developpement-de-carriere\/#article","isPartOf":{"@id":"https:\/\/ceric.ca\/fr\/2015\/02\/une-nouvelle-recherche-documentaire-se-penche-sur-les-personnes-handicapees-et-le-developpement-de-carriere\/"},"author":{"name":"Norman Valdez","@id":"https:\/\/ceric.ca\/#\/schema\/person\/444d77ede5f23ae98c74e54ab17e2da2"},"headline":"Une nouvelle recherche documentaire se penche sur les personnes handicap\u00e9es et le d\u00e9veloppement de carri\u00e8re","datePublished":"2015-02-24T17:55:42+00:00","dateModified":"2015-07-14T20:38:53+00:00","mainEntityOfPage":{"@id":"https:\/\/ceric.ca\/fr\/2015\/02\/une-nouvelle-recherche-documentaire-se-penche-sur-les-personnes-handicapees-et-le-developpement-de-carriere\/"},"wordCount":266,"publisher":{"@id":"https:\/\/ceric.ca\/#organization"},"articleSection":["2015 @fr","f\u00e9vrier","Nouvelles"],"inLanguage":"fr-FR"},{"@type":"WebPage","@id":"https:\/\/ceric.ca\/fr\/2015\/02\/une-nouvelle-recherche-documentaire-se-penche-sur-les-personnes-handicapees-et-le-developpement-de-carriere\/","url":"https:\/\/ceric.ca\/fr\/2015\/02\/une-nouvelle-recherche-documentaire-se-penche-sur-les-personnes-handicapees-et-le-developpement-de-carriere\/","name":"Une nouvelle recherche documentaire se penche sur les personnes handicap\u00e9es et le d\u00e9veloppement de carri\u00e8re - CERIC","isPartOf":{"@id":"https:\/\/ceric.ca\/#website"},"datePublished":"2015-02-24T17:55:42+00:00","dateModified":"2015-07-14T20:38:53+00:00","breadcrumb":{"@id":"https:\/\/ceric.ca\/fr\/2015\/02\/une-nouvelle-recherche-documentaire-se-penche-sur-les-personnes-handicapees-et-le-developpement-de-carriere\/#breadcrumb"},"inLanguage":"fr-FR","potentialAction":[{"@type":"ReadAction","target":["https:\/\/ceric.ca\/fr\/2015\/02\/une-nouvelle-recherche-documentaire-se-penche-sur-les-personnes-handicapees-et-le-developpement-de-carriere\/"]}]},{"@type":"BreadcrumbList","@id":"https:\/\/ceric.ca\/fr\/2015\/02\/une-nouvelle-recherche-documentaire-se-penche-sur-les-personnes-handicapees-et-le-developpement-de-carriere\/#breadcrumb","itemListElement":[{"@type":"ListItem","position":1,"name":"Home","item":"https:\/\/ceric.ca\/fr\/ceric-homepage-2025\/"},{"@type":"ListItem","position":2,"name":"Une nouvelle recherche documentaire se penche sur les personnes handicap\u00e9es et le d\u00e9veloppement de carri\u00e8re"}]},{"@type":"WebSite","@id":"https:\/\/ceric.ca\/#website","url":"https:\/\/ceric.ca\/","name":"CERIC","description":"","publisher":{"@id":"https:\/\/ceric.ca\/#organization"},"potentialAction":[{"@type":"SearchAction","target":{"@type":"EntryPoint","urlTemplate":"https:\/\/ceric.ca\/?s={search_term_string}"},"query-input":{"@type":"PropertyValueSpecification","valueRequired":true,"valueName":"search_term_string"}}],"inLanguage":"fr-FR"},{"@type":"Organization","@id":"https:\/\/ceric.ca\/#organization","name":"CERIC","url":"https:\/\/ceric.ca\/","logo":{"@type":"ImageObject","inLanguage":"fr-FR","@id":"https:\/\/ceric.ca\/#\/schema\/logo\/image\/","url":"","contentUrl":"","caption":"CERIC"},"image":{"@id":"https:\/\/ceric.ca\/#\/schema\/logo\/image\/"}},{"@type":"Person","@id":"https:\/\/ceric.ca\/#\/schema\/person\/444d77ede5f23ae98c74e54ab17e2da2","name":"Norman Valdez","image":{"@type":"ImageObject","inLanguage":"fr-FR","@id":"https:\/\/secure.gravatar.com\/avatar\/01def366a03d176e612e177e52d2c8b99d80f13e922b93d5fb9696239fb7fbd4?s=96&d=blank&r=g","url":"https:\/\/secure.gravatar.com\/avatar\/01def366a03d176e612e177e52d2c8b99d80f13e922b93d5fb9696239fb7fbd4?s=96&d=blank&r=g","contentUrl":"https:\/\/secure.gravatar.com\/avatar\/01def366a03d176e612e177e52d2c8b99d80f13e922b93d5fb9696239fb7fbd4?s=96&d=blank&r=g","caption":"Norman Valdez"},"sameAs":["https:\/\/x.com\/rachel@ceric.ca"],"url":"https:\/\/ceric.ca\/fr\/author\/norman\/"}]}},"_links":{"self":[{"href":"https:\/\/ceric.ca\/fr\/wp-json\/wp\/v2\/posts\/11798","targetHints":{"allow":["GET"]}}],"collection":[{"href":"https:\/\/ceric.ca\/fr\/wp-json\/wp\/v2\/posts"}],"about":[{"href":"https:\/\/ceric.ca\/fr\/wp-json\/wp\/v2\/types\/post"}],"author":[{"embeddable":true,"href":"https:\/\/ceric.ca\/fr\/wp-json\/wp\/v2\/users\/1"}],"replies":[{"embeddable":true,"href":"https:\/\/ceric.ca\/fr\/wp-json\/wp\/v2\/comments?post=11798"}],"version-history":[{"count":0,"href":"https:\/\/ceric.ca\/fr\/wp-json\/wp\/v2\/posts\/11798\/revisions"}],"wp:attachment":[{"href":"https:\/\/ceric.ca\/fr\/wp-json\/wp\/v2\/media?parent=11798"}],"wp:term":[{"taxonomy":"category","embeddable":true,"href":"https:\/\/ceric.ca\/fr\/wp-json\/wp\/v2\/categories?post=11798"},{"taxonomy":"post_tag","embeddable":true,"href":"https:\/\/ceric.ca\/fr\/wp-json\/wp\/v2\/tags?post=11798"}],"curies":[{"name":"wp","href":"https:\/\/api.w.org\/{rel}","templated":true}]}}