{"id":11830,"date":"2015-04-01T18:49:51","date_gmt":"2015-04-01T18:49:51","guid":{"rendered":"http:\/\/ceric.org\/?p=11830"},"modified":"2015-07-13T16:29:05","modified_gmt":"2015-07-13T20:29:05","slug":"la-date-limite-pour-poser-sa-candidature-au-programme-de-mobilisation-des-etudiants-aux-cycles-superieurs-est-le-30-avril-2","status":"publish","type":"post","link":"https:\/\/ceric.ca\/fr\/2015\/04\/la-date-limite-pour-poser-sa-candidature-au-programme-de-mobilisation-des-etudiants-aux-cycles-superieurs-est-le-30-avril-2\/","title":{"rendered":"La date limite pour poser sa candidature au Programme de mobilisation des \u00e9tudiants aux cycles sup\u00e9rieurs est le 30 avril"},"content":{"rendered":"<p>Si vous \u00eates un \u00e9tudiant aux cycles sup\u00e9rieurs qui poursuit ses \u00e9tudes universitaires \u00e0 temps plein et qui accorde la priorit\u00e9 \u00e0 son d\u00e9veloppement de carri\u00e8re, ou un membre du corps professoral travaillant avec de tels \u00e9tudiants dans le domaine de l\u2019orientation professionnelle ou dans un domaine connexe, voici des renseignements sur le <a href=\"http:\/\/ceric.org\/fr\/programme_etudiants\/\">Programme de mobilisation des \u00e9tudiants aux cycles sup\u00e9rieurs<\/a> du CERIC. La date limite pour la remise des candidatures de 2014 est le <strong>30 avril<\/strong>.<\/p>\n<p><!--more--><\/p>\n<p>Le CERIC vise \u00e0 susciter la participation des \u00e9tudiants aux cycles sup\u00e9rieurs du Canada qui poursuivent leurs \u00e9tudes universitaires \u00e0 temps plein dans le domaine du d\u00e9veloppement de carri\u00e8re ou dans des domaines connexes, comme l\u2019\u00e9ducation, la psychologie, le d\u00e9veloppement organisationnel ou le travail social. Nous invitons les membres du corps professoral \u00e0 nous aider \u00e0 trouver des \u00e9tudiants qui r\u00e9pondent \u00e0 ces crit\u00e8res.<\/p>\n<p>Gr\u00e2ce \u00e0 ce programme, les \u00e9tudiants d\u00e9couvriront le CERIC et seront invit\u00e9s \u00e0 :<\/p>\n<ul>\n<li>comp\u00e9titionner pour remporter le Prix GSEP, qui comprend du financement pour assister et pr\u00e9senter au <a href=\"http:\/\/www.cannexus.ca\/fr\" target=\"_blank\">Congr\u00e8s national en d\u00e9veloppement de carri\u00e8re Cannexus<\/a> (Notez que le 30 avril est \u00e9galement la date limite pour soumettre un article d&rsquo;une page portant sur un sujet li\u00e9 au d\u00e9veloppement de carri\u00e8re, un pr\u00e9requis pour remporter ce prix);<\/li>\n<li>se joindre \u00e0 l&rsquo;un des <a href=\"http:\/\/www.ceric.ca\/?q=fr\/node\/33\">comit\u00e9s du CERIC<\/a> (un(e) \u00e9tudiant(e) par ann\u00e9e);<\/li>\n<li>\u00e9crire des articles pour <a href=\"http:\/\/orientaction.ca\/\" target=\"_blank\">OrientAction<\/a> ou <a href=\"http:\/\/contactpoint.ca\/\" target=\"_blank\">ContactPoint<\/a>, nos communaut\u00e9s en ligne reconnues \u00e0 l\u2019\u00e9chelle internationale et destin\u00e9es aux professionnels du d\u00e9veloppement de carri\u00e8re;<\/li>\n<li>soumettre un article pour la <a href=\"http:\/\/www.ceric.ca\/cjcd\/\" target=\"_blank\"><em>Revue canadienne de d\u00e9veloppement de carri\u00e8re<\/em><\/a>, une publication \u00e9valu\u00e9e par les pairs, qu&rsquo;ils peuvent inclure dans leur curriculum vitae;<\/li>\n<li>tisser des liens avec les autres \u00e9tudiants membres du programme via le <a href=\"http:\/\/www.linkedin.com\/groups?home=&amp;gid=3860131&amp;trk=my_groups-tile-grp\" target=\"_blank\">r\u00e9seau GSEP<\/a>, un groupe LinkedIn priv\u00e9, ou le <a href=\"http:\/\/www.facebook.com\/groups\/761368203958840\/\">groupe Facebook<\/a> du programme GSEP.<\/li>\n<\/ul>\n<p>Vous d\u00e9sirez participer au programme? Vous pouvez envoyer vos questions \u00e0 l\u2019adresse <a href=\"mailto:admin@ceric.ca\">admin@ceric.ca<\/a> ou poser votre candidature pour le Programme de mobilisation des \u00e9tudiants aux cycles sup\u00e9rieurs au moyen de notre <a href=\"http:\/\/contactpoint.ca\/wp-content\/uploads\/2014\/04\/Formulaire-dinscription-au-Programme-de-mobilisation-des-%C3%A9tudiants-aux-cycles-sup%C3%A9rieurs-2014.pdf\" target=\"_blank\">formulaire de demande<\/a>.<\/p>\n","protected":false},"excerpt":{"rendered":"<p>Si vous \u00eates un \u00e9tudiant aux cycles sup\u00e9rieurs qui poursuit ses \u00e9tudes universitaires \u00e0 temps plein et qui accorde la priorit\u00e9 \u00e0 son d\u00e9veloppement de carri\u00e8re,<span class=\"excerpt-hellip\"> [\u2026]<\/span><\/p>\n","protected":false},"author":1,"featured_media":0,"comment_status":"closed","ping_status":"closed","sticky":false,"template":"","format":"standard","meta":{"h5ap_radio_sources":[],"footnotes":""},"categories":[260,264,32],"tags":[],"class_list":["post-11830","post","type-post","status-publish","format-standard","hentry","category-2015-fr","category-avril-2015-fr","category-nouvelles"],"yoast_head":"<!-- This site is optimized with the Yoast SEO Premium plugin v27.4 (Yoast SEO v27.4) - https:\/\/yoast.com\/product\/yoast-seo-premium-wordpress\/ -->\n<title>La date limite pour poser sa candidature au Programme de mobilisation des \u00e9tudiants aux cycles sup\u00e9rieurs est le 30 avril - CERIC<\/title>\n<meta name=\"robots\" content=\"index, follow, max-snippet:-1, max-image-preview:large, max-video-preview:-1\" \/>\n<link rel=\"canonical\" href=\"https:\/\/ceric.ca\/fr\/2015\/04\/la-date-limite-pour-poser-sa-candidature-au-programme-de-mobilisation-des-etudiants-aux-cycles-superieurs-est-le-30-avril-2\/\" \/>\n<meta property=\"og:locale\" content=\"fr_FR\" \/>\n<meta property=\"og:type\" content=\"article\" \/>\n<meta property=\"og:title\" content=\"La date limite pour poser sa candidature au Programme de mobilisation des \u00e9tudiants aux cycles sup\u00e9rieurs est le 30 avril\" \/>\n<meta property=\"og:description\" content=\"Si vous \u00eates un \u00e9tudiant aux cycles sup\u00e9rieurs qui poursuit ses \u00e9tudes universitaires \u00e0 temps plein et qui accorde la priorit\u00e9 \u00e0 son d\u00e9veloppement de carri\u00e8re, [\u2026]\" \/>\n<meta property=\"og:url\" content=\"https:\/\/ceric.ca\/fr\/2015\/04\/la-date-limite-pour-poser-sa-candidature-au-programme-de-mobilisation-des-etudiants-aux-cycles-superieurs-est-le-30-avril-2\/\" \/>\n<meta property=\"og:site_name\" content=\"CERIC\" \/>\n<meta property=\"article:published_time\" content=\"2015-04-01T18:49:51+00:00\" \/>\n<meta property=\"article:modified_time\" content=\"2015-07-13T20:29:05+00:00\" \/>\n<meta name=\"author\" content=\"Norman Valdez\" \/>\n<meta name=\"twitter:card\" content=\"summary_large_image\" \/>\n<meta name=\"twitter:creator\" content=\"@rachel@ceric.ca\" \/>\n<meta name=\"twitter:label1\" content=\"\u00c9crit par\" \/>\n\t<meta name=\"twitter:data1\" content=\"Norman Valdez\" \/>\n\t<meta name=\"twitter:label2\" content=\"Dur\u00e9e de lecture estim\u00e9e\" \/>\n\t<meta name=\"twitter:data2\" content=\"2 minutes\" \/>\n<script type=\"application\/ld+json\" class=\"yoast-schema-graph\">{\"@context\":\"https:\\\/\\\/schema.org\",\"@graph\":[{\"@type\":\"Article\",\"@id\":\"https:\\\/\\\/ceric.ca\\\/fr\\\/2015\\\/04\\\/la-date-limite-pour-poser-sa-candidature-au-programme-de-mobilisation-des-etudiants-aux-cycles-superieurs-est-le-30-avril-2\\\/#article\",\"isPartOf\":{\"@id\":\"https:\\\/\\\/ceric.ca\\\/fr\\\/2015\\\/04\\\/la-date-limite-pour-poser-sa-candidature-au-programme-de-mobilisation-des-etudiants-aux-cycles-superieurs-est-le-30-avril-2\\\/\"},\"author\":{\"name\":\"Norman Valdez\",\"@id\":\"https:\\\/\\\/ceric.ca\\\/#\\\/schema\\\/person\\\/444d77ede5f23ae98c74e54ab17e2da2\"},\"headline\":\"La date limite pour poser sa candidature au Programme de mobilisation des \u00e9tudiants aux cycles sup\u00e9rieurs est le 30 avril\",\"datePublished\":\"2015-04-01T18:49:51+00:00\",\"dateModified\":\"2015-07-13T20:29:05+00:00\",\"mainEntityOfPage\":{\"@id\":\"https:\\\/\\\/ceric.ca\\\/fr\\\/2015\\\/04\\\/la-date-limite-pour-poser-sa-candidature-au-programme-de-mobilisation-des-etudiants-aux-cycles-superieurs-est-le-30-avril-2\\\/\"},\"wordCount\":374,\"publisher\":{\"@id\":\"https:\\\/\\\/ceric.ca\\\/#organization\"},\"articleSection\":[\"2015 @fr\",\"avril\",\"Nouvelles\"],\"inLanguage\":\"fr-FR\"},{\"@type\":\"WebPage\",\"@id\":\"https:\\\/\\\/ceric.ca\\\/fr\\\/2015\\\/04\\\/la-date-limite-pour-poser-sa-candidature-au-programme-de-mobilisation-des-etudiants-aux-cycles-superieurs-est-le-30-avril-2\\\/\",\"url\":\"https:\\\/\\\/ceric.ca\\\/fr\\\/2015\\\/04\\\/la-date-limite-pour-poser-sa-candidature-au-programme-de-mobilisation-des-etudiants-aux-cycles-superieurs-est-le-30-avril-2\\\/\",\"name\":\"La date limite pour poser sa candidature au Programme de mobilisation des \u00e9tudiants aux cycles sup\u00e9rieurs est le 30 avril - CERIC\",\"isPartOf\":{\"@id\":\"https:\\\/\\\/ceric.ca\\\/#website\"},\"datePublished\":\"2015-04-01T18:49:51+00:00\",\"dateModified\":\"2015-07-13T20:29:05+00:00\",\"breadcrumb\":{\"@id\":\"https:\\\/\\\/ceric.ca\\\/fr\\\/2015\\\/04\\\/la-date-limite-pour-poser-sa-candidature-au-programme-de-mobilisation-des-etudiants-aux-cycles-superieurs-est-le-30-avril-2\\\/#breadcrumb\"},\"inLanguage\":\"fr-FR\",\"potentialAction\":[{\"@type\":\"ReadAction\",\"target\":[\"https:\\\/\\\/ceric.ca\\\/fr\\\/2015\\\/04\\\/la-date-limite-pour-poser-sa-candidature-au-programme-de-mobilisation-des-etudiants-aux-cycles-superieurs-est-le-30-avril-2\\\/\"]}]},{\"@type\":\"BreadcrumbList\",\"@id\":\"https:\\\/\\\/ceric.ca\\\/fr\\\/2015\\\/04\\\/la-date-limite-pour-poser-sa-candidature-au-programme-de-mobilisation-des-etudiants-aux-cycles-superieurs-est-le-30-avril-2\\\/#breadcrumb\",\"itemListElement\":[{\"@type\":\"ListItem\",\"position\":1,\"name\":\"Home\",\"item\":\"https:\\\/\\\/ceric.ca\\\/fr\\\/ceric-homepage-2025\\\/\"},{\"@type\":\"ListItem\",\"position\":2,\"name\":\"La date limite pour poser sa candidature au Programme de mobilisation des \u00e9tudiants aux cycles sup\u00e9rieurs est le 30 avril\"}]},{\"@type\":\"WebSite\",\"@id\":\"https:\\\/\\\/ceric.ca\\\/#website\",\"url\":\"https:\\\/\\\/ceric.ca\\\/\",\"name\":\"CERIC\",\"description\":\"\",\"publisher\":{\"@id\":\"https:\\\/\\\/ceric.ca\\\/#organization\"},\"potentialAction\":[{\"@type\":\"SearchAction\",\"target\":{\"@type\":\"EntryPoint\",\"urlTemplate\":\"https:\\\/\\\/ceric.ca\\\/?s={search_term_string}\"},\"query-input\":{\"@type\":\"PropertyValueSpecification\",\"valueRequired\":true,\"valueName\":\"search_term_string\"}}],\"inLanguage\":\"fr-FR\"},{\"@type\":\"Organization\",\"@id\":\"https:\\\/\\\/ceric.ca\\\/#organization\",\"name\":\"CERIC\",\"url\":\"https:\\\/\\\/ceric.ca\\\/\",\"logo\":{\"@type\":\"ImageObject\",\"inLanguage\":\"fr-FR\",\"@id\":\"https:\\\/\\\/ceric.ca\\\/#\\\/schema\\\/logo\\\/image\\\/\",\"url\":\"\",\"contentUrl\":\"\",\"caption\":\"CERIC\"},\"image\":{\"@id\":\"https:\\\/\\\/ceric.ca\\\/#\\\/schema\\\/logo\\\/image\\\/\"}},{\"@type\":\"Person\",\"@id\":\"https:\\\/\\\/ceric.ca\\\/#\\\/schema\\\/person\\\/444d77ede5f23ae98c74e54ab17e2da2\",\"name\":\"Norman Valdez\",\"image\":{\"@type\":\"ImageObject\",\"inLanguage\":\"fr-FR\",\"@id\":\"https:\\\/\\\/secure.gravatar.com\\\/avatar\\\/01def366a03d176e612e177e52d2c8b99d80f13e922b93d5fb9696239fb7fbd4?s=96&d=blank&r=g\",\"url\":\"https:\\\/\\\/secure.gravatar.com\\\/avatar\\\/01def366a03d176e612e177e52d2c8b99d80f13e922b93d5fb9696239fb7fbd4?s=96&d=blank&r=g\",\"contentUrl\":\"https:\\\/\\\/secure.gravatar.com\\\/avatar\\\/01def366a03d176e612e177e52d2c8b99d80f13e922b93d5fb9696239fb7fbd4?s=96&d=blank&r=g\",\"caption\":\"Norman Valdez\"},\"sameAs\":[\"https:\\\/\\\/x.com\\\/rachel@ceric.ca\"],\"url\":\"https:\\\/\\\/ceric.ca\\\/fr\\\/author\\\/norman\\\/\"}]}<\/script>\n<!-- \/ Yoast SEO Premium plugin. -->","yoast_head_json":{"title":"La date limite pour poser sa candidature au Programme de mobilisation des \u00e9tudiants aux cycles sup\u00e9rieurs est le 30 avril - CERIC","robots":{"index":"index","follow":"follow","max-snippet":"max-snippet:-1","max-image-preview":"max-image-preview:large","max-video-preview":"max-video-preview:-1"},"canonical":"https:\/\/ceric.ca\/fr\/2015\/04\/la-date-limite-pour-poser-sa-candidature-au-programme-de-mobilisation-des-etudiants-aux-cycles-superieurs-est-le-30-avril-2\/","og_locale":"fr_FR","og_type":"article","og_title":"La date limite pour poser sa candidature au Programme de mobilisation des \u00e9tudiants aux cycles sup\u00e9rieurs est le 30 avril","og_description":"Si vous \u00eates un \u00e9tudiant aux cycles sup\u00e9rieurs qui poursuit ses \u00e9tudes universitaires \u00e0 temps plein et qui accorde la priorit\u00e9 \u00e0 son d\u00e9veloppement de carri\u00e8re, [\u2026]","og_url":"https:\/\/ceric.ca\/fr\/2015\/04\/la-date-limite-pour-poser-sa-candidature-au-programme-de-mobilisation-des-etudiants-aux-cycles-superieurs-est-le-30-avril-2\/","og_site_name":"CERIC","article_published_time":"2015-04-01T18:49:51+00:00","article_modified_time":"2015-07-13T20:29:05+00:00","author":"Norman Valdez","twitter_card":"summary_large_image","twitter_creator":"@rachel@ceric.ca","twitter_misc":{"\u00c9crit par":"Norman Valdez","Dur\u00e9e de lecture estim\u00e9e":"2 minutes"},"schema":{"@context":"https:\/\/schema.org","@graph":[{"@type":"Article","@id":"https:\/\/ceric.ca\/fr\/2015\/04\/la-date-limite-pour-poser-sa-candidature-au-programme-de-mobilisation-des-etudiants-aux-cycles-superieurs-est-le-30-avril-2\/#article","isPartOf":{"@id":"https:\/\/ceric.ca\/fr\/2015\/04\/la-date-limite-pour-poser-sa-candidature-au-programme-de-mobilisation-des-etudiants-aux-cycles-superieurs-est-le-30-avril-2\/"},"author":{"name":"Norman Valdez","@id":"https:\/\/ceric.ca\/#\/schema\/person\/444d77ede5f23ae98c74e54ab17e2da2"},"headline":"La date limite pour poser sa candidature au Programme de mobilisation des \u00e9tudiants aux cycles sup\u00e9rieurs est le 30 avril","datePublished":"2015-04-01T18:49:51+00:00","dateModified":"2015-07-13T20:29:05+00:00","mainEntityOfPage":{"@id":"https:\/\/ceric.ca\/fr\/2015\/04\/la-date-limite-pour-poser-sa-candidature-au-programme-de-mobilisation-des-etudiants-aux-cycles-superieurs-est-le-30-avril-2\/"},"wordCount":374,"publisher":{"@id":"https:\/\/ceric.ca\/#organization"},"articleSection":["2015 @fr","avril","Nouvelles"],"inLanguage":"fr-FR"},{"@type":"WebPage","@id":"https:\/\/ceric.ca\/fr\/2015\/04\/la-date-limite-pour-poser-sa-candidature-au-programme-de-mobilisation-des-etudiants-aux-cycles-superieurs-est-le-30-avril-2\/","url":"https:\/\/ceric.ca\/fr\/2015\/04\/la-date-limite-pour-poser-sa-candidature-au-programme-de-mobilisation-des-etudiants-aux-cycles-superieurs-est-le-30-avril-2\/","name":"La date limite pour poser sa candidature au Programme de mobilisation des \u00e9tudiants aux cycles sup\u00e9rieurs est le 30 avril - CERIC","isPartOf":{"@id":"https:\/\/ceric.ca\/#website"},"datePublished":"2015-04-01T18:49:51+00:00","dateModified":"2015-07-13T20:29:05+00:00","breadcrumb":{"@id":"https:\/\/ceric.ca\/fr\/2015\/04\/la-date-limite-pour-poser-sa-candidature-au-programme-de-mobilisation-des-etudiants-aux-cycles-superieurs-est-le-30-avril-2\/#breadcrumb"},"inLanguage":"fr-FR","potentialAction":[{"@type":"ReadAction","target":["https:\/\/ceric.ca\/fr\/2015\/04\/la-date-limite-pour-poser-sa-candidature-au-programme-de-mobilisation-des-etudiants-aux-cycles-superieurs-est-le-30-avril-2\/"]}]},{"@type":"BreadcrumbList","@id":"https:\/\/ceric.ca\/fr\/2015\/04\/la-date-limite-pour-poser-sa-candidature-au-programme-de-mobilisation-des-etudiants-aux-cycles-superieurs-est-le-30-avril-2\/#breadcrumb","itemListElement":[{"@type":"ListItem","position":1,"name":"Home","item":"https:\/\/ceric.ca\/fr\/ceric-homepage-2025\/"},{"@type":"ListItem","position":2,"name":"La date limite pour poser sa candidature au Programme de mobilisation des \u00e9tudiants aux cycles sup\u00e9rieurs est le 30 avril"}]},{"@type":"WebSite","@id":"https:\/\/ceric.ca\/#website","url":"https:\/\/ceric.ca\/","name":"CERIC","description":"","publisher":{"@id":"https:\/\/ceric.ca\/#organization"},"potentialAction":[{"@type":"SearchAction","target":{"@type":"EntryPoint","urlTemplate":"https:\/\/ceric.ca\/?s={search_term_string}"},"query-input":{"@type":"PropertyValueSpecification","valueRequired":true,"valueName":"search_term_string"}}],"inLanguage":"fr-FR"},{"@type":"Organization","@id":"https:\/\/ceric.ca\/#organization","name":"CERIC","url":"https:\/\/ceric.ca\/","logo":{"@type":"ImageObject","inLanguage":"fr-FR","@id":"https:\/\/ceric.ca\/#\/schema\/logo\/image\/","url":"","contentUrl":"","caption":"CERIC"},"image":{"@id":"https:\/\/ceric.ca\/#\/schema\/logo\/image\/"}},{"@type":"Person","@id":"https:\/\/ceric.ca\/#\/schema\/person\/444d77ede5f23ae98c74e54ab17e2da2","name":"Norman Valdez","image":{"@type":"ImageObject","inLanguage":"fr-FR","@id":"https:\/\/secure.gravatar.com\/avatar\/01def366a03d176e612e177e52d2c8b99d80f13e922b93d5fb9696239fb7fbd4?s=96&d=blank&r=g","url":"https:\/\/secure.gravatar.com\/avatar\/01def366a03d176e612e177e52d2c8b99d80f13e922b93d5fb9696239fb7fbd4?s=96&d=blank&r=g","contentUrl":"https:\/\/secure.gravatar.com\/avatar\/01def366a03d176e612e177e52d2c8b99d80f13e922b93d5fb9696239fb7fbd4?s=96&d=blank&r=g","caption":"Norman Valdez"},"sameAs":["https:\/\/x.com\/rachel@ceric.ca"],"url":"https:\/\/ceric.ca\/fr\/author\/norman\/"}]}},"_links":{"self":[{"href":"https:\/\/ceric.ca\/fr\/wp-json\/wp\/v2\/posts\/11830","targetHints":{"allow":["GET"]}}],"collection":[{"href":"https:\/\/ceric.ca\/fr\/wp-json\/wp\/v2\/posts"}],"about":[{"href":"https:\/\/ceric.ca\/fr\/wp-json\/wp\/v2\/types\/post"}],"author":[{"embeddable":true,"href":"https:\/\/ceric.ca\/fr\/wp-json\/wp\/v2\/users\/1"}],"replies":[{"embeddable":true,"href":"https:\/\/ceric.ca\/fr\/wp-json\/wp\/v2\/comments?post=11830"}],"version-history":[{"count":0,"href":"https:\/\/ceric.ca\/fr\/wp-json\/wp\/v2\/posts\/11830\/revisions"}],"wp:attachment":[{"href":"https:\/\/ceric.ca\/fr\/wp-json\/wp\/v2\/media?parent=11830"}],"wp:term":[{"taxonomy":"category","embeddable":true,"href":"https:\/\/ceric.ca\/fr\/wp-json\/wp\/v2\/categories?post=11830"},{"taxonomy":"post_tag","embeddable":true,"href":"https:\/\/ceric.ca\/fr\/wp-json\/wp\/v2\/tags?post=11830"}],"curies":[{"name":"wp","href":"https:\/\/api.w.org\/{rel}","templated":true}]}}