{"id":18118,"date":"2016-07-19T10:41:26","date_gmt":"2016-07-19T14:41:26","guid":{"rendered":"http:\/\/ceric.ca\/fr\/?p=18118"},"modified":"2016-07-27T15:32:39","modified_gmt":"2016-07-27T19:32:39","slug":"le-rapport-annuel-2015-du-ceric-est-maintenant-disponible","status":"publish","type":"post","link":"https:\/\/ceric.ca\/fr\/2016\/07\/le-rapport-annuel-2015-du-ceric-est-maintenant-disponible\/","title":{"rendered":"Le Rapport annuel\u00a02015 du CERIC est maintenant disponible"},"content":{"rendered":"<p>Pr\u00e9sentant une autre ann\u00e9e jalonn\u00e9e de r\u00e9alisations, le <a href=\"\/?page_id=7848\">Rapport annuel\u00a02015<\/a> donne un bon aper\u00e7u de l\u2019engagement continu du CERIC \u00e0 faire avancer les connaissances dans le domaine du d\u00e9veloppement de carri\u00e8re, afin d\u2019accro\u00eetre le bien-\u00eatre \u00e9conomique et social des Canadiennes et des Canadiens.<\/p>\n<p><!--more-->Le message du directeur g\u00e9n\u00e9ral Riz Ibrahim et de la pr\u00e9sidente du conseil d\u2019administration Jan Basso, en ouverture de ce rapport, revient sur cette premi\u00e8re ann\u00e9e de la deuxi\u00e8me d\u00e9cennie d\u2019activit\u00e9 du CERIC. Il met l\u2019accent sur l\u2019importance croissante accord\u00e9e \u00e0 des partenariats de projets proactifs, \u00e0 l\u2019analyse des r\u00e9percussions et \u00e0 l\u2019investissement dans la capacit\u00e9 organisationnelle, comme en t\u00e9moignent les activit\u00e9s suivantes\u00a0:<\/p>\n<ul>\n<li>Pr\u00e9paration du guide <a href=\"\/?p=15530\"><em>D\u2019une carri\u00e8re militaire \u00e0 un emploi civil\u00a0: guide de l\u2019intervenant en d\u00e9veloppement de carri\u00e8re<\/em><\/a> en partenariat avec La\u00a0Compagnie Canada, avec l\u2019appui du minist\u00e8re des Anciens Combattants, des Forces arm\u00e9es canadiennes et des services aux familles des militaires<\/li>\n<li>Lancement du\u00a0<a href=\"\/?p=12587\"><em>Guide \u00e0 l\u2019intention des centres d\u2019emploi : aider les personnes atteintes de probl\u00e8mes de sant\u00e9 mentale<\/em><\/a>, destin\u00e9 \u00e0 am\u00e9liorer les r\u00e9sultats professionnels des vingt pour cent de Canadiens vivant avec un trouble de sant\u00e9 mentale<\/li>\n<li>\u00c9dition\u00a02015 du <a href=\"\/?page_id=16424\">Sondage du CERIC aupr\u00e8s des sp\u00e9cialistes de l\u2019orientation professionnelle<\/a>, auquel pas moins de 1\u00a0004\u00a0sp\u00e9cialistes de l\u2019orientation professionnelle de tout le Canada ont r\u00e9pondu<\/li>\n<li>Organisation du <a href=\"http:\/\/cannexus.ca\/fr\/\">Congr\u00e8s national en d\u00e9veloppement de carri\u00e8re Cannexus15<\/a>, qui a attir\u00e9 un nombre record de 773\u00a0d\u00e9l\u00e9gu\u00e9s et donn\u00e9 lieu \u00e0 plus de 150\u00a0s\u00e9ances de formation<\/li>\n<li>D\u00e9m\u00e9nagement dans nos nouveaux bureaux \u00e0 la Foundation House, qui fait de nous des colocataires de <a href=\"http:\/\/www.counselling.net\/\" target=\"_blank\">The Counselling Foundation of Canada<\/a> et de plusieurs autres organismes de bienfaisance et sans but lucratif<\/li>\n<\/ul>\n<p>Les grands projets financ\u00e9s par le CERIC en 2015 ont abord\u00e9 l\u2019importance du d\u00e9veloppement de carri\u00e8re pour la situation des jeunes r\u00e9fugi\u00e9s, des femmes revenant d\u2019un cong\u00e9 de maternit\u00e9, des travailleurs plus \u00e2g\u00e9s, des \u00e9l\u00e8ves du postsecondaire et de la client\u00e8le inuit, ainsi que le r\u00f4le de l\u2019espoir dans le d\u00e9veloppement de carri\u00e8re.<\/p>\n","protected":false},"excerpt":{"rendered":"<p>Pr\u00e9sentant une autre ann\u00e9e jalonn\u00e9e de r\u00e9alisations, le Rapport annuel\u00a02015 donne un bon aper\u00e7u de l\u2019engagement continu du CERIC \u00e0 faire avancer les connaissances dans le<span class=\"excerpt-hellip\"> [\u2026]<\/span><\/p>\n","protected":false},"author":30,"featured_media":0,"comment_status":"closed","ping_status":"closed","sticky":false,"template":"","format":"standard","meta":{"h5ap_radio_sources":[],"footnotes":""},"categories":[315,32],"tags":[],"class_list":["post-18118","post","type-post","status-publish","format-standard","hentry","category-juillet-fr","category-nouvelles"],"yoast_head":"<!-- This site is optimized with the Yoast SEO Premium plugin v27.4 (Yoast SEO v27.4) - https:\/\/yoast.com\/product\/yoast-seo-premium-wordpress\/ -->\n<title>Le Rapport annuel\u00a02015 du CERIC est maintenant disponible - CERIC<\/title>\n<meta name=\"robots\" content=\"index, follow, max-snippet:-1, max-image-preview:large, max-video-preview:-1\" \/>\n<link rel=\"canonical\" href=\"https:\/\/ceric.ca\/fr\/2016\/07\/le-rapport-annuel-2015-du-ceric-est-maintenant-disponible\/\" \/>\n<meta property=\"og:locale\" content=\"fr_FR\" \/>\n<meta property=\"og:type\" content=\"article\" \/>\n<meta property=\"og:title\" content=\"Le Rapport annuel\u00a02015 du CERIC est maintenant disponible\" \/>\n<meta property=\"og:description\" content=\"Pr\u00e9sentant une autre ann\u00e9e jalonn\u00e9e de r\u00e9alisations, le Rapport annuel\u00a02015 donne un bon aper\u00e7u de l\u2019engagement continu du CERIC \u00e0 faire avancer les connaissances dans le [\u2026]\" \/>\n<meta property=\"og:url\" content=\"https:\/\/ceric.ca\/fr\/2016\/07\/le-rapport-annuel-2015-du-ceric-est-maintenant-disponible\/\" \/>\n<meta property=\"og:site_name\" content=\"CERIC\" \/>\n<meta property=\"article:published_time\" content=\"2016-07-19T14:41:26+00:00\" \/>\n<meta property=\"article:modified_time\" content=\"2016-07-27T19:32:39+00:00\" \/>\n<meta name=\"author\" content=\"Rachel So\" \/>\n<meta name=\"twitter:card\" content=\"summary_large_image\" \/>\n<meta name=\"twitter:label1\" content=\"\u00c9crit par\" \/>\n\t<meta name=\"twitter:data1\" content=\"Rachel So\" \/>\n\t<meta name=\"twitter:label2\" content=\"Dur\u00e9e de lecture estim\u00e9e\" \/>\n\t<meta name=\"twitter:data2\" content=\"2 minutes\" \/>\n<script type=\"application\/ld+json\" class=\"yoast-schema-graph\">{\"@context\":\"https:\\\/\\\/schema.org\",\"@graph\":[{\"@type\":\"Article\",\"@id\":\"https:\\\/\\\/ceric.ca\\\/fr\\\/2016\\\/07\\\/le-rapport-annuel-2015-du-ceric-est-maintenant-disponible\\\/#article\",\"isPartOf\":{\"@id\":\"https:\\\/\\\/ceric.ca\\\/fr\\\/2016\\\/07\\\/le-rapport-annuel-2015-du-ceric-est-maintenant-disponible\\\/\"},\"author\":{\"name\":\"Rachel So\",\"@id\":\"https:\\\/\\\/ceric.ca\\\/#\\\/schema\\\/person\\\/2e3faddf54acfac0d88b9ce185094d00\"},\"headline\":\"Le Rapport annuel\u00a02015 du CERIC est maintenant disponible\",\"datePublished\":\"2016-07-19T14:41:26+00:00\",\"dateModified\":\"2016-07-27T19:32:39+00:00\",\"mainEntityOfPage\":{\"@id\":\"https:\\\/\\\/ceric.ca\\\/fr\\\/2016\\\/07\\\/le-rapport-annuel-2015-du-ceric-est-maintenant-disponible\\\/\"},\"wordCount\":388,\"publisher\":{\"@id\":\"https:\\\/\\\/ceric.ca\\\/#organization\"},\"articleSection\":[\"juillet\",\"Nouvelles\"],\"inLanguage\":\"fr-FR\"},{\"@type\":\"WebPage\",\"@id\":\"https:\\\/\\\/ceric.ca\\\/fr\\\/2016\\\/07\\\/le-rapport-annuel-2015-du-ceric-est-maintenant-disponible\\\/\",\"url\":\"https:\\\/\\\/ceric.ca\\\/fr\\\/2016\\\/07\\\/le-rapport-annuel-2015-du-ceric-est-maintenant-disponible\\\/\",\"name\":\"Le Rapport annuel\u00a02015 du CERIC est maintenant disponible - CERIC\",\"isPartOf\":{\"@id\":\"https:\\\/\\\/ceric.ca\\\/#website\"},\"datePublished\":\"2016-07-19T14:41:26+00:00\",\"dateModified\":\"2016-07-27T19:32:39+00:00\",\"breadcrumb\":{\"@id\":\"https:\\\/\\\/ceric.ca\\\/fr\\\/2016\\\/07\\\/le-rapport-annuel-2015-du-ceric-est-maintenant-disponible\\\/#breadcrumb\"},\"inLanguage\":\"fr-FR\",\"potentialAction\":[{\"@type\":\"ReadAction\",\"target\":[\"https:\\\/\\\/ceric.ca\\\/fr\\\/2016\\\/07\\\/le-rapport-annuel-2015-du-ceric-est-maintenant-disponible\\\/\"]}]},{\"@type\":\"BreadcrumbList\",\"@id\":\"https:\\\/\\\/ceric.ca\\\/fr\\\/2016\\\/07\\\/le-rapport-annuel-2015-du-ceric-est-maintenant-disponible\\\/#breadcrumb\",\"itemListElement\":[{\"@type\":\"ListItem\",\"position\":1,\"name\":\"Home\",\"item\":\"https:\\\/\\\/ceric.ca\\\/fr\\\/ceric-homepage-2025\\\/\"},{\"@type\":\"ListItem\",\"position\":2,\"name\":\"Le Rapport annuel\u00a02015 du CERIC est maintenant disponible\"}]},{\"@type\":\"WebSite\",\"@id\":\"https:\\\/\\\/ceric.ca\\\/#website\",\"url\":\"https:\\\/\\\/ceric.ca\\\/\",\"name\":\"CERIC\",\"description\":\"\",\"publisher\":{\"@id\":\"https:\\\/\\\/ceric.ca\\\/#organization\"},\"potentialAction\":[{\"@type\":\"SearchAction\",\"target\":{\"@type\":\"EntryPoint\",\"urlTemplate\":\"https:\\\/\\\/ceric.ca\\\/?s={search_term_string}\"},\"query-input\":{\"@type\":\"PropertyValueSpecification\",\"valueRequired\":true,\"valueName\":\"search_term_string\"}}],\"inLanguage\":\"fr-FR\"},{\"@type\":\"Organization\",\"@id\":\"https:\\\/\\\/ceric.ca\\\/#organization\",\"name\":\"CERIC\",\"url\":\"https:\\\/\\\/ceric.ca\\\/\",\"logo\":{\"@type\":\"ImageObject\",\"inLanguage\":\"fr-FR\",\"@id\":\"https:\\\/\\\/ceric.ca\\\/#\\\/schema\\\/logo\\\/image\\\/\",\"url\":\"\",\"contentUrl\":\"\",\"caption\":\"CERIC\"},\"image\":{\"@id\":\"https:\\\/\\\/ceric.ca\\\/#\\\/schema\\\/logo\\\/image\\\/\"}},{\"@type\":\"Person\",\"@id\":\"https:\\\/\\\/ceric.ca\\\/#\\\/schema\\\/person\\\/2e3faddf54acfac0d88b9ce185094d00\",\"name\":\"Rachel So\",\"image\":{\"@type\":\"ImageObject\",\"inLanguage\":\"fr-FR\",\"@id\":\"https:\\\/\\\/secure.gravatar.com\\\/avatar\\\/4c40c9aaacb6f176dbd977bdf43366708b68bdf16dc927d1e222e96783b5a9bc?s=96&d=blank&r=g\",\"url\":\"https:\\\/\\\/secure.gravatar.com\\\/avatar\\\/4c40c9aaacb6f176dbd977bdf43366708b68bdf16dc927d1e222e96783b5a9bc?s=96&d=blank&r=g\",\"contentUrl\":\"https:\\\/\\\/secure.gravatar.com\\\/avatar\\\/4c40c9aaacb6f176dbd977bdf43366708b68bdf16dc927d1e222e96783b5a9bc?s=96&d=blank&r=g\",\"caption\":\"Rachel So\"},\"url\":\"https:\\\/\\\/ceric.ca\\\/fr\\\/author\\\/rachel\\\/\"}]}<\/script>\n<!-- \/ Yoast SEO Premium plugin. -->","yoast_head_json":{"title":"Le Rapport annuel\u00a02015 du CERIC est maintenant disponible - CERIC","robots":{"index":"index","follow":"follow","max-snippet":"max-snippet:-1","max-image-preview":"max-image-preview:large","max-video-preview":"max-video-preview:-1"},"canonical":"https:\/\/ceric.ca\/fr\/2016\/07\/le-rapport-annuel-2015-du-ceric-est-maintenant-disponible\/","og_locale":"fr_FR","og_type":"article","og_title":"Le Rapport annuel\u00a02015 du CERIC est maintenant disponible","og_description":"Pr\u00e9sentant une autre ann\u00e9e jalonn\u00e9e de r\u00e9alisations, le Rapport annuel\u00a02015 donne un bon aper\u00e7u de l\u2019engagement continu du CERIC \u00e0 faire avancer les connaissances dans le [\u2026]","og_url":"https:\/\/ceric.ca\/fr\/2016\/07\/le-rapport-annuel-2015-du-ceric-est-maintenant-disponible\/","og_site_name":"CERIC","article_published_time":"2016-07-19T14:41:26+00:00","article_modified_time":"2016-07-27T19:32:39+00:00","author":"Rachel So","twitter_card":"summary_large_image","twitter_misc":{"\u00c9crit par":"Rachel So","Dur\u00e9e de lecture estim\u00e9e":"2 minutes"},"schema":{"@context":"https:\/\/schema.org","@graph":[{"@type":"Article","@id":"https:\/\/ceric.ca\/fr\/2016\/07\/le-rapport-annuel-2015-du-ceric-est-maintenant-disponible\/#article","isPartOf":{"@id":"https:\/\/ceric.ca\/fr\/2016\/07\/le-rapport-annuel-2015-du-ceric-est-maintenant-disponible\/"},"author":{"name":"Rachel So","@id":"https:\/\/ceric.ca\/#\/schema\/person\/2e3faddf54acfac0d88b9ce185094d00"},"headline":"Le Rapport annuel\u00a02015 du CERIC est maintenant disponible","datePublished":"2016-07-19T14:41:26+00:00","dateModified":"2016-07-27T19:32:39+00:00","mainEntityOfPage":{"@id":"https:\/\/ceric.ca\/fr\/2016\/07\/le-rapport-annuel-2015-du-ceric-est-maintenant-disponible\/"},"wordCount":388,"publisher":{"@id":"https:\/\/ceric.ca\/#organization"},"articleSection":["juillet","Nouvelles"],"inLanguage":"fr-FR"},{"@type":"WebPage","@id":"https:\/\/ceric.ca\/fr\/2016\/07\/le-rapport-annuel-2015-du-ceric-est-maintenant-disponible\/","url":"https:\/\/ceric.ca\/fr\/2016\/07\/le-rapport-annuel-2015-du-ceric-est-maintenant-disponible\/","name":"Le Rapport annuel\u00a02015 du CERIC est maintenant disponible - CERIC","isPartOf":{"@id":"https:\/\/ceric.ca\/#website"},"datePublished":"2016-07-19T14:41:26+00:00","dateModified":"2016-07-27T19:32:39+00:00","breadcrumb":{"@id":"https:\/\/ceric.ca\/fr\/2016\/07\/le-rapport-annuel-2015-du-ceric-est-maintenant-disponible\/#breadcrumb"},"inLanguage":"fr-FR","potentialAction":[{"@type":"ReadAction","target":["https:\/\/ceric.ca\/fr\/2016\/07\/le-rapport-annuel-2015-du-ceric-est-maintenant-disponible\/"]}]},{"@type":"BreadcrumbList","@id":"https:\/\/ceric.ca\/fr\/2016\/07\/le-rapport-annuel-2015-du-ceric-est-maintenant-disponible\/#breadcrumb","itemListElement":[{"@type":"ListItem","position":1,"name":"Home","item":"https:\/\/ceric.ca\/fr\/ceric-homepage-2025\/"},{"@type":"ListItem","position":2,"name":"Le Rapport annuel\u00a02015 du CERIC est maintenant disponible"}]},{"@type":"WebSite","@id":"https:\/\/ceric.ca\/#website","url":"https:\/\/ceric.ca\/","name":"CERIC","description":"","publisher":{"@id":"https:\/\/ceric.ca\/#organization"},"potentialAction":[{"@type":"SearchAction","target":{"@type":"EntryPoint","urlTemplate":"https:\/\/ceric.ca\/?s={search_term_string}"},"query-input":{"@type":"PropertyValueSpecification","valueRequired":true,"valueName":"search_term_string"}}],"inLanguage":"fr-FR"},{"@type":"Organization","@id":"https:\/\/ceric.ca\/#organization","name":"CERIC","url":"https:\/\/ceric.ca\/","logo":{"@type":"ImageObject","inLanguage":"fr-FR","@id":"https:\/\/ceric.ca\/#\/schema\/logo\/image\/","url":"","contentUrl":"","caption":"CERIC"},"image":{"@id":"https:\/\/ceric.ca\/#\/schema\/logo\/image\/"}},{"@type":"Person","@id":"https:\/\/ceric.ca\/#\/schema\/person\/2e3faddf54acfac0d88b9ce185094d00","name":"Rachel So","image":{"@type":"ImageObject","inLanguage":"fr-FR","@id":"https:\/\/secure.gravatar.com\/avatar\/4c40c9aaacb6f176dbd977bdf43366708b68bdf16dc927d1e222e96783b5a9bc?s=96&d=blank&r=g","url":"https:\/\/secure.gravatar.com\/avatar\/4c40c9aaacb6f176dbd977bdf43366708b68bdf16dc927d1e222e96783b5a9bc?s=96&d=blank&r=g","contentUrl":"https:\/\/secure.gravatar.com\/avatar\/4c40c9aaacb6f176dbd977bdf43366708b68bdf16dc927d1e222e96783b5a9bc?s=96&d=blank&r=g","caption":"Rachel So"},"url":"https:\/\/ceric.ca\/fr\/author\/rachel\/"}]}},"_links":{"self":[{"href":"https:\/\/ceric.ca\/fr\/wp-json\/wp\/v2\/posts\/18118","targetHints":{"allow":["GET"]}}],"collection":[{"href":"https:\/\/ceric.ca\/fr\/wp-json\/wp\/v2\/posts"}],"about":[{"href":"https:\/\/ceric.ca\/fr\/wp-json\/wp\/v2\/types\/post"}],"author":[{"embeddable":true,"href":"https:\/\/ceric.ca\/fr\/wp-json\/wp\/v2\/users\/30"}],"replies":[{"embeddable":true,"href":"https:\/\/ceric.ca\/fr\/wp-json\/wp\/v2\/comments?post=18118"}],"version-history":[{"count":0,"href":"https:\/\/ceric.ca\/fr\/wp-json\/wp\/v2\/posts\/18118\/revisions"}],"wp:attachment":[{"href":"https:\/\/ceric.ca\/fr\/wp-json\/wp\/v2\/media?parent=18118"}],"wp:term":[{"taxonomy":"category","embeddable":true,"href":"https:\/\/ceric.ca\/fr\/wp-json\/wp\/v2\/categories?post=18118"},{"taxonomy":"post_tag","embeddable":true,"href":"https:\/\/ceric.ca\/fr\/wp-json\/wp\/v2\/tags?post=18118"}],"curies":[{"name":"wp","href":"https:\/\/api.w.org\/{rel}","templated":true}]}}