{"id":18912,"date":"2016-09-27T17:40:39","date_gmt":"2016-09-27T21:40:39","guid":{"rendered":"http:\/\/ceric.ca\/fr\/?p=18912"},"modified":"2016-12-05T17:22:08","modified_gmt":"2016-12-05T22:22:08","slug":"un-sondage-revele-les-differences-regionales-entre-les-specialistes-de-lorientation-professionnelle-au-canada","status":"publish","type":"post","link":"https:\/\/ceric.ca\/fr\/2016\/09\/un-sondage-revele-les-differences-regionales-entre-les-specialistes-de-lorientation-professionnelle-au-canada\/","title":{"rendered":"Un sondage r\u00e9v\u00e8le les diff\u00e9rences r\u00e9gionales entre les sp\u00e9cialistes de l\u2019orientation professionnelle au Canada"},"content":{"rendered":"<p>Le CERIC met \u00e0 votre disposition la <a href=\"\/?page_id=19172\">ventilation par r\u00e9gion<\/a> de son <a href=\"\/?page_id=16424\">Sondage\u00a02015 des sp\u00e9cialistes de l\u2019orientation professionnelle<\/a> pour le Canada atlantique, le Qu\u00e9bec, l\u2019Ontario, les Prairies et la Colombie-Britannique. Le sondage donne un aper\u00e7u d\u00e9mographique (formation, exp\u00e9rience, r\u00e9mun\u00e9ration), en plus d\u2019englober les besoins en perfectionnement professionnel et les tendances de la recherche dans ce domaine.<\/p>\n<p><!--more-->Les r\u00e9sultats du sondage aident le CERIC, ainsi que les sp\u00e9cialistes du domaine dans son ensemble, \u00e0 comprendre les int\u00e9r\u00eats et les d\u00e9fis de la communaut\u00e9 de l\u2019orientation professionnelle. Ils indiquent notamment comment les professionnels du d\u00e9veloppement de carri\u00e8re am\u00e9liorent leurs comp\u00e9tences et leur mobilit\u00e9, quels sont les enjeux qui les pr\u00e9occupent et comment \u00e9volue la perception du public de la valeur du d\u00e9veloppement de carri\u00e8re.<\/p>\n<p>Voici quelques-unes des principales diff\u00e9rences r\u00e9gionales qui en ressortent\u00a0:<\/p>\n<ul>\n<li>Alors que plus des trois quarts des r\u00e9pondants ont affirm\u00e9 avoir au moins un dipl\u00f4me universitaire de premier cycle, un examen approfondi des r\u00e9ponses par r\u00e9gion a d\u00e9voil\u00e9 que le Qu\u00e9bec devance de loin les autres r\u00e9gions en mati\u00e8re d\u2019\u00e9tudes universitaires sup\u00e9rieures. Plus de 80\u00a0% des participants de cette province poss\u00e8dent au moins une ma\u00eetrise. Ce taux est deux fois plus \u00e9lev\u00e9 que dans le Canada atlantique, qui se classe deuxi\u00e8me avec 41\u00a0%, et pr\u00e8s de trois fois plus \u00e9lev\u00e9 que dans les Prairies, dont le taux se situe \u00e0\u00a028\u00a0%.<\/li>\n<li>Les sp\u00e9cialistes de l\u2019orientation professionnelle des Prairies et de l\u2019Ontario ont d\u00e9clar\u00e9 qu\u2019ils accordaient le plus d\u2019importance \u00e0 l\u2019apprentissage de nouvelles \u00ab\u00a0strat\u00e9gies de recherche d\u2019emploi\u00a0\u00bb, alors qu\u2019en Colombie-Britannique, au Qu\u00e9bec et dans le Canada atlantique, les r\u00e9pondants s\u2019int\u00e9ressaient surtout au \u00ab\u00a0d\u00e9veloppement de l\u2019emploi\u00a0\u00bb. L\u2019acquisition de connaissances sur \u00ab\u00a0le travail autonome et l\u2019exploitation d\u2019une entreprise\u00a0\u00bb a suscit\u00e9 le moins d\u2019int\u00e9r\u00eat \u00e0 l\u2019\u00e9chelle nationale.<\/li>\n<li>Les r\u00e9pondants des Prairies avaient le revenu le plus \u00e9lev\u00e9 (60\u00a0% touchaient un salaire ou un revenu annuel brut de plus de 55\u00a0000\u00a0$), suivis par ceux du Qu\u00e9bec (55\u00a0%), de l\u2019Ontario (54\u00a0%), de la Colombie-Britannique (49\u00a0%) et du Canada atlantique (36\u00a0%).<\/li>\n<li>Dans tout le pays, la plupart des travailleurs en orientation professionnelle croient que le grand public per\u00e7oit mieux la valeur de leurs services. Plus des deux tiers des r\u00e9pondants du Canada atlantique en \u00e9taient persuad\u00e9s. Cependant, une proportion consid\u00e9rable des r\u00e9pondants de la Colombie-Britannique ont soutenu que la perception du public s\u2019\u00e9tait d\u00e9t\u00e9rior\u00e9e. Un cinqui\u00e8me des r\u00e9pondants a \u00e9mis cet avis, soit une proportion pr\u00e8s de deux fois plus \u00e9lev\u00e9e que dans toute autre r\u00e9gion.<\/li>\n<li>Les participants devaient \u00e9galement indiquer s\u2019ils \u00e9valuaient les r\u00e9percussions de leurs programmes ou services d\u2019orientation professionnelle ou de d\u00e9veloppement de carri\u00e8re. Plus de la moiti\u00e9 des r\u00e9pondants ont assur\u00e9 que cet aspect faisait partie de leur travail; le taux \u00e9tait le plus \u00e9lev\u00e9 dans les Prairies (68\u00a0%), suivi par l\u2019Ontario (66\u00a0%), le Canada atlantique (64\u00a0%), la Colombie-Britannique (56\u00a0%) et le Qu\u00e9bec (51\u00a0%).<\/li>\n<\/ul>\n<p>Pour en apprendre davantage sur le sondage national de 2015, et consulter un rapport des faits saillants, un r\u00e9sum\u00e9 sous forme de diapositives et un document infographique, visitez le site\u00a0<a href=\"\/?page_id=16424\">ceric.ca\/survey2015<\/a>. Restez \u00e0 l\u2019aff\u00fbt de l\u2019analyse compl\u00e8te de la ventilation par r\u00e9gion, publi\u00e9e dans le <a href=\"http:\/\/contactpoint.ca\/careering\/\" target=\"_blank\">num\u00e9ro d\u2019automne du magazine <em>Careering<\/em><\/a>.<\/p>\n","protected":false},"excerpt":{"rendered":"<p>Le CERIC met \u00e0 votre disposition la ventilation par r\u00e9gion de son Sondage\u00a02015 des sp\u00e9cialistes de l\u2019orientation professionnelle pour le Canada atlantique, le Qu\u00e9bec, l\u2019Ontario, les<span class=\"excerpt-hellip\"> [\u2026]<\/span><\/p>\n","protected":false},"author":30,"featured_media":0,"comment_status":"closed","ping_status":"closed","sticky":false,"template":"","format":"standard","meta":{"h5ap_radio_sources":[],"footnotes":""},"categories":[294,32,320],"tags":[],"class_list":["post-18912","post","type-post","status-publish","format-standard","hentry","category-2016-fr","category-nouvelles","category-septembre-fr"],"yoast_head":"<!-- This site is optimized with the Yoast SEO Premium plugin v27.4 (Yoast SEO v27.4) - https:\/\/yoast.com\/product\/yoast-seo-premium-wordpress\/ -->\n<title>Un sondage r\u00e9v\u00e8le les diff\u00e9rences r\u00e9gionales entre les sp\u00e9cialistes de l\u2019orientation professionnelle au Canada - CERIC<\/title>\n<meta name=\"robots\" content=\"index, follow, max-snippet:-1, max-image-preview:large, max-video-preview:-1\" \/>\n<link rel=\"canonical\" href=\"https:\/\/ceric.ca\/fr\/2016\/09\/un-sondage-revele-les-differences-regionales-entre-les-specialistes-de-lorientation-professionnelle-au-canada\/\" \/>\n<meta property=\"og:locale\" content=\"fr_FR\" \/>\n<meta property=\"og:type\" content=\"article\" \/>\n<meta property=\"og:title\" content=\"Un sondage r\u00e9v\u00e8le les diff\u00e9rences r\u00e9gionales entre les sp\u00e9cialistes de l\u2019orientation professionnelle au Canada\" \/>\n<meta property=\"og:description\" content=\"Le CERIC met \u00e0 votre disposition la ventilation par r\u00e9gion de son Sondage\u00a02015 des sp\u00e9cialistes de l\u2019orientation professionnelle pour le Canada atlantique, le Qu\u00e9bec, l\u2019Ontario, les [\u2026]\" \/>\n<meta property=\"og:url\" content=\"https:\/\/ceric.ca\/fr\/2016\/09\/un-sondage-revele-les-differences-regionales-entre-les-specialistes-de-lorientation-professionnelle-au-canada\/\" \/>\n<meta property=\"og:site_name\" content=\"CERIC\" \/>\n<meta property=\"article:published_time\" content=\"2016-09-27T21:40:39+00:00\" \/>\n<meta property=\"article:modified_time\" content=\"2016-12-05T22:22:08+00:00\" \/>\n<meta name=\"author\" content=\"Rachel So\" \/>\n<meta name=\"twitter:card\" content=\"summary_large_image\" \/>\n<meta name=\"twitter:label1\" content=\"\u00c9crit par\" \/>\n\t<meta name=\"twitter:data1\" content=\"Rachel So\" \/>\n\t<meta name=\"twitter:label2\" content=\"Dur\u00e9e de lecture estim\u00e9e\" \/>\n\t<meta name=\"twitter:data2\" content=\"3 minutes\" \/>\n<script type=\"application\/ld+json\" class=\"yoast-schema-graph\">{\"@context\":\"https:\\\/\\\/schema.org\",\"@graph\":[{\"@type\":\"Article\",\"@id\":\"https:\\\/\\\/ceric.ca\\\/fr\\\/2016\\\/09\\\/un-sondage-revele-les-differences-regionales-entre-les-specialistes-de-lorientation-professionnelle-au-canada\\\/#article\",\"isPartOf\":{\"@id\":\"https:\\\/\\\/ceric.ca\\\/fr\\\/2016\\\/09\\\/un-sondage-revele-les-differences-regionales-entre-les-specialistes-de-lorientation-professionnelle-au-canada\\\/\"},\"author\":{\"name\":\"Rachel So\",\"@id\":\"https:\\\/\\\/ceric.ca\\\/#\\\/schema\\\/person\\\/2e3faddf54acfac0d88b9ce185094d00\"},\"headline\":\"Un sondage r\u00e9v\u00e8le les diff\u00e9rences r\u00e9gionales entre les sp\u00e9cialistes de l\u2019orientation professionnelle au Canada\",\"datePublished\":\"2016-09-27T21:40:39+00:00\",\"dateModified\":\"2016-12-05T22:22:08+00:00\",\"mainEntityOfPage\":{\"@id\":\"https:\\\/\\\/ceric.ca\\\/fr\\\/2016\\\/09\\\/un-sondage-revele-les-differences-regionales-entre-les-specialistes-de-lorientation-professionnelle-au-canada\\\/\"},\"wordCount\":610,\"publisher\":{\"@id\":\"https:\\\/\\\/ceric.ca\\\/#organization\"},\"articleSection\":[\"2016\",\"Nouvelles\",\"septembre\"],\"inLanguage\":\"fr-FR\"},{\"@type\":\"WebPage\",\"@id\":\"https:\\\/\\\/ceric.ca\\\/fr\\\/2016\\\/09\\\/un-sondage-revele-les-differences-regionales-entre-les-specialistes-de-lorientation-professionnelle-au-canada\\\/\",\"url\":\"https:\\\/\\\/ceric.ca\\\/fr\\\/2016\\\/09\\\/un-sondage-revele-les-differences-regionales-entre-les-specialistes-de-lorientation-professionnelle-au-canada\\\/\",\"name\":\"Un sondage r\u00e9v\u00e8le les diff\u00e9rences r\u00e9gionales entre les sp\u00e9cialistes de l\u2019orientation professionnelle au Canada - CERIC\",\"isPartOf\":{\"@id\":\"https:\\\/\\\/ceric.ca\\\/#website\"},\"datePublished\":\"2016-09-27T21:40:39+00:00\",\"dateModified\":\"2016-12-05T22:22:08+00:00\",\"breadcrumb\":{\"@id\":\"https:\\\/\\\/ceric.ca\\\/fr\\\/2016\\\/09\\\/un-sondage-revele-les-differences-regionales-entre-les-specialistes-de-lorientation-professionnelle-au-canada\\\/#breadcrumb\"},\"inLanguage\":\"fr-FR\",\"potentialAction\":[{\"@type\":\"ReadAction\",\"target\":[\"https:\\\/\\\/ceric.ca\\\/fr\\\/2016\\\/09\\\/un-sondage-revele-les-differences-regionales-entre-les-specialistes-de-lorientation-professionnelle-au-canada\\\/\"]}]},{\"@type\":\"BreadcrumbList\",\"@id\":\"https:\\\/\\\/ceric.ca\\\/fr\\\/2016\\\/09\\\/un-sondage-revele-les-differences-regionales-entre-les-specialistes-de-lorientation-professionnelle-au-canada\\\/#breadcrumb\",\"itemListElement\":[{\"@type\":\"ListItem\",\"position\":1,\"name\":\"Home\",\"item\":\"https:\\\/\\\/ceric.ca\\\/fr\\\/ceric-homepage-2025\\\/\"},{\"@type\":\"ListItem\",\"position\":2,\"name\":\"Un sondage r\u00e9v\u00e8le les diff\u00e9rences r\u00e9gionales entre les sp\u00e9cialistes de l\u2019orientation professionnelle au Canada\"}]},{\"@type\":\"WebSite\",\"@id\":\"https:\\\/\\\/ceric.ca\\\/#website\",\"url\":\"https:\\\/\\\/ceric.ca\\\/\",\"name\":\"CERIC\",\"description\":\"\",\"publisher\":{\"@id\":\"https:\\\/\\\/ceric.ca\\\/#organization\"},\"potentialAction\":[{\"@type\":\"SearchAction\",\"target\":{\"@type\":\"EntryPoint\",\"urlTemplate\":\"https:\\\/\\\/ceric.ca\\\/?s={search_term_string}\"},\"query-input\":{\"@type\":\"PropertyValueSpecification\",\"valueRequired\":true,\"valueName\":\"search_term_string\"}}],\"inLanguage\":\"fr-FR\"},{\"@type\":\"Organization\",\"@id\":\"https:\\\/\\\/ceric.ca\\\/#organization\",\"name\":\"CERIC\",\"url\":\"https:\\\/\\\/ceric.ca\\\/\",\"logo\":{\"@type\":\"ImageObject\",\"inLanguage\":\"fr-FR\",\"@id\":\"https:\\\/\\\/ceric.ca\\\/#\\\/schema\\\/logo\\\/image\\\/\",\"url\":\"\",\"contentUrl\":\"\",\"caption\":\"CERIC\"},\"image\":{\"@id\":\"https:\\\/\\\/ceric.ca\\\/#\\\/schema\\\/logo\\\/image\\\/\"}},{\"@type\":\"Person\",\"@id\":\"https:\\\/\\\/ceric.ca\\\/#\\\/schema\\\/person\\\/2e3faddf54acfac0d88b9ce185094d00\",\"name\":\"Rachel So\",\"image\":{\"@type\":\"ImageObject\",\"inLanguage\":\"fr-FR\",\"@id\":\"https:\\\/\\\/secure.gravatar.com\\\/avatar\\\/4c40c9aaacb6f176dbd977bdf43366708b68bdf16dc927d1e222e96783b5a9bc?s=96&d=blank&r=g\",\"url\":\"https:\\\/\\\/secure.gravatar.com\\\/avatar\\\/4c40c9aaacb6f176dbd977bdf43366708b68bdf16dc927d1e222e96783b5a9bc?s=96&d=blank&r=g\",\"contentUrl\":\"https:\\\/\\\/secure.gravatar.com\\\/avatar\\\/4c40c9aaacb6f176dbd977bdf43366708b68bdf16dc927d1e222e96783b5a9bc?s=96&d=blank&r=g\",\"caption\":\"Rachel So\"},\"url\":\"https:\\\/\\\/ceric.ca\\\/fr\\\/author\\\/rachel\\\/\"}]}<\/script>\n<!-- \/ Yoast SEO Premium plugin. -->","yoast_head_json":{"title":"Un sondage r\u00e9v\u00e8le les diff\u00e9rences r\u00e9gionales entre les sp\u00e9cialistes de l\u2019orientation professionnelle au Canada - CERIC","robots":{"index":"index","follow":"follow","max-snippet":"max-snippet:-1","max-image-preview":"max-image-preview:large","max-video-preview":"max-video-preview:-1"},"canonical":"https:\/\/ceric.ca\/fr\/2016\/09\/un-sondage-revele-les-differences-regionales-entre-les-specialistes-de-lorientation-professionnelle-au-canada\/","og_locale":"fr_FR","og_type":"article","og_title":"Un sondage r\u00e9v\u00e8le les diff\u00e9rences r\u00e9gionales entre les sp\u00e9cialistes de l\u2019orientation professionnelle au Canada","og_description":"Le CERIC met \u00e0 votre disposition la ventilation par r\u00e9gion de son Sondage\u00a02015 des sp\u00e9cialistes de l\u2019orientation professionnelle pour le Canada atlantique, le Qu\u00e9bec, l\u2019Ontario, les [\u2026]","og_url":"https:\/\/ceric.ca\/fr\/2016\/09\/un-sondage-revele-les-differences-regionales-entre-les-specialistes-de-lorientation-professionnelle-au-canada\/","og_site_name":"CERIC","article_published_time":"2016-09-27T21:40:39+00:00","article_modified_time":"2016-12-05T22:22:08+00:00","author":"Rachel So","twitter_card":"summary_large_image","twitter_misc":{"\u00c9crit par":"Rachel So","Dur\u00e9e de lecture estim\u00e9e":"3 minutes"},"schema":{"@context":"https:\/\/schema.org","@graph":[{"@type":"Article","@id":"https:\/\/ceric.ca\/fr\/2016\/09\/un-sondage-revele-les-differences-regionales-entre-les-specialistes-de-lorientation-professionnelle-au-canada\/#article","isPartOf":{"@id":"https:\/\/ceric.ca\/fr\/2016\/09\/un-sondage-revele-les-differences-regionales-entre-les-specialistes-de-lorientation-professionnelle-au-canada\/"},"author":{"name":"Rachel So","@id":"https:\/\/ceric.ca\/#\/schema\/person\/2e3faddf54acfac0d88b9ce185094d00"},"headline":"Un sondage r\u00e9v\u00e8le les diff\u00e9rences r\u00e9gionales entre les sp\u00e9cialistes de l\u2019orientation professionnelle au Canada","datePublished":"2016-09-27T21:40:39+00:00","dateModified":"2016-12-05T22:22:08+00:00","mainEntityOfPage":{"@id":"https:\/\/ceric.ca\/fr\/2016\/09\/un-sondage-revele-les-differences-regionales-entre-les-specialistes-de-lorientation-professionnelle-au-canada\/"},"wordCount":610,"publisher":{"@id":"https:\/\/ceric.ca\/#organization"},"articleSection":["2016","Nouvelles","septembre"],"inLanguage":"fr-FR"},{"@type":"WebPage","@id":"https:\/\/ceric.ca\/fr\/2016\/09\/un-sondage-revele-les-differences-regionales-entre-les-specialistes-de-lorientation-professionnelle-au-canada\/","url":"https:\/\/ceric.ca\/fr\/2016\/09\/un-sondage-revele-les-differences-regionales-entre-les-specialistes-de-lorientation-professionnelle-au-canada\/","name":"Un sondage r\u00e9v\u00e8le les diff\u00e9rences r\u00e9gionales entre les sp\u00e9cialistes de l\u2019orientation professionnelle au Canada - CERIC","isPartOf":{"@id":"https:\/\/ceric.ca\/#website"},"datePublished":"2016-09-27T21:40:39+00:00","dateModified":"2016-12-05T22:22:08+00:00","breadcrumb":{"@id":"https:\/\/ceric.ca\/fr\/2016\/09\/un-sondage-revele-les-differences-regionales-entre-les-specialistes-de-lorientation-professionnelle-au-canada\/#breadcrumb"},"inLanguage":"fr-FR","potentialAction":[{"@type":"ReadAction","target":["https:\/\/ceric.ca\/fr\/2016\/09\/un-sondage-revele-les-differences-regionales-entre-les-specialistes-de-lorientation-professionnelle-au-canada\/"]}]},{"@type":"BreadcrumbList","@id":"https:\/\/ceric.ca\/fr\/2016\/09\/un-sondage-revele-les-differences-regionales-entre-les-specialistes-de-lorientation-professionnelle-au-canada\/#breadcrumb","itemListElement":[{"@type":"ListItem","position":1,"name":"Home","item":"https:\/\/ceric.ca\/fr\/ceric-homepage-2025\/"},{"@type":"ListItem","position":2,"name":"Un sondage r\u00e9v\u00e8le les diff\u00e9rences r\u00e9gionales entre les sp\u00e9cialistes de l\u2019orientation professionnelle au Canada"}]},{"@type":"WebSite","@id":"https:\/\/ceric.ca\/#website","url":"https:\/\/ceric.ca\/","name":"CERIC","description":"","publisher":{"@id":"https:\/\/ceric.ca\/#organization"},"potentialAction":[{"@type":"SearchAction","target":{"@type":"EntryPoint","urlTemplate":"https:\/\/ceric.ca\/?s={search_term_string}"},"query-input":{"@type":"PropertyValueSpecification","valueRequired":true,"valueName":"search_term_string"}}],"inLanguage":"fr-FR"},{"@type":"Organization","@id":"https:\/\/ceric.ca\/#organization","name":"CERIC","url":"https:\/\/ceric.ca\/","logo":{"@type":"ImageObject","inLanguage":"fr-FR","@id":"https:\/\/ceric.ca\/#\/schema\/logo\/image\/","url":"","contentUrl":"","caption":"CERIC"},"image":{"@id":"https:\/\/ceric.ca\/#\/schema\/logo\/image\/"}},{"@type":"Person","@id":"https:\/\/ceric.ca\/#\/schema\/person\/2e3faddf54acfac0d88b9ce185094d00","name":"Rachel So","image":{"@type":"ImageObject","inLanguage":"fr-FR","@id":"https:\/\/secure.gravatar.com\/avatar\/4c40c9aaacb6f176dbd977bdf43366708b68bdf16dc927d1e222e96783b5a9bc?s=96&d=blank&r=g","url":"https:\/\/secure.gravatar.com\/avatar\/4c40c9aaacb6f176dbd977bdf43366708b68bdf16dc927d1e222e96783b5a9bc?s=96&d=blank&r=g","contentUrl":"https:\/\/secure.gravatar.com\/avatar\/4c40c9aaacb6f176dbd977bdf43366708b68bdf16dc927d1e222e96783b5a9bc?s=96&d=blank&r=g","caption":"Rachel So"},"url":"https:\/\/ceric.ca\/fr\/author\/rachel\/"}]}},"_links":{"self":[{"href":"https:\/\/ceric.ca\/fr\/wp-json\/wp\/v2\/posts\/18912","targetHints":{"allow":["GET"]}}],"collection":[{"href":"https:\/\/ceric.ca\/fr\/wp-json\/wp\/v2\/posts"}],"about":[{"href":"https:\/\/ceric.ca\/fr\/wp-json\/wp\/v2\/types\/post"}],"author":[{"embeddable":true,"href":"https:\/\/ceric.ca\/fr\/wp-json\/wp\/v2\/users\/30"}],"replies":[{"embeddable":true,"href":"https:\/\/ceric.ca\/fr\/wp-json\/wp\/v2\/comments?post=18912"}],"version-history":[{"count":0,"href":"https:\/\/ceric.ca\/fr\/wp-json\/wp\/v2\/posts\/18912\/revisions"}],"wp:attachment":[{"href":"https:\/\/ceric.ca\/fr\/wp-json\/wp\/v2\/media?parent=18912"}],"wp:term":[{"taxonomy":"category","embeddable":true,"href":"https:\/\/ceric.ca\/fr\/wp-json\/wp\/v2\/categories?post=18912"},{"taxonomy":"post_tag","embeddable":true,"href":"https:\/\/ceric.ca\/fr\/wp-json\/wp\/v2\/tags?post=18912"}],"curies":[{"name":"wp","href":"https:\/\/api.w.org\/{rel}","templated":true}]}}