{"id":25943,"date":"2013-06-25T10:36:59","date_gmt":"2013-06-25T14:36:59","guid":{"rendered":"http:\/\/ceric.org\/?p=25943"},"modified":"2018-06-25T10:23:01","modified_gmt":"2018-06-25T14:23:01","slug":"ou-sont-les-ordres-professionnels","status":"publish","type":"post","link":"https:\/\/ceric.ca\/fr\/2013\/06\/ou-sont-les-ordres-professionnels\/","title":{"rendered":"O\u00f9 sont les ordres professionnels?"},"content":{"rendered":"<p><em>par Marie-Jos\u00e9e P\u00e9riard<\/em><\/p>\n<p><a href=\"http:\/\/ceric.org\/wp-content\/uploads\/2018\/05\/ordresprofessionnels.png\" target=\"_blank\" rel=\"noopener\"><img decoding=\"async\" class=\"alignleft\" src=\"http:\/\/orientaction.ca\/wp-content\/uploads\/2013\/06\/ordresprofessionnels.png\" alt=\"ordresprofessionnels\" width=\"225\" height=\"121\" \/><\/a><\/p>\n<p>Aujourd\u2019hui, tous les \u00e9l\u00e8ves du secondaire en Ontario b\u00e9n\u00e9ficient de diverses occasions pour r\u00e9fl\u00e9chir et d\u00e9couvrir la multitude de choix professionnels qui leurs sont offerts. D\u00e8s la 7e ann\u00e9e, on invite les \u00e9l\u00e8ves \u00e0 prendre conscience du type d\u2019intelligence qui est pr\u00e9dominant chez eux.<!--more--><\/p>\n<p>En 8e ann\u00e9e, ils compl\u00e9teront l\u2019activit\u00e9\u00a0\u00ab Dimensions de la personnalit\u00e9 \u00bb, qui confirme certains traits dominants et leur permet de faire le lien avec divers m\u00e9tiers ou\u00a0professions. De plus, les \u00e9l\u00e8ves remplissent des tests d\u2019int\u00e9r\u00eats et d\u2019aptitudes avec le logiciel Career Cruising.<\/p>\n<p>En 8e et 9e ann\u00e9e, ils participent \u00e0 deux journ\u00e9es exploratoires : Explorons le march\u00e9 du travail et Invitons nos jeunes au travail.<\/p>\n<p>\u00c0 ce moment, les \u00e9l\u00e8ves peuvent aussi commencer \u00e0 accomplir leurs 40 heures de service communautaire. Le b\u00e9n\u00e9volat est une autre occasion pour eux d\u2019acqu\u00e9rir de l\u2019exp\u00e9rience dans un domaine qui les int\u00e9resse, mais aussi de faire du r\u00e9seautage pour un \u00e9ventuel emploi d\u2019\u00e9t\u00e9.<\/p>\n<p>Une fois en 10e ann\u00e9e, les \u00e9l\u00e8ves compl\u00e8tent le cours \u00ab Orientation et formation au cheminement de carri\u00e8re \u00bb. Ce cours permet \u00e0 l\u2019\u00e9l\u00e8ve d\u2019apprendre comment d\u00e9velopper et atteindre des objectifs personnels sur le plan des \u00e9tudes, du travail et de la vie communautaire, durant et apr\u00e8s leurs \u00e9tudes.<\/p>\n<p>De plus, en 10e et 11e ann\u00e9e, les \u00e9l\u00e8ves participent \u00e0 des activit\u00e9s d\u2019anticipation dans les coll\u00e8ges et les universit\u00e9s. Ces journ\u00e9es permettent aux \u00e9l\u00e8ves d\u2019explorer des programmes d\u2019\u00e9tudes, les aidant ainsi \u00e0 faire un choix de cours plus pr\u00e9cis en 11e ann\u00e9e.<\/p>\n<p>En 12e ann\u00e9e, la plupart des \u00e9l\u00e8ves peuvent voir plus clairement les possibilit\u00e9s qui leur sont offertes et faire un choix qui r\u00e9concilie leurs int\u00e9r\u00eats, leurs aptitudes et les besoins du march\u00e9 de l\u2019emploi.<\/p>\n<p>Enfin, toutes les \u00e9coles organisent une journ\u00e9e carri\u00e8res qui donne l\u2019occasion aux \u00e9l\u00e8ves de rencontrer des professionnels ou des gens de m\u00e9tier. Ceux-ci en profitent pour parler de leur cheminement professionnel, des qualit\u00e9s personnelles requises pour exercer leur travail et des attentes des employeurs.<\/p>\n<p>Comme vous pouvez le constater, tout au long de leur cheminement scolaire, les \u00e9l\u00e8ves ont diverses occasions de r\u00e9fl\u00e9chir aux choix professionnels qui les attendent. Selon moi, des partenaires importants sont malheureusement peu pr\u00e9sents ou absents de la sc\u00e8ne scolaire en Ontario : les ordres professionnels.<\/p>\n<p>Je trouve regrettable que les ordres professionnels n\u2019aient pas un mandat clair, \u00e9tabli par le gouvernement, d\u2019avoir un volet \u00e9ducatif, afin qu\u2019ils s\u2019impliquent davantage avec les jeunes; ceci afin d\u2019informer les \u00e9l\u00e8ves, de venir partager leurs connaissances professionnelles avec les \u00e9l\u00e8ves et les enseignants et de pouvoir agir \u00e0 titre de mentor ou de personnes-ressources. Leurs r\u00f4les devraient \u00e9videmment se poursuivre au niveau postsecondaire.<\/p>\n<p>En conclusion, le documentaire\u00a0<em>Generation Jobless<\/em>, pr\u00e9sent\u00e9 le 31 janvier 2013 \u00e0 l\u2019\u00e9mission Doc Zone sur CBC, fait une bonne analyse de la probl\u00e9matique des \u00e9tudiants qui sortent des coll\u00e8ges et des universit\u00e9s canadiennes et qui ont beaucoup de difficult\u00e9s \u00e0 se trouver un emploi. On affirme que le taux de ch\u00f4mage chez les jeunes au Canada est de 15 %. En contrepartie, on nous pr\u00e9sente la situation en Suisse ou le taux de ch\u00f4mage est de 2.8 %. Cette situation s\u2019explique, selon le Dr. Stefan Wolter, par une strat\u00e9gie concert\u00e9e entre tous les niveaux de gouvernement, les \u00e9ducateurs et les employeurs.<\/p>\n<p>Il est \u00e9vident que le cheminement professionnel des jeunes est l\u2019affaire de tous. Quand les jeunes r\u00e9alisent leur plein potentiel, toute la soci\u00e9t\u00e9 y gagne. Souhaitons que dans un futur rapproch\u00e9 les ordres professionnels deviennent des partenaires importants dans la pr\u00e9paration de la rel\u00e8ve.<\/p>\n<p>&nbsp;<\/p>\n<p><strong>Marie-Jos\u00e9e P\u00e9riard<\/strong><em id=\"__mceDel\">\u00a0<\/em><em>travaille pour le Conseil des \u00e9coles catholiques du Centre-est depuis dix ans. Elle occupe depuis trois ans un poste comme Conseill\u00e8re en orientation et choix de carri\u00e8res \u00e0 l\u2019\u00c9cole secondaire catholique Marie-Rivier \u00e0 Kingston. Vous pouvez la rejoindre \u00e0\u00a0<\/em><em><a href=\"mailto:periama@ecolecatholique.ca\" target=\"_blank\" rel=\"noopener\">periama@ecolecatholique.ca<\/a>.<\/em><\/p>\n","protected":false},"excerpt":{"rendered":"<p>par Marie-Jos\u00e9e P\u00e9riard Aujourd\u2019hui, tous les \u00e9l\u00e8ves du secondaire en Ontario b\u00e9n\u00e9ficient de diverses occasions pour r\u00e9fl\u00e9chir et d\u00e9couvrir la multitude de choix professionnels qui leurs<span class=\"excerpt-hellip\"> [\u2026]<\/span><\/p>\n","protected":false},"author":1,"featured_media":0,"comment_status":"closed","ping_status":"closed","sticky":false,"template":"","format":"standard","meta":{"h5ap_radio_sources":[],"footnotes":""},"categories":[467,470,625],"tags":[],"class_list":["post-25943","post","type-post","status-publish","format-standard","hentry","category-careering-fr","category-ete-2013","category-s13-fr-article-de-fond"],"yoast_head":"<!-- This site is optimized with the Yoast SEO Premium plugin v27.4 (Yoast SEO v27.4) - https:\/\/yoast.com\/product\/yoast-seo-premium-wordpress\/ -->\n<title>O\u00f9 sont les ordres professionnels? - CERIC<\/title>\n<meta name=\"robots\" content=\"index, follow, max-snippet:-1, max-image-preview:large, max-video-preview:-1\" \/>\n<link rel=\"canonical\" href=\"https:\/\/ceric.ca\/fr\/2013\/06\/ou-sont-les-ordres-professionnels\/\" \/>\n<meta property=\"og:locale\" content=\"fr_FR\" \/>\n<meta property=\"og:type\" content=\"article\" \/>\n<meta property=\"og:title\" content=\"O\u00f9 sont les ordres professionnels?\" \/>\n<meta property=\"og:description\" content=\"par Marie-Jos\u00e9e P\u00e9riard Aujourd\u2019hui, tous les \u00e9l\u00e8ves du secondaire en Ontario b\u00e9n\u00e9ficient de diverses occasions pour r\u00e9fl\u00e9chir et d\u00e9couvrir la multitude de choix professionnels qui leurs [\u2026]\" \/>\n<meta property=\"og:url\" content=\"https:\/\/ceric.ca\/fr\/2013\/06\/ou-sont-les-ordres-professionnels\/\" \/>\n<meta property=\"og:site_name\" content=\"CERIC\" \/>\n<meta property=\"article:published_time\" content=\"2013-06-25T14:36:59+00:00\" \/>\n<meta property=\"article:modified_time\" content=\"2018-06-25T14:23:01+00:00\" \/>\n<meta property=\"og:image\" content=\"http:\/\/orientaction.ca\/wp-content\/uploads\/2013\/06\/ordresprofessionnels.png\" \/>\n<meta name=\"author\" content=\"Norman Valdez\" \/>\n<meta name=\"twitter:card\" content=\"summary_large_image\" \/>\n<meta name=\"twitter:creator\" content=\"@rachel@ceric.ca\" \/>\n<meta name=\"twitter:label1\" content=\"\u00c9crit par\" \/>\n\t<meta name=\"twitter:data1\" content=\"Norman Valdez\" \/>\n\t<meta name=\"twitter:label2\" content=\"Dur\u00e9e de lecture estim\u00e9e\" \/>\n\t<meta name=\"twitter:data2\" content=\"4 minutes\" \/>\n<script type=\"application\/ld+json\" class=\"yoast-schema-graph\">{\"@context\":\"https:\\\/\\\/schema.org\",\"@graph\":[{\"@type\":\"Article\",\"@id\":\"https:\\\/\\\/ceric.ca\\\/fr\\\/2013\\\/06\\\/ou-sont-les-ordres-professionnels\\\/#article\",\"isPartOf\":{\"@id\":\"https:\\\/\\\/ceric.ca\\\/fr\\\/2013\\\/06\\\/ou-sont-les-ordres-professionnels\\\/\"},\"author\":{\"name\":\"Norman Valdez\",\"@id\":\"https:\\\/\\\/ceric.ca\\\/#\\\/schema\\\/person\\\/444d77ede5f23ae98c74e54ab17e2da2\"},\"headline\":\"O\u00f9 sont les ordres professionnels?\",\"datePublished\":\"2013-06-25T14:36:59+00:00\",\"dateModified\":\"2018-06-25T14:23:01+00:00\",\"mainEntityOfPage\":{\"@id\":\"https:\\\/\\\/ceric.ca\\\/fr\\\/2013\\\/06\\\/ou-sont-les-ordres-professionnels\\\/\"},\"wordCount\":712,\"publisher\":{\"@id\":\"https:\\\/\\\/ceric.ca\\\/#organization\"},\"image\":{\"@id\":\"https:\\\/\\\/ceric.ca\\\/fr\\\/2013\\\/06\\\/ou-sont-les-ordres-professionnels\\\/#primaryimage\"},\"thumbnailUrl\":\"http:\\\/\\\/orientaction.ca\\\/wp-content\\\/uploads\\\/2013\\\/06\\\/ordresprofessionnels.png\",\"articleSection\":[\"Careering\",\"\u00c9t\u00e9 2013\",\"S13 \u2013 FR \u2013 Article de fond\"],\"inLanguage\":\"fr-FR\"},{\"@type\":\"WebPage\",\"@id\":\"https:\\\/\\\/ceric.ca\\\/fr\\\/2013\\\/06\\\/ou-sont-les-ordres-professionnels\\\/\",\"url\":\"https:\\\/\\\/ceric.ca\\\/fr\\\/2013\\\/06\\\/ou-sont-les-ordres-professionnels\\\/\",\"name\":\"O\u00f9 sont les ordres professionnels? - CERIC\",\"isPartOf\":{\"@id\":\"https:\\\/\\\/ceric.ca\\\/#website\"},\"primaryImageOfPage\":{\"@id\":\"https:\\\/\\\/ceric.ca\\\/fr\\\/2013\\\/06\\\/ou-sont-les-ordres-professionnels\\\/#primaryimage\"},\"image\":{\"@id\":\"https:\\\/\\\/ceric.ca\\\/fr\\\/2013\\\/06\\\/ou-sont-les-ordres-professionnels\\\/#primaryimage\"},\"thumbnailUrl\":\"http:\\\/\\\/orientaction.ca\\\/wp-content\\\/uploads\\\/2013\\\/06\\\/ordresprofessionnels.png\",\"datePublished\":\"2013-06-25T14:36:59+00:00\",\"dateModified\":\"2018-06-25T14:23:01+00:00\",\"breadcrumb\":{\"@id\":\"https:\\\/\\\/ceric.ca\\\/fr\\\/2013\\\/06\\\/ou-sont-les-ordres-professionnels\\\/#breadcrumb\"},\"inLanguage\":\"fr-FR\",\"potentialAction\":[{\"@type\":\"ReadAction\",\"target\":[\"https:\\\/\\\/ceric.ca\\\/fr\\\/2013\\\/06\\\/ou-sont-les-ordres-professionnels\\\/\"]}]},{\"@type\":\"ImageObject\",\"inLanguage\":\"fr-FR\",\"@id\":\"https:\\\/\\\/ceric.ca\\\/fr\\\/2013\\\/06\\\/ou-sont-les-ordres-professionnels\\\/#primaryimage\",\"url\":\"http:\\\/\\\/orientaction.ca\\\/wp-content\\\/uploads\\\/2013\\\/06\\\/ordresprofessionnels.png\",\"contentUrl\":\"http:\\\/\\\/orientaction.ca\\\/wp-content\\\/uploads\\\/2013\\\/06\\\/ordresprofessionnels.png\"},{\"@type\":\"BreadcrumbList\",\"@id\":\"https:\\\/\\\/ceric.ca\\\/fr\\\/2013\\\/06\\\/ou-sont-les-ordres-professionnels\\\/#breadcrumb\",\"itemListElement\":[{\"@type\":\"ListItem\",\"position\":1,\"name\":\"Home\",\"item\":\"https:\\\/\\\/ceric.ca\\\/fr\\\/ceric-homepage-2025\\\/\"},{\"@type\":\"ListItem\",\"position\":2,\"name\":\"O\u00f9 sont les ordres professionnels?\"}]},{\"@type\":\"WebSite\",\"@id\":\"https:\\\/\\\/ceric.ca\\\/#website\",\"url\":\"https:\\\/\\\/ceric.ca\\\/\",\"name\":\"CERIC\",\"description\":\"\",\"publisher\":{\"@id\":\"https:\\\/\\\/ceric.ca\\\/#organization\"},\"potentialAction\":[{\"@type\":\"SearchAction\",\"target\":{\"@type\":\"EntryPoint\",\"urlTemplate\":\"https:\\\/\\\/ceric.ca\\\/?s={search_term_string}\"},\"query-input\":{\"@type\":\"PropertyValueSpecification\",\"valueRequired\":true,\"valueName\":\"search_term_string\"}}],\"inLanguage\":\"fr-FR\"},{\"@type\":\"Organization\",\"@id\":\"https:\\\/\\\/ceric.ca\\\/#organization\",\"name\":\"CERIC\",\"url\":\"https:\\\/\\\/ceric.ca\\\/\",\"logo\":{\"@type\":\"ImageObject\",\"inLanguage\":\"fr-FR\",\"@id\":\"https:\\\/\\\/ceric.ca\\\/#\\\/schema\\\/logo\\\/image\\\/\",\"url\":\"\",\"contentUrl\":\"\",\"caption\":\"CERIC\"},\"image\":{\"@id\":\"https:\\\/\\\/ceric.ca\\\/#\\\/schema\\\/logo\\\/image\\\/\"}},{\"@type\":\"Person\",\"@id\":\"https:\\\/\\\/ceric.ca\\\/#\\\/schema\\\/person\\\/444d77ede5f23ae98c74e54ab17e2da2\",\"name\":\"Norman Valdez\",\"image\":{\"@type\":\"ImageObject\",\"inLanguage\":\"fr-FR\",\"@id\":\"https:\\\/\\\/secure.gravatar.com\\\/avatar\\\/01def366a03d176e612e177e52d2c8b99d80f13e922b93d5fb9696239fb7fbd4?s=96&d=blank&r=g\",\"url\":\"https:\\\/\\\/secure.gravatar.com\\\/avatar\\\/01def366a03d176e612e177e52d2c8b99d80f13e922b93d5fb9696239fb7fbd4?s=96&d=blank&r=g\",\"contentUrl\":\"https:\\\/\\\/secure.gravatar.com\\\/avatar\\\/01def366a03d176e612e177e52d2c8b99d80f13e922b93d5fb9696239fb7fbd4?s=96&d=blank&r=g\",\"caption\":\"Norman Valdez\"},\"sameAs\":[\"https:\\\/\\\/x.com\\\/rachel@ceric.ca\"],\"url\":\"https:\\\/\\\/ceric.ca\\\/fr\\\/author\\\/norman\\\/\"}]}<\/script>\n<!-- \/ Yoast SEO Premium plugin. -->","yoast_head_json":{"title":"O\u00f9 sont les ordres professionnels? - CERIC","robots":{"index":"index","follow":"follow","max-snippet":"max-snippet:-1","max-image-preview":"max-image-preview:large","max-video-preview":"max-video-preview:-1"},"canonical":"https:\/\/ceric.ca\/fr\/2013\/06\/ou-sont-les-ordres-professionnels\/","og_locale":"fr_FR","og_type":"article","og_title":"O\u00f9 sont les ordres professionnels?","og_description":"par Marie-Jos\u00e9e P\u00e9riard Aujourd\u2019hui, tous les \u00e9l\u00e8ves du secondaire en Ontario b\u00e9n\u00e9ficient de diverses occasions pour r\u00e9fl\u00e9chir et d\u00e9couvrir la multitude de choix professionnels qui leurs [\u2026]","og_url":"https:\/\/ceric.ca\/fr\/2013\/06\/ou-sont-les-ordres-professionnels\/","og_site_name":"CERIC","article_published_time":"2013-06-25T14:36:59+00:00","article_modified_time":"2018-06-25T14:23:01+00:00","og_image":[{"url":"http:\/\/orientaction.ca\/wp-content\/uploads\/2013\/06\/ordresprofessionnels.png","type":"","width":"","height":""}],"author":"Norman Valdez","twitter_card":"summary_large_image","twitter_creator":"@rachel@ceric.ca","twitter_misc":{"\u00c9crit par":"Norman Valdez","Dur\u00e9e de lecture estim\u00e9e":"4 minutes"},"schema":{"@context":"https:\/\/schema.org","@graph":[{"@type":"Article","@id":"https:\/\/ceric.ca\/fr\/2013\/06\/ou-sont-les-ordres-professionnels\/#article","isPartOf":{"@id":"https:\/\/ceric.ca\/fr\/2013\/06\/ou-sont-les-ordres-professionnels\/"},"author":{"name":"Norman Valdez","@id":"https:\/\/ceric.ca\/#\/schema\/person\/444d77ede5f23ae98c74e54ab17e2da2"},"headline":"O\u00f9 sont les ordres professionnels?","datePublished":"2013-06-25T14:36:59+00:00","dateModified":"2018-06-25T14:23:01+00:00","mainEntityOfPage":{"@id":"https:\/\/ceric.ca\/fr\/2013\/06\/ou-sont-les-ordres-professionnels\/"},"wordCount":712,"publisher":{"@id":"https:\/\/ceric.ca\/#organization"},"image":{"@id":"https:\/\/ceric.ca\/fr\/2013\/06\/ou-sont-les-ordres-professionnels\/#primaryimage"},"thumbnailUrl":"http:\/\/orientaction.ca\/wp-content\/uploads\/2013\/06\/ordresprofessionnels.png","articleSection":["Careering","\u00c9t\u00e9 2013","S13 \u2013 FR \u2013 Article de fond"],"inLanguage":"fr-FR"},{"@type":"WebPage","@id":"https:\/\/ceric.ca\/fr\/2013\/06\/ou-sont-les-ordres-professionnels\/","url":"https:\/\/ceric.ca\/fr\/2013\/06\/ou-sont-les-ordres-professionnels\/","name":"O\u00f9 sont les ordres professionnels? - CERIC","isPartOf":{"@id":"https:\/\/ceric.ca\/#website"},"primaryImageOfPage":{"@id":"https:\/\/ceric.ca\/fr\/2013\/06\/ou-sont-les-ordres-professionnels\/#primaryimage"},"image":{"@id":"https:\/\/ceric.ca\/fr\/2013\/06\/ou-sont-les-ordres-professionnels\/#primaryimage"},"thumbnailUrl":"http:\/\/orientaction.ca\/wp-content\/uploads\/2013\/06\/ordresprofessionnels.png","datePublished":"2013-06-25T14:36:59+00:00","dateModified":"2018-06-25T14:23:01+00:00","breadcrumb":{"@id":"https:\/\/ceric.ca\/fr\/2013\/06\/ou-sont-les-ordres-professionnels\/#breadcrumb"},"inLanguage":"fr-FR","potentialAction":[{"@type":"ReadAction","target":["https:\/\/ceric.ca\/fr\/2013\/06\/ou-sont-les-ordres-professionnels\/"]}]},{"@type":"ImageObject","inLanguage":"fr-FR","@id":"https:\/\/ceric.ca\/fr\/2013\/06\/ou-sont-les-ordres-professionnels\/#primaryimage","url":"http:\/\/orientaction.ca\/wp-content\/uploads\/2013\/06\/ordresprofessionnels.png","contentUrl":"http:\/\/orientaction.ca\/wp-content\/uploads\/2013\/06\/ordresprofessionnels.png"},{"@type":"BreadcrumbList","@id":"https:\/\/ceric.ca\/fr\/2013\/06\/ou-sont-les-ordres-professionnels\/#breadcrumb","itemListElement":[{"@type":"ListItem","position":1,"name":"Home","item":"https:\/\/ceric.ca\/fr\/ceric-homepage-2025\/"},{"@type":"ListItem","position":2,"name":"O\u00f9 sont les ordres professionnels?"}]},{"@type":"WebSite","@id":"https:\/\/ceric.ca\/#website","url":"https:\/\/ceric.ca\/","name":"CERIC","description":"","publisher":{"@id":"https:\/\/ceric.ca\/#organization"},"potentialAction":[{"@type":"SearchAction","target":{"@type":"EntryPoint","urlTemplate":"https:\/\/ceric.ca\/?s={search_term_string}"},"query-input":{"@type":"PropertyValueSpecification","valueRequired":true,"valueName":"search_term_string"}}],"inLanguage":"fr-FR"},{"@type":"Organization","@id":"https:\/\/ceric.ca\/#organization","name":"CERIC","url":"https:\/\/ceric.ca\/","logo":{"@type":"ImageObject","inLanguage":"fr-FR","@id":"https:\/\/ceric.ca\/#\/schema\/logo\/image\/","url":"","contentUrl":"","caption":"CERIC"},"image":{"@id":"https:\/\/ceric.ca\/#\/schema\/logo\/image\/"}},{"@type":"Person","@id":"https:\/\/ceric.ca\/#\/schema\/person\/444d77ede5f23ae98c74e54ab17e2da2","name":"Norman Valdez","image":{"@type":"ImageObject","inLanguage":"fr-FR","@id":"https:\/\/secure.gravatar.com\/avatar\/01def366a03d176e612e177e52d2c8b99d80f13e922b93d5fb9696239fb7fbd4?s=96&d=blank&r=g","url":"https:\/\/secure.gravatar.com\/avatar\/01def366a03d176e612e177e52d2c8b99d80f13e922b93d5fb9696239fb7fbd4?s=96&d=blank&r=g","contentUrl":"https:\/\/secure.gravatar.com\/avatar\/01def366a03d176e612e177e52d2c8b99d80f13e922b93d5fb9696239fb7fbd4?s=96&d=blank&r=g","caption":"Norman Valdez"},"sameAs":["https:\/\/x.com\/rachel@ceric.ca"],"url":"https:\/\/ceric.ca\/fr\/author\/norman\/"}]}},"_links":{"self":[{"href":"https:\/\/ceric.ca\/fr\/wp-json\/wp\/v2\/posts\/25943","targetHints":{"allow":["GET"]}}],"collection":[{"href":"https:\/\/ceric.ca\/fr\/wp-json\/wp\/v2\/posts"}],"about":[{"href":"https:\/\/ceric.ca\/fr\/wp-json\/wp\/v2\/types\/post"}],"author":[{"embeddable":true,"href":"https:\/\/ceric.ca\/fr\/wp-json\/wp\/v2\/users\/1"}],"replies":[{"embeddable":true,"href":"https:\/\/ceric.ca\/fr\/wp-json\/wp\/v2\/comments?post=25943"}],"version-history":[{"count":0,"href":"https:\/\/ceric.ca\/fr\/wp-json\/wp\/v2\/posts\/25943\/revisions"}],"wp:attachment":[{"href":"https:\/\/ceric.ca\/fr\/wp-json\/wp\/v2\/media?parent=25943"}],"wp:term":[{"taxonomy":"category","embeddable":true,"href":"https:\/\/ceric.ca\/fr\/wp-json\/wp\/v2\/categories?post=25943"},{"taxonomy":"post_tag","embeddable":true,"href":"https:\/\/ceric.ca\/fr\/wp-json\/wp\/v2\/tags?post=25943"}],"curies":[{"name":"wp","href":"https:\/\/api.w.org\/{rel}","templated":true}]}}