{"id":28463,"date":"2012-11-06T09:44:54","date_gmt":"2012-11-06T14:44:54","guid":{"rendered":"http:\/\/ceric.ca\/?p=28463"},"modified":"2018-06-26T16:38:09","modified_gmt":"2018-06-26T20:38:09","slug":"hausse-des-emplois-verts-au-canada","status":"publish","type":"post","link":"https:\/\/ceric.ca\/fr\/2012\/11\/hausse-des-emplois-verts-au-canada\/","title":{"rendered":"Hausse des emplois verts au Canada"},"content":{"rendered":"<p>Avec l\u2019appui de l\u2019Institut canadien d&rsquo;\u00e9ducation et de recherche en orientation (CERIC), Green Skills Network a publi\u00e9 un rapport de recherche sur le march\u00e9 du travail intitul\u00e9 <em>Emerging Green Jobs in Canada<\/em>, qui offre aux conseillers en emploi un aper\u00e7u du march\u00e9 du travail en transformation et des possibilit\u00e9s d\u2019emploi pour les d\u00e9butants.<!--more--><\/p>\n<p>Le rapport comprend une \u00e9tude en deux parties sur l\u2019\u00e9conomie environnementale et porte plus particuli\u00e8rement sur les secteurs de l\u2019\u00e9nergie renouvelable et des \u00e9conomies d\u2019\u00e9nergie; il d\u00e9crit notamment ce qu&rsquo;est l&rsquo;\u00e9conomie environnementale et quelles sont les r\u00e9percussions de l&rsquo;\u00e9volution vers ce type d&rsquo;\u00e9conomie sur le march\u00e9 du travail. Il traite \u00e9galement des possibilit\u00e9s d&#8217;emploi au sein d&rsquo;une \u00e9conomie environnementale et des emplois offerts dans le domaine de la production d&rsquo;\u00e9nergie renouvelable et dans le secteur des \u00e9conomies d&rsquo;\u00e9nergie.<\/p>\n<p>En outre, le rapport comporte divers outils que les conseillers en emploi et les prospecteurs d\u2019emplois peuvent utiliser pour renseigner leurs clients sur les perspectives d\u2019emploi et de formation au sein d\u2019une \u00e9conomie environnementale:<\/p>\n<ul>\n<li>Des analyses de t\u00e2ches relatives \u00e0 six emplois verts courants, qui comprennent une description d&#8217;emploi et qui \u00e9num\u00e8rent les responsabilit\u00e9s inh\u00e9rentes \u00e0 chaque poste ainsi que les comp\u00e9tences, l&rsquo;exp\u00e9rience et les exigences requises.<\/li>\n<li>Une liste des programmes de formation offerts par des formateurs priv\u00e9s ainsi que des coll\u00e8ges publics et priv\u00e9s, relatifs \u00e0 des emplois dans les secteurs de l\u2019\u00e9nergie renouvelable et des \u00e9conomies d\u2019\u00e9nergie. Cette liste donne des d\u00e9tails sur les cours offerts dans chaque \u00e9tablissement, notamment la dur\u00e9e, les frais d&rsquo;inscription, les exigences et les coordonn\u00e9es de l&rsquo;\u00e9tablissement.<\/li>\n<li>Une liste des employeurs qui offrent des services dans les secteurs de l\u2019\u00e9nergie renouvelable et des \u00e9conomies d\u2019\u00e9nergie. Les coordonn\u00e9es de chaque employeur sont incluses.<\/li>\n<li>Une carte interactive en ligne des projets d\u2019\u00e9nergie renouvelable et d\u2019\u00e9conomies d\u2019\u00e9nergie au\u00a0 Canada. Ces donn\u00e9es permettent aux clients de communiquer plus facilement avec les employeurs et de s&rsquo;informer sur les projets qui les int\u00e9ressent.<\/li>\n<li>Des \u00e9tudes de cas portant sur cinq programmes de formation fructueux dans le domaine des emplois verts, chacun pr\u00e9sentant un mod\u00e8le de formation et de gestion diff\u00e9rent adapt\u00e9 aux besoins des entreprises et des partenaires vis\u00e9s. Ces \u00e9tudes de cas illustrent la vari\u00e9t\u00e9 de mod\u00e8les qui peuvent \u00eatre d\u00e9velopp\u00e9s et mis en \u0153uvre dans diverses communaut\u00e9s.<\/li>\n<\/ul>\n<p>Vous pouvez consulter le rapport int\u00e9gral (en anglais) en cliquant sur l&rsquo;onglet \u00ab Projets \u00bb du site <a href=\"http:\/\/www.ceric.ca\">ceric.ca<\/a>.<\/p>\n<hr \/>\n<p><em>Green Skills Network est une division de First Work qui vise \u00e0 r\u00e9duire les \u00e9carts enregistr\u00e9s sur le march\u00e9 du travail en faisant conna\u00eetre aux travailleurs d\u00e9butants ou de premier \u00e9chelon les possibilit\u00e9s d&#8217;emplois verts. Pour obtenir de plus amples renseignements, veuillez communiquer avec Justine Katz \u00e0 l&rsquo;adresse <a href=\"mailto:jkatz@firstwork.org\">jkatz@firstwork.org<\/a>.<\/em><\/p>\n","protected":false},"excerpt":{"rendered":"<p>Avec l\u2019appui de l\u2019Institut canadien d&rsquo;\u00e9ducation et de recherche en orientation (CERIC), Green Skills Network a publi\u00e9 un rapport de recherche sur le march\u00e9 du travail<span class=\"excerpt-hellip\"> [\u2026]<\/span><\/p>\n","protected":false},"author":1,"featured_media":0,"comment_status":"open","ping_status":"open","sticky":false,"template":"","format":"standard","meta":{"h5ap_radio_sources":[],"footnotes":""},"categories":[545,728,542],"tags":[],"class_list":["post-28463","post","type-post","status-publish","format-standard","hentry","category-automne-2012","category-f12-fr-article-de-fond","category-le-bulletin"],"yoast_head":"<!-- This site is optimized with the Yoast SEO Premium plugin v27.4 (Yoast SEO v27.4) - https:\/\/yoast.com\/product\/yoast-seo-premium-wordpress\/ -->\n<title>Hausse des emplois verts au Canada - CERIC<\/title>\n<meta name=\"robots\" content=\"index, follow, max-snippet:-1, max-image-preview:large, max-video-preview:-1\" \/>\n<link rel=\"canonical\" href=\"https:\/\/ceric.ca\/fr\/2012\/11\/hausse-des-emplois-verts-au-canada\/\" \/>\n<meta property=\"og:locale\" content=\"fr_FR\" \/>\n<meta property=\"og:type\" content=\"article\" \/>\n<meta property=\"og:title\" content=\"Hausse des emplois verts au Canada\" \/>\n<meta property=\"og:description\" content=\"Avec l\u2019appui de l\u2019Institut canadien d&rsquo;\u00e9ducation et de recherche en orientation (CERIC), Green Skills Network a publi\u00e9 un rapport de recherche sur le march\u00e9 du travail [\u2026]\" \/>\n<meta property=\"og:url\" content=\"https:\/\/ceric.ca\/fr\/2012\/11\/hausse-des-emplois-verts-au-canada\/\" \/>\n<meta property=\"og:site_name\" content=\"CERIC\" \/>\n<meta property=\"article:published_time\" content=\"2012-11-06T14:44:54+00:00\" \/>\n<meta property=\"article:modified_time\" content=\"2018-06-26T20:38:09+00:00\" \/>\n<meta name=\"author\" content=\"Norman Valdez\" \/>\n<meta name=\"twitter:card\" content=\"summary_large_image\" \/>\n<meta name=\"twitter:creator\" content=\"@rachel@ceric.ca\" \/>\n<meta name=\"twitter:label1\" content=\"\u00c9crit par\" \/>\n\t<meta name=\"twitter:data1\" content=\"Norman Valdez\" \/>\n\t<meta name=\"twitter:label2\" content=\"Dur\u00e9e de lecture estim\u00e9e\" \/>\n\t<meta name=\"twitter:data2\" content=\"2 minutes\" \/>\n<script type=\"application\/ld+json\" class=\"yoast-schema-graph\">{\"@context\":\"https:\\\/\\\/schema.org\",\"@graph\":[{\"@type\":\"Article\",\"@id\":\"https:\\\/\\\/ceric.ca\\\/fr\\\/2012\\\/11\\\/hausse-des-emplois-verts-au-canada\\\/#article\",\"isPartOf\":{\"@id\":\"https:\\\/\\\/ceric.ca\\\/fr\\\/2012\\\/11\\\/hausse-des-emplois-verts-au-canada\\\/\"},\"author\":{\"name\":\"Norman Valdez\",\"@id\":\"https:\\\/\\\/ceric.ca\\\/#\\\/schema\\\/person\\\/444d77ede5f23ae98c74e54ab17e2da2\"},\"headline\":\"Hausse des emplois verts au Canada\",\"datePublished\":\"2012-11-06T14:44:54+00:00\",\"dateModified\":\"2018-06-26T20:38:09+00:00\",\"mainEntityOfPage\":{\"@id\":\"https:\\\/\\\/ceric.ca\\\/fr\\\/2012\\\/11\\\/hausse-des-emplois-verts-au-canada\\\/\"},\"wordCount\":510,\"commentCount\":0,\"publisher\":{\"@id\":\"https:\\\/\\\/ceric.ca\\\/#organization\"},\"articleSection\":[\"Automne 2012\",\"F12 \u2013 FR \u2013 Article de fond\",\"Le Bulletin\"],\"inLanguage\":\"fr-FR\",\"potentialAction\":[{\"@type\":\"CommentAction\",\"name\":\"Comment\",\"target\":[\"https:\\\/\\\/ceric.ca\\\/fr\\\/2012\\\/11\\\/hausse-des-emplois-verts-au-canada\\\/#respond\"]}]},{\"@type\":\"WebPage\",\"@id\":\"https:\\\/\\\/ceric.ca\\\/fr\\\/2012\\\/11\\\/hausse-des-emplois-verts-au-canada\\\/\",\"url\":\"https:\\\/\\\/ceric.ca\\\/fr\\\/2012\\\/11\\\/hausse-des-emplois-verts-au-canada\\\/\",\"name\":\"Hausse des emplois verts au Canada - CERIC\",\"isPartOf\":{\"@id\":\"https:\\\/\\\/ceric.ca\\\/#website\"},\"datePublished\":\"2012-11-06T14:44:54+00:00\",\"dateModified\":\"2018-06-26T20:38:09+00:00\",\"breadcrumb\":{\"@id\":\"https:\\\/\\\/ceric.ca\\\/fr\\\/2012\\\/11\\\/hausse-des-emplois-verts-au-canada\\\/#breadcrumb\"},\"inLanguage\":\"fr-FR\",\"potentialAction\":[{\"@type\":\"ReadAction\",\"target\":[\"https:\\\/\\\/ceric.ca\\\/fr\\\/2012\\\/11\\\/hausse-des-emplois-verts-au-canada\\\/\"]}]},{\"@type\":\"BreadcrumbList\",\"@id\":\"https:\\\/\\\/ceric.ca\\\/fr\\\/2012\\\/11\\\/hausse-des-emplois-verts-au-canada\\\/#breadcrumb\",\"itemListElement\":[{\"@type\":\"ListItem\",\"position\":1,\"name\":\"Home\",\"item\":\"https:\\\/\\\/ceric.ca\\\/fr\\\/ceric-homepage-2025\\\/\"},{\"@type\":\"ListItem\",\"position\":2,\"name\":\"Hausse des emplois verts au Canada\"}]},{\"@type\":\"WebSite\",\"@id\":\"https:\\\/\\\/ceric.ca\\\/#website\",\"url\":\"https:\\\/\\\/ceric.ca\\\/\",\"name\":\"CERIC\",\"description\":\"\",\"publisher\":{\"@id\":\"https:\\\/\\\/ceric.ca\\\/#organization\"},\"potentialAction\":[{\"@type\":\"SearchAction\",\"target\":{\"@type\":\"EntryPoint\",\"urlTemplate\":\"https:\\\/\\\/ceric.ca\\\/?s={search_term_string}\"},\"query-input\":{\"@type\":\"PropertyValueSpecification\",\"valueRequired\":true,\"valueName\":\"search_term_string\"}}],\"inLanguage\":\"fr-FR\"},{\"@type\":\"Organization\",\"@id\":\"https:\\\/\\\/ceric.ca\\\/#organization\",\"name\":\"CERIC\",\"url\":\"https:\\\/\\\/ceric.ca\\\/\",\"logo\":{\"@type\":\"ImageObject\",\"inLanguage\":\"fr-FR\",\"@id\":\"https:\\\/\\\/ceric.ca\\\/#\\\/schema\\\/logo\\\/image\\\/\",\"url\":\"\",\"contentUrl\":\"\",\"caption\":\"CERIC\"},\"image\":{\"@id\":\"https:\\\/\\\/ceric.ca\\\/#\\\/schema\\\/logo\\\/image\\\/\"}},{\"@type\":\"Person\",\"@id\":\"https:\\\/\\\/ceric.ca\\\/#\\\/schema\\\/person\\\/444d77ede5f23ae98c74e54ab17e2da2\",\"name\":\"Norman Valdez\",\"image\":{\"@type\":\"ImageObject\",\"inLanguage\":\"fr-FR\",\"@id\":\"https:\\\/\\\/secure.gravatar.com\\\/avatar\\\/01def366a03d176e612e177e52d2c8b99d80f13e922b93d5fb9696239fb7fbd4?s=96&d=blank&r=g\",\"url\":\"https:\\\/\\\/secure.gravatar.com\\\/avatar\\\/01def366a03d176e612e177e52d2c8b99d80f13e922b93d5fb9696239fb7fbd4?s=96&d=blank&r=g\",\"contentUrl\":\"https:\\\/\\\/secure.gravatar.com\\\/avatar\\\/01def366a03d176e612e177e52d2c8b99d80f13e922b93d5fb9696239fb7fbd4?s=96&d=blank&r=g\",\"caption\":\"Norman Valdez\"},\"sameAs\":[\"https:\\\/\\\/x.com\\\/rachel@ceric.ca\"],\"url\":\"https:\\\/\\\/ceric.ca\\\/fr\\\/author\\\/norman\\\/\"}]}<\/script>\n<!-- \/ Yoast SEO Premium plugin. -->","yoast_head_json":{"title":"Hausse des emplois verts au Canada - CERIC","robots":{"index":"index","follow":"follow","max-snippet":"max-snippet:-1","max-image-preview":"max-image-preview:large","max-video-preview":"max-video-preview:-1"},"canonical":"https:\/\/ceric.ca\/fr\/2012\/11\/hausse-des-emplois-verts-au-canada\/","og_locale":"fr_FR","og_type":"article","og_title":"Hausse des emplois verts au Canada","og_description":"Avec l\u2019appui de l\u2019Institut canadien d&rsquo;\u00e9ducation et de recherche en orientation (CERIC), Green Skills Network a publi\u00e9 un rapport de recherche sur le march\u00e9 du travail [\u2026]","og_url":"https:\/\/ceric.ca\/fr\/2012\/11\/hausse-des-emplois-verts-au-canada\/","og_site_name":"CERIC","article_published_time":"2012-11-06T14:44:54+00:00","article_modified_time":"2018-06-26T20:38:09+00:00","author":"Norman Valdez","twitter_card":"summary_large_image","twitter_creator":"@rachel@ceric.ca","twitter_misc":{"\u00c9crit par":"Norman Valdez","Dur\u00e9e de lecture estim\u00e9e":"2 minutes"},"schema":{"@context":"https:\/\/schema.org","@graph":[{"@type":"Article","@id":"https:\/\/ceric.ca\/fr\/2012\/11\/hausse-des-emplois-verts-au-canada\/#article","isPartOf":{"@id":"https:\/\/ceric.ca\/fr\/2012\/11\/hausse-des-emplois-verts-au-canada\/"},"author":{"name":"Norman Valdez","@id":"https:\/\/ceric.ca\/#\/schema\/person\/444d77ede5f23ae98c74e54ab17e2da2"},"headline":"Hausse des emplois verts au Canada","datePublished":"2012-11-06T14:44:54+00:00","dateModified":"2018-06-26T20:38:09+00:00","mainEntityOfPage":{"@id":"https:\/\/ceric.ca\/fr\/2012\/11\/hausse-des-emplois-verts-au-canada\/"},"wordCount":510,"commentCount":0,"publisher":{"@id":"https:\/\/ceric.ca\/#organization"},"articleSection":["Automne 2012","F12 \u2013 FR \u2013 Article de fond","Le Bulletin"],"inLanguage":"fr-FR","potentialAction":[{"@type":"CommentAction","name":"Comment","target":["https:\/\/ceric.ca\/fr\/2012\/11\/hausse-des-emplois-verts-au-canada\/#respond"]}]},{"@type":"WebPage","@id":"https:\/\/ceric.ca\/fr\/2012\/11\/hausse-des-emplois-verts-au-canada\/","url":"https:\/\/ceric.ca\/fr\/2012\/11\/hausse-des-emplois-verts-au-canada\/","name":"Hausse des emplois verts au Canada - CERIC","isPartOf":{"@id":"https:\/\/ceric.ca\/#website"},"datePublished":"2012-11-06T14:44:54+00:00","dateModified":"2018-06-26T20:38:09+00:00","breadcrumb":{"@id":"https:\/\/ceric.ca\/fr\/2012\/11\/hausse-des-emplois-verts-au-canada\/#breadcrumb"},"inLanguage":"fr-FR","potentialAction":[{"@type":"ReadAction","target":["https:\/\/ceric.ca\/fr\/2012\/11\/hausse-des-emplois-verts-au-canada\/"]}]},{"@type":"BreadcrumbList","@id":"https:\/\/ceric.ca\/fr\/2012\/11\/hausse-des-emplois-verts-au-canada\/#breadcrumb","itemListElement":[{"@type":"ListItem","position":1,"name":"Home","item":"https:\/\/ceric.ca\/fr\/ceric-homepage-2025\/"},{"@type":"ListItem","position":2,"name":"Hausse des emplois verts au Canada"}]},{"@type":"WebSite","@id":"https:\/\/ceric.ca\/#website","url":"https:\/\/ceric.ca\/","name":"CERIC","description":"","publisher":{"@id":"https:\/\/ceric.ca\/#organization"},"potentialAction":[{"@type":"SearchAction","target":{"@type":"EntryPoint","urlTemplate":"https:\/\/ceric.ca\/?s={search_term_string}"},"query-input":{"@type":"PropertyValueSpecification","valueRequired":true,"valueName":"search_term_string"}}],"inLanguage":"fr-FR"},{"@type":"Organization","@id":"https:\/\/ceric.ca\/#organization","name":"CERIC","url":"https:\/\/ceric.ca\/","logo":{"@type":"ImageObject","inLanguage":"fr-FR","@id":"https:\/\/ceric.ca\/#\/schema\/logo\/image\/","url":"","contentUrl":"","caption":"CERIC"},"image":{"@id":"https:\/\/ceric.ca\/#\/schema\/logo\/image\/"}},{"@type":"Person","@id":"https:\/\/ceric.ca\/#\/schema\/person\/444d77ede5f23ae98c74e54ab17e2da2","name":"Norman Valdez","image":{"@type":"ImageObject","inLanguage":"fr-FR","@id":"https:\/\/secure.gravatar.com\/avatar\/01def366a03d176e612e177e52d2c8b99d80f13e922b93d5fb9696239fb7fbd4?s=96&d=blank&r=g","url":"https:\/\/secure.gravatar.com\/avatar\/01def366a03d176e612e177e52d2c8b99d80f13e922b93d5fb9696239fb7fbd4?s=96&d=blank&r=g","contentUrl":"https:\/\/secure.gravatar.com\/avatar\/01def366a03d176e612e177e52d2c8b99d80f13e922b93d5fb9696239fb7fbd4?s=96&d=blank&r=g","caption":"Norman Valdez"},"sameAs":["https:\/\/x.com\/rachel@ceric.ca"],"url":"https:\/\/ceric.ca\/fr\/author\/norman\/"}]}},"_links":{"self":[{"href":"https:\/\/ceric.ca\/fr\/wp-json\/wp\/v2\/posts\/28463","targetHints":{"allow":["GET"]}}],"collection":[{"href":"https:\/\/ceric.ca\/fr\/wp-json\/wp\/v2\/posts"}],"about":[{"href":"https:\/\/ceric.ca\/fr\/wp-json\/wp\/v2\/types\/post"}],"author":[{"embeddable":true,"href":"https:\/\/ceric.ca\/fr\/wp-json\/wp\/v2\/users\/1"}],"replies":[{"embeddable":true,"href":"https:\/\/ceric.ca\/fr\/wp-json\/wp\/v2\/comments?post=28463"}],"version-history":[{"count":0,"href":"https:\/\/ceric.ca\/fr\/wp-json\/wp\/v2\/posts\/28463\/revisions"}],"wp:attachment":[{"href":"https:\/\/ceric.ca\/fr\/wp-json\/wp\/v2\/media?parent=28463"}],"wp:term":[{"taxonomy":"category","embeddable":true,"href":"https:\/\/ceric.ca\/fr\/wp-json\/wp\/v2\/categories?post=28463"},{"taxonomy":"post_tag","embeddable":true,"href":"https:\/\/ceric.ca\/fr\/wp-json\/wp\/v2\/tags?post=28463"}],"curies":[{"name":"wp","href":"https:\/\/api.w.org\/{rel}","templated":true}]}}