{"id":28563,"date":"2012-11-05T15:25:43","date_gmt":"2012-11-05T20:25:43","guid":{"rendered":"http:\/\/ceric.ca\/?p=28563"},"modified":"2018-06-07T15:28:33","modified_gmt":"2018-06-07T19:28:33","slug":"pour-une-reclassification-interpretative-des-interets","status":"publish","type":"post","link":"https:\/\/ceric.ca\/fr\/2012\/11\/pour-une-reclassification-interpretative-des-interets\/","title":{"rendered":"Pour une reclassification interpr\u00e9tative des int\u00e9r\u00eats"},"content":{"rendered":"<p><em>par \u00c9ric Damato, c.o.<\/em><\/p>\n<p>Holland a certainement contribu\u00e9 de mani\u00e8re d\u00e9terminante au monde de l\u2019orientation en proposant maintes recherches portant sur les int\u00e9r\u00eats professionnels. Sa typologie connue sous la terminologie RIASEC est utilis\u00e9e dans plusieurs pays et le nombre de publications, tests, etc. ne cesse de cro\u00eetre. Si les outils associ\u00e9s \u00e0 la typologie contribuent toujours aux r\u00e9flexions carri\u00e9rologiques lorsqu\u2019une personne s\u2019interroge quant \u00e0 son avenir, l\u2019interpr\u00e9tation du RIASEC toutefois s\u2019effectue de mani\u00e8res diff\u00e9rentes selon le professionnel consult\u00e9. Notons entre autres que certaines personnes se contentent de r\u00e9unir les \u00e9chelles les plus \u00e9lev\u00e9es, g\u00e9n\u00e9ralement au nombre de trois, et interpr\u00e8tent la personnalit\u00e9 en combinant simplement ces \u00e9chelles. Comme si les int\u00e9r\u00eats tir\u00e9s de la personnalit\u00e9 repr\u00e9sentent une somme quelconque de caract\u00e9ristiques o\u00f9 le choix professionnel envisag\u00e9 en sera parfois fortement teint\u00e9. \u00c0 mon sens, et c\u2019est le but de cette pr\u00e9sentation, nous aurions avantage \u00e0 reconsid\u00e9rer la mani\u00e8re d\u2019interpr\u00e9ter le RIASEC. Dans cette optique, j\u2019aimerais proposer une reclassification interpr\u00e9tative des int\u00e9r\u00eats dans une perspective hypoth\u00e9tique, c\u2019est-\u00e0-dire o\u00f9 le RIASEC est utilis\u00e9 dans un questionnement associ\u00e9 avec trois grandes dimensions que sont les <em>t\u00e2ches de travail<\/em>, le <em>milieu de travail<\/em> et la <em>m\u00e9thode de travail<\/em>.<!--more--><\/p>\n<h4>Dimensions r\u00e9flexives<\/h4>\n<p>Mes observations au cours de ma pratique professionnelle m\u2019ont amen\u00e9 \u00e0 repenser l\u2019interpr\u00e9tation du RIASEC \u00e0 travers les dimensions o\u00f9 l\u2019on tente de d\u00e9terminer quelles \u00e9chelles du RIASEC repr\u00e9sentent le mieux les t\u00e2ches de travail, le milieu de travail et la m\u00e9thode de travail. Il s\u2019agit non seulement de pr\u00e9senter un sommaire interpr\u00e9tatif de chacune des \u00e9chelles RIASEC, mais surtout de tenter, de mani\u00e8re hypoth\u00e9tique, de leur attribuer une fonction rattach\u00e9e \u00e0 l\u2019une des dimensions propos\u00e9es. Je suis d\u2019avis que l\u2019ordre obtenu dans les \u00e9chelles du RIASEC a \u00e9galement son importance. Il est int\u00e9ressant de constater que l\u2019\u00e9chelle la plus \u00e9lev\u00e9e correspond habituellement aux t\u00e2ches de travail, \u00e0 ce qu\u2019une personne a \u00e0 faire dans sa journ\u00e9e. La seconde \u00e9chelle concerne plut\u00f4t l\u2019environnement de travail, l\u2019ambiance, la dynamique qui r\u00e8gne dans l\u2019entreprise, etc. Le r\u00f4le de la troisi\u00e8me \u00e9chelle sert \u00e0 identifier le style pr\u00e9conis\u00e9 par la personne qui ex\u00e9cute ses t\u00e2ches en fonction de sa personnalit\u00e9.<\/p>\n<h4>T\u00e2ches de travail<\/h4>\n<p>Les t\u00e2ches repr\u00e9sentent la description de vos activit\u00e9s de travail. Cette description est souvent identifi\u00e9e par des verbes d\u2019action. Par exemple, en tant que m\u00e9canicien automobile, vous devez identifier et r\u00e9parer le probl\u00e8me du v\u00e9hicule, utiliser divers outils et appareils, installer certaines pi\u00e8ces, etc.<\/p>\n<h4>Milieu de travail<\/h4>\n<p>Le milieu correspond \u00e0 l\u2019environnement de travail. S\u2019agit-il d\u2019un milieu tr\u00e8s conventionnel ou encore tr\u00e8s ax\u00e9 sur l\u2019esprit d\u2019\u00e9quipe ou l\u2019entraide ? Autrement, est-ce un milieu qui permet la cr\u00e9ativit\u00e9 ou qui favorise plut\u00f4t la r\u00e9flexion ou encore qui vise l\u2019action ?<\/p>\n<h4>M\u00e9thode de travail<\/h4>\n<p>La m\u00e9thode est la fa\u00e7on de faire votre travail. Notre personnalit\u00e9 teinte invariablement notre style en tant que travailleur. Quelqu\u2019un d\u2019artistique, par exemple, aura tendance \u00e0 ex\u00e9cuter un travail de mani\u00e8re cr\u00e9ative tandis qu\u2019une autre personne s\u2019ex\u00e9cutera en se montrant fiable, consciencieuse, pr\u00e9cise, etc.<\/p>\n<h4>Hypoth\u00e8ses<\/h4>\n<p>\u00c0 partir du RIASEC de Holland, il est int\u00e9ressant d\u2019\u00e9mettre des hypoth\u00e8ses aux trois dimensions ci-haut (t\u00e2ches de travail, milieu id\u00e9al et m\u00e9thode de travail) afin de porter la r\u00e9flexion \u00e0 un autre niveau. La classification propos\u00e9e \u00e0 l\u2019aide du tableau suivant permet au client de mieux visualiser le portrait de ce dernier et favorise non seulement une meilleure compr\u00e9hension des caract\u00e9ristiques telles que propos\u00e9es par Holland, mais aussi l\u2019aide \u00e0 cibler davantage ses r\u00e9flexions en mati\u00e8re de choix professionnel.<\/p>\n<table border=\"1\" width=\"544\">\n<tbody>\n<tr>\n<td><strong>Dimensions<\/strong><\/td>\n<td><strong>\u00a0\u00a0\u00a0\u00a0 Descriptions<\/strong><\/td>\n<td><strong>\u00c9chelles (RIASEC)<\/strong><\/td>\n<\/tr>\n<tr>\n<td>T\u00e2ches de travail<\/td>\n<td>\u00a0\u00a0\u00a0\u00a0 Activit\u00e9 r\u00e9alis\u00e9e avec int\u00e9r\u00eat<\/td>\n<td>\u00a0\u00a0\u00a0\u00a0\u00a0\u00a0\u00a0\u00a0\u00a0 ?<\/td>\n<\/tr>\n<tr>\n<td>Milieu de travail<\/td>\n<td>\u00a0\u00a0\u00a0\u00a0 Environnement de travail id\u00e9al<\/td>\n<td>\u00a0\u00a0\u00a0\u00a0\u00a0\u00a0\u00a0\u00a0\u00a0 ?<\/td>\n<\/tr>\n<tr>\n<td>M\u00e9thode de travail<\/td>\n<td>\u00a0\u00a0\u00a0\u00a0 Mani\u00e8re propre \u00e0 une personne d\u2019accomplir ses t\u00e2ches (signature)<\/td>\n<td>\u00a0\u00a0\u00a0\u00a0\u00a0\u00a0\u00a0\u00a0\u00a0 ?<\/td>\n<\/tr>\n<\/tbody>\n<\/table>\n<p>\u00c9videmment, le travail de r\u00e9flexion avec le client repose sur la capacit\u00e9 d\u2019effectuer un pairage entre une \u00e9chelle du RIASEC et une dimension sp\u00e9cifique. Par exemple, il s\u2019agira de se questionner quant aux t\u00e2ches de travail valoris\u00e9es, quelle \u00e9chelle repr\u00e9sente le mieux cet aspect et ainsi de suite pour les autres \u00e9chelles et dimensions. Par exemple (voir tableau suivant), est-ce que la personne se voit davantage comme cr\u00e9ative en ce qui a trait aux t\u00e2ches de travail ? Recherche-t-elle un environnement de travail o\u00f9 les balises sont clairement d\u00e9finies ? Par son type de personnalit\u00e9, pr\u00e9f\u00e8re-t-elle une m\u00e9thode de travail qui met en lumi\u00e8re ses habilet\u00e9s sociales ?<\/p>\n<h4>Exemple<\/h4>\n<table border=\"1\">\n<tbody>\n<tr>\n<td><strong>Dimensions<\/strong><\/td>\n<td><strong>\u00a0\u00a0\u00a0 Descriptions<\/strong><\/td>\n<td><strong>\u00c9chelles (RIASEC)<\/strong><\/td>\n<\/tr>\n<tr>\n<td>T\u00e2ches de travail<\/td>\n<td>\u00a0\u00a0\u00a0 Activit\u00e9 r\u00e9alis\u00e9e avec int\u00e9r\u00eat<\/td>\n<td><strong>\u00a0\u00a0\u00a0\u00a0\u00a0\u00a0\u00a0\u00a0\u00a0 A<\/strong><\/td>\n<\/tr>\n<tr>\n<td>Milieu de travail<\/td>\n<td>\u00a0\u00a0\u00a0 Environnement de travail id\u00e9al<\/td>\n<td><strong>\u00a0\u00a0\u00a0\u00a0\u00a0\u00a0\u00a0\u00a0\u00a0 C<\/strong><\/td>\n<\/tr>\n<tr>\n<td valign=\"top\">M\u00e9thode de travail<\/td>\n<td valign=\"top\">\u00a0\u00a0\u00a0 Mani\u00e8re propre \u00e0 une personne d\u2019accomplir ses t\u00e2ches (signature)<\/td>\n<td valign=\"top\"><strong>\u00a0\u00a0\u00a0\u00a0\u00a0\u00a0\u00a0\u00a0\u00a0 S<\/strong><\/td>\n<\/tr>\n<\/tbody>\n<\/table>\n<p>Afin de faciliter la compr\u00e9hension des \u00e9chelles en fonction des dimensions r\u00e9flexives, voici une s\u00e9rie de tablo\u00efdes qui permet un rep\u00e9rage associatif entre elles:<\/p>\n<h4>R\u00e9aliste [R]<\/h4>\n<table border=\"1\">\n<tbody>\n<tr>\n<td><strong>T\u00e2ches de travail<\/strong><\/td>\n<td><strong>\u00a0\u00a0\u00a0\u00a0\u00a0 Milieu de travail<br \/>\n<\/strong><\/td>\n<td><strong>\u00a0\u00a0\u00a0 M\u00e9thode de travail<\/strong><\/td>\n<\/tr>\n<tr>\n<td>\n<ul>\n<li>R\u00e9parer<\/li>\n<li>Construire<\/li>\n<li>Installer, modifier<\/li>\n<li>Manipuler<\/li>\n<li>Assembler<\/li>\n<\/ul>\n<\/td>\n<td>\n<ul>\n<li>Terre \u00e0 terre, en \u00ab 3D \u00bb<\/li>\n<li>Relations franches et directes<\/li>\n<li>Privil\u00e9gie le syst\u00e8me \u00ab D \u00bb<\/li>\n<li>Environnement actif et physique<\/li>\n<\/ul>\n<\/td>\n<td>\n<ul>\n<li>Fait preuve de minutie et de pr\u00e9cision<\/li>\n<li>T\u00e2ches manuelles<\/li>\n<li>Actions concr\u00e8tes<\/li>\n<li>Besoin de voir les r\u00e9sultats du travail accompli<\/li>\n<\/ul>\n<\/td>\n<\/tr>\n<\/tbody>\n<\/table>\n<h4>Investigateur [I]<\/h4>\n<table border=\"1\">\n<tbody>\n<tr>\n<td><strong>T\u00e2ches de travail<\/strong><\/td>\n<td><strong>\u00a0\u00a0\u00a0\u00a0 Milieu de travail<\/strong><\/td>\n<td><strong>\u00a0\u00a0\u00a0\u00a0\u00a0 M\u00e9thode de travail<\/strong><\/td>\n<\/tr>\n<tr>\n<td>\n<ul>\n<li>Analyser<\/li>\n<li>Comparer<\/li>\n<li>\u00c9tudier<\/li>\n<li>Rechercher<\/li>\n<li>Comprendre<\/li>\n<\/ul>\n<\/td>\n<td>\n<ul>\n<li>Abstrait<\/li>\n<li>Scientifique<\/li>\n<li>Souvent solitaire<\/li>\n<\/ul>\n<\/td>\n<td>\n<ul>\n<li>Besoin de comprendre<\/li>\n<li>Jongle avec les concepts<\/li>\n<li>Se montre critique<\/li>\n<li>Bon observateur, curieux<\/li>\n<\/ul>\n<\/td>\n<\/tr>\n<\/tbody>\n<\/table>\n<h4>Artistique [A]<\/h4>\n<table border=\"1\">\n<tbody>\n<tr>\n<td><strong>T\u00e2ches de travail<\/strong><\/td>\n<td><strong>\u00a0\u00a0\u00a0\u00a0\u00a0 Milieu de travail<\/strong><\/td>\n<td><strong>\u00a0\u00a0\u00a0\u00a0\u00a0 M\u00e9thode de travail<\/strong><\/td>\n<\/tr>\n<tr>\n<td>\n<ul>\n<li>Cr\u00e9er<\/li>\n<li>Utilise l\u2019imagination<\/li>\n<li>Expression des \u00e9motions, des id\u00e9es, des visions personnelles<\/li>\n<li>Trouver des solutions originales<\/li>\n<\/ul>\n<\/td>\n<td>\n<ul>\n<li>Cr\u00e9atif<\/li>\n<li>Mandat \u00ab carte blanche \u00bb<\/li>\n<li>Innovateur, port\u00e9 vers le changement<\/li>\n<\/ul>\n<\/td>\n<td>\n<ul>\n<li>Esprit ind\u00e9pendant<\/li>\n<li>Appr\u00e9cie l\u2019innovation<\/li>\n<li>Apporte une touche personnelle et cr\u00e9ative<\/li>\n<\/ul>\n<\/td>\n<\/tr>\n<\/tbody>\n<\/table>\n<h4>Social [S]<\/h4>\n<table border=\"1\">\n<tbody>\n<tr>\n<td><strong>T\u00e2ches de travail<\/strong><\/td>\n<td><strong>\u00a0\u00a0\u00a0\u00a0\u00a0 Milieu de travail<\/strong><\/td>\n<td><strong>\u00a0\u00a0\u00a0\u00a0\u00a0 M\u00e9thode de travail<\/strong><\/td>\n<\/tr>\n<tr>\n<td>\n<ul>\n<li>Venir en aide aux gens<\/li>\n<li>\u00c9duquer, informer<\/li>\n<li>Communiquer<\/li>\n<li>Soigner, assister<\/li>\n<\/ul>\n<\/td>\n<td>\n<ul>\n<li>Humain, chaleureux<\/li>\n<li>Environnement respectueux<\/li>\n<li>L\u00e0 o\u00f9 r\u00e8gne la coop\u00e9ration<\/li>\n<li>Travail d\u2019\u00e9quipe omnipr\u00e9sent<\/li>\n<\/ul>\n<\/td>\n<td>\n<ul>\n<li>Compr\u00e9hensif<\/li>\n<li>Ouverture<\/li>\n<li>Inspir\u00e9 par le d\u00e9sir d\u2019aider<\/li>\n<li>Orient\u00e9-client<\/li>\n<\/ul>\n<\/td>\n<\/tr>\n<\/tbody>\n<\/table>\n<h4>Entrepreneur [E]<\/h4>\n<table border=\"1\">\n<tbody>\n<tr>\n<td><strong>T\u00e2ches de travail<\/strong><\/td>\n<td><strong>\u00a0\u00a0\u00a0\u00a0 Milieu de travail<\/strong><\/td>\n<td><strong>\u00a0\u00a0\u00a0 M\u00e9thode de travail<\/strong><\/td>\n<\/tr>\n<tr>\n<td>\n<ul>\n<li>Diriger des gens, des projets<\/li>\n<li>Organiser, orchestrer<\/li>\n<li>Planifier<\/li>\n<li>Convaincre, vendre<\/li>\n<\/ul>\n<\/td>\n<td>\n<ul>\n<li>Actif, stimulant<\/li>\n<li>Dynamique<\/li>\n<li>Comp\u00e9titif<\/li>\n<\/ul>\n<\/td>\n<td>\n<ul>\n<li>Persuader<\/li>\n<li>Stimuler<\/li>\n<li>Motiver<\/li>\n<\/ul>\n<\/td>\n<\/tr>\n<\/tbody>\n<\/table>\n<h4>Conventionnel [C]<\/h4>\n<table border=\"1\">\n<tbody>\n<tr>\n<td><strong>T\u00e2ches de travail<\/strong><\/td>\n<td><strong>\u00a0\u00a0\u00a0\u00a0\u00a0 Milieu de travail<\/strong><\/td>\n<td><strong>\u00a0\u00a0\u00a0\u00a0\u00a0 M\u00e9thode de travail<\/strong><\/td>\n<\/tr>\n<tr>\n<td>\n<ul>\n<li>Calculer<\/li>\n<li>Pr\u00e9voir<\/li>\n<li>Classer<\/li>\n<li>Tenir \u00e0 jour<\/li>\n<\/ul>\n<\/td>\n<td>\n<ul>\n<li>Conformiste<\/li>\n<li>Consignes claires sans ambigu\u00eft\u00e9s<\/li>\n<li>Routinier<\/li>\n<li>Normatif<\/li>\n<\/ul>\n<\/td>\n<td>\n<ul>\n<li>Minutie, pr\u00e9cision et exactitude<\/li>\n<li>Sens de la rigueur<\/li>\n<li>Perfectionniste<\/li>\n<\/ul>\n<\/td>\n<\/tr>\n<\/tbody>\n<\/table>\n<p>Rappelons que l\u2019objectif consiste \u00e0 identifier les \u00e9chelles du RIASEC \u00e0 travers les trois dimensions propos\u00e9es. Ayant tent\u00e9 l\u2019addition de deux \u00e9chelles au sein de la m\u00eame dimension que ce soit en ce qui concerne les t\u00e2ches ou le milieu de travail, mes observations portent \u00e0 croire qu\u2019il serait plus avantageux de s\u2019en tenir qu\u2019\u00e0 une seule \u00e9chelle pour ces deux dimensions. En contrepartie, j\u2019ai not\u00e9 que l\u2019ajout d\u2019une quatri\u00e8me \u00e9chelle devrait se faire uniquement en combinaison avec la troisi\u00e8me dimension, soit la m\u00e9thode de travail. Ainsi, une personne pourrait s\u2019inspirer de sa cr\u00e9ativit\u00e9 (A) et de sa grande sociabilit\u00e9 (S) pour accomplir ses t\u00e2ches de recherche (I) dans un milieu de travail terre \u00e0 terre (R), par exemple.<\/p>\n<h4>Profils diff\u00e9renci\u00e9s<\/h4>\n<p>\u00c9videmment, il est plus facile de travailler \u00e0 partir d\u2019un profil diff\u00e9renci\u00e9, mais cela n\u2019exclut pas pour autant la d\u00e9marche r\u00e9flexive en particulier avec l\u2019apport de tests de personnalit\u00e9, discussions, etc. Le professionnel peut aussi \u00e9mettre des hypoth\u00e8ses selon son propre point de vue et en discuter avec le client. Il peut \u00eatre aussi tr\u00e8s int\u00e9ressant d\u2019identifier un profil contraire d\u2019une personne afin de lui faire prendre conscience qu\u2019elle pourrait \u00eatre malheureuse au plan professionnel avec un profil d\u00e9nu\u00e9 de sens. Par exemple, indiquer un milieu \u00ab C \u00bb alors qu\u2019elle se pla\u00eet dans un milieu \u00ab A \u00bb et ainsi de suite serait particuli\u00e8rement aidant dans la r\u00e9flexion.<\/p>\n<h4>Impact r\u00e9flexif<\/h4>\n<p>La r\u00e9flexion hypoth\u00e9tique est cruciale puisqu\u2019elle comporte, au-del\u00e0 de la simple interpr\u00e9tation classique du RIASEC, l\u2019expression de soi en fonction de ses valeurs notamment. En effet, la pr\u00e9f\u00e9rence pour une t\u00e2che, un milieu de travail id\u00e9al ou pour sa mani\u00e8re d\u2019\u00eatre en contexte professionnel am\u00e8ne \u00e9galement \u00e0 mieux saisir les motivations sous-jacentes \u00e0 la trajectoire envisag\u00e9e, mais offre aussi une mesure appr\u00e9ciative de la solidit\u00e9 d\u2019un tel projet.<\/p>\n<h4>En conclusion<\/h4>\n<p>Un processus de r\u00e9flexion carri\u00e9rologique repose quant \u00e0 moi sur la capacit\u00e9 de r\u00e9fl\u00e9chir sur soi, id\u00e9alement avec un professionnel, tout en r\u00e9pondant \u00e0 plusieurs questions dont celle des int\u00e9r\u00eats. J\u2019aime croire que les int\u00e9r\u00eats constituent le premier crit\u00e8re de r\u00e9flexion et ce, m\u00eame avant celui de la capacit\u00e9 d\u2019une personne \u00e0 ex\u00e9cuter une t\u00e2che. Les int\u00e9r\u00eats repr\u00e9sentent donc la pierre angulaire d\u2019un choix professionnel et s\u2019il est possible de r\u00e9fl\u00e9chir sur les t\u00e2ches de travail stimulantes, le milieu de travail id\u00e9al et la m\u00e9thode de travail privil\u00e9gi\u00e9e, le RIASEC offre certainement beaucoup dans cette perspective. Scinder les informations associ\u00e9es au RIASEC en les regroupant dans ces trois dimensions, au d\u00e9triment de les conjuguer et de les pr\u00e9senter comme un tout, permet aussi une meilleure compr\u00e9hension de soi sans subir une surcharge d\u2019information. Je me permets de souligner qu\u2019il s\u2019agit de mes observations en tant que clinicien et qu\u2019il serait pertinent de pousser cette r\u00e9flexion vers des recherches plus approfondies. Pour ma part, je postule que l\u2019interpr\u00e9tation du RIASEC \u00e0 travers les dimensions mentionn\u00e9es favorise et facilite grandement le travail de r\u00e9flexion vocationnelle.<\/p>\n<hr \/>\n<p><em>Membre de l\u2019Ordre des conseillers et conseill\u00e8res d\u2019orientation et des psycho\u00e9ducateurs et psycho\u00e9ducatrices du Qu\u00e9bec (OCCOPPQ) et d\u00e9tenteur d\u2019une ma\u00eetrise en orientation ainsi qu\u2019un DESS en \u00e9thique appliqu\u00e9e, <strong>\u00c9ric Damato<\/strong> poss\u00e8de plus de 12 ans d\u2019exp\u00e9rience significatifs en intervention et en \u00e9valuation psychom\u00e9trique. Sa trajectoire professionnelle lui a permis notamment de d\u00e9velopper des habilet\u00e9s li\u00e9es \u00e0 l\u2019intervention clinique (counseling et accompagnement), l\u2019animation d\u2019ateliers th\u00e9matiques ainsi que l\u2019\u00e9valuation psychom\u00e9trique utilis\u00e9e en contexte d\u2019\u00e9valuation de potentiel en milieu industriel.<\/em><\/p>\n","protected":false},"excerpt":{"rendered":"<p>par \u00c9ric Damato, c.o. Holland a certainement contribu\u00e9 de mani\u00e8re d\u00e9terminante au monde de l\u2019orientation en proposant maintes recherches portant sur les int\u00e9r\u00eats professionnels. Sa typologie<span class=\"excerpt-hellip\"> [\u2026]<\/span><\/p>\n","protected":false},"author":1,"featured_media":0,"comment_status":"closed","ping_status":"closed","sticky":false,"template":"","format":"standard","meta":{"h5ap_radio_sources":[],"footnotes":""},"categories":[542,552],"tags":[],"class_list":["post-28563","post","type-post","status-publish","format-standard","hentry","category-le-bulletin","category-printemps-2010"],"yoast_head":"<!-- This site is optimized with the Yoast SEO Premium plugin v27.4 (Yoast SEO v27.4) - https:\/\/yoast.com\/product\/yoast-seo-premium-wordpress\/ -->\n<title>Pour une reclassification interpr\u00e9tative des int\u00e9r\u00eats - CERIC<\/title>\n<meta name=\"robots\" content=\"index, follow, max-snippet:-1, max-image-preview:large, max-video-preview:-1\" \/>\n<link rel=\"canonical\" href=\"https:\/\/ceric.ca\/fr\/2012\/11\/pour-une-reclassification-interpretative-des-interets\/\" \/>\n<meta property=\"og:locale\" content=\"fr_FR\" \/>\n<meta property=\"og:type\" content=\"article\" \/>\n<meta property=\"og:title\" content=\"Pour une reclassification interpr\u00e9tative des int\u00e9r\u00eats\" \/>\n<meta property=\"og:description\" content=\"par \u00c9ric Damato, c.o. Holland a certainement contribu\u00e9 de mani\u00e8re d\u00e9terminante au monde de l\u2019orientation en proposant maintes recherches portant sur les int\u00e9r\u00eats professionnels. Sa typologie [\u2026]\" \/>\n<meta property=\"og:url\" content=\"https:\/\/ceric.ca\/fr\/2012\/11\/pour-une-reclassification-interpretative-des-interets\/\" \/>\n<meta property=\"og:site_name\" content=\"CERIC\" \/>\n<meta property=\"article:published_time\" content=\"2012-11-05T20:25:43+00:00\" \/>\n<meta property=\"article:modified_time\" content=\"2018-06-07T19:28:33+00:00\" \/>\n<meta name=\"author\" content=\"Norman Valdez\" \/>\n<meta name=\"twitter:card\" content=\"summary_large_image\" \/>\n<meta name=\"twitter:creator\" content=\"@rachel@ceric.ca\" \/>\n<meta name=\"twitter:label1\" content=\"\u00c9crit par\" \/>\n\t<meta name=\"twitter:data1\" content=\"Norman Valdez\" \/>\n\t<meta name=\"twitter:label2\" content=\"Dur\u00e9e de lecture estim\u00e9e\" \/>\n\t<meta name=\"twitter:data2\" content=\"9 minutes\" \/>\n<script type=\"application\/ld+json\" class=\"yoast-schema-graph\">{\"@context\":\"https:\\\/\\\/schema.org\",\"@graph\":[{\"@type\":\"Article\",\"@id\":\"https:\\\/\\\/ceric.ca\\\/fr\\\/2012\\\/11\\\/pour-une-reclassification-interpretative-des-interets\\\/#article\",\"isPartOf\":{\"@id\":\"https:\\\/\\\/ceric.ca\\\/fr\\\/2012\\\/11\\\/pour-une-reclassification-interpretative-des-interets\\\/\"},\"author\":{\"name\":\"Norman Valdez\",\"@id\":\"https:\\\/\\\/ceric.ca\\\/#\\\/schema\\\/person\\\/444d77ede5f23ae98c74e54ab17e2da2\"},\"headline\":\"Pour une reclassification interpr\u00e9tative des int\u00e9r\u00eats\",\"datePublished\":\"2012-11-05T20:25:43+00:00\",\"dateModified\":\"2018-06-07T19:28:33+00:00\",\"mainEntityOfPage\":{\"@id\":\"https:\\\/\\\/ceric.ca\\\/fr\\\/2012\\\/11\\\/pour-une-reclassification-interpretative-des-interets\\\/\"},\"wordCount\":1860,\"publisher\":{\"@id\":\"https:\\\/\\\/ceric.ca\\\/#organization\"},\"articleSection\":[\"Le Bulletin\",\"Printemps 2010\"],\"inLanguage\":\"fr-FR\"},{\"@type\":\"WebPage\",\"@id\":\"https:\\\/\\\/ceric.ca\\\/fr\\\/2012\\\/11\\\/pour-une-reclassification-interpretative-des-interets\\\/\",\"url\":\"https:\\\/\\\/ceric.ca\\\/fr\\\/2012\\\/11\\\/pour-une-reclassification-interpretative-des-interets\\\/\",\"name\":\"Pour une reclassification interpr\u00e9tative des int\u00e9r\u00eats - CERIC\",\"isPartOf\":{\"@id\":\"https:\\\/\\\/ceric.ca\\\/#website\"},\"datePublished\":\"2012-11-05T20:25:43+00:00\",\"dateModified\":\"2018-06-07T19:28:33+00:00\",\"breadcrumb\":{\"@id\":\"https:\\\/\\\/ceric.ca\\\/fr\\\/2012\\\/11\\\/pour-une-reclassification-interpretative-des-interets\\\/#breadcrumb\"},\"inLanguage\":\"fr-FR\",\"potentialAction\":[{\"@type\":\"ReadAction\",\"target\":[\"https:\\\/\\\/ceric.ca\\\/fr\\\/2012\\\/11\\\/pour-une-reclassification-interpretative-des-interets\\\/\"]}]},{\"@type\":\"BreadcrumbList\",\"@id\":\"https:\\\/\\\/ceric.ca\\\/fr\\\/2012\\\/11\\\/pour-une-reclassification-interpretative-des-interets\\\/#breadcrumb\",\"itemListElement\":[{\"@type\":\"ListItem\",\"position\":1,\"name\":\"Home\",\"item\":\"https:\\\/\\\/ceric.ca\\\/fr\\\/ceric-homepage-2025\\\/\"},{\"@type\":\"ListItem\",\"position\":2,\"name\":\"Pour une reclassification interpr\u00e9tative des int\u00e9r\u00eats\"}]},{\"@type\":\"WebSite\",\"@id\":\"https:\\\/\\\/ceric.ca\\\/#website\",\"url\":\"https:\\\/\\\/ceric.ca\\\/\",\"name\":\"CERIC\",\"description\":\"\",\"publisher\":{\"@id\":\"https:\\\/\\\/ceric.ca\\\/#organization\"},\"potentialAction\":[{\"@type\":\"SearchAction\",\"target\":{\"@type\":\"EntryPoint\",\"urlTemplate\":\"https:\\\/\\\/ceric.ca\\\/?s={search_term_string}\"},\"query-input\":{\"@type\":\"PropertyValueSpecification\",\"valueRequired\":true,\"valueName\":\"search_term_string\"}}],\"inLanguage\":\"fr-FR\"},{\"@type\":\"Organization\",\"@id\":\"https:\\\/\\\/ceric.ca\\\/#organization\",\"name\":\"CERIC\",\"url\":\"https:\\\/\\\/ceric.ca\\\/\",\"logo\":{\"@type\":\"ImageObject\",\"inLanguage\":\"fr-FR\",\"@id\":\"https:\\\/\\\/ceric.ca\\\/#\\\/schema\\\/logo\\\/image\\\/\",\"url\":\"\",\"contentUrl\":\"\",\"caption\":\"CERIC\"},\"image\":{\"@id\":\"https:\\\/\\\/ceric.ca\\\/#\\\/schema\\\/logo\\\/image\\\/\"}},{\"@type\":\"Person\",\"@id\":\"https:\\\/\\\/ceric.ca\\\/#\\\/schema\\\/person\\\/444d77ede5f23ae98c74e54ab17e2da2\",\"name\":\"Norman Valdez\",\"image\":{\"@type\":\"ImageObject\",\"inLanguage\":\"fr-FR\",\"@id\":\"https:\\\/\\\/secure.gravatar.com\\\/avatar\\\/01def366a03d176e612e177e52d2c8b99d80f13e922b93d5fb9696239fb7fbd4?s=96&d=blank&r=g\",\"url\":\"https:\\\/\\\/secure.gravatar.com\\\/avatar\\\/01def366a03d176e612e177e52d2c8b99d80f13e922b93d5fb9696239fb7fbd4?s=96&d=blank&r=g\",\"contentUrl\":\"https:\\\/\\\/secure.gravatar.com\\\/avatar\\\/01def366a03d176e612e177e52d2c8b99d80f13e922b93d5fb9696239fb7fbd4?s=96&d=blank&r=g\",\"caption\":\"Norman Valdez\"},\"sameAs\":[\"https:\\\/\\\/x.com\\\/rachel@ceric.ca\"],\"url\":\"https:\\\/\\\/ceric.ca\\\/fr\\\/author\\\/norman\\\/\"}]}<\/script>\n<!-- \/ Yoast SEO Premium plugin. -->","yoast_head_json":{"title":"Pour une reclassification interpr\u00e9tative des int\u00e9r\u00eats - CERIC","robots":{"index":"index","follow":"follow","max-snippet":"max-snippet:-1","max-image-preview":"max-image-preview:large","max-video-preview":"max-video-preview:-1"},"canonical":"https:\/\/ceric.ca\/fr\/2012\/11\/pour-une-reclassification-interpretative-des-interets\/","og_locale":"fr_FR","og_type":"article","og_title":"Pour une reclassification interpr\u00e9tative des int\u00e9r\u00eats","og_description":"par \u00c9ric Damato, c.o. Holland a certainement contribu\u00e9 de mani\u00e8re d\u00e9terminante au monde de l\u2019orientation en proposant maintes recherches portant sur les int\u00e9r\u00eats professionnels. Sa typologie [\u2026]","og_url":"https:\/\/ceric.ca\/fr\/2012\/11\/pour-une-reclassification-interpretative-des-interets\/","og_site_name":"CERIC","article_published_time":"2012-11-05T20:25:43+00:00","article_modified_time":"2018-06-07T19:28:33+00:00","author":"Norman Valdez","twitter_card":"summary_large_image","twitter_creator":"@rachel@ceric.ca","twitter_misc":{"\u00c9crit par":"Norman Valdez","Dur\u00e9e de lecture estim\u00e9e":"9 minutes"},"schema":{"@context":"https:\/\/schema.org","@graph":[{"@type":"Article","@id":"https:\/\/ceric.ca\/fr\/2012\/11\/pour-une-reclassification-interpretative-des-interets\/#article","isPartOf":{"@id":"https:\/\/ceric.ca\/fr\/2012\/11\/pour-une-reclassification-interpretative-des-interets\/"},"author":{"name":"Norman Valdez","@id":"https:\/\/ceric.ca\/#\/schema\/person\/444d77ede5f23ae98c74e54ab17e2da2"},"headline":"Pour une reclassification interpr\u00e9tative des int\u00e9r\u00eats","datePublished":"2012-11-05T20:25:43+00:00","dateModified":"2018-06-07T19:28:33+00:00","mainEntityOfPage":{"@id":"https:\/\/ceric.ca\/fr\/2012\/11\/pour-une-reclassification-interpretative-des-interets\/"},"wordCount":1860,"publisher":{"@id":"https:\/\/ceric.ca\/#organization"},"articleSection":["Le Bulletin","Printemps 2010"],"inLanguage":"fr-FR"},{"@type":"WebPage","@id":"https:\/\/ceric.ca\/fr\/2012\/11\/pour-une-reclassification-interpretative-des-interets\/","url":"https:\/\/ceric.ca\/fr\/2012\/11\/pour-une-reclassification-interpretative-des-interets\/","name":"Pour une reclassification interpr\u00e9tative des int\u00e9r\u00eats - CERIC","isPartOf":{"@id":"https:\/\/ceric.ca\/#website"},"datePublished":"2012-11-05T20:25:43+00:00","dateModified":"2018-06-07T19:28:33+00:00","breadcrumb":{"@id":"https:\/\/ceric.ca\/fr\/2012\/11\/pour-une-reclassification-interpretative-des-interets\/#breadcrumb"},"inLanguage":"fr-FR","potentialAction":[{"@type":"ReadAction","target":["https:\/\/ceric.ca\/fr\/2012\/11\/pour-une-reclassification-interpretative-des-interets\/"]}]},{"@type":"BreadcrumbList","@id":"https:\/\/ceric.ca\/fr\/2012\/11\/pour-une-reclassification-interpretative-des-interets\/#breadcrumb","itemListElement":[{"@type":"ListItem","position":1,"name":"Home","item":"https:\/\/ceric.ca\/fr\/ceric-homepage-2025\/"},{"@type":"ListItem","position":2,"name":"Pour une reclassification interpr\u00e9tative des int\u00e9r\u00eats"}]},{"@type":"WebSite","@id":"https:\/\/ceric.ca\/#website","url":"https:\/\/ceric.ca\/","name":"CERIC","description":"","publisher":{"@id":"https:\/\/ceric.ca\/#organization"},"potentialAction":[{"@type":"SearchAction","target":{"@type":"EntryPoint","urlTemplate":"https:\/\/ceric.ca\/?s={search_term_string}"},"query-input":{"@type":"PropertyValueSpecification","valueRequired":true,"valueName":"search_term_string"}}],"inLanguage":"fr-FR"},{"@type":"Organization","@id":"https:\/\/ceric.ca\/#organization","name":"CERIC","url":"https:\/\/ceric.ca\/","logo":{"@type":"ImageObject","inLanguage":"fr-FR","@id":"https:\/\/ceric.ca\/#\/schema\/logo\/image\/","url":"","contentUrl":"","caption":"CERIC"},"image":{"@id":"https:\/\/ceric.ca\/#\/schema\/logo\/image\/"}},{"@type":"Person","@id":"https:\/\/ceric.ca\/#\/schema\/person\/444d77ede5f23ae98c74e54ab17e2da2","name":"Norman Valdez","image":{"@type":"ImageObject","inLanguage":"fr-FR","@id":"https:\/\/secure.gravatar.com\/avatar\/01def366a03d176e612e177e52d2c8b99d80f13e922b93d5fb9696239fb7fbd4?s=96&d=blank&r=g","url":"https:\/\/secure.gravatar.com\/avatar\/01def366a03d176e612e177e52d2c8b99d80f13e922b93d5fb9696239fb7fbd4?s=96&d=blank&r=g","contentUrl":"https:\/\/secure.gravatar.com\/avatar\/01def366a03d176e612e177e52d2c8b99d80f13e922b93d5fb9696239fb7fbd4?s=96&d=blank&r=g","caption":"Norman Valdez"},"sameAs":["https:\/\/x.com\/rachel@ceric.ca"],"url":"https:\/\/ceric.ca\/fr\/author\/norman\/"}]}},"_links":{"self":[{"href":"https:\/\/ceric.ca\/fr\/wp-json\/wp\/v2\/posts\/28563","targetHints":{"allow":["GET"]}}],"collection":[{"href":"https:\/\/ceric.ca\/fr\/wp-json\/wp\/v2\/posts"}],"about":[{"href":"https:\/\/ceric.ca\/fr\/wp-json\/wp\/v2\/types\/post"}],"author":[{"embeddable":true,"href":"https:\/\/ceric.ca\/fr\/wp-json\/wp\/v2\/users\/1"}],"replies":[{"embeddable":true,"href":"https:\/\/ceric.ca\/fr\/wp-json\/wp\/v2\/comments?post=28563"}],"version-history":[{"count":0,"href":"https:\/\/ceric.ca\/fr\/wp-json\/wp\/v2\/posts\/28563\/revisions"}],"wp:attachment":[{"href":"https:\/\/ceric.ca\/fr\/wp-json\/wp\/v2\/media?parent=28563"}],"wp:term":[{"taxonomy":"category","embeddable":true,"href":"https:\/\/ceric.ca\/fr\/wp-json\/wp\/v2\/categories?post=28563"},{"taxonomy":"post_tag","embeddable":true,"href":"https:\/\/ceric.ca\/fr\/wp-json\/wp\/v2\/tags?post=28563"}],"curies":[{"name":"wp","href":"https:\/\/api.w.org\/{rel}","templated":true}]}}