{"id":28751,"date":"2012-11-06T16:13:25","date_gmt":"2012-11-06T21:13:25","guid":{"rendered":"http:\/\/ceric.ca\/?p=28751"},"modified":"2018-06-26T16:36:12","modified_gmt":"2018-06-26T20:36:12","slug":"preparation-a-la-retraite-et-identite-compte-rendu-de-la-mise-a-lessai-dun-nouveau-programme","status":"publish","type":"post","link":"https:\/\/ceric.ca\/fr\/2012\/11\/preparation-a-la-retraite-et-identite-compte-rendu-de-la-mise-a-lessai-dun-nouveau-programme\/","title":{"rendered":"Pr\u00e9paration \u00e0 la retraite et identit\u00e9 : compte rendu de la mise \u00e0 l&rsquo;essai d&rsquo;un nouveau programme"},"content":{"rendered":"<p dir=\"ltr\"><em>par Luc Vallerand et Jessica Lalancette<\/em><\/p>\n<p dir=\"ltr\">Dans notre soci\u00e9t\u00e9, le r\u00f4le du travail est consid\u00e9r\u00e9 comme capital pour l\u2019ensemble de ses membres. En effet, celui-ci aurait une double fonction int\u00e9grative permettant \u00e0 l\u2019individu d\u2019\u00eatre inclus au corps social et, par le fait m\u00eame, de se forger une identit\u00e9 (Pointenaud et al., 1987). Qu\u2019advient-il alors de notre identit\u00e9 lorsque nous prenons notre retraite? Selon certains auteurs, la retraite marque le d\u00e9but d\u2019une p\u00e9riode sans r\u00f4le pr\u00e9cis (Rosow, 1974). La session-pilote de pr\u00e9paration \u00e0 la retraite \u00e9labor\u00e9e par l\u2019Association qu\u00e9b\u00e9coise des retrait\u00e9s des secteurs public et parapublic (AQRP) a \u00e9t\u00e9 sp\u00e9cialement con\u00e7ue pour d\u00e9mystifier et approfondir certaines perceptions relatives au passage \u00e0 la retraite.<!--more--><\/p>\n<p>Une premi\u00e8re session-pilote a \u00e9t\u00e9 suivie par seize personnes qui comptaient prendre leur retraite prochainement et souhaitaient effectuer une d\u00e9marche introspective par rapport \u00e0 cette \u00e9tape de leur vie. Elle a eu lieu \u00e0 Qu\u00e9bec, \u00e0 l\u2019\u00e9t\u00e9 2007, et la d\u00e9marche propos\u00e9e reposait sur les fondements du constructivisme et du constructionnisme social. Essentiellement, ces courants indiquent que nous construisons le monde et la r\u00e9alit\u00e9 \u00e0 partir de notre cadre de r\u00e9f\u00e9rence personnel. La d\u00e9marche visait \u00e0 aider les participants \u00e0 identifier les aspects majeurs de leur cadre de r\u00e9f\u00e9rence, cadre qui influence la perception de soi, des autres, du travail, de la retraite, etc.<\/p>\n<p>Les th\u00e8mes abord\u00e9s avaient pour but de permettre aux participants, gr\u00e2ce \u00e0 une d\u00e9marche de groupe, de faire le point sur qui ils sont et d\u2019identifier leur propre cadre de r\u00e9f\u00e9rence, et ce, afin de faciliter leur positionnement par rapport \u00e0 la retraite. Plus pr\u00e9cis\u00e9ment, et contrairement \u00e0 d\u2019autres approches fond\u00e9es sur l\u2019\u00e9ducation psychologique ou sur une approche informationnelle, l\u2019approche utilis\u00e9e dans le cadre de la session-pilote de pr\u00e9paration \u00e0 la retraite consistait essentiellement \u00e0 adopter une \u00ab posture \u00bb d\u2019\u00e9coute et de facilitation plut\u00f4t qu\u2019une \u00ab posture \u00bb d\u2019expert d\u00e9tenteur d\u2019un savoir. L\u2019objectif principal visait \u00e0 faire en sorte que chaque participant puisse construire et r\u00e9v\u00e9ler sa propre conception de la retraite \u00e0 travers ses exp\u00e9riences significatives, ses valeurs et les \u00e9l\u00e9ments ayant du sens dans sa vie actuelle. De plus, notre session-pilote reposait sur l\u2019exp\u00e9rience de vie et les \u00e9changes entre les participants afin que ceux-ci puissent cerner la construction du sens de la retraite des autres participants.<\/p>\n<p>Les changements constat\u00e9s chez les participants ont d\u00e9montr\u00e9 la pertinence d\u2019une telle d\u00e9marche. En effet, on a pu observer, \u00e0 la fin de la session-pilote, que le niveau d\u2019inconfort face \u00e0 l\u2019ennui qui pourrait \u00eatre \u00e9prouv\u00e9 pendant la retraite avait consid\u00e9rablement diminu\u00e9 chez l\u2019ensemble des participants. Il en va de m\u00eame pour ce qui est du sentiment d\u2019utilit\u00e9 ressenti par les participants. Au terme de cette session-pilote, la plupart des participants ont ressenti moins d\u2019inconfort en ce qui a trait \u00e0 leurs finances, leur sant\u00e9, leurs relations interpersonnelles et familiales. Dans l\u2019ensemble, les participants se sentaient davantage pr\u00eats \u00e0 prendre leur retraite et vivaient moins d\u2019ins\u00e9curit\u00e9 par rapport \u00e0 celle-ci. Les participants ont v\u00e9ritablement appris \u00e0 mieux se conna\u00eetre pour faire face \u00e0 la retraite et ont d\u00e9sormais une meilleure id\u00e9e de ce qui les attend. Ils savent davantage ce qu\u2019ils feront sans leur emploi et, par le fait m\u00eame, craignent moins les changements que la retraite engendrera dans leur quotidien.<\/p>\n<p>D\u2019autre part, tous les participants ont mentionn\u00e9 que cette session-pilote les avait aid\u00e9s dans leur d\u00e9marche de pr\u00e9paration \u00e0 la retraite et qu\u2019ils ont r\u00e9ussi \u00e0 d\u00e9mystifier plusieurs craintes par rapport \u00e0 cette derni\u00e8re. \u00c0 cet \u00e9gard, ils ont affirm\u00e9 avoir d\u00e9couvert et adopt\u00e9 de nouvelles perspectives par rapport \u00e0 la prise de la retraite. Ce fut une exp\u00e9rience tr\u00e8s enrichissante pour tous les participants qui recommandent que d\u2019autres personnes puissent en b\u00e9n\u00e9ficier. Le degr\u00e9 d\u2019appr\u00e9ciation g\u00e9n\u00e9rale des participants d\u00e9passe d\u2019ailleurs les 80 %. De surcro\u00eet, la d\u00e9marche en groupe s\u2019est r\u00e9v\u00e9l\u00e9e \u00eatre un milieu d\u2019apprentissage ad\u00e9quat, car cela a permis aux participants de progresser dans leur d\u00e9marche personnelle gr\u00e2ce aux interventions des autres. \u00c0 cet effet, les participants ont mentionn\u00e9 que le fait d\u2019\u00eatre en groupe les avait aid\u00e9s \u00e0 mieux se conna\u00eetre et \u00e0 sentir qu\u2019ils n\u2019\u00e9taient pas les seuls \u00e0 se questionner par rapport \u00e0 la retraite.<\/p>\n<p>En terminant, les r\u00e9sultats obtenus ont d\u00e9montr\u00e9 \u00e0 quel point il est b\u00e9n\u00e9fique pour une personne d\u00e9sirant prendre sa retraite d\u2019effectuer une d\u00e9marche fond\u00e9e sur la construction du sens de la retraite. Effectivement, cette session-pilote a permis \u00e0 de futurs retrait\u00e9s de modifier et d\u2019enrichir leurs conceptions li\u00e9es \u00e0 la retraite et d\u2019appr\u00e9hender cette derni\u00e8re avec moins de crainte et davantage de s\u00e9r\u00e9nit\u00e9.<\/p>\n<p>&nbsp;<\/p>\n<p><em><strong>Luc Vallerand<\/strong> d\u00e9tient une ma\u00eetrise en sciences de l&rsquo;orientation de l&rsquo;Universit\u00e9 Laval et un baccalaur\u00e9at en psychologie. Il a oeuvr\u00e9 pendant plusieurs ann\u00e9es en milieu communautaire et associatif ainsi que dans le domaine de la sant\u00e9 et des services sociaux. Il est directeur g\u00e9n\u00e9ral de l&rsquo;Association qu\u00e9b\u00e9coise des retrait\u00e9(e)s des secteurs public et parapublic depuis 2004. <\/em><\/p>\n<p><em><strong>Jessica Lalancette<\/strong> est \u00e9tudiante en 2e ann\u00e9e au baccalaur\u00e9at en service social de l&rsquo;Universit\u00e9 Laval. Elle occupe un poste d&rsquo;agente d&rsquo;information au service \u00e0 la client\u00e8le \u00e0 l&rsquo;Association qu\u00e9b\u00e9coise des retrait\u00e9(e)s des secteurs public et parapublic, notamment au service d&rsquo;aide t\u00e9l\u00e9phonique. Elle a particip\u00e9 au rapport d&rsquo;\u00e9valuation de la session-pilote de pr\u00e9paration \u00e0 la retraite \u00e9labor\u00e9e par l&rsquo;AQRP.<\/em><\/p>\n<p><em>Courriel : <a href=\"mailto:secretariat@aqrp.qc.ca\" target=\"_blank\" rel=\"noopener\">secretariat@aqrp.qc.ca<\/a>.<\/em><\/p>\n<p><strong>R\u00e9f\u00e9rences :<\/strong><\/p>\n<p>Pointenaud, J. et al. (1987). Effets de la retraite sur le bien-\u00eatre psychologique et sur la sant\u00e9. Revue de psychologie appliqu\u00e9e, 2, 175-191.<\/p>\n<p>Rosow, Irving (1974). Socialization to old age, University of California Press.<\/p>\n","protected":false},"excerpt":{"rendered":"<p>par Luc Vallerand et Jessica Lalancette Dans notre soci\u00e9t\u00e9, le r\u00f4le du travail est consid\u00e9r\u00e9 comme capital pour l\u2019ensemble de ses membres. En effet, celui-ci aurait<span class=\"excerpt-hellip\"> [\u2026]<\/span><\/p>\n","protected":false},"author":1,"featured_media":0,"comment_status":"closed","ping_status":"closed","sticky":false,"template":"","format":"standard","meta":{"h5ap_radio_sources":[],"footnotes":""},"categories":[562,723,542],"tags":[],"class_list":["post-28751","post","type-post","status-publish","format-standard","hentry","category-automne-2007","category-f07-fr-article-de-fond","category-le-bulletin"],"yoast_head":"<!-- This site is optimized with the Yoast SEO Premium plugin v27.4 (Yoast SEO v27.4) - https:\/\/yoast.com\/product\/yoast-seo-premium-wordpress\/ -->\n<title>Pr\u00e9paration \u00e0 la retraite et identit\u00e9 : compte rendu de la mise \u00e0 l&#039;essai d&#039;un nouveau programme - CERIC<\/title>\n<meta name=\"robots\" content=\"index, follow, max-snippet:-1, max-image-preview:large, max-video-preview:-1\" \/>\n<link rel=\"canonical\" href=\"https:\/\/ceric.ca\/fr\/2012\/11\/preparation-a-la-retraite-et-identite-compte-rendu-de-la-mise-a-lessai-dun-nouveau-programme\/\" \/>\n<meta property=\"og:locale\" content=\"fr_FR\" \/>\n<meta property=\"og:type\" content=\"article\" \/>\n<meta property=\"og:title\" content=\"Pr\u00e9paration \u00e0 la retraite et identit\u00e9 : compte rendu de la mise \u00e0 l&#039;essai d&#039;un nouveau programme\" \/>\n<meta property=\"og:description\" content=\"par Luc Vallerand et Jessica Lalancette Dans notre soci\u00e9t\u00e9, le r\u00f4le du travail est consid\u00e9r\u00e9 comme capital pour l\u2019ensemble de ses membres. En effet, celui-ci aurait [\u2026]\" \/>\n<meta property=\"og:url\" content=\"https:\/\/ceric.ca\/fr\/2012\/11\/preparation-a-la-retraite-et-identite-compte-rendu-de-la-mise-a-lessai-dun-nouveau-programme\/\" \/>\n<meta property=\"og:site_name\" content=\"CERIC\" \/>\n<meta property=\"article:published_time\" content=\"2012-11-06T21:13:25+00:00\" \/>\n<meta property=\"article:modified_time\" content=\"2018-06-26T20:36:12+00:00\" \/>\n<meta name=\"author\" content=\"Norman Valdez\" \/>\n<meta name=\"twitter:card\" content=\"summary_large_image\" \/>\n<meta name=\"twitter:creator\" content=\"@rachel@ceric.ca\" \/>\n<meta name=\"twitter:label1\" content=\"\u00c9crit par\" \/>\n\t<meta name=\"twitter:data1\" content=\"Norman Valdez\" \/>\n\t<meta name=\"twitter:label2\" content=\"Dur\u00e9e de lecture estim\u00e9e\" \/>\n\t<meta name=\"twitter:data2\" content=\"5 minutes\" \/>\n<script type=\"application\/ld+json\" class=\"yoast-schema-graph\">{\"@context\":\"https:\\\/\\\/schema.org\",\"@graph\":[{\"@type\":\"Article\",\"@id\":\"https:\\\/\\\/ceric.ca\\\/fr\\\/2012\\\/11\\\/preparation-a-la-retraite-et-identite-compte-rendu-de-la-mise-a-lessai-dun-nouveau-programme\\\/#article\",\"isPartOf\":{\"@id\":\"https:\\\/\\\/ceric.ca\\\/fr\\\/2012\\\/11\\\/preparation-a-la-retraite-et-identite-compte-rendu-de-la-mise-a-lessai-dun-nouveau-programme\\\/\"},\"author\":{\"name\":\"Norman Valdez\",\"@id\":\"https:\\\/\\\/ceric.ca\\\/#\\\/schema\\\/person\\\/444d77ede5f23ae98c74e54ab17e2da2\"},\"headline\":\"Pr\u00e9paration \u00e0 la retraite et identit\u00e9 : compte rendu de la mise \u00e0 l&rsquo;essai d&rsquo;un nouveau programme\",\"datePublished\":\"2012-11-06T21:13:25+00:00\",\"dateModified\":\"2018-06-26T20:36:12+00:00\",\"mainEntityOfPage\":{\"@id\":\"https:\\\/\\\/ceric.ca\\\/fr\\\/2012\\\/11\\\/preparation-a-la-retraite-et-identite-compte-rendu-de-la-mise-a-lessai-dun-nouveau-programme\\\/\"},\"wordCount\":1040,\"publisher\":{\"@id\":\"https:\\\/\\\/ceric.ca\\\/#organization\"},\"articleSection\":[\"Automne 2007\",\"F07 \u2013 FR \u2013 Article de fond\",\"Le Bulletin\"],\"inLanguage\":\"fr-FR\"},{\"@type\":\"WebPage\",\"@id\":\"https:\\\/\\\/ceric.ca\\\/fr\\\/2012\\\/11\\\/preparation-a-la-retraite-et-identite-compte-rendu-de-la-mise-a-lessai-dun-nouveau-programme\\\/\",\"url\":\"https:\\\/\\\/ceric.ca\\\/fr\\\/2012\\\/11\\\/preparation-a-la-retraite-et-identite-compte-rendu-de-la-mise-a-lessai-dun-nouveau-programme\\\/\",\"name\":\"Pr\u00e9paration \u00e0 la retraite et identit\u00e9 : compte rendu de la mise \u00e0 l'essai d'un nouveau programme - CERIC\",\"isPartOf\":{\"@id\":\"https:\\\/\\\/ceric.ca\\\/#website\"},\"datePublished\":\"2012-11-06T21:13:25+00:00\",\"dateModified\":\"2018-06-26T20:36:12+00:00\",\"breadcrumb\":{\"@id\":\"https:\\\/\\\/ceric.ca\\\/fr\\\/2012\\\/11\\\/preparation-a-la-retraite-et-identite-compte-rendu-de-la-mise-a-lessai-dun-nouveau-programme\\\/#breadcrumb\"},\"inLanguage\":\"fr-FR\",\"potentialAction\":[{\"@type\":\"ReadAction\",\"target\":[\"https:\\\/\\\/ceric.ca\\\/fr\\\/2012\\\/11\\\/preparation-a-la-retraite-et-identite-compte-rendu-de-la-mise-a-lessai-dun-nouveau-programme\\\/\"]}]},{\"@type\":\"BreadcrumbList\",\"@id\":\"https:\\\/\\\/ceric.ca\\\/fr\\\/2012\\\/11\\\/preparation-a-la-retraite-et-identite-compte-rendu-de-la-mise-a-lessai-dun-nouveau-programme\\\/#breadcrumb\",\"itemListElement\":[{\"@type\":\"ListItem\",\"position\":1,\"name\":\"Home\",\"item\":\"https:\\\/\\\/ceric.ca\\\/fr\\\/ceric-homepage-2025\\\/\"},{\"@type\":\"ListItem\",\"position\":2,\"name\":\"Pr\u00e9paration \u00e0 la retraite et identit\u00e9 : compte rendu de la mise \u00e0 l&rsquo;essai d&rsquo;un nouveau programme\"}]},{\"@type\":\"WebSite\",\"@id\":\"https:\\\/\\\/ceric.ca\\\/#website\",\"url\":\"https:\\\/\\\/ceric.ca\\\/\",\"name\":\"CERIC\",\"description\":\"\",\"publisher\":{\"@id\":\"https:\\\/\\\/ceric.ca\\\/#organization\"},\"potentialAction\":[{\"@type\":\"SearchAction\",\"target\":{\"@type\":\"EntryPoint\",\"urlTemplate\":\"https:\\\/\\\/ceric.ca\\\/?s={search_term_string}\"},\"query-input\":{\"@type\":\"PropertyValueSpecification\",\"valueRequired\":true,\"valueName\":\"search_term_string\"}}],\"inLanguage\":\"fr-FR\"},{\"@type\":\"Organization\",\"@id\":\"https:\\\/\\\/ceric.ca\\\/#organization\",\"name\":\"CERIC\",\"url\":\"https:\\\/\\\/ceric.ca\\\/\",\"logo\":{\"@type\":\"ImageObject\",\"inLanguage\":\"fr-FR\",\"@id\":\"https:\\\/\\\/ceric.ca\\\/#\\\/schema\\\/logo\\\/image\\\/\",\"url\":\"\",\"contentUrl\":\"\",\"caption\":\"CERIC\"},\"image\":{\"@id\":\"https:\\\/\\\/ceric.ca\\\/#\\\/schema\\\/logo\\\/image\\\/\"}},{\"@type\":\"Person\",\"@id\":\"https:\\\/\\\/ceric.ca\\\/#\\\/schema\\\/person\\\/444d77ede5f23ae98c74e54ab17e2da2\",\"name\":\"Norman Valdez\",\"image\":{\"@type\":\"ImageObject\",\"inLanguage\":\"fr-FR\",\"@id\":\"https:\\\/\\\/secure.gravatar.com\\\/avatar\\\/01def366a03d176e612e177e52d2c8b99d80f13e922b93d5fb9696239fb7fbd4?s=96&d=blank&r=g\",\"url\":\"https:\\\/\\\/secure.gravatar.com\\\/avatar\\\/01def366a03d176e612e177e52d2c8b99d80f13e922b93d5fb9696239fb7fbd4?s=96&d=blank&r=g\",\"contentUrl\":\"https:\\\/\\\/secure.gravatar.com\\\/avatar\\\/01def366a03d176e612e177e52d2c8b99d80f13e922b93d5fb9696239fb7fbd4?s=96&d=blank&r=g\",\"caption\":\"Norman Valdez\"},\"sameAs\":[\"https:\\\/\\\/x.com\\\/rachel@ceric.ca\"],\"url\":\"https:\\\/\\\/ceric.ca\\\/fr\\\/author\\\/norman\\\/\"}]}<\/script>\n<!-- \/ Yoast SEO Premium plugin. -->","yoast_head_json":{"title":"Pr\u00e9paration \u00e0 la retraite et identit\u00e9 : compte rendu de la mise \u00e0 l'essai d'un nouveau programme - CERIC","robots":{"index":"index","follow":"follow","max-snippet":"max-snippet:-1","max-image-preview":"max-image-preview:large","max-video-preview":"max-video-preview:-1"},"canonical":"https:\/\/ceric.ca\/fr\/2012\/11\/preparation-a-la-retraite-et-identite-compte-rendu-de-la-mise-a-lessai-dun-nouveau-programme\/","og_locale":"fr_FR","og_type":"article","og_title":"Pr\u00e9paration \u00e0 la retraite et identit\u00e9 : compte rendu de la mise \u00e0 l'essai d'un nouveau programme","og_description":"par Luc Vallerand et Jessica Lalancette Dans notre soci\u00e9t\u00e9, le r\u00f4le du travail est consid\u00e9r\u00e9 comme capital pour l\u2019ensemble de ses membres. En effet, celui-ci aurait [\u2026]","og_url":"https:\/\/ceric.ca\/fr\/2012\/11\/preparation-a-la-retraite-et-identite-compte-rendu-de-la-mise-a-lessai-dun-nouveau-programme\/","og_site_name":"CERIC","article_published_time":"2012-11-06T21:13:25+00:00","article_modified_time":"2018-06-26T20:36:12+00:00","author":"Norman Valdez","twitter_card":"summary_large_image","twitter_creator":"@rachel@ceric.ca","twitter_misc":{"\u00c9crit par":"Norman Valdez","Dur\u00e9e de lecture estim\u00e9e":"5 minutes"},"schema":{"@context":"https:\/\/schema.org","@graph":[{"@type":"Article","@id":"https:\/\/ceric.ca\/fr\/2012\/11\/preparation-a-la-retraite-et-identite-compte-rendu-de-la-mise-a-lessai-dun-nouveau-programme\/#article","isPartOf":{"@id":"https:\/\/ceric.ca\/fr\/2012\/11\/preparation-a-la-retraite-et-identite-compte-rendu-de-la-mise-a-lessai-dun-nouveau-programme\/"},"author":{"name":"Norman Valdez","@id":"https:\/\/ceric.ca\/#\/schema\/person\/444d77ede5f23ae98c74e54ab17e2da2"},"headline":"Pr\u00e9paration \u00e0 la retraite et identit\u00e9 : compte rendu de la mise \u00e0 l&rsquo;essai d&rsquo;un nouveau programme","datePublished":"2012-11-06T21:13:25+00:00","dateModified":"2018-06-26T20:36:12+00:00","mainEntityOfPage":{"@id":"https:\/\/ceric.ca\/fr\/2012\/11\/preparation-a-la-retraite-et-identite-compte-rendu-de-la-mise-a-lessai-dun-nouveau-programme\/"},"wordCount":1040,"publisher":{"@id":"https:\/\/ceric.ca\/#organization"},"articleSection":["Automne 2007","F07 \u2013 FR \u2013 Article de fond","Le Bulletin"],"inLanguage":"fr-FR"},{"@type":"WebPage","@id":"https:\/\/ceric.ca\/fr\/2012\/11\/preparation-a-la-retraite-et-identite-compte-rendu-de-la-mise-a-lessai-dun-nouveau-programme\/","url":"https:\/\/ceric.ca\/fr\/2012\/11\/preparation-a-la-retraite-et-identite-compte-rendu-de-la-mise-a-lessai-dun-nouveau-programme\/","name":"Pr\u00e9paration \u00e0 la retraite et identit\u00e9 : compte rendu de la mise \u00e0 l'essai d'un nouveau programme - CERIC","isPartOf":{"@id":"https:\/\/ceric.ca\/#website"},"datePublished":"2012-11-06T21:13:25+00:00","dateModified":"2018-06-26T20:36:12+00:00","breadcrumb":{"@id":"https:\/\/ceric.ca\/fr\/2012\/11\/preparation-a-la-retraite-et-identite-compte-rendu-de-la-mise-a-lessai-dun-nouveau-programme\/#breadcrumb"},"inLanguage":"fr-FR","potentialAction":[{"@type":"ReadAction","target":["https:\/\/ceric.ca\/fr\/2012\/11\/preparation-a-la-retraite-et-identite-compte-rendu-de-la-mise-a-lessai-dun-nouveau-programme\/"]}]},{"@type":"BreadcrumbList","@id":"https:\/\/ceric.ca\/fr\/2012\/11\/preparation-a-la-retraite-et-identite-compte-rendu-de-la-mise-a-lessai-dun-nouveau-programme\/#breadcrumb","itemListElement":[{"@type":"ListItem","position":1,"name":"Home","item":"https:\/\/ceric.ca\/fr\/ceric-homepage-2025\/"},{"@type":"ListItem","position":2,"name":"Pr\u00e9paration \u00e0 la retraite et identit\u00e9 : compte rendu de la mise \u00e0 l&rsquo;essai d&rsquo;un nouveau programme"}]},{"@type":"WebSite","@id":"https:\/\/ceric.ca\/#website","url":"https:\/\/ceric.ca\/","name":"CERIC","description":"","publisher":{"@id":"https:\/\/ceric.ca\/#organization"},"potentialAction":[{"@type":"SearchAction","target":{"@type":"EntryPoint","urlTemplate":"https:\/\/ceric.ca\/?s={search_term_string}"},"query-input":{"@type":"PropertyValueSpecification","valueRequired":true,"valueName":"search_term_string"}}],"inLanguage":"fr-FR"},{"@type":"Organization","@id":"https:\/\/ceric.ca\/#organization","name":"CERIC","url":"https:\/\/ceric.ca\/","logo":{"@type":"ImageObject","inLanguage":"fr-FR","@id":"https:\/\/ceric.ca\/#\/schema\/logo\/image\/","url":"","contentUrl":"","caption":"CERIC"},"image":{"@id":"https:\/\/ceric.ca\/#\/schema\/logo\/image\/"}},{"@type":"Person","@id":"https:\/\/ceric.ca\/#\/schema\/person\/444d77ede5f23ae98c74e54ab17e2da2","name":"Norman Valdez","image":{"@type":"ImageObject","inLanguage":"fr-FR","@id":"https:\/\/secure.gravatar.com\/avatar\/01def366a03d176e612e177e52d2c8b99d80f13e922b93d5fb9696239fb7fbd4?s=96&d=blank&r=g","url":"https:\/\/secure.gravatar.com\/avatar\/01def366a03d176e612e177e52d2c8b99d80f13e922b93d5fb9696239fb7fbd4?s=96&d=blank&r=g","contentUrl":"https:\/\/secure.gravatar.com\/avatar\/01def366a03d176e612e177e52d2c8b99d80f13e922b93d5fb9696239fb7fbd4?s=96&d=blank&r=g","caption":"Norman Valdez"},"sameAs":["https:\/\/x.com\/rachel@ceric.ca"],"url":"https:\/\/ceric.ca\/fr\/author\/norman\/"}]}},"_links":{"self":[{"href":"https:\/\/ceric.ca\/fr\/wp-json\/wp\/v2\/posts\/28751","targetHints":{"allow":["GET"]}}],"collection":[{"href":"https:\/\/ceric.ca\/fr\/wp-json\/wp\/v2\/posts"}],"about":[{"href":"https:\/\/ceric.ca\/fr\/wp-json\/wp\/v2\/types\/post"}],"author":[{"embeddable":true,"href":"https:\/\/ceric.ca\/fr\/wp-json\/wp\/v2\/users\/1"}],"replies":[{"embeddable":true,"href":"https:\/\/ceric.ca\/fr\/wp-json\/wp\/v2\/comments?post=28751"}],"version-history":[{"count":0,"href":"https:\/\/ceric.ca\/fr\/wp-json\/wp\/v2\/posts\/28751\/revisions"}],"wp:attachment":[{"href":"https:\/\/ceric.ca\/fr\/wp-json\/wp\/v2\/media?parent=28751"}],"wp:term":[{"taxonomy":"category","embeddable":true,"href":"https:\/\/ceric.ca\/fr\/wp-json\/wp\/v2\/categories?post=28751"},{"taxonomy":"post_tag","embeddable":true,"href":"https:\/\/ceric.ca\/fr\/wp-json\/wp\/v2\/tags?post=28751"}],"curies":[{"name":"wp","href":"https:\/\/api.w.org\/{rel}","templated":true}]}}