{"id":29935,"date":"2018-07-17T09:00:04","date_gmt":"2018-07-17T13:00:04","guid":{"rendered":"https:\/\/ceric.ca\/?p=29935"},"modified":"2018-07-17T16:57:09","modified_gmt":"2018-07-17T20:57:09","slug":"les-entrepreneurs-seniors-du-canada-ont-besoin-dun-acces-elargi-au-financement-et-au-soutien","status":"publish","type":"post","link":"https:\/\/ceric.ca\/fr\/2018\/07\/les-entrepreneurs-seniors-du-canada-ont-besoin-dun-acces-elargi-au-financement-et-au-soutien\/","title":{"rendered":"Les entrepreneurs s\u00e9niors du Canada ont besoin d\u2019un acc\u00e8s \u00e9largi au financement et au soutien"},"content":{"rendered":"<p>Pr\u00e8s de quatre entrepreneurs d\u2019\u00e2ge m\u00fbr sur 10 se heurtent \u00e0 des lacunes dans le soutien dont ils ont besoin pour lancer ou faire cro\u00eetre leur entreprise, r\u00e9v\u00e8le une nouvelle \u00e9tude financ\u00e9e par le CERIC sur<span> <a href=\"\/?p=20650\">l\u2019\u00e9tat de l\u2019entrepreneuriat des personnes \u00e2g\u00e9es au <\/a><\/span><a href=\"\/?p=20650\">Canada<\/a>. Selon les r\u00e9sultats contenus dans le rapport de recherche publi\u00e9 par le <a target=\"_blank\" href=\"https:\/\/www.sheridancollege.ca\/research\/active-research\/serc\" rel=\"noopener\">Sheridan Centre for Elder Research<\/a>, 37\u00a0% des r\u00e9pondants de 50\u00a0ans ou plus ont de la difficult\u00e9 \u00e0 avoir acc\u00e8s \u00e0 un soutien financier ou gouvernemental et \u00e0 des mentors.<\/p>\n<p>L\u2019\u00e9tude, qui s\u2019est \u00e9tendue sur huit mois, a eu recours \u00e0 des sondages en ligne, des entrevues approfondies et des groupes t\u00e9moins pour examiner les exp\u00e9riences, les besoins et les int\u00e9r\u00eats de 180\u00a0entrepreneurs s\u00e9niors \u00e0 l\u2019\u00e9gard de l\u2019orientation professionnelle et du soutien. Elle est publi\u00e9e au moment o\u00f9, selon les donn\u00e9es de 2017, les Canadiens \u00e2g\u00e9s de 50\u00a0ans et plus repr\u00e9sentent 37,8\u00a0% de la population canadienne et que cette proportion continue d\u2019augmenter. De m\u00eame, une <a target=\"_blank\" href=\"https:\/\/www.cibc.com\/ca\/pdf\/in-focus-sep-12-fr.pdf\" rel=\"noopener\">\u00e9tude de la CIBC men\u00e9e en 2012<\/a> fait \u00e9tat que les personnes de 50\u00a0ans ou plus forment le groupe d\u2019\u00e2ge affichant la croissance la plus rapide parmi les fondateurs d\u2019entreprises en d\u00e9marrage au Canada, soit environ 30\u00a0% du nombre total. Malgr\u00e9 ce nombre, peu d\u2019\u00e9tudes ont port\u00e9 sur cette tendance des \u00ab\u00a0entrepreneurs s\u00e9niors\u00a0\u00bb.<\/p>\n<p>La recherche de Sheridan explore les voies distinctes emprunt\u00e9es par les entrepreneurs s\u00e9niors. Les trois raisons les plus fr\u00e9quemment invoqu\u00e9es par les participants \u00e0 l\u2019\u00e9tude pour d\u00e9marrer une entreprise apr\u00e8s l\u2019\u00e2ge de 50\u00a0ans sont les suivantes\u00a0:<\/p>\n<ol>\n<li>Vouloir continuer \u00e0 utiliser leurs aptitudes;<\/li>\n<li>Un besoin ou une volont\u00e9 de g\u00e9n\u00e9rer une nouvelle source de revenus;<\/li>\n<li>Vouloir mieux contr\u00f4ler leur travail et leur mode de vie.<\/li>\n<\/ol>\n<p>Le rapport mentionne que lorsqu\u2019on a demand\u00e9 aux r\u00e9pondants d\u2019indiquer l\u2019importance de l\u2019affirmation \u00ab\u00a0J\u2019ai d\u00fb quitter mon emploi pr\u00e9c\u00e9dent\/arr\u00eater ma carri\u00e8re (quelque soit la raison)\u00a0\u00bb, 48\u00a0% ont d\u00e9clar\u00e9 que cette affirmation ne s\u2019appliquait pas \u00e0 eux, ce qui laisse penser que ce ne sont pas les conditions de travail de leur occupation pr\u00e9c\u00e9dente qui, pour plus de la moiti\u00e9 des participants, motivent leur passage \u00e0 l\u2019entrepreneuriat, mais plut\u00f4t l\u2019attirance pour une nouvelle occasion.<\/p>\n<p>Les r\u00e9pondants repr\u00e9sentaient en outre une large gamme de secteurs et de types d\u2019entreprises. Un quart des r\u00e9pondants ont affirm\u00e9 \u00eatre des \u00ab\u00a0consultants\u00a0\u00bb. D\u2019autres participants se sont investis dans la technologie, dans l\u2019entrepreneuriat social, les communications, les arts\/design, les soins de sant\u00e9, l\u2019\u00e9ducation, les services communautaires\/sociaux, la finance\/les banques, la fabrication, les loisirs, le commerce \u00e9lectronique, l\u2019alimentation, l\u2019\u00e9nergie\/l&rsquo;environnement, l\u2019agriculture, l\u2019immobilier, le domaine juridique, le marketing\/marquage, les services li\u00e9s aux animaux domestiques, le tourisme, les transports, la culture physique et la vente au d\u00e9tail. Ces entreprises m\u00e8nent leurs affaires tant en ligne qu\u2019en personne. En outre, plus de la moiti\u00e9 des r\u00e9pondants (58\u00a0%) ont d\u00e9clar\u00e9 avoir exploit\u00e9 ou explor\u00e9 l\u2019id\u00e9e d\u2019exploiter une autre entreprise avant de g\u00e9rer l\u2019entreprise qu\u2019ils ont actuellement, ce qui laisse croire que la transition vers l\u2019entrepreneuriat est le fruit d\u2019un r\u00e9el cheminement.<\/p>\n<p>Les prestataires de service auxquels les entrepreneurs \u00e2g\u00e9s ont eu le plus recours pour les aider sont les bureaux d\u2019aide aux petites entreprises, les banques, les chambres de commerce et les bureaux de d\u00e9veloppement \u00e9conomique. L\u2019\u00e9tude souligne que la plupart des participants ont d\u00e9clar\u00e9 avoir eu recours \u00e0 plusieurs prestataires de service pour obtenir du soutien. Les chercheurs attirent \u00e9galement l\u2019attention sur les r\u00e9pondants qui ont indiqu\u00e9 n\u2019avoir eu acc\u00e8s \u00e0 aucun service ou avoir agi enti\u00e8rement seuls, t\u00e9moignant du caract\u00e8re unique des besoins des entrepreneurs s\u00e9niors en ce qui concerne la localisation ou le rep\u00e9rage des meilleurs services d\u2019aide.<\/p>\n<p>Quand on demande aux participants quels sont les facteurs qui ont le plus contribu\u00e9 \u00e0 leur succ\u00e8s, les r\u00e9ponses sont les suivantes\u00a0:<\/p>\n<ol>\n<li>Leur exp\u00e9rience professionnelle et expertise accumul\u00e9es;<\/li>\n<li>Leur connaissance des besoins de leurs clients;<\/li>\n<li>Leur pers\u00e9v\u00e9rance et leur d\u00e9termination.<\/li>\n<\/ol>\n<p>\u00c0 \u00e9galit\u00e9 en quatri\u00e8me position, on trouve leur volont\u00e9 de prendre des risques, leur r\u00e9putation et leurs r\u00e9seaux de connaissances. Il en ressort que les entrepreneurs plus \u00e2g\u00e9s attribuent leur r\u00e9ussite \u00e0 un m\u00e9lange de caract\u00e9ristiques personnelles et d\u2019accumulation de ressources ou de savoir-faire.<\/p>\n<p>Bon nombre de participants (40\u00a0%) d\u00e9clarent ne pas \u00eatre victimes de discrimination en raison de leur \u00e2ge dans leur parcours vers l\u2019entrepreneuriat. Mieux, ils ont l\u2019impression d\u2019\u00eatre recherch\u00e9s pr\u00e9cis\u00e9ment en raison de leur exp\u00e9rience. Parmi ceux qui ont fait l\u2019objet de discrimination, les deux raisons les plus souvent avanc\u00e9es sont que les services dont ils auraient voulu profiter n\u2019\u00e9taient offerts qu\u2019aux jeunes entrepreneurs et que le processus pour s\u2019y retrouver dans le \u00ab\u00a0syst\u00e8me\u00a0\u00bb \u00e9tait moins bien d\u00e9fini pour un entrepreneur plus \u00e2g\u00e9 que pour un entrepreneur plus jeune. \u00c0 la question de savoir comment les entrepreneurs s\u00e9niors peuvent s\u2019appuyer mutuellement, la r\u00e9ponse la plus fr\u00e9quente est que l\u2019assistance mutuelle n\u2019est pas la seule affaire des entrepreneurs plus \u00e2g\u00e9s, mais que ce mentorat doit s\u2019inscrire dans une perspective qui transcende les g\u00e9n\u00e9rations.<\/p>\n<p>Pour am\u00e9liorer l\u2019\u00e9tat de l\u2019entrepreneuriat chez les personnes d\u2019\u00e2ge m\u00fbr au Canada, le rapport fait les recommandations suivantes\u00a0:<\/p>\n<ul>\n<li>Standardiser les programmes et les services qui existent pour appuyer ces entrepreneurs et la fa\u00e7on dont ils sont annonc\u00e9s d\u2019un bout \u00e0 l\u2019autre du pays.<\/li>\n<li>Concevoir, mettre en application et \u00e9valuer des mod\u00e8les innovants et des services de soutien qui favorisent le mentorat interg\u00e9n\u00e9rationnel.<\/li>\n<li>Envisager d\u2019abandonner la d\u00e9signation \u00ab\u00a0entrepreneurs s\u00e9niors\u00a0\u00bb et assurer plut\u00f4t des services d\u2019appuis \u00e0 tous les entrepreneurs, sans \u00e9gard \u00e0 leur \u00e2ge.<\/li>\n<li>Am\u00e9liorer la communication entre les diverses parties prenantes qui ont un int\u00e9r\u00eat \u00e0 appuyer ces groupes (p.\u00a0ex., les d\u00e9cideurs, les professionnels de d\u00e9veloppement des carri\u00e8res, les bailleurs de fonds) pour que le message soit coh\u00e9rent et que les aiguillages entre groupes soient facilit\u00e9s.<\/li>\n<li>Promouvoir un financement et d\u2019autres formes d\u2019aide dont l\u2019octroi ne tient pas compte de l\u2019\u00e2ge des demandeurs.<\/li>\n<li>Assurer des services de reclassement professionnel aux travailleurs plus \u00e2g\u00e9s qui quittent leurs emplois traditionnels et envisagent de monter une entreprise comme solution viable.<\/li>\n<li>Mettre au point du mat\u00e9riel de formation et des ressources \u00e0 l\u2019intention des professionnels de d\u00e9veloppement des carri\u00e8res et d\u2019autres prestataires de services qui pourraient les aider \u00e0 mieux aider leurs clients d\u2019un certain \u00e2ge.<\/li>\n<li>Mettre en valeur les aptitudes, la sagesse et l\u2019exp\u00e9rience des personnes plus \u00e2g\u00e9es et des entrepreneurs s\u00e9niors aupr\u00e8s de la soci\u00e9t\u00e9 en g\u00e9n\u00e9ral et s\u2019efforcer, par une campagne de sensibilisation, de modifier les perceptions n\u00e9gatives qui entourent le vieillissement.<\/li>\n<\/ul>\n<p>La recherche a pour objectif imm\u00e9diat de fournir aux conseillers d\u2019orientation professionnelle, aux conseillers financiers, aux conseillers de vie, aux leaders \u00e9conomiques r\u00e9gionaux et \u00e0 d\u2019autres acteurs les renseignements n\u00e9cessaires pour mieux aider les entrepreneurs d\u2019\u00e2ge m\u00fbr. Les chercheurs esp\u00e8rent que les r\u00e9percussions plus vastes de cette \u00e9tude sur le vieillissement et l\u2019entrepreneuriat contribueront \u00e0 am\u00e9liorer les services actuels et le soutien fournis aux entrepreneurs plus \u00e2g\u00e9s et encourager la cr\u00e9ation de nouveaux outils qui favoriseront la r\u00e9ussite de ces entrepreneurs, au b\u00e9n\u00e9fice de l\u2019\u00e9conomie canadienne dans son ensemble.<\/p>\n<p>CERIC et le Sheridan Centre for Elder Research pr\u00e9senteront un webinaire gratuit d\u2019une heure le mardi 18\u00a0septembre pour examiner plus en d\u00e9tail les r\u00e9sultats de la recherche et leurs cons\u00e9quences. D\u2019autres renseignements seront affich\u00e9s sur le site <a href=\"\/?page_id=8316\">ceric.ca\/webinars<\/a>.<\/p>\n","protected":false},"excerpt":{"rendered":"<p>Pr\u00e8s de quatre entrepreneurs d\u2019\u00e2ge m\u00fbr sur 10 se heurtent \u00e0 des lacunes dans le soutien dont ils ont besoin pour lancer ou faire cro\u00eetre leur<span class=\"excerpt-hellip\"> [\u2026]<\/span><\/p>\n","protected":false},"author":30,"featured_media":0,"comment_status":"closed","ping_status":"closed","sticky":false,"template":"","format":"standard","meta":{"h5ap_radio_sources":[],"footnotes":""},"categories":[383,740,32],"tags":[],"class_list":["post-29935","post","type-post","status-publish","format-standard","hentry","category-2018-nouvelles","category-juillet-2018-nouvelles","category-nouvelles"],"yoast_head":"<!-- This site is optimized with the Yoast SEO Premium plugin v27.4 (Yoast SEO v27.4) - https:\/\/yoast.com\/product\/yoast-seo-premium-wordpress\/ -->\n<title>Les entrepreneurs s\u00e9niors du Canada ont besoin d\u2019un acc\u00e8s \u00e9largi au financement et au soutien - CERIC<\/title>\n<meta name=\"robots\" content=\"index, follow, max-snippet:-1, max-image-preview:large, max-video-preview:-1\" \/>\n<link rel=\"canonical\" href=\"https:\/\/ceric.ca\/fr\/2018\/07\/les-entrepreneurs-seniors-du-canada-ont-besoin-dun-acces-elargi-au-financement-et-au-soutien\/\" \/>\n<meta property=\"og:locale\" content=\"fr_FR\" \/>\n<meta property=\"og:type\" content=\"article\" \/>\n<meta property=\"og:title\" content=\"Les entrepreneurs s\u00e9niors du Canada ont besoin d\u2019un acc\u00e8s \u00e9largi au financement et au soutien\" \/>\n<meta property=\"og:description\" content=\"Pr\u00e8s de quatre entrepreneurs d\u2019\u00e2ge m\u00fbr sur 10 se heurtent \u00e0 des lacunes dans le soutien dont ils ont besoin pour lancer ou faire cro\u00eetre leur [\u2026]\" \/>\n<meta property=\"og:url\" content=\"https:\/\/ceric.ca\/fr\/2018\/07\/les-entrepreneurs-seniors-du-canada-ont-besoin-dun-acces-elargi-au-financement-et-au-soutien\/\" \/>\n<meta property=\"og:site_name\" content=\"CERIC\" \/>\n<meta property=\"article:published_time\" content=\"2018-07-17T13:00:04+00:00\" \/>\n<meta property=\"article:modified_time\" content=\"2018-07-17T20:57:09+00:00\" \/>\n<meta name=\"author\" content=\"Rachel So\" \/>\n<meta name=\"twitter:card\" content=\"summary_large_image\" \/>\n<meta name=\"twitter:label1\" content=\"\u00c9crit par\" \/>\n\t<meta name=\"twitter:data1\" content=\"Rachel So\" \/>\n\t<meta name=\"twitter:label2\" content=\"Dur\u00e9e de lecture estim\u00e9e\" \/>\n\t<meta name=\"twitter:data2\" content=\"7 minutes\" \/>\n<script type=\"application\/ld+json\" class=\"yoast-schema-graph\">{\"@context\":\"https:\\\/\\\/schema.org\",\"@graph\":[{\"@type\":\"Article\",\"@id\":\"https:\\\/\\\/ceric.ca\\\/fr\\\/2018\\\/07\\\/les-entrepreneurs-seniors-du-canada-ont-besoin-dun-acces-elargi-au-financement-et-au-soutien\\\/#article\",\"isPartOf\":{\"@id\":\"https:\\\/\\\/ceric.ca\\\/fr\\\/2018\\\/07\\\/les-entrepreneurs-seniors-du-canada-ont-besoin-dun-acces-elargi-au-financement-et-au-soutien\\\/\"},\"author\":{\"name\":\"Rachel So\",\"@id\":\"https:\\\/\\\/ceric.ca\\\/#\\\/schema\\\/person\\\/2e3faddf54acfac0d88b9ce185094d00\"},\"headline\":\"Les entrepreneurs s\u00e9niors du Canada ont besoin d\u2019un acc\u00e8s \u00e9largi au financement et au soutien\",\"datePublished\":\"2018-07-17T13:00:04+00:00\",\"dateModified\":\"2018-07-17T20:57:09+00:00\",\"mainEntityOfPage\":{\"@id\":\"https:\\\/\\\/ceric.ca\\\/fr\\\/2018\\\/07\\\/les-entrepreneurs-seniors-du-canada-ont-besoin-dun-acces-elargi-au-financement-et-au-soutien\\\/\"},\"wordCount\":1376,\"publisher\":{\"@id\":\"https:\\\/\\\/ceric.ca\\\/#organization\"},\"articleSection\":[\"2018\",\"juillet\",\"Nouvelles\"],\"inLanguage\":\"fr-FR\"},{\"@type\":\"WebPage\",\"@id\":\"https:\\\/\\\/ceric.ca\\\/fr\\\/2018\\\/07\\\/les-entrepreneurs-seniors-du-canada-ont-besoin-dun-acces-elargi-au-financement-et-au-soutien\\\/\",\"url\":\"https:\\\/\\\/ceric.ca\\\/fr\\\/2018\\\/07\\\/les-entrepreneurs-seniors-du-canada-ont-besoin-dun-acces-elargi-au-financement-et-au-soutien\\\/\",\"name\":\"Les entrepreneurs s\u00e9niors du Canada ont besoin d\u2019un acc\u00e8s \u00e9largi au financement et au soutien - CERIC\",\"isPartOf\":{\"@id\":\"https:\\\/\\\/ceric.ca\\\/#website\"},\"datePublished\":\"2018-07-17T13:00:04+00:00\",\"dateModified\":\"2018-07-17T20:57:09+00:00\",\"breadcrumb\":{\"@id\":\"https:\\\/\\\/ceric.ca\\\/fr\\\/2018\\\/07\\\/les-entrepreneurs-seniors-du-canada-ont-besoin-dun-acces-elargi-au-financement-et-au-soutien\\\/#breadcrumb\"},\"inLanguage\":\"fr-FR\",\"potentialAction\":[{\"@type\":\"ReadAction\",\"target\":[\"https:\\\/\\\/ceric.ca\\\/fr\\\/2018\\\/07\\\/les-entrepreneurs-seniors-du-canada-ont-besoin-dun-acces-elargi-au-financement-et-au-soutien\\\/\"]}]},{\"@type\":\"BreadcrumbList\",\"@id\":\"https:\\\/\\\/ceric.ca\\\/fr\\\/2018\\\/07\\\/les-entrepreneurs-seniors-du-canada-ont-besoin-dun-acces-elargi-au-financement-et-au-soutien\\\/#breadcrumb\",\"itemListElement\":[{\"@type\":\"ListItem\",\"position\":1,\"name\":\"Home\",\"item\":\"https:\\\/\\\/ceric.ca\\\/fr\\\/ceric-homepage-2025\\\/\"},{\"@type\":\"ListItem\",\"position\":2,\"name\":\"Les entrepreneurs s\u00e9niors du Canada ont besoin d\u2019un acc\u00e8s \u00e9largi au financement et au soutien\"}]},{\"@type\":\"WebSite\",\"@id\":\"https:\\\/\\\/ceric.ca\\\/#website\",\"url\":\"https:\\\/\\\/ceric.ca\\\/\",\"name\":\"CERIC\",\"description\":\"\",\"publisher\":{\"@id\":\"https:\\\/\\\/ceric.ca\\\/#organization\"},\"potentialAction\":[{\"@type\":\"SearchAction\",\"target\":{\"@type\":\"EntryPoint\",\"urlTemplate\":\"https:\\\/\\\/ceric.ca\\\/?s={search_term_string}\"},\"query-input\":{\"@type\":\"PropertyValueSpecification\",\"valueRequired\":true,\"valueName\":\"search_term_string\"}}],\"inLanguage\":\"fr-FR\"},{\"@type\":\"Organization\",\"@id\":\"https:\\\/\\\/ceric.ca\\\/#organization\",\"name\":\"CERIC\",\"url\":\"https:\\\/\\\/ceric.ca\\\/\",\"logo\":{\"@type\":\"ImageObject\",\"inLanguage\":\"fr-FR\",\"@id\":\"https:\\\/\\\/ceric.ca\\\/#\\\/schema\\\/logo\\\/image\\\/\",\"url\":\"\",\"contentUrl\":\"\",\"caption\":\"CERIC\"},\"image\":{\"@id\":\"https:\\\/\\\/ceric.ca\\\/#\\\/schema\\\/logo\\\/image\\\/\"}},{\"@type\":\"Person\",\"@id\":\"https:\\\/\\\/ceric.ca\\\/#\\\/schema\\\/person\\\/2e3faddf54acfac0d88b9ce185094d00\",\"name\":\"Rachel So\",\"image\":{\"@type\":\"ImageObject\",\"inLanguage\":\"fr-FR\",\"@id\":\"https:\\\/\\\/secure.gravatar.com\\\/avatar\\\/4c40c9aaacb6f176dbd977bdf43366708b68bdf16dc927d1e222e96783b5a9bc?s=96&d=blank&r=g\",\"url\":\"https:\\\/\\\/secure.gravatar.com\\\/avatar\\\/4c40c9aaacb6f176dbd977bdf43366708b68bdf16dc927d1e222e96783b5a9bc?s=96&d=blank&r=g\",\"contentUrl\":\"https:\\\/\\\/secure.gravatar.com\\\/avatar\\\/4c40c9aaacb6f176dbd977bdf43366708b68bdf16dc927d1e222e96783b5a9bc?s=96&d=blank&r=g\",\"caption\":\"Rachel So\"},\"url\":\"https:\\\/\\\/ceric.ca\\\/fr\\\/author\\\/rachel\\\/\"}]}<\/script>\n<!-- \/ Yoast SEO Premium plugin. -->","yoast_head_json":{"title":"Les entrepreneurs s\u00e9niors du Canada ont besoin d\u2019un acc\u00e8s \u00e9largi au financement et au soutien - CERIC","robots":{"index":"index","follow":"follow","max-snippet":"max-snippet:-1","max-image-preview":"max-image-preview:large","max-video-preview":"max-video-preview:-1"},"canonical":"https:\/\/ceric.ca\/fr\/2018\/07\/les-entrepreneurs-seniors-du-canada-ont-besoin-dun-acces-elargi-au-financement-et-au-soutien\/","og_locale":"fr_FR","og_type":"article","og_title":"Les entrepreneurs s\u00e9niors du Canada ont besoin d\u2019un acc\u00e8s \u00e9largi au financement et au soutien","og_description":"Pr\u00e8s de quatre entrepreneurs d\u2019\u00e2ge m\u00fbr sur 10 se heurtent \u00e0 des lacunes dans le soutien dont ils ont besoin pour lancer ou faire cro\u00eetre leur [\u2026]","og_url":"https:\/\/ceric.ca\/fr\/2018\/07\/les-entrepreneurs-seniors-du-canada-ont-besoin-dun-acces-elargi-au-financement-et-au-soutien\/","og_site_name":"CERIC","article_published_time":"2018-07-17T13:00:04+00:00","article_modified_time":"2018-07-17T20:57:09+00:00","author":"Rachel So","twitter_card":"summary_large_image","twitter_misc":{"\u00c9crit par":"Rachel So","Dur\u00e9e de lecture estim\u00e9e":"7 minutes"},"schema":{"@context":"https:\/\/schema.org","@graph":[{"@type":"Article","@id":"https:\/\/ceric.ca\/fr\/2018\/07\/les-entrepreneurs-seniors-du-canada-ont-besoin-dun-acces-elargi-au-financement-et-au-soutien\/#article","isPartOf":{"@id":"https:\/\/ceric.ca\/fr\/2018\/07\/les-entrepreneurs-seniors-du-canada-ont-besoin-dun-acces-elargi-au-financement-et-au-soutien\/"},"author":{"name":"Rachel So","@id":"https:\/\/ceric.ca\/#\/schema\/person\/2e3faddf54acfac0d88b9ce185094d00"},"headline":"Les entrepreneurs s\u00e9niors du Canada ont besoin d\u2019un acc\u00e8s \u00e9largi au financement et au soutien","datePublished":"2018-07-17T13:00:04+00:00","dateModified":"2018-07-17T20:57:09+00:00","mainEntityOfPage":{"@id":"https:\/\/ceric.ca\/fr\/2018\/07\/les-entrepreneurs-seniors-du-canada-ont-besoin-dun-acces-elargi-au-financement-et-au-soutien\/"},"wordCount":1376,"publisher":{"@id":"https:\/\/ceric.ca\/#organization"},"articleSection":["2018","juillet","Nouvelles"],"inLanguage":"fr-FR"},{"@type":"WebPage","@id":"https:\/\/ceric.ca\/fr\/2018\/07\/les-entrepreneurs-seniors-du-canada-ont-besoin-dun-acces-elargi-au-financement-et-au-soutien\/","url":"https:\/\/ceric.ca\/fr\/2018\/07\/les-entrepreneurs-seniors-du-canada-ont-besoin-dun-acces-elargi-au-financement-et-au-soutien\/","name":"Les entrepreneurs s\u00e9niors du Canada ont besoin d\u2019un acc\u00e8s \u00e9largi au financement et au soutien - CERIC","isPartOf":{"@id":"https:\/\/ceric.ca\/#website"},"datePublished":"2018-07-17T13:00:04+00:00","dateModified":"2018-07-17T20:57:09+00:00","breadcrumb":{"@id":"https:\/\/ceric.ca\/fr\/2018\/07\/les-entrepreneurs-seniors-du-canada-ont-besoin-dun-acces-elargi-au-financement-et-au-soutien\/#breadcrumb"},"inLanguage":"fr-FR","potentialAction":[{"@type":"ReadAction","target":["https:\/\/ceric.ca\/fr\/2018\/07\/les-entrepreneurs-seniors-du-canada-ont-besoin-dun-acces-elargi-au-financement-et-au-soutien\/"]}]},{"@type":"BreadcrumbList","@id":"https:\/\/ceric.ca\/fr\/2018\/07\/les-entrepreneurs-seniors-du-canada-ont-besoin-dun-acces-elargi-au-financement-et-au-soutien\/#breadcrumb","itemListElement":[{"@type":"ListItem","position":1,"name":"Home","item":"https:\/\/ceric.ca\/fr\/ceric-homepage-2025\/"},{"@type":"ListItem","position":2,"name":"Les entrepreneurs s\u00e9niors du Canada ont besoin d\u2019un acc\u00e8s \u00e9largi au financement et au soutien"}]},{"@type":"WebSite","@id":"https:\/\/ceric.ca\/#website","url":"https:\/\/ceric.ca\/","name":"CERIC","description":"","publisher":{"@id":"https:\/\/ceric.ca\/#organization"},"potentialAction":[{"@type":"SearchAction","target":{"@type":"EntryPoint","urlTemplate":"https:\/\/ceric.ca\/?s={search_term_string}"},"query-input":{"@type":"PropertyValueSpecification","valueRequired":true,"valueName":"search_term_string"}}],"inLanguage":"fr-FR"},{"@type":"Organization","@id":"https:\/\/ceric.ca\/#organization","name":"CERIC","url":"https:\/\/ceric.ca\/","logo":{"@type":"ImageObject","inLanguage":"fr-FR","@id":"https:\/\/ceric.ca\/#\/schema\/logo\/image\/","url":"","contentUrl":"","caption":"CERIC"},"image":{"@id":"https:\/\/ceric.ca\/#\/schema\/logo\/image\/"}},{"@type":"Person","@id":"https:\/\/ceric.ca\/#\/schema\/person\/2e3faddf54acfac0d88b9ce185094d00","name":"Rachel So","image":{"@type":"ImageObject","inLanguage":"fr-FR","@id":"https:\/\/secure.gravatar.com\/avatar\/4c40c9aaacb6f176dbd977bdf43366708b68bdf16dc927d1e222e96783b5a9bc?s=96&d=blank&r=g","url":"https:\/\/secure.gravatar.com\/avatar\/4c40c9aaacb6f176dbd977bdf43366708b68bdf16dc927d1e222e96783b5a9bc?s=96&d=blank&r=g","contentUrl":"https:\/\/secure.gravatar.com\/avatar\/4c40c9aaacb6f176dbd977bdf43366708b68bdf16dc927d1e222e96783b5a9bc?s=96&d=blank&r=g","caption":"Rachel So"},"url":"https:\/\/ceric.ca\/fr\/author\/rachel\/"}]}},"_links":{"self":[{"href":"https:\/\/ceric.ca\/fr\/wp-json\/wp\/v2\/posts\/29935","targetHints":{"allow":["GET"]}}],"collection":[{"href":"https:\/\/ceric.ca\/fr\/wp-json\/wp\/v2\/posts"}],"about":[{"href":"https:\/\/ceric.ca\/fr\/wp-json\/wp\/v2\/types\/post"}],"author":[{"embeddable":true,"href":"https:\/\/ceric.ca\/fr\/wp-json\/wp\/v2\/users\/30"}],"replies":[{"embeddable":true,"href":"https:\/\/ceric.ca\/fr\/wp-json\/wp\/v2\/comments?post=29935"}],"version-history":[{"count":0,"href":"https:\/\/ceric.ca\/fr\/wp-json\/wp\/v2\/posts\/29935\/revisions"}],"wp:attachment":[{"href":"https:\/\/ceric.ca\/fr\/wp-json\/wp\/v2\/media?parent=29935"}],"wp:term":[{"taxonomy":"category","embeddable":true,"href":"https:\/\/ceric.ca\/fr\/wp-json\/wp\/v2\/categories?post=29935"},{"taxonomy":"post_tag","embeddable":true,"href":"https:\/\/ceric.ca\/fr\/wp-json\/wp\/v2\/tags?post=29935"}],"curies":[{"name":"wp","href":"https:\/\/api.w.org\/{rel}","templated":true}]}}