{"id":32742,"date":"2019-04-09T14:27:53","date_gmt":"2019-04-09T18:27:53","guid":{"rendered":"https:\/\/ceric.ca\/?p=32742"},"modified":"2019-04-09T14:27:53","modified_gmt":"2019-04-09T18:27:53","slug":"le-ceric-finance-un-projet-de-recherche-pour-appuyer-lintegration-au-travail-des-personnes-immigrantes-au-quebec","status":"publish","type":"post","link":"https:\/\/ceric.ca\/fr\/2019\/04\/le-ceric-finance-un-projet-de-recherche-pour-appuyer-lintegration-au-travail-des-personnes-immigrantes-au-quebec\/","title":{"rendered":"Le CERIC finance un projet de recherche pour appuyer l\u2019int\u00e9gration au travail des personnes immigrantes au Qu\u00e9bec"},"content":{"rendered":"<p>Le CERIC financera <a href=\"https:\/\/ceric.ca\/fr\/project\/concevoir-des-prestations-de-services-axees-sur-lutilisateur-proposition-dune-demarche-constructiviste\/\">un nouveau projet de recherche au Qu\u00e9bec<\/a> qui \u00e9tudiera les fa\u00e7ons dont les services peuvent mieux soutenir l\u2019insertion professionnelle des personnes immigrantes qui connaissent plus de difficult\u00e9s, malgr\u00e9 leurs qualifications ainsi que leurs \u00e9tudes et leur formation avanc\u00e9es \u00e0 l\u2019origine de leur s\u00e9lection. Le projet sera dirig\u00e9 par Marcelline\u00a0Bangali, professeure \u00e0 la Facult\u00e9 des sciences de l\u2019\u00e9ducation de l\u2019<a target=\"_blank\" href=\"http:\/\/www.ulaval.ca\/\" rel=\"noopener\">Universit\u00e9 Laval<\/a> et directrice adjointe du <a target=\"_blank\" href=\"https:\/\/www.crievat.fse.ulaval.ca\/\" rel=\"noopener\">Centre de recherche et d\u2019intervention sur l\u2019\u00e9ducation et la vie au travail (CRIEVAT)<\/a>, l\u2019un des plus grands centres de recherche en orientation au Canada.<\/p>\n<p>La recherche sera men\u00e9e en partenariat avec le <a target=\"_blank\" href=\"http:\/\/www.soit.quebec\/\" rel=\"noopener\">Service d\u2019orientation et d\u2019int\u00e9gration des immigrants au travail (SOIT<\/a>), un organisme d\u2019emploi \u00e0 but non lucratif de Qu\u00e9bec au service des nouveaux arrivants et des employeurs. Le partenariat avec le SOIT permettra aux chercheurs de mieux comprendre dans quelle mesure les services offerts par cet organisme r\u00e9pondent aux besoins des migrants relativement \u00e0 leur insertion durable dans un emploi qu\u2019ils jugent d\u00e9cent et qui contribue pleinement \u00e0 la r\u00e9alisation de leurs choix de vie fondamentaux. L\u2019objectif ultime de la recherche est la cr\u00e9ation d\u2019un mod\u00e8le de service qui aiderait les personnes ayant nouvellement immigr\u00e9es \u00e0 g\u00e9rer cette transition dans toute sa complexit\u00e9 identitaire et professionnelle.<\/p>\n<p>La r\u00e9alisation du projet s\u2019\u00e9chelonnera sur trois ans et sera men\u00e9e par une \u00e9quipe de recherche de l\u2019Universit\u00e9 Laval et de l\u2019Universit\u00e9 de Moncton. Ax\u00e9 sur l\u2019enrichissement de la recherche par les savoirs exp\u00e9rientiels, ce projet sera mis en \u0153uvre en collaboration \u00e9troite avec les professionnels du SOIT. Il consistera \u00e0 observer les activit\u00e9s d\u2019accompagnement de cet organisme, r\u00e9aliser une enqu\u00eate par questionnaire ainsi que des entretiens aupr\u00e8s de sa client\u00e8le (personnes immigrantes) sur l\u2019impact des services re\u00e7us, des entretiens individuels et de groupe avec son personnel (conseillers d\u2019orientation et d\u2019emploi) sur leur pratique. L\u2019\u00e9quipe de recherche r\u00e9alisera \u00e9galement une \u00e9tude sur les perceptions des employeurs afin que les axes d\u2019am\u00e9lioration et les pistes d\u2019actions qui \u00e9mergeront de cette recherche soient en coh\u00e9rence avec les r\u00e9alit\u00e9s du march\u00e9 du travail.<\/p>\n<p>La recherche servira ensuite \u00e0 mettre au point un mod\u00e8le d\u2019intervention exp\u00e9rimental que le SOIT mettra \u00e0 l\u2019essai. Ce mod\u00e8le de pratique innovateur et complet sera inspir\u00e9 d\u2019une approche constructiviste ax\u00e9e sur l\u2019utilisateur, dans la perspective du nouveau paradigme de l\u2019orientation au 21<sup>e<\/sup>\u00a0si\u00e8cle (inspir\u00e9 des travaux de Mark\u00a0Savickas, Jean Guichard et Mary McMahon).<\/p>\n<p>Une telle recherche r\u00e9pond \u00e0 des besoins qui se font sentir depuis plusieurs d\u00e9cennies. Les personnes immigrantes au Qu\u00e9bec sont s\u00e9lectionn\u00e9es en fonction de nombreux crit\u00e8res, dont la qualification professionnelle et le haut niveau de scolarit\u00e9. Pour les candidats s\u00e9lectionn\u00e9s, les perspectives d\u2019emploi repr\u00e9sentent un facteur d\u00e9terminant. Si ces crit\u00e8res sont exig\u00e9s pour l\u2019admission des candidats \u00e0 l\u2019immigration, force est de constater que leur int\u00e9gration en emploi est tr\u00e8s laborieuse (ch\u00f4mage, d\u00e9qualification et discrimination). Beaucoup de nouveaux arrivants, pourtant s\u00e9lectionn\u00e9s pour leur qualification, font face \u00e0 un changement professionnel non d\u00e9sir\u00e9 et impr\u00e9vu. Cela se traduit g\u00e9n\u00e9ralement par une \u00ab\u00a0perte de statut\u00a0\u00bb. Beaucoup de services d\u2019orientation professionnelle visent un acc\u00e8s rapide au march\u00e9 du travail. Or, une telle strat\u00e9gie peut mener \u00e0 des choix contreproductifs, au d\u00e9triment des autres sph\u00e8res de vie, avec des r\u00e9percussions sur la sant\u00e9 mentale, le bien-\u00eatre et la coh\u00e9sion familiale. Tr\u00e8s peu d\u2019\u00e9tudes nous renseignent sur l\u2019impact r\u00e9el des prestations de services dont b\u00e9n\u00e9ficient les immigrants dans cette transition complexe et leur r\u00e9orientation professionnelle.<\/p>\n<p>Les r\u00e9sultats du projet serviront \u00e0 concevoir un guide d\u2019intervention pratique qui sera publi\u00e9 en fran\u00e7ais et en anglais \u00e0 l\u2019intention des professionnels qui interviennent aupr\u00e8s des personnes immigrantes. Les m\u00e9thodes d\u2019intervention ainsi que les recommandations qui seront d\u00e9velopp\u00e9es dans ce guide pourront \u00eatre adapt\u00e9es aux sp\u00e9cificit\u00e9s d\u2019autres provinces afin d\u2019analyser les pratiques et d\u2019effectuer des propositions de nouvelles approches pour mieux r\u00e9pondre aux besoins de la client\u00e8le immigrante. Une universit\u00e9 d\u2019\u00e9t\u00e9 destin\u00e9e \u00e0 la fois aux conseillers d\u2019orientation ou d\u2019emploi, aux professionnels intervenant aupr\u00e8s des personnes immigrantes (ex. service social) et aux \u00e9tudiants en sciences de l\u2019orientation ou en counseling de carri\u00e8re favorisera davantage le transfert des connaissances. Un s\u00e9minaire de 2<sup>e<\/sup> et 3<sup>e<\/sup>\u00a0cycles sera \u00e9galement mis sur pied pour que les \u00e9tudiants puissent int\u00e9grer les r\u00e9sultats de cette recherche \u00e0 leur future pratique professionnelle ou \u00e0 leurs propres projets de recherche. Enfin, la recherche contribuera \u00e0 la prise de d\u00e9cisions politiques et sociales entourant l\u2019int\u00e9gration des immigrants au Canada.<\/p>\n<p>Le CERIC <a href=\"https:\/\/ceric.ca\/fr\/partenariats\/\">fournit du financement<\/a> et d\u2019autres formes d\u2019aide pour l\u2019\u00e9laboration de ressources innovantes de d\u00e9veloppement de carri\u00e8re. Les particuliers et les organismes sont invit\u00e9s \u00e0 proposer des projets de recherche ou d\u2019apprentissage dans le domaine de l\u2019orientation professionnelle. Ce projet de recherche s\u2019inscrit dans plusieurs des cinq secteurs de financement prioritaires du CERIC\u00a0: la pratique du d\u00e9veloppement de carri\u00e8re ayant une incidence sociale et \u00e9conomique, les nouvelles th\u00e9ories de d\u00e9veloppement de carri\u00e8re et les nouveaux mod\u00e8les de gestion de carri\u00e8re; et l\u2019incidence des services d\u2019orientation professionnelle sur les politiques et les programmes.<\/p>\n","protected":false},"excerpt":{"rendered":"<p>Le CERIC financera un nouveau projet de recherche au Qu\u00e9bec qui \u00e9tudiera les fa\u00e7ons dont les services peuvent mieux soutenir l\u2019insertion professionnelle des personnes immigrantes qui<span class=\"excerpt-hellip\"> [\u2026]<\/span><\/p>\n","protected":false},"author":30,"featured_media":32747,"comment_status":"closed","ping_status":"closed","sticky":false,"template":"","format":"standard","meta":{"h5ap_radio_sources":[],"footnotes":""},"categories":[842,765,785,32],"tags":[],"class_list":["post-32742","post","type-post","status-publish","format-standard","has-post-thumbnail","hentry","category-2019-fr","category-2019-nouvelles","category-avril-2019-nouvelles","category-nouvelles"],"yoast_head":"<!-- This site is optimized with the Yoast SEO Premium plugin v27.4 (Yoast SEO v27.4) - https:\/\/yoast.com\/product\/yoast-seo-premium-wordpress\/ -->\n<title>Le CERIC finance un projet de recherche pour appuyer l\u2019int\u00e9gration au travail des personnes immigrantes au Qu\u00e9bec - CERIC<\/title>\n<meta name=\"robots\" content=\"index, follow, max-snippet:-1, max-image-preview:large, max-video-preview:-1\" \/>\n<link rel=\"canonical\" href=\"https:\/\/ceric.ca\/fr\/2019\/04\/le-ceric-finance-un-projet-de-recherche-pour-appuyer-lintegration-au-travail-des-personnes-immigrantes-au-quebec\/\" \/>\n<meta property=\"og:locale\" content=\"fr_FR\" \/>\n<meta property=\"og:type\" content=\"article\" \/>\n<meta property=\"og:title\" content=\"Le CERIC finance un projet de recherche pour appuyer l\u2019int\u00e9gration au travail des personnes immigrantes au Qu\u00e9bec\" \/>\n<meta property=\"og:description\" content=\"Le CERIC financera un nouveau projet de recherche au Qu\u00e9bec qui \u00e9tudiera les fa\u00e7ons dont les services peuvent mieux soutenir l\u2019insertion professionnelle des personnes immigrantes qui [\u2026]\" \/>\n<meta property=\"og:url\" content=\"https:\/\/ceric.ca\/fr\/2019\/04\/le-ceric-finance-un-projet-de-recherche-pour-appuyer-lintegration-au-travail-des-personnes-immigrantes-au-quebec\/\" \/>\n<meta property=\"og:site_name\" content=\"CERIC\" \/>\n<meta property=\"article:published_time\" content=\"2019-04-09T18:27:53+00:00\" \/>\n<meta property=\"og:image\" content=\"https:\/\/ceric.ca\/wp-content\/uploads\/2019\/04\/laval.png\" \/>\n\t<meta property=\"og:image:width\" content=\"750\" \/>\n\t<meta property=\"og:image:height\" content=\"516\" \/>\n\t<meta property=\"og:image:type\" content=\"image\/png\" \/>\n<meta name=\"author\" content=\"Rachel So\" \/>\n<meta name=\"twitter:card\" content=\"summary_large_image\" \/>\n<meta name=\"twitter:label1\" content=\"\u00c9crit par\" \/>\n\t<meta name=\"twitter:data1\" content=\"Rachel So\" \/>\n\t<meta name=\"twitter:label2\" content=\"Dur\u00e9e de lecture estim\u00e9e\" \/>\n\t<meta name=\"twitter:data2\" content=\"5 minutes\" \/>\n<script type=\"application\/ld+json\" class=\"yoast-schema-graph\">{\"@context\":\"https:\\\/\\\/schema.org\",\"@graph\":[{\"@type\":\"Article\",\"@id\":\"https:\\\/\\\/ceric.ca\\\/fr\\\/2019\\\/04\\\/le-ceric-finance-un-projet-de-recherche-pour-appuyer-lintegration-au-travail-des-personnes-immigrantes-au-quebec\\\/#article\",\"isPartOf\":{\"@id\":\"https:\\\/\\\/ceric.ca\\\/fr\\\/2019\\\/04\\\/le-ceric-finance-un-projet-de-recherche-pour-appuyer-lintegration-au-travail-des-personnes-immigrantes-au-quebec\\\/\"},\"author\":{\"name\":\"Rachel So\",\"@id\":\"https:\\\/\\\/ceric.ca\\\/#\\\/schema\\\/person\\\/2e3faddf54acfac0d88b9ce185094d00\"},\"headline\":\"Le CERIC finance un projet de recherche pour appuyer l\u2019int\u00e9gration au travail des personnes immigrantes au Qu\u00e9bec\",\"datePublished\":\"2019-04-09T18:27:53+00:00\",\"mainEntityOfPage\":{\"@id\":\"https:\\\/\\\/ceric.ca\\\/fr\\\/2019\\\/04\\\/le-ceric-finance-un-projet-de-recherche-pour-appuyer-lintegration-au-travail-des-personnes-immigrantes-au-quebec\\\/\"},\"wordCount\":965,\"publisher\":{\"@id\":\"https:\\\/\\\/ceric.ca\\\/#organization\"},\"image\":{\"@id\":\"https:\\\/\\\/ceric.ca\\\/fr\\\/2019\\\/04\\\/le-ceric-finance-un-projet-de-recherche-pour-appuyer-lintegration-au-travail-des-personnes-immigrantes-au-quebec\\\/#primaryimage\"},\"thumbnailUrl\":\"https:\\\/\\\/ceric.ca\\\/wp-content\\\/uploads\\\/2019\\\/04\\\/laval.png\",\"articleSection\":[\"2019\",\"2019\",\"avril\",\"Nouvelles\"],\"inLanguage\":\"fr-FR\"},{\"@type\":\"WebPage\",\"@id\":\"https:\\\/\\\/ceric.ca\\\/fr\\\/2019\\\/04\\\/le-ceric-finance-un-projet-de-recherche-pour-appuyer-lintegration-au-travail-des-personnes-immigrantes-au-quebec\\\/\",\"url\":\"https:\\\/\\\/ceric.ca\\\/fr\\\/2019\\\/04\\\/le-ceric-finance-un-projet-de-recherche-pour-appuyer-lintegration-au-travail-des-personnes-immigrantes-au-quebec\\\/\",\"name\":\"Le CERIC finance un projet de recherche pour appuyer l\u2019int\u00e9gration au travail des personnes immigrantes au Qu\u00e9bec - CERIC\",\"isPartOf\":{\"@id\":\"https:\\\/\\\/ceric.ca\\\/#website\"},\"primaryImageOfPage\":{\"@id\":\"https:\\\/\\\/ceric.ca\\\/fr\\\/2019\\\/04\\\/le-ceric-finance-un-projet-de-recherche-pour-appuyer-lintegration-au-travail-des-personnes-immigrantes-au-quebec\\\/#primaryimage\"},\"image\":{\"@id\":\"https:\\\/\\\/ceric.ca\\\/fr\\\/2019\\\/04\\\/le-ceric-finance-un-projet-de-recherche-pour-appuyer-lintegration-au-travail-des-personnes-immigrantes-au-quebec\\\/#primaryimage\"},\"thumbnailUrl\":\"https:\\\/\\\/ceric.ca\\\/wp-content\\\/uploads\\\/2019\\\/04\\\/laval.png\",\"datePublished\":\"2019-04-09T18:27:53+00:00\",\"breadcrumb\":{\"@id\":\"https:\\\/\\\/ceric.ca\\\/fr\\\/2019\\\/04\\\/le-ceric-finance-un-projet-de-recherche-pour-appuyer-lintegration-au-travail-des-personnes-immigrantes-au-quebec\\\/#breadcrumb\"},\"inLanguage\":\"fr-FR\",\"potentialAction\":[{\"@type\":\"ReadAction\",\"target\":[\"https:\\\/\\\/ceric.ca\\\/fr\\\/2019\\\/04\\\/le-ceric-finance-un-projet-de-recherche-pour-appuyer-lintegration-au-travail-des-personnes-immigrantes-au-quebec\\\/\"]}]},{\"@type\":\"ImageObject\",\"inLanguage\":\"fr-FR\",\"@id\":\"https:\\\/\\\/ceric.ca\\\/fr\\\/2019\\\/04\\\/le-ceric-finance-un-projet-de-recherche-pour-appuyer-lintegration-au-travail-des-personnes-immigrantes-au-quebec\\\/#primaryimage\",\"url\":\"https:\\\/\\\/ceric.ca\\\/wp-content\\\/uploads\\\/2019\\\/04\\\/laval.png\",\"contentUrl\":\"https:\\\/\\\/ceric.ca\\\/wp-content\\\/uploads\\\/2019\\\/04\\\/laval.png\",\"width\":750,\"height\":516},{\"@type\":\"BreadcrumbList\",\"@id\":\"https:\\\/\\\/ceric.ca\\\/fr\\\/2019\\\/04\\\/le-ceric-finance-un-projet-de-recherche-pour-appuyer-lintegration-au-travail-des-personnes-immigrantes-au-quebec\\\/#breadcrumb\",\"itemListElement\":[{\"@type\":\"ListItem\",\"position\":1,\"name\":\"Home\",\"item\":\"https:\\\/\\\/ceric.ca\\\/fr\\\/ceric-homepage-2025\\\/\"},{\"@type\":\"ListItem\",\"position\":2,\"name\":\"Le CERIC finance un projet de recherche pour appuyer l\u2019int\u00e9gration au travail des personnes immigrantes au Qu\u00e9bec\"}]},{\"@type\":\"WebSite\",\"@id\":\"https:\\\/\\\/ceric.ca\\\/#website\",\"url\":\"https:\\\/\\\/ceric.ca\\\/\",\"name\":\"CERIC\",\"description\":\"\",\"publisher\":{\"@id\":\"https:\\\/\\\/ceric.ca\\\/#organization\"},\"potentialAction\":[{\"@type\":\"SearchAction\",\"target\":{\"@type\":\"EntryPoint\",\"urlTemplate\":\"https:\\\/\\\/ceric.ca\\\/?s={search_term_string}\"},\"query-input\":{\"@type\":\"PropertyValueSpecification\",\"valueRequired\":true,\"valueName\":\"search_term_string\"}}],\"inLanguage\":\"fr-FR\"},{\"@type\":\"Organization\",\"@id\":\"https:\\\/\\\/ceric.ca\\\/#organization\",\"name\":\"CERIC\",\"url\":\"https:\\\/\\\/ceric.ca\\\/\",\"logo\":{\"@type\":\"ImageObject\",\"inLanguage\":\"fr-FR\",\"@id\":\"https:\\\/\\\/ceric.ca\\\/#\\\/schema\\\/logo\\\/image\\\/\",\"url\":\"\",\"contentUrl\":\"\",\"caption\":\"CERIC\"},\"image\":{\"@id\":\"https:\\\/\\\/ceric.ca\\\/#\\\/schema\\\/logo\\\/image\\\/\"}},{\"@type\":\"Person\",\"@id\":\"https:\\\/\\\/ceric.ca\\\/#\\\/schema\\\/person\\\/2e3faddf54acfac0d88b9ce185094d00\",\"name\":\"Rachel So\",\"image\":{\"@type\":\"ImageObject\",\"inLanguage\":\"fr-FR\",\"@id\":\"https:\\\/\\\/secure.gravatar.com\\\/avatar\\\/4c40c9aaacb6f176dbd977bdf43366708b68bdf16dc927d1e222e96783b5a9bc?s=96&d=blank&r=g\",\"url\":\"https:\\\/\\\/secure.gravatar.com\\\/avatar\\\/4c40c9aaacb6f176dbd977bdf43366708b68bdf16dc927d1e222e96783b5a9bc?s=96&d=blank&r=g\",\"contentUrl\":\"https:\\\/\\\/secure.gravatar.com\\\/avatar\\\/4c40c9aaacb6f176dbd977bdf43366708b68bdf16dc927d1e222e96783b5a9bc?s=96&d=blank&r=g\",\"caption\":\"Rachel So\"},\"url\":\"https:\\\/\\\/ceric.ca\\\/fr\\\/author\\\/rachel\\\/\"}]}<\/script>\n<!-- \/ Yoast SEO Premium plugin. -->","yoast_head_json":{"title":"Le CERIC finance un projet de recherche pour appuyer l\u2019int\u00e9gration au travail des personnes immigrantes au Qu\u00e9bec - CERIC","robots":{"index":"index","follow":"follow","max-snippet":"max-snippet:-1","max-image-preview":"max-image-preview:large","max-video-preview":"max-video-preview:-1"},"canonical":"https:\/\/ceric.ca\/fr\/2019\/04\/le-ceric-finance-un-projet-de-recherche-pour-appuyer-lintegration-au-travail-des-personnes-immigrantes-au-quebec\/","og_locale":"fr_FR","og_type":"article","og_title":"Le CERIC finance un projet de recherche pour appuyer l\u2019int\u00e9gration au travail des personnes immigrantes au Qu\u00e9bec","og_description":"Le CERIC financera un nouveau projet de recherche au Qu\u00e9bec qui \u00e9tudiera les fa\u00e7ons dont les services peuvent mieux soutenir l\u2019insertion professionnelle des personnes immigrantes qui [\u2026]","og_url":"https:\/\/ceric.ca\/fr\/2019\/04\/le-ceric-finance-un-projet-de-recherche-pour-appuyer-lintegration-au-travail-des-personnes-immigrantes-au-quebec\/","og_site_name":"CERIC","article_published_time":"2019-04-09T18:27:53+00:00","og_image":[{"width":750,"height":516,"url":"https:\/\/ceric.ca\/wp-content\/uploads\/2019\/04\/laval.png","type":"image\/png"}],"author":"Rachel So","twitter_card":"summary_large_image","twitter_misc":{"\u00c9crit par":"Rachel So","Dur\u00e9e de lecture estim\u00e9e":"5 minutes"},"schema":{"@context":"https:\/\/schema.org","@graph":[{"@type":"Article","@id":"https:\/\/ceric.ca\/fr\/2019\/04\/le-ceric-finance-un-projet-de-recherche-pour-appuyer-lintegration-au-travail-des-personnes-immigrantes-au-quebec\/#article","isPartOf":{"@id":"https:\/\/ceric.ca\/fr\/2019\/04\/le-ceric-finance-un-projet-de-recherche-pour-appuyer-lintegration-au-travail-des-personnes-immigrantes-au-quebec\/"},"author":{"name":"Rachel So","@id":"https:\/\/ceric.ca\/#\/schema\/person\/2e3faddf54acfac0d88b9ce185094d00"},"headline":"Le CERIC finance un projet de recherche pour appuyer l\u2019int\u00e9gration au travail des personnes immigrantes au Qu\u00e9bec","datePublished":"2019-04-09T18:27:53+00:00","mainEntityOfPage":{"@id":"https:\/\/ceric.ca\/fr\/2019\/04\/le-ceric-finance-un-projet-de-recherche-pour-appuyer-lintegration-au-travail-des-personnes-immigrantes-au-quebec\/"},"wordCount":965,"publisher":{"@id":"https:\/\/ceric.ca\/#organization"},"image":{"@id":"https:\/\/ceric.ca\/fr\/2019\/04\/le-ceric-finance-un-projet-de-recherche-pour-appuyer-lintegration-au-travail-des-personnes-immigrantes-au-quebec\/#primaryimage"},"thumbnailUrl":"https:\/\/ceric.ca\/wp-content\/uploads\/2019\/04\/laval.png","articleSection":["2019","2019","avril","Nouvelles"],"inLanguage":"fr-FR"},{"@type":"WebPage","@id":"https:\/\/ceric.ca\/fr\/2019\/04\/le-ceric-finance-un-projet-de-recherche-pour-appuyer-lintegration-au-travail-des-personnes-immigrantes-au-quebec\/","url":"https:\/\/ceric.ca\/fr\/2019\/04\/le-ceric-finance-un-projet-de-recherche-pour-appuyer-lintegration-au-travail-des-personnes-immigrantes-au-quebec\/","name":"Le CERIC finance un projet de recherche pour appuyer l\u2019int\u00e9gration au travail des personnes immigrantes au Qu\u00e9bec - CERIC","isPartOf":{"@id":"https:\/\/ceric.ca\/#website"},"primaryImageOfPage":{"@id":"https:\/\/ceric.ca\/fr\/2019\/04\/le-ceric-finance-un-projet-de-recherche-pour-appuyer-lintegration-au-travail-des-personnes-immigrantes-au-quebec\/#primaryimage"},"image":{"@id":"https:\/\/ceric.ca\/fr\/2019\/04\/le-ceric-finance-un-projet-de-recherche-pour-appuyer-lintegration-au-travail-des-personnes-immigrantes-au-quebec\/#primaryimage"},"thumbnailUrl":"https:\/\/ceric.ca\/wp-content\/uploads\/2019\/04\/laval.png","datePublished":"2019-04-09T18:27:53+00:00","breadcrumb":{"@id":"https:\/\/ceric.ca\/fr\/2019\/04\/le-ceric-finance-un-projet-de-recherche-pour-appuyer-lintegration-au-travail-des-personnes-immigrantes-au-quebec\/#breadcrumb"},"inLanguage":"fr-FR","potentialAction":[{"@type":"ReadAction","target":["https:\/\/ceric.ca\/fr\/2019\/04\/le-ceric-finance-un-projet-de-recherche-pour-appuyer-lintegration-au-travail-des-personnes-immigrantes-au-quebec\/"]}]},{"@type":"ImageObject","inLanguage":"fr-FR","@id":"https:\/\/ceric.ca\/fr\/2019\/04\/le-ceric-finance-un-projet-de-recherche-pour-appuyer-lintegration-au-travail-des-personnes-immigrantes-au-quebec\/#primaryimage","url":"https:\/\/ceric.ca\/wp-content\/uploads\/2019\/04\/laval.png","contentUrl":"https:\/\/ceric.ca\/wp-content\/uploads\/2019\/04\/laval.png","width":750,"height":516},{"@type":"BreadcrumbList","@id":"https:\/\/ceric.ca\/fr\/2019\/04\/le-ceric-finance-un-projet-de-recherche-pour-appuyer-lintegration-au-travail-des-personnes-immigrantes-au-quebec\/#breadcrumb","itemListElement":[{"@type":"ListItem","position":1,"name":"Home","item":"https:\/\/ceric.ca\/fr\/ceric-homepage-2025\/"},{"@type":"ListItem","position":2,"name":"Le CERIC finance un projet de recherche pour appuyer l\u2019int\u00e9gration au travail des personnes immigrantes au Qu\u00e9bec"}]},{"@type":"WebSite","@id":"https:\/\/ceric.ca\/#website","url":"https:\/\/ceric.ca\/","name":"CERIC","description":"","publisher":{"@id":"https:\/\/ceric.ca\/#organization"},"potentialAction":[{"@type":"SearchAction","target":{"@type":"EntryPoint","urlTemplate":"https:\/\/ceric.ca\/?s={search_term_string}"},"query-input":{"@type":"PropertyValueSpecification","valueRequired":true,"valueName":"search_term_string"}}],"inLanguage":"fr-FR"},{"@type":"Organization","@id":"https:\/\/ceric.ca\/#organization","name":"CERIC","url":"https:\/\/ceric.ca\/","logo":{"@type":"ImageObject","inLanguage":"fr-FR","@id":"https:\/\/ceric.ca\/#\/schema\/logo\/image\/","url":"","contentUrl":"","caption":"CERIC"},"image":{"@id":"https:\/\/ceric.ca\/#\/schema\/logo\/image\/"}},{"@type":"Person","@id":"https:\/\/ceric.ca\/#\/schema\/person\/2e3faddf54acfac0d88b9ce185094d00","name":"Rachel So","image":{"@type":"ImageObject","inLanguage":"fr-FR","@id":"https:\/\/secure.gravatar.com\/avatar\/4c40c9aaacb6f176dbd977bdf43366708b68bdf16dc927d1e222e96783b5a9bc?s=96&d=blank&r=g","url":"https:\/\/secure.gravatar.com\/avatar\/4c40c9aaacb6f176dbd977bdf43366708b68bdf16dc927d1e222e96783b5a9bc?s=96&d=blank&r=g","contentUrl":"https:\/\/secure.gravatar.com\/avatar\/4c40c9aaacb6f176dbd977bdf43366708b68bdf16dc927d1e222e96783b5a9bc?s=96&d=blank&r=g","caption":"Rachel So"},"url":"https:\/\/ceric.ca\/fr\/author\/rachel\/"}]}},"_links":{"self":[{"href":"https:\/\/ceric.ca\/fr\/wp-json\/wp\/v2\/posts\/32742","targetHints":{"allow":["GET"]}}],"collection":[{"href":"https:\/\/ceric.ca\/fr\/wp-json\/wp\/v2\/posts"}],"about":[{"href":"https:\/\/ceric.ca\/fr\/wp-json\/wp\/v2\/types\/post"}],"author":[{"embeddable":true,"href":"https:\/\/ceric.ca\/fr\/wp-json\/wp\/v2\/users\/30"}],"replies":[{"embeddable":true,"href":"https:\/\/ceric.ca\/fr\/wp-json\/wp\/v2\/comments?post=32742"}],"version-history":[{"count":0,"href":"https:\/\/ceric.ca\/fr\/wp-json\/wp\/v2\/posts\/32742\/revisions"}],"wp:featuredmedia":[{"embeddable":true,"href":"https:\/\/ceric.ca\/fr\/wp-json\/wp\/v2\/media\/32747"}],"wp:attachment":[{"href":"https:\/\/ceric.ca\/fr\/wp-json\/wp\/v2\/media?parent=32742"}],"wp:term":[{"taxonomy":"category","embeddable":true,"href":"https:\/\/ceric.ca\/fr\/wp-json\/wp\/v2\/categories?post=32742"},{"taxonomy":"post_tag","embeddable":true,"href":"https:\/\/ceric.ca\/fr\/wp-json\/wp\/v2\/tags?post=32742"}],"curies":[{"name":"wp","href":"https:\/\/api.w.org\/{rel}","templated":true}]}}