{"id":37355,"date":"2020-02-26T12:20:54","date_gmt":"2020-02-26T17:20:54","guid":{"rendered":"https:\/\/ceric.ca\/?p=37355"},"modified":"2020-03-06T15:59:34","modified_gmt":"2020-03-06T20:59:34","slug":"une-nouvelle-serie-de-webinaires-aide-les-professionnels-de-la-carriere-a-servir-les-clients-vivant-un-trouble-du-spectre-autistique","status":"publish","type":"post","link":"https:\/\/ceric.ca\/fr\/2020\/02\/une-nouvelle-serie-de-webinaires-aide-les-professionnels-de-la-carriere-a-servir-les-clients-vivant-un-trouble-du-spectre-autistique\/","title":{"rendered":"Une nouvelle s\u00e9rie de webinaires aide les professionnels de la carri\u00e8re \u00e0 servir les clients vivant un trouble du spectre autistique"},"content":{"rendered":"<p>Pour la premi\u00e8re fois, le CERIC s\u2019associe \u00e0 l\u2019<a href=\"https:\/\/www.supportedemployment.ca\/?lang=fr\" target=\"_blank\" rel=\"noopener noreferrer\">Association canadienne de soutien \u00e0 l&#8217;emploi (ACSE)<\/a> dans le but d\u2019offrir des webinaires \u2013 <a href=\"https:\/\/ceric.ca\/fr\/events\/serie-de-webinaires-en-anglais-the-career-development-professionals-guide-to-effectively-serving-clients-living-on-the-autism-spectrum-les-15-22-29-avri-2020-avec-sarah-taylor\/\">Servir de mani\u00e8re efficace les clients vivant avec un trouble du spectre de l&rsquo;autisme : le guide du professionnel en d\u00e9veloppement de carri\u00e8re<\/a> avec Sarah Taylor, consultante reconnue en TSA.<\/p>\n<p>Actuellement, 1 enfant sur 59 re\u00e7oit un diagnostic de trouble du spectre de l&rsquo;autisme, ce qui en fait le trouble neurologique num\u00e9ro un reconnu aujourd&rsquo;hui. Sans une bonne connaissance de la neurodiversit\u00e9 et des ajustements m\u00e9thodologiques, les mod\u00e8les de soutien traditionnels ne parviennent pas \u00e0 r\u00e9pondre efficacement aux besoins des individus vivant avec un trouble du spectre de l&rsquo;autisme. Alors que de plus en plus de personnes ayant un diagnostic de TSA entrent sur le march\u00e9 du travail, l\u2019acquisition de l\u2019ensemble des comp\u00e9tences est essentielle pour le professionnel de l\u2019emploi moderne. La s\u00e9rie aidera les professionnels \u00e0 d\u00e9velopper les comp\u00e9tences en mati\u00e8re de pratiques et \u00e0 soutenir efficacement les personnes ayant un trouble de l\u2019autisme de haut niveau, le syndrome d&rsquo;Asperger et des troubles d&rsquo;apprentissage verbal.<\/p>\n<ul>\n<li><strong>Webinaire n<sup>o<\/sup>1<\/strong> <strong>: Quoi et comment l&rsquo;autisme \u2013 et son effet sur l&#8217;emploi <\/strong>\u00a0<em>Mercredi le 15 avril 2020 | 12 h \u2013 13 h (HE)<\/em><\/li>\n<li><strong>Webinaire n<sup>o<\/sup>2<\/strong> <strong>: Obstacles \u00e0 l&#8217;emploi li\u00e9s \u00e0 l&rsquo;autisme\u2026 et comment les surmonter<\/strong> <em>Mercredi le 22 2020 | 12 h \u2013 13 h (HE)<\/em><\/li>\n<li><strong>Webinaire n<sup>o<\/sup>3 :<\/strong> Succ\u00e8s de l&#8217;emploi en lien avec le TSA : il a obtenu le poste, et maintenant? <em>Mercredi le 29 avril 2020 | 12 h \u2013 13 h (HE)<\/em><\/li>\n<\/ul>\n<p>Madame Taylor consultante principale chez Next Level ASD Consulting. Elle a travaill\u00e9 pour Society for Treatment of Autism [Soci\u00e9t\u00e9 de traitement de l\u2019autisme] (situ\u00e9e \u00e0 Calgary) pendant 17 ans et au cours de cette p\u00e9riode, elle a d\u00e9velopp\u00e9 ses comp\u00e9tences en \u00e9valuation, en consultation et en d\u00e9fense des int\u00e9r\u00eats des personnes ayant un trouble du spectre de l\u2019autisme. En 2014, apr\u00e8s avoir travaill\u00e9 avec les enfants et des jeunes ayant un TSA et d\u00e9fendu leurs int\u00e9r\u00eats, Madame Taylor a con\u00e7u et mis en \u0153uvre un programme financ\u00e9 par le gouvernement f\u00e9d\u00e9ral qui vise \u00e0 offrir un soutien \u00e0 l&#8217;emploi aux adultes autistes ainsi qu\u2019un soutien aux employeurs partenaires.<\/p>\n<p>Les frais d\u2019inscription \u00e0 la s\u00e9rie compl\u00e8te s\u2019\u00e9l\u00e8vent \u00e0 159\u00a0$. Un rabais est offert aux membres de la ACSE.<\/p>\n<p>Le CERIC travaille de concert avec des associations et des organisations au Canada et \u00e0 l\u2019\u00e9tranger pour proposer des webinaires qui offrent une formation professionnelle \u00e0 la fois opportune, pratique et abordable. Le CERIC a d\u00e9j\u00e0 collabor\u00e9 avec les organismes suivants\u00a0: <a href=\"https:\/\/nbcdag-gadcnbfr.weebly.com\/\" target=\"_blank\" rel=\"noopener noreferrer\">L\u2019association pour le d\u00e9veloppement de carri\u00e8re du Nouveau-Brunswick<\/a>, <a href=\"http:\/\/bccda.org\/\" target=\"_blank\" rel=\"noopener noreferrer\">la BC Career Development Association<\/a>, <a href=\"https:\/\/www.cacee.com\/index_Fr.html\" target=\"_blank\" rel=\"noopener noreferrer\">L&rsquo;Association canadienne des sp\u00e9cialistes en emploi et des employeurs\u00a0<\/a>, <a href=\"https:\/\/careerprocanada.ca\/\" target=\"_blank\" rel=\"noopener noreferrer\">Professionnels de carri\u00e8re du Canada<\/a>, <a href=\"https:\/\/www.careerdevelopment.ab.ca\/\" target=\"_blank\" rel=\"noopener noreferrer\">la Career Development Association of Alberta<\/a>, la <a href=\"https:\/\/nscda.ca\/\" target=\"_blank\" rel=\"noopener noreferrer\">Nova Scotia Career Development Association<\/a>, <a href=\"https:\/\/www.ccpa-accp.ca\/fr\/\" target=\"_blank\" rel=\"noopener noreferrer\">L&rsquo;association nationale principale de counseling et de psychoth\u00e9rapie au Canada<\/a>, <a href=\"https:\/\/www.ncda.org\/aws\/NCDA\/pt\/sp\/home_page\" target=\"_blank\" rel=\"noopener noreferrer\">et la National Career Development Association<\/a>, bas\u00e9e aux \u00c9tats-Unis.<\/p>\n","protected":false},"excerpt":{"rendered":"<p>Pour la premi\u00e8re fois, le CERIC s\u2019associe \u00e0 l\u2019Association canadienne de soutien \u00e0 l&#8217;emploi (ACSE) dans le but d\u2019offrir des webinaires \u2013 Servir de mani\u00e8re efficace<span class=\"excerpt-hellip\"> [\u2026]<\/span><\/p>\n","protected":false},"author":30,"featured_media":37364,"comment_status":"closed","ping_status":"closed","sticky":false,"template":"","format":"standard","meta":{"h5ap_radio_sources":[],"footnotes":""},"categories":[861,864,32],"tags":[],"class_list":["post-37355","post","type-post","status-publish","format-standard","has-post-thumbnail","hentry","category-2020-nouvelles","category-fevrier-2020-nouvelles","category-nouvelles"],"yoast_head":"<!-- This site is optimized with the Yoast SEO Premium plugin v27.4 (Yoast SEO v27.4) - https:\/\/yoast.com\/product\/yoast-seo-premium-wordpress\/ -->\n<title>Une nouvelle s\u00e9rie de webinaires aide les professionnels de la carri\u00e8re \u00e0 servir les clients vivant un trouble du spectre autistique - CERIC<\/title>\n<meta name=\"robots\" content=\"index, follow, max-snippet:-1, max-image-preview:large, max-video-preview:-1\" \/>\n<link rel=\"canonical\" href=\"https:\/\/ceric.ca\/fr\/2020\/02\/une-nouvelle-serie-de-webinaires-aide-les-professionnels-de-la-carriere-a-servir-les-clients-vivant-un-trouble-du-spectre-autistique\/\" \/>\n<meta property=\"og:locale\" content=\"fr_FR\" \/>\n<meta property=\"og:type\" content=\"article\" \/>\n<meta property=\"og:title\" content=\"Une nouvelle s\u00e9rie de webinaires aide les professionnels de la carri\u00e8re \u00e0 servir les clients vivant un trouble du spectre autistique\" \/>\n<meta property=\"og:description\" content=\"Pour la premi\u00e8re fois, le CERIC s\u2019associe \u00e0 l\u2019Association canadienne de soutien \u00e0 l&#8217;emploi (ACSE) dans le but d\u2019offrir des webinaires \u2013 Servir de mani\u00e8re efficace [\u2026]\" \/>\n<meta property=\"og:url\" content=\"https:\/\/ceric.ca\/fr\/2020\/02\/une-nouvelle-serie-de-webinaires-aide-les-professionnels-de-la-carriere-a-servir-les-clients-vivant-un-trouble-du-spectre-autistique\/\" \/>\n<meta property=\"og:site_name\" content=\"CERIC\" \/>\n<meta property=\"article:published_time\" content=\"2020-02-26T17:20:54+00:00\" \/>\n<meta property=\"article:modified_time\" content=\"2020-03-06T20:59:34+00:00\" \/>\n<meta property=\"og:image\" content=\"https:\/\/ceric.ca\/wp-content\/uploads\/2020\/02\/autism-webinar.png\" \/>\n\t<meta property=\"og:image:width\" content=\"600\" \/>\n\t<meta property=\"og:image:height\" content=\"430\" \/>\n\t<meta property=\"og:image:type\" content=\"image\/png\" \/>\n<meta name=\"author\" content=\"Rachel So\" \/>\n<meta name=\"twitter:card\" content=\"summary_large_image\" \/>\n<meta name=\"twitter:label1\" content=\"\u00c9crit par\" \/>\n\t<meta name=\"twitter:data1\" content=\"Rachel So\" \/>\n\t<meta name=\"twitter:label2\" content=\"Dur\u00e9e de lecture estim\u00e9e\" \/>\n\t<meta name=\"twitter:data2\" content=\"2 minutes\" \/>\n<script type=\"application\/ld+json\" class=\"yoast-schema-graph\">{\"@context\":\"https:\\\/\\\/schema.org\",\"@graph\":[{\"@type\":\"Article\",\"@id\":\"https:\\\/\\\/ceric.ca\\\/fr\\\/2020\\\/02\\\/une-nouvelle-serie-de-webinaires-aide-les-professionnels-de-la-carriere-a-servir-les-clients-vivant-un-trouble-du-spectre-autistique\\\/#article\",\"isPartOf\":{\"@id\":\"https:\\\/\\\/ceric.ca\\\/fr\\\/2020\\\/02\\\/une-nouvelle-serie-de-webinaires-aide-les-professionnels-de-la-carriere-a-servir-les-clients-vivant-un-trouble-du-spectre-autistique\\\/\"},\"author\":{\"name\":\"Rachel So\",\"@id\":\"https:\\\/\\\/ceric.ca\\\/#\\\/schema\\\/person\\\/2e3faddf54acfac0d88b9ce185094d00\"},\"headline\":\"Une nouvelle s\u00e9rie de webinaires aide les professionnels de la carri\u00e8re \u00e0 servir les clients vivant un trouble du spectre autistique\",\"datePublished\":\"2020-02-26T17:20:54+00:00\",\"dateModified\":\"2020-03-06T20:59:34+00:00\",\"mainEntityOfPage\":{\"@id\":\"https:\\\/\\\/ceric.ca\\\/fr\\\/2020\\\/02\\\/une-nouvelle-serie-de-webinaires-aide-les-professionnels-de-la-carriere-a-servir-les-clients-vivant-un-trouble-du-spectre-autistique\\\/\"},\"wordCount\":532,\"publisher\":{\"@id\":\"https:\\\/\\\/ceric.ca\\\/#organization\"},\"image\":{\"@id\":\"https:\\\/\\\/ceric.ca\\\/fr\\\/2020\\\/02\\\/une-nouvelle-serie-de-webinaires-aide-les-professionnels-de-la-carriere-a-servir-les-clients-vivant-un-trouble-du-spectre-autistique\\\/#primaryimage\"},\"thumbnailUrl\":\"https:\\\/\\\/ceric.ca\\\/wp-content\\\/uploads\\\/2020\\\/02\\\/autism-webinar.png\",\"articleSection\":[\"2020\",\"f\u00e9vrier\",\"Nouvelles\"],\"inLanguage\":\"fr-FR\"},{\"@type\":\"WebPage\",\"@id\":\"https:\\\/\\\/ceric.ca\\\/fr\\\/2020\\\/02\\\/une-nouvelle-serie-de-webinaires-aide-les-professionnels-de-la-carriere-a-servir-les-clients-vivant-un-trouble-du-spectre-autistique\\\/\",\"url\":\"https:\\\/\\\/ceric.ca\\\/fr\\\/2020\\\/02\\\/une-nouvelle-serie-de-webinaires-aide-les-professionnels-de-la-carriere-a-servir-les-clients-vivant-un-trouble-du-spectre-autistique\\\/\",\"name\":\"Une nouvelle s\u00e9rie de webinaires aide les professionnels de la carri\u00e8re \u00e0 servir les clients vivant un trouble du spectre autistique - CERIC\",\"isPartOf\":{\"@id\":\"https:\\\/\\\/ceric.ca\\\/#website\"},\"primaryImageOfPage\":{\"@id\":\"https:\\\/\\\/ceric.ca\\\/fr\\\/2020\\\/02\\\/une-nouvelle-serie-de-webinaires-aide-les-professionnels-de-la-carriere-a-servir-les-clients-vivant-un-trouble-du-spectre-autistique\\\/#primaryimage\"},\"image\":{\"@id\":\"https:\\\/\\\/ceric.ca\\\/fr\\\/2020\\\/02\\\/une-nouvelle-serie-de-webinaires-aide-les-professionnels-de-la-carriere-a-servir-les-clients-vivant-un-trouble-du-spectre-autistique\\\/#primaryimage\"},\"thumbnailUrl\":\"https:\\\/\\\/ceric.ca\\\/wp-content\\\/uploads\\\/2020\\\/02\\\/autism-webinar.png\",\"datePublished\":\"2020-02-26T17:20:54+00:00\",\"dateModified\":\"2020-03-06T20:59:34+00:00\",\"breadcrumb\":{\"@id\":\"https:\\\/\\\/ceric.ca\\\/fr\\\/2020\\\/02\\\/une-nouvelle-serie-de-webinaires-aide-les-professionnels-de-la-carriere-a-servir-les-clients-vivant-un-trouble-du-spectre-autistique\\\/#breadcrumb\"},\"inLanguage\":\"fr-FR\",\"potentialAction\":[{\"@type\":\"ReadAction\",\"target\":[\"https:\\\/\\\/ceric.ca\\\/fr\\\/2020\\\/02\\\/une-nouvelle-serie-de-webinaires-aide-les-professionnels-de-la-carriere-a-servir-les-clients-vivant-un-trouble-du-spectre-autistique\\\/\"]}]},{\"@type\":\"ImageObject\",\"inLanguage\":\"fr-FR\",\"@id\":\"https:\\\/\\\/ceric.ca\\\/fr\\\/2020\\\/02\\\/une-nouvelle-serie-de-webinaires-aide-les-professionnels-de-la-carriere-a-servir-les-clients-vivant-un-trouble-du-spectre-autistique\\\/#primaryimage\",\"url\":\"https:\\\/\\\/ceric.ca\\\/wp-content\\\/uploads\\\/2020\\\/02\\\/autism-webinar.png\",\"contentUrl\":\"https:\\\/\\\/ceric.ca\\\/wp-content\\\/uploads\\\/2020\\\/02\\\/autism-webinar.png\",\"width\":600,\"height\":430},{\"@type\":\"BreadcrumbList\",\"@id\":\"https:\\\/\\\/ceric.ca\\\/fr\\\/2020\\\/02\\\/une-nouvelle-serie-de-webinaires-aide-les-professionnels-de-la-carriere-a-servir-les-clients-vivant-un-trouble-du-spectre-autistique\\\/#breadcrumb\",\"itemListElement\":[{\"@type\":\"ListItem\",\"position\":1,\"name\":\"Home\",\"item\":\"https:\\\/\\\/ceric.ca\\\/fr\\\/ceric-homepage-2025\\\/\"},{\"@type\":\"ListItem\",\"position\":2,\"name\":\"Une nouvelle s\u00e9rie de webinaires aide les professionnels de la carri\u00e8re \u00e0 servir les clients vivant un trouble du spectre autistique\"}]},{\"@type\":\"WebSite\",\"@id\":\"https:\\\/\\\/ceric.ca\\\/#website\",\"url\":\"https:\\\/\\\/ceric.ca\\\/\",\"name\":\"CERIC\",\"description\":\"\",\"publisher\":{\"@id\":\"https:\\\/\\\/ceric.ca\\\/#organization\"},\"potentialAction\":[{\"@type\":\"SearchAction\",\"target\":{\"@type\":\"EntryPoint\",\"urlTemplate\":\"https:\\\/\\\/ceric.ca\\\/?s={search_term_string}\"},\"query-input\":{\"@type\":\"PropertyValueSpecification\",\"valueRequired\":true,\"valueName\":\"search_term_string\"}}],\"inLanguage\":\"fr-FR\"},{\"@type\":\"Organization\",\"@id\":\"https:\\\/\\\/ceric.ca\\\/#organization\",\"name\":\"CERIC\",\"url\":\"https:\\\/\\\/ceric.ca\\\/\",\"logo\":{\"@type\":\"ImageObject\",\"inLanguage\":\"fr-FR\",\"@id\":\"https:\\\/\\\/ceric.ca\\\/#\\\/schema\\\/logo\\\/image\\\/\",\"url\":\"\",\"contentUrl\":\"\",\"caption\":\"CERIC\"},\"image\":{\"@id\":\"https:\\\/\\\/ceric.ca\\\/#\\\/schema\\\/logo\\\/image\\\/\"}},{\"@type\":\"Person\",\"@id\":\"https:\\\/\\\/ceric.ca\\\/#\\\/schema\\\/person\\\/2e3faddf54acfac0d88b9ce185094d00\",\"name\":\"Rachel So\",\"image\":{\"@type\":\"ImageObject\",\"inLanguage\":\"fr-FR\",\"@id\":\"https:\\\/\\\/secure.gravatar.com\\\/avatar\\\/4c40c9aaacb6f176dbd977bdf43366708b68bdf16dc927d1e222e96783b5a9bc?s=96&d=blank&r=g\",\"url\":\"https:\\\/\\\/secure.gravatar.com\\\/avatar\\\/4c40c9aaacb6f176dbd977bdf43366708b68bdf16dc927d1e222e96783b5a9bc?s=96&d=blank&r=g\",\"contentUrl\":\"https:\\\/\\\/secure.gravatar.com\\\/avatar\\\/4c40c9aaacb6f176dbd977bdf43366708b68bdf16dc927d1e222e96783b5a9bc?s=96&d=blank&r=g\",\"caption\":\"Rachel So\"},\"url\":\"https:\\\/\\\/ceric.ca\\\/fr\\\/author\\\/rachel\\\/\"}]}<\/script>\n<!-- \/ Yoast SEO Premium plugin. -->","yoast_head_json":{"title":"Une nouvelle s\u00e9rie de webinaires aide les professionnels de la carri\u00e8re \u00e0 servir les clients vivant un trouble du spectre autistique - CERIC","robots":{"index":"index","follow":"follow","max-snippet":"max-snippet:-1","max-image-preview":"max-image-preview:large","max-video-preview":"max-video-preview:-1"},"canonical":"https:\/\/ceric.ca\/fr\/2020\/02\/une-nouvelle-serie-de-webinaires-aide-les-professionnels-de-la-carriere-a-servir-les-clients-vivant-un-trouble-du-spectre-autistique\/","og_locale":"fr_FR","og_type":"article","og_title":"Une nouvelle s\u00e9rie de webinaires aide les professionnels de la carri\u00e8re \u00e0 servir les clients vivant un trouble du spectre autistique","og_description":"Pour la premi\u00e8re fois, le CERIC s\u2019associe \u00e0 l\u2019Association canadienne de soutien \u00e0 l&#8217;emploi (ACSE) dans le but d\u2019offrir des webinaires \u2013 Servir de mani\u00e8re efficace [\u2026]","og_url":"https:\/\/ceric.ca\/fr\/2020\/02\/une-nouvelle-serie-de-webinaires-aide-les-professionnels-de-la-carriere-a-servir-les-clients-vivant-un-trouble-du-spectre-autistique\/","og_site_name":"CERIC","article_published_time":"2020-02-26T17:20:54+00:00","article_modified_time":"2020-03-06T20:59:34+00:00","og_image":[{"width":600,"height":430,"url":"https:\/\/ceric.ca\/wp-content\/uploads\/2020\/02\/autism-webinar.png","type":"image\/png"}],"author":"Rachel So","twitter_card":"summary_large_image","twitter_misc":{"\u00c9crit par":"Rachel So","Dur\u00e9e de lecture estim\u00e9e":"2 minutes"},"schema":{"@context":"https:\/\/schema.org","@graph":[{"@type":"Article","@id":"https:\/\/ceric.ca\/fr\/2020\/02\/une-nouvelle-serie-de-webinaires-aide-les-professionnels-de-la-carriere-a-servir-les-clients-vivant-un-trouble-du-spectre-autistique\/#article","isPartOf":{"@id":"https:\/\/ceric.ca\/fr\/2020\/02\/une-nouvelle-serie-de-webinaires-aide-les-professionnels-de-la-carriere-a-servir-les-clients-vivant-un-trouble-du-spectre-autistique\/"},"author":{"name":"Rachel So","@id":"https:\/\/ceric.ca\/#\/schema\/person\/2e3faddf54acfac0d88b9ce185094d00"},"headline":"Une nouvelle s\u00e9rie de webinaires aide les professionnels de la carri\u00e8re \u00e0 servir les clients vivant un trouble du spectre autistique","datePublished":"2020-02-26T17:20:54+00:00","dateModified":"2020-03-06T20:59:34+00:00","mainEntityOfPage":{"@id":"https:\/\/ceric.ca\/fr\/2020\/02\/une-nouvelle-serie-de-webinaires-aide-les-professionnels-de-la-carriere-a-servir-les-clients-vivant-un-trouble-du-spectre-autistique\/"},"wordCount":532,"publisher":{"@id":"https:\/\/ceric.ca\/#organization"},"image":{"@id":"https:\/\/ceric.ca\/fr\/2020\/02\/une-nouvelle-serie-de-webinaires-aide-les-professionnels-de-la-carriere-a-servir-les-clients-vivant-un-trouble-du-spectre-autistique\/#primaryimage"},"thumbnailUrl":"https:\/\/ceric.ca\/wp-content\/uploads\/2020\/02\/autism-webinar.png","articleSection":["2020","f\u00e9vrier","Nouvelles"],"inLanguage":"fr-FR"},{"@type":"WebPage","@id":"https:\/\/ceric.ca\/fr\/2020\/02\/une-nouvelle-serie-de-webinaires-aide-les-professionnels-de-la-carriere-a-servir-les-clients-vivant-un-trouble-du-spectre-autistique\/","url":"https:\/\/ceric.ca\/fr\/2020\/02\/une-nouvelle-serie-de-webinaires-aide-les-professionnels-de-la-carriere-a-servir-les-clients-vivant-un-trouble-du-spectre-autistique\/","name":"Une nouvelle s\u00e9rie de webinaires aide les professionnels de la carri\u00e8re \u00e0 servir les clients vivant un trouble du spectre autistique - CERIC","isPartOf":{"@id":"https:\/\/ceric.ca\/#website"},"primaryImageOfPage":{"@id":"https:\/\/ceric.ca\/fr\/2020\/02\/une-nouvelle-serie-de-webinaires-aide-les-professionnels-de-la-carriere-a-servir-les-clients-vivant-un-trouble-du-spectre-autistique\/#primaryimage"},"image":{"@id":"https:\/\/ceric.ca\/fr\/2020\/02\/une-nouvelle-serie-de-webinaires-aide-les-professionnels-de-la-carriere-a-servir-les-clients-vivant-un-trouble-du-spectre-autistique\/#primaryimage"},"thumbnailUrl":"https:\/\/ceric.ca\/wp-content\/uploads\/2020\/02\/autism-webinar.png","datePublished":"2020-02-26T17:20:54+00:00","dateModified":"2020-03-06T20:59:34+00:00","breadcrumb":{"@id":"https:\/\/ceric.ca\/fr\/2020\/02\/une-nouvelle-serie-de-webinaires-aide-les-professionnels-de-la-carriere-a-servir-les-clients-vivant-un-trouble-du-spectre-autistique\/#breadcrumb"},"inLanguage":"fr-FR","potentialAction":[{"@type":"ReadAction","target":["https:\/\/ceric.ca\/fr\/2020\/02\/une-nouvelle-serie-de-webinaires-aide-les-professionnels-de-la-carriere-a-servir-les-clients-vivant-un-trouble-du-spectre-autistique\/"]}]},{"@type":"ImageObject","inLanguage":"fr-FR","@id":"https:\/\/ceric.ca\/fr\/2020\/02\/une-nouvelle-serie-de-webinaires-aide-les-professionnels-de-la-carriere-a-servir-les-clients-vivant-un-trouble-du-spectre-autistique\/#primaryimage","url":"https:\/\/ceric.ca\/wp-content\/uploads\/2020\/02\/autism-webinar.png","contentUrl":"https:\/\/ceric.ca\/wp-content\/uploads\/2020\/02\/autism-webinar.png","width":600,"height":430},{"@type":"BreadcrumbList","@id":"https:\/\/ceric.ca\/fr\/2020\/02\/une-nouvelle-serie-de-webinaires-aide-les-professionnels-de-la-carriere-a-servir-les-clients-vivant-un-trouble-du-spectre-autistique\/#breadcrumb","itemListElement":[{"@type":"ListItem","position":1,"name":"Home","item":"https:\/\/ceric.ca\/fr\/ceric-homepage-2025\/"},{"@type":"ListItem","position":2,"name":"Une nouvelle s\u00e9rie de webinaires aide les professionnels de la carri\u00e8re \u00e0 servir les clients vivant un trouble du spectre autistique"}]},{"@type":"WebSite","@id":"https:\/\/ceric.ca\/#website","url":"https:\/\/ceric.ca\/","name":"CERIC","description":"","publisher":{"@id":"https:\/\/ceric.ca\/#organization"},"potentialAction":[{"@type":"SearchAction","target":{"@type":"EntryPoint","urlTemplate":"https:\/\/ceric.ca\/?s={search_term_string}"},"query-input":{"@type":"PropertyValueSpecification","valueRequired":true,"valueName":"search_term_string"}}],"inLanguage":"fr-FR"},{"@type":"Organization","@id":"https:\/\/ceric.ca\/#organization","name":"CERIC","url":"https:\/\/ceric.ca\/","logo":{"@type":"ImageObject","inLanguage":"fr-FR","@id":"https:\/\/ceric.ca\/#\/schema\/logo\/image\/","url":"","contentUrl":"","caption":"CERIC"},"image":{"@id":"https:\/\/ceric.ca\/#\/schema\/logo\/image\/"}},{"@type":"Person","@id":"https:\/\/ceric.ca\/#\/schema\/person\/2e3faddf54acfac0d88b9ce185094d00","name":"Rachel So","image":{"@type":"ImageObject","inLanguage":"fr-FR","@id":"https:\/\/secure.gravatar.com\/avatar\/4c40c9aaacb6f176dbd977bdf43366708b68bdf16dc927d1e222e96783b5a9bc?s=96&d=blank&r=g","url":"https:\/\/secure.gravatar.com\/avatar\/4c40c9aaacb6f176dbd977bdf43366708b68bdf16dc927d1e222e96783b5a9bc?s=96&d=blank&r=g","contentUrl":"https:\/\/secure.gravatar.com\/avatar\/4c40c9aaacb6f176dbd977bdf43366708b68bdf16dc927d1e222e96783b5a9bc?s=96&d=blank&r=g","caption":"Rachel So"},"url":"https:\/\/ceric.ca\/fr\/author\/rachel\/"}]}},"_links":{"self":[{"href":"https:\/\/ceric.ca\/fr\/wp-json\/wp\/v2\/posts\/37355","targetHints":{"allow":["GET"]}}],"collection":[{"href":"https:\/\/ceric.ca\/fr\/wp-json\/wp\/v2\/posts"}],"about":[{"href":"https:\/\/ceric.ca\/fr\/wp-json\/wp\/v2\/types\/post"}],"author":[{"embeddable":true,"href":"https:\/\/ceric.ca\/fr\/wp-json\/wp\/v2\/users\/30"}],"replies":[{"embeddable":true,"href":"https:\/\/ceric.ca\/fr\/wp-json\/wp\/v2\/comments?post=37355"}],"version-history":[{"count":0,"href":"https:\/\/ceric.ca\/fr\/wp-json\/wp\/v2\/posts\/37355\/revisions"}],"wp:featuredmedia":[{"embeddable":true,"href":"https:\/\/ceric.ca\/fr\/wp-json\/wp\/v2\/media\/37364"}],"wp:attachment":[{"href":"https:\/\/ceric.ca\/fr\/wp-json\/wp\/v2\/media?parent=37355"}],"wp:term":[{"taxonomy":"category","embeddable":true,"href":"https:\/\/ceric.ca\/fr\/wp-json\/wp\/v2\/categories?post=37355"},{"taxonomy":"post_tag","embeddable":true,"href":"https:\/\/ceric.ca\/fr\/wp-json\/wp\/v2\/tags?post=37355"}],"curies":[{"name":"wp","href":"https:\/\/api.w.org\/{rel}","templated":true}]}}