{"id":43304,"date":"2020-11-02T14:37:17","date_gmt":"2020-11-02T19:37:17","guid":{"rendered":"https:\/\/ceric.ca\/?p=43304"},"modified":"2020-11-10T14:40:22","modified_gmt":"2020-11-10T19:40:22","slug":"nouvelle-serie-de-webinaires-pour-aider-les-conseillers-scolaires-a-soutenir-les-eleves-noirs","status":"publish","type":"post","link":"https:\/\/ceric.ca\/fr\/2020\/11\/nouvelle-serie-de-webinaires-pour-aider-les-conseillers-scolaires-a-soutenir-les-eleves-noirs\/","title":{"rendered":"Nouvelle s\u00e9rie de webinaires pour aider les conseillers scolaires \u00e0 soutenir les \u00e9l\u00e8ves noirs"},"content":{"rendered":"<p>Le CERIC est heureux de s\u2019associer pour la premi\u00e8re fois \u00e0 l\u2019Association des conseillers en orientation de l\u2019Ontario (ACOSO) pour offrir une s\u00e9rie de webinaires (en anglais) en deux parties\u00a0\u2013 <a href=\"https:\/\/ceric.ca\/events\/webinar-series-shifting-the-trajectory-for-black-students\/\">Shifting the Trajectory for Black Students: The Role of School Counsellors in Supporting Positive Outcomes for Black Students<\/a> (Modifier la trajectoire pour les \u00e9l\u00e8ves noirs\u00a0: le r\u00f4le des conseillers scolaires pour soutenir la r\u00e9ussite des \u00e9l\u00e8ves noirs), avec Nicole\u00a0Baxter-Lyn et Kamilah\u00a0Clayton.<\/p>\n<p>Les conseillers scolaires jouent un r\u00f4le essentiel dans le soutien du sentiment d\u2019appartenance des \u00e9l\u00e8ves noirs \u00e0 leur communaut\u00e9 scolaire, ainsi que dans la pr\u00e9paration des \u00e9tudiants \u00e0 la r\u00e9ussite scolaire et professionnelle au-del\u00e0 de leurs exp\u00e9riences \u00e0 l\u2019\u00e9cole primaire et secondaire. En participant \u00e0 cette s\u00e9rie de webinaires, les conseillers d\u2019orientation actuels et futurs, ainsi que d\u2019autres \u00e9ducateurs et intervenants en d\u00e9veloppement de carri\u00e8re, apprendront comment aborder l\u2019orientation selon une approche antiraciste et ax\u00e9e sur la gu\u00e9rison.<\/p>\n<ul>\n<li><strong>Webinaire n<sup>o<\/sup>\u00a01\u00a0: <em>Enough is Enough: Disrupting Marginalizing Practices within Guidance<\/em> (Assez, c\u2019est assez\u00a0: mettre fin aux pratiques de marginalisation dans le cadre de l\u2019orientation)<\/strong>\u00a0\u2013 pr\u00e9sent\u00e9 par Nicole\u00a0Baxter-Lyn, le <em>mercredi 25\u00a0novembre\u00a02020 de 18\u00a0h\u00a030 \u00e0 19\u00a0h\u00a030 (HE)<\/em><\/li>\n<li><strong>Webinaire n<sup>o<\/sup>\u00a02\u00a0: <em>A Focus on Inclusion<\/em> (Pleins feux sur l\u2019inclusion)<\/strong>\u00a0\u2013 pr\u00e9sent\u00e9 par Kamilah\u00a0Clayton, le<em> mercredi 2\u00a0d\u00e9cembre\u00a02020 de 18\u00a0h\u00a030 \u00e0 19\u00a0h\u00a030 (HE)<\/em><\/li>\n<\/ul>\n<p>Nicole\u00a0Baxter-Lyn est la cofondatrice et la vice-pr\u00e9sidente de la Canadian Multicultural LEAD Organization for Mentoring and Training. Actuellement, elle agit \u00e0 titre de facilitatrice provinciale du leadership en mati\u00e8re d\u2019\u00e9quit\u00e9. De plus, en tant que coordonnatrice facilitatrice de l\u2019enseignement en mati\u00e8re d\u2019\u00e9quit\u00e9, elle est charg\u00e9e de superviser une \u00e9quipe de conseillers en mati\u00e8re de lutte contre le racisme et l\u2019oppression au sein du Conseil scolaire de district de la r\u00e9gion de York. Kamilah\u00a0Clayton est une travailleuse sociale autoris\u00e9e et une psychoth\u00e9rapeute qui poss\u00e8de plus de dix ans d\u2019exp\u00e9rience de travail avec les enfants, les jeunes et les familles dans divers milieux. Elle utilise une approche ax\u00e9e sur l\u2019affirmation de l\u2019identit\u00e9 pour soutenir la sant\u00e9 mentale et le bien-\u00eatre des personnes d\u2019origine africaine. Ses domaines d\u2019expertise comprennent l\u2019anxi\u00e9t\u00e9, la d\u00e9pression, le stress et l\u2019identit\u00e9 raciale.<\/p>\n<p>Cette s\u00e9rie de webinaires est g\u00e9n\u00e9reusement commandit\u00e9e par l\u2019<a href=\"https:\/\/www.osca.ca\/fr-ca\/\" target=\"_blank\" rel=\"noopener noreferrer\">Association des conseillers en orientation de l\u2019Ontario (ACOSO)<\/a>, dont la contribution permet de proposer la s\u00e9rie gratuitement pour les membres de l\u2019ACOSO \u00e0 tarif r\u00e9duit pour les non-membres (99\u00a0$).<\/p>\n<p>Le CERIC travaille de concert avec des associations et des organisations au Canada et \u00e0 l\u2019\u00e9tranger pour proposer des webinaires qui offrent une formation professionnelle \u00e0 la fois opportune, pratique et abordable. Auparavant, le CERIC a travaill\u00e9 avec l\u2019<a href=\"https:\/\/www.supportedemployment.ca\/?lang=fr\" target=\"_blank\" rel=\"noopener noreferrer\">Association canadienne de soutien \u00e0 l\u2019emploi<\/a>, l\u2019<a href=\"http:\/\/nbcdag-gadcnbfr.weebly.com\/\" target=\"_blank\" rel=\"noopener noreferrer\">Association pour le d\u00e9veloppement de carri\u00e8re au Nouveau-Brunswick<\/a>, l\u2019<a href=\"http:\/\/www.ontarioassociationofcareermanagement.org\/\" target=\"_blank\" rel=\"noopener noreferrer\">Ontario Association for Career Management<\/a>, l\u2019<a href=\"https:\/\/www.cacee.com\/index_Fr.html\" target=\"_blank\" rel=\"noopener noreferrer\">Association canadienne des sp\u00e9cialistes en emploi et des employeurs<\/a>, la <a href=\"http:\/\/www.careerdevelopment.ab.ca\/\" target=\"_blank\" rel=\"noopener noreferrer\">Career Development Association of Alberta<\/a>, la <a href=\"http:\/\/www2.nscda.ca\/\" target=\"_blank\" rel=\"noopener noreferrer\">Nova\u00a0Scotia Career Development Association<\/a>, l\u2019<a href=\"https:\/\/www.ccpa-accp.ca\/\" target=\"_blank\" rel=\"noopener noreferrer\">Association canadienne de counselling et de psychoth\u00e9rapie<\/a>, la <a href=\"https:\/\/www.vracanada.com\/\" target=\"_blank\" rel=\"noopener noreferrer\">Vocational Rehabilitation Association of Canada<\/a><em>, <\/em><a href=\"https:\/\/careerprocanada.ca\/francais\/\" target=\"_blank\" rel=\"noopener noreferrer\">Les professionnels de la carri\u00e8re du Canada<\/a><em>, l\u2019<\/em><a href=\"https:\/\/aspect.bc.ca\/\" target=\"_blank\" rel=\"noopener noreferrer\">Association of Service Providers for Employability and Career Training<\/a> et la <a href=\"https:\/\/www.ncda.org\/aws\/NCDA\/pt\/sp\/home_page\" target=\"_blank\" rel=\"noopener noreferrer\">National Career Development Association<\/a> aux \u00c9tats-Unis.<\/p>\n","protected":false},"excerpt":{"rendered":"<p>Le CERIC est heureux de s\u2019associer pour la premi\u00e8re fois \u00e0 l\u2019Association des conseillers en orientation de l\u2019Ontario (ACOSO) pour offrir une s\u00e9rie de webinaires (en<span class=\"excerpt-hellip\"> [\u2026]<\/span><\/p>\n","protected":false},"author":30,"featured_media":43282,"comment_status":"closed","ping_status":"closed","sticky":false,"template":"","format":"standard","meta":{"h5ap_radio_sources":[],"footnotes":""},"categories":[861,32,927],"tags":[],"class_list":["post-43304","post","type-post","status-publish","format-standard","has-post-thumbnail","hentry","category-2020-nouvelles","category-nouvelles","category-novembre-2020-nouvelles"],"yoast_head":"<!-- This site is optimized with the Yoast SEO Premium plugin v27.4 (Yoast SEO v27.4) - https:\/\/yoast.com\/product\/yoast-seo-premium-wordpress\/ -->\n<title>Nouvelle s\u00e9rie de webinaires pour aider les conseillers scolaires \u00e0 soutenir les \u00e9l\u00e8ves noirs - CERIC<\/title>\n<meta name=\"robots\" content=\"index, follow, max-snippet:-1, max-image-preview:large, max-video-preview:-1\" \/>\n<link rel=\"canonical\" href=\"https:\/\/ceric.ca\/fr\/2020\/11\/nouvelle-serie-de-webinaires-pour-aider-les-conseillers-scolaires-a-soutenir-les-eleves-noirs\/\" \/>\n<meta property=\"og:locale\" content=\"fr_FR\" \/>\n<meta property=\"og:type\" content=\"article\" \/>\n<meta property=\"og:title\" content=\"Nouvelle s\u00e9rie de webinaires pour aider les conseillers scolaires \u00e0 soutenir les \u00e9l\u00e8ves noirs\" \/>\n<meta property=\"og:description\" content=\"Le CERIC est heureux de s\u2019associer pour la premi\u00e8re fois \u00e0 l\u2019Association des conseillers en orientation de l\u2019Ontario (ACOSO) pour offrir une s\u00e9rie de webinaires (en [\u2026]\" \/>\n<meta property=\"og:url\" content=\"https:\/\/ceric.ca\/fr\/2020\/11\/nouvelle-serie-de-webinaires-pour-aider-les-conseillers-scolaires-a-soutenir-les-eleves-noirs\/\" \/>\n<meta property=\"og:site_name\" content=\"CERIC\" \/>\n<meta property=\"article:published_time\" content=\"2020-11-02T19:37:17+00:00\" \/>\n<meta property=\"article:modified_time\" content=\"2020-11-10T19:40:22+00:00\" \/>\n<meta property=\"og:image\" content=\"https:\/\/ceric.ca\/wp-content\/uploads\/2020\/11\/CERIC-NEWS-ITEM-11.png\" \/>\n\t<meta property=\"og:image:width\" content=\"600\" \/>\n\t<meta property=\"og:image:height\" content=\"420\" \/>\n\t<meta property=\"og:image:type\" content=\"image\/png\" \/>\n<meta name=\"author\" content=\"Rachel So\" \/>\n<meta name=\"twitter:card\" content=\"summary_large_image\" \/>\n<meta name=\"twitter:label1\" content=\"\u00c9crit par\" \/>\n\t<meta name=\"twitter:data1\" content=\"Rachel So\" \/>\n\t<meta name=\"twitter:label2\" content=\"Dur\u00e9e de lecture estim\u00e9e\" \/>\n\t<meta name=\"twitter:data2\" content=\"3 minutes\" \/>\n<script type=\"application\/ld+json\" class=\"yoast-schema-graph\">{\"@context\":\"https:\\\/\\\/schema.org\",\"@graph\":[{\"@type\":\"Article\",\"@id\":\"https:\\\/\\\/ceric.ca\\\/fr\\\/2020\\\/11\\\/nouvelle-serie-de-webinaires-pour-aider-les-conseillers-scolaires-a-soutenir-les-eleves-noirs\\\/#article\",\"isPartOf\":{\"@id\":\"https:\\\/\\\/ceric.ca\\\/fr\\\/2020\\\/11\\\/nouvelle-serie-de-webinaires-pour-aider-les-conseillers-scolaires-a-soutenir-les-eleves-noirs\\\/\"},\"author\":{\"name\":\"Rachel So\",\"@id\":\"https:\\\/\\\/ceric.ca\\\/#\\\/schema\\\/person\\\/2e3faddf54acfac0d88b9ce185094d00\"},\"headline\":\"Nouvelle s\u00e9rie de webinaires pour aider les conseillers scolaires \u00e0 soutenir les \u00e9l\u00e8ves noirs\",\"datePublished\":\"2020-11-02T19:37:17+00:00\",\"dateModified\":\"2020-11-10T19:40:22+00:00\",\"mainEntityOfPage\":{\"@id\":\"https:\\\/\\\/ceric.ca\\\/fr\\\/2020\\\/11\\\/nouvelle-serie-de-webinaires-pour-aider-les-conseillers-scolaires-a-soutenir-les-eleves-noirs\\\/\"},\"wordCount\":576,\"publisher\":{\"@id\":\"https:\\\/\\\/ceric.ca\\\/#organization\"},\"image\":{\"@id\":\"https:\\\/\\\/ceric.ca\\\/fr\\\/2020\\\/11\\\/nouvelle-serie-de-webinaires-pour-aider-les-conseillers-scolaires-a-soutenir-les-eleves-noirs\\\/#primaryimage\"},\"thumbnailUrl\":\"https:\\\/\\\/ceric.ca\\\/wp-content\\\/uploads\\\/2020\\\/11\\\/CERIC-NEWS-ITEM-11.png\",\"articleSection\":[\"2020\",\"Nouvelles\",\"novembre\"],\"inLanguage\":\"fr-FR\"},{\"@type\":\"WebPage\",\"@id\":\"https:\\\/\\\/ceric.ca\\\/fr\\\/2020\\\/11\\\/nouvelle-serie-de-webinaires-pour-aider-les-conseillers-scolaires-a-soutenir-les-eleves-noirs\\\/\",\"url\":\"https:\\\/\\\/ceric.ca\\\/fr\\\/2020\\\/11\\\/nouvelle-serie-de-webinaires-pour-aider-les-conseillers-scolaires-a-soutenir-les-eleves-noirs\\\/\",\"name\":\"Nouvelle s\u00e9rie de webinaires pour aider les conseillers scolaires \u00e0 soutenir les \u00e9l\u00e8ves noirs - CERIC\",\"isPartOf\":{\"@id\":\"https:\\\/\\\/ceric.ca\\\/#website\"},\"primaryImageOfPage\":{\"@id\":\"https:\\\/\\\/ceric.ca\\\/fr\\\/2020\\\/11\\\/nouvelle-serie-de-webinaires-pour-aider-les-conseillers-scolaires-a-soutenir-les-eleves-noirs\\\/#primaryimage\"},\"image\":{\"@id\":\"https:\\\/\\\/ceric.ca\\\/fr\\\/2020\\\/11\\\/nouvelle-serie-de-webinaires-pour-aider-les-conseillers-scolaires-a-soutenir-les-eleves-noirs\\\/#primaryimage\"},\"thumbnailUrl\":\"https:\\\/\\\/ceric.ca\\\/wp-content\\\/uploads\\\/2020\\\/11\\\/CERIC-NEWS-ITEM-11.png\",\"datePublished\":\"2020-11-02T19:37:17+00:00\",\"dateModified\":\"2020-11-10T19:40:22+00:00\",\"breadcrumb\":{\"@id\":\"https:\\\/\\\/ceric.ca\\\/fr\\\/2020\\\/11\\\/nouvelle-serie-de-webinaires-pour-aider-les-conseillers-scolaires-a-soutenir-les-eleves-noirs\\\/#breadcrumb\"},\"inLanguage\":\"fr-FR\",\"potentialAction\":[{\"@type\":\"ReadAction\",\"target\":[\"https:\\\/\\\/ceric.ca\\\/fr\\\/2020\\\/11\\\/nouvelle-serie-de-webinaires-pour-aider-les-conseillers-scolaires-a-soutenir-les-eleves-noirs\\\/\"]}]},{\"@type\":\"ImageObject\",\"inLanguage\":\"fr-FR\",\"@id\":\"https:\\\/\\\/ceric.ca\\\/fr\\\/2020\\\/11\\\/nouvelle-serie-de-webinaires-pour-aider-les-conseillers-scolaires-a-soutenir-les-eleves-noirs\\\/#primaryimage\",\"url\":\"https:\\\/\\\/ceric.ca\\\/wp-content\\\/uploads\\\/2020\\\/11\\\/CERIC-NEWS-ITEM-11.png\",\"contentUrl\":\"https:\\\/\\\/ceric.ca\\\/wp-content\\\/uploads\\\/2020\\\/11\\\/CERIC-NEWS-ITEM-11.png\",\"width\":600,\"height\":420},{\"@type\":\"BreadcrumbList\",\"@id\":\"https:\\\/\\\/ceric.ca\\\/fr\\\/2020\\\/11\\\/nouvelle-serie-de-webinaires-pour-aider-les-conseillers-scolaires-a-soutenir-les-eleves-noirs\\\/#breadcrumb\",\"itemListElement\":[{\"@type\":\"ListItem\",\"position\":1,\"name\":\"Home\",\"item\":\"https:\\\/\\\/ceric.ca\\\/fr\\\/ceric-homepage-2025\\\/\"},{\"@type\":\"ListItem\",\"position\":2,\"name\":\"Nouvelle s\u00e9rie de webinaires pour aider les conseillers scolaires \u00e0 soutenir les \u00e9l\u00e8ves noirs\"}]},{\"@type\":\"WebSite\",\"@id\":\"https:\\\/\\\/ceric.ca\\\/#website\",\"url\":\"https:\\\/\\\/ceric.ca\\\/\",\"name\":\"CERIC\",\"description\":\"\",\"publisher\":{\"@id\":\"https:\\\/\\\/ceric.ca\\\/#organization\"},\"potentialAction\":[{\"@type\":\"SearchAction\",\"target\":{\"@type\":\"EntryPoint\",\"urlTemplate\":\"https:\\\/\\\/ceric.ca\\\/?s={search_term_string}\"},\"query-input\":{\"@type\":\"PropertyValueSpecification\",\"valueRequired\":true,\"valueName\":\"search_term_string\"}}],\"inLanguage\":\"fr-FR\"},{\"@type\":\"Organization\",\"@id\":\"https:\\\/\\\/ceric.ca\\\/#organization\",\"name\":\"CERIC\",\"url\":\"https:\\\/\\\/ceric.ca\\\/\",\"logo\":{\"@type\":\"ImageObject\",\"inLanguage\":\"fr-FR\",\"@id\":\"https:\\\/\\\/ceric.ca\\\/#\\\/schema\\\/logo\\\/image\\\/\",\"url\":\"\",\"contentUrl\":\"\",\"caption\":\"CERIC\"},\"image\":{\"@id\":\"https:\\\/\\\/ceric.ca\\\/#\\\/schema\\\/logo\\\/image\\\/\"}},{\"@type\":\"Person\",\"@id\":\"https:\\\/\\\/ceric.ca\\\/#\\\/schema\\\/person\\\/2e3faddf54acfac0d88b9ce185094d00\",\"name\":\"Rachel So\",\"image\":{\"@type\":\"ImageObject\",\"inLanguage\":\"fr-FR\",\"@id\":\"https:\\\/\\\/secure.gravatar.com\\\/avatar\\\/4c40c9aaacb6f176dbd977bdf43366708b68bdf16dc927d1e222e96783b5a9bc?s=96&d=blank&r=g\",\"url\":\"https:\\\/\\\/secure.gravatar.com\\\/avatar\\\/4c40c9aaacb6f176dbd977bdf43366708b68bdf16dc927d1e222e96783b5a9bc?s=96&d=blank&r=g\",\"contentUrl\":\"https:\\\/\\\/secure.gravatar.com\\\/avatar\\\/4c40c9aaacb6f176dbd977bdf43366708b68bdf16dc927d1e222e96783b5a9bc?s=96&d=blank&r=g\",\"caption\":\"Rachel So\"},\"url\":\"https:\\\/\\\/ceric.ca\\\/fr\\\/author\\\/rachel\\\/\"}]}<\/script>\n<!-- \/ Yoast SEO Premium plugin. -->","yoast_head_json":{"title":"Nouvelle s\u00e9rie de webinaires pour aider les conseillers scolaires \u00e0 soutenir les \u00e9l\u00e8ves noirs - CERIC","robots":{"index":"index","follow":"follow","max-snippet":"max-snippet:-1","max-image-preview":"max-image-preview:large","max-video-preview":"max-video-preview:-1"},"canonical":"https:\/\/ceric.ca\/fr\/2020\/11\/nouvelle-serie-de-webinaires-pour-aider-les-conseillers-scolaires-a-soutenir-les-eleves-noirs\/","og_locale":"fr_FR","og_type":"article","og_title":"Nouvelle s\u00e9rie de webinaires pour aider les conseillers scolaires \u00e0 soutenir les \u00e9l\u00e8ves noirs","og_description":"Le CERIC est heureux de s\u2019associer pour la premi\u00e8re fois \u00e0 l\u2019Association des conseillers en orientation de l\u2019Ontario (ACOSO) pour offrir une s\u00e9rie de webinaires (en [\u2026]","og_url":"https:\/\/ceric.ca\/fr\/2020\/11\/nouvelle-serie-de-webinaires-pour-aider-les-conseillers-scolaires-a-soutenir-les-eleves-noirs\/","og_site_name":"CERIC","article_published_time":"2020-11-02T19:37:17+00:00","article_modified_time":"2020-11-10T19:40:22+00:00","og_image":[{"width":600,"height":420,"url":"https:\/\/ceric.ca\/wp-content\/uploads\/2020\/11\/CERIC-NEWS-ITEM-11.png","type":"image\/png"}],"author":"Rachel So","twitter_card":"summary_large_image","twitter_misc":{"\u00c9crit par":"Rachel So","Dur\u00e9e de lecture estim\u00e9e":"3 minutes"},"schema":{"@context":"https:\/\/schema.org","@graph":[{"@type":"Article","@id":"https:\/\/ceric.ca\/fr\/2020\/11\/nouvelle-serie-de-webinaires-pour-aider-les-conseillers-scolaires-a-soutenir-les-eleves-noirs\/#article","isPartOf":{"@id":"https:\/\/ceric.ca\/fr\/2020\/11\/nouvelle-serie-de-webinaires-pour-aider-les-conseillers-scolaires-a-soutenir-les-eleves-noirs\/"},"author":{"name":"Rachel So","@id":"https:\/\/ceric.ca\/#\/schema\/person\/2e3faddf54acfac0d88b9ce185094d00"},"headline":"Nouvelle s\u00e9rie de webinaires pour aider les conseillers scolaires \u00e0 soutenir les \u00e9l\u00e8ves noirs","datePublished":"2020-11-02T19:37:17+00:00","dateModified":"2020-11-10T19:40:22+00:00","mainEntityOfPage":{"@id":"https:\/\/ceric.ca\/fr\/2020\/11\/nouvelle-serie-de-webinaires-pour-aider-les-conseillers-scolaires-a-soutenir-les-eleves-noirs\/"},"wordCount":576,"publisher":{"@id":"https:\/\/ceric.ca\/#organization"},"image":{"@id":"https:\/\/ceric.ca\/fr\/2020\/11\/nouvelle-serie-de-webinaires-pour-aider-les-conseillers-scolaires-a-soutenir-les-eleves-noirs\/#primaryimage"},"thumbnailUrl":"https:\/\/ceric.ca\/wp-content\/uploads\/2020\/11\/CERIC-NEWS-ITEM-11.png","articleSection":["2020","Nouvelles","novembre"],"inLanguage":"fr-FR"},{"@type":"WebPage","@id":"https:\/\/ceric.ca\/fr\/2020\/11\/nouvelle-serie-de-webinaires-pour-aider-les-conseillers-scolaires-a-soutenir-les-eleves-noirs\/","url":"https:\/\/ceric.ca\/fr\/2020\/11\/nouvelle-serie-de-webinaires-pour-aider-les-conseillers-scolaires-a-soutenir-les-eleves-noirs\/","name":"Nouvelle s\u00e9rie de webinaires pour aider les conseillers scolaires \u00e0 soutenir les \u00e9l\u00e8ves noirs - CERIC","isPartOf":{"@id":"https:\/\/ceric.ca\/#website"},"primaryImageOfPage":{"@id":"https:\/\/ceric.ca\/fr\/2020\/11\/nouvelle-serie-de-webinaires-pour-aider-les-conseillers-scolaires-a-soutenir-les-eleves-noirs\/#primaryimage"},"image":{"@id":"https:\/\/ceric.ca\/fr\/2020\/11\/nouvelle-serie-de-webinaires-pour-aider-les-conseillers-scolaires-a-soutenir-les-eleves-noirs\/#primaryimage"},"thumbnailUrl":"https:\/\/ceric.ca\/wp-content\/uploads\/2020\/11\/CERIC-NEWS-ITEM-11.png","datePublished":"2020-11-02T19:37:17+00:00","dateModified":"2020-11-10T19:40:22+00:00","breadcrumb":{"@id":"https:\/\/ceric.ca\/fr\/2020\/11\/nouvelle-serie-de-webinaires-pour-aider-les-conseillers-scolaires-a-soutenir-les-eleves-noirs\/#breadcrumb"},"inLanguage":"fr-FR","potentialAction":[{"@type":"ReadAction","target":["https:\/\/ceric.ca\/fr\/2020\/11\/nouvelle-serie-de-webinaires-pour-aider-les-conseillers-scolaires-a-soutenir-les-eleves-noirs\/"]}]},{"@type":"ImageObject","inLanguage":"fr-FR","@id":"https:\/\/ceric.ca\/fr\/2020\/11\/nouvelle-serie-de-webinaires-pour-aider-les-conseillers-scolaires-a-soutenir-les-eleves-noirs\/#primaryimage","url":"https:\/\/ceric.ca\/wp-content\/uploads\/2020\/11\/CERIC-NEWS-ITEM-11.png","contentUrl":"https:\/\/ceric.ca\/wp-content\/uploads\/2020\/11\/CERIC-NEWS-ITEM-11.png","width":600,"height":420},{"@type":"BreadcrumbList","@id":"https:\/\/ceric.ca\/fr\/2020\/11\/nouvelle-serie-de-webinaires-pour-aider-les-conseillers-scolaires-a-soutenir-les-eleves-noirs\/#breadcrumb","itemListElement":[{"@type":"ListItem","position":1,"name":"Home","item":"https:\/\/ceric.ca\/fr\/ceric-homepage-2025\/"},{"@type":"ListItem","position":2,"name":"Nouvelle s\u00e9rie de webinaires pour aider les conseillers scolaires \u00e0 soutenir les \u00e9l\u00e8ves noirs"}]},{"@type":"WebSite","@id":"https:\/\/ceric.ca\/#website","url":"https:\/\/ceric.ca\/","name":"CERIC","description":"","publisher":{"@id":"https:\/\/ceric.ca\/#organization"},"potentialAction":[{"@type":"SearchAction","target":{"@type":"EntryPoint","urlTemplate":"https:\/\/ceric.ca\/?s={search_term_string}"},"query-input":{"@type":"PropertyValueSpecification","valueRequired":true,"valueName":"search_term_string"}}],"inLanguage":"fr-FR"},{"@type":"Organization","@id":"https:\/\/ceric.ca\/#organization","name":"CERIC","url":"https:\/\/ceric.ca\/","logo":{"@type":"ImageObject","inLanguage":"fr-FR","@id":"https:\/\/ceric.ca\/#\/schema\/logo\/image\/","url":"","contentUrl":"","caption":"CERIC"},"image":{"@id":"https:\/\/ceric.ca\/#\/schema\/logo\/image\/"}},{"@type":"Person","@id":"https:\/\/ceric.ca\/#\/schema\/person\/2e3faddf54acfac0d88b9ce185094d00","name":"Rachel So","image":{"@type":"ImageObject","inLanguage":"fr-FR","@id":"https:\/\/secure.gravatar.com\/avatar\/4c40c9aaacb6f176dbd977bdf43366708b68bdf16dc927d1e222e96783b5a9bc?s=96&d=blank&r=g","url":"https:\/\/secure.gravatar.com\/avatar\/4c40c9aaacb6f176dbd977bdf43366708b68bdf16dc927d1e222e96783b5a9bc?s=96&d=blank&r=g","contentUrl":"https:\/\/secure.gravatar.com\/avatar\/4c40c9aaacb6f176dbd977bdf43366708b68bdf16dc927d1e222e96783b5a9bc?s=96&d=blank&r=g","caption":"Rachel So"},"url":"https:\/\/ceric.ca\/fr\/author\/rachel\/"}]}},"_links":{"self":[{"href":"https:\/\/ceric.ca\/fr\/wp-json\/wp\/v2\/posts\/43304","targetHints":{"allow":["GET"]}}],"collection":[{"href":"https:\/\/ceric.ca\/fr\/wp-json\/wp\/v2\/posts"}],"about":[{"href":"https:\/\/ceric.ca\/fr\/wp-json\/wp\/v2\/types\/post"}],"author":[{"embeddable":true,"href":"https:\/\/ceric.ca\/fr\/wp-json\/wp\/v2\/users\/30"}],"replies":[{"embeddable":true,"href":"https:\/\/ceric.ca\/fr\/wp-json\/wp\/v2\/comments?post=43304"}],"version-history":[{"count":0,"href":"https:\/\/ceric.ca\/fr\/wp-json\/wp\/v2\/posts\/43304\/revisions"}],"wp:featuredmedia":[{"embeddable":true,"href":"https:\/\/ceric.ca\/fr\/wp-json\/wp\/v2\/media\/43282"}],"wp:attachment":[{"href":"https:\/\/ceric.ca\/fr\/wp-json\/wp\/v2\/media?parent=43304"}],"wp:term":[{"taxonomy":"category","embeddable":true,"href":"https:\/\/ceric.ca\/fr\/wp-json\/wp\/v2\/categories?post=43304"},{"taxonomy":"post_tag","embeddable":true,"href":"https:\/\/ceric.ca\/fr\/wp-json\/wp\/v2\/tags?post=43304"}],"curies":[{"name":"wp","href":"https:\/\/api.w.org\/{rel}","templated":true}]}}