{"id":43381,"date":"2020-11-19T13:56:21","date_gmt":"2020-11-19T18:56:21","guid":{"rendered":"https:\/\/ceric.ca\/?p=43381"},"modified":"2020-11-20T14:03:13","modified_gmt":"2020-11-20T19:03:13","slug":"des-diplomes-recoivent-des-prix-pour-participer-au-congres-virtuel-cannexus21","status":"publish","type":"post","link":"https:\/\/ceric.ca\/fr\/2020\/11\/des-diplomes-recoivent-des-prix-pour-participer-au-congres-virtuel-cannexus21\/","title":{"rendered":"Des dipl\u00f4m\u00e9s re\u00e7oivent des prix pour participer au congr\u00e8s virtuel Cannexus21"},"content":{"rendered":"<p>Le CERIC a annonc\u00e9 les noms des quatre laur\u00e9ats de cette ann\u00e9e de son Prix des cycles sup\u00e9rieurs. Les laur\u00e9ats pourront assister \u00e0 <a href=\"https:\/\/cannexus.ceric.ca\/fr\/\" target=\"_blank\" rel=\"noopener noreferrer\">Cannexus21, le congr\u00e8s national en d\u00e9veloppement de carri\u00e8re<\/a> qui aura lieu les\u00a025 et 27\u00a0janvier, ainsi que les\u00a01<sup>er<\/sup> et 3\u00a0f\u00e9vrier\u00a02021, en ligne.<\/p>\n<p>Les laur\u00e9ats sont\u00a0:<\/p>\n<ul>\n<li>Roxy\u00a0Merkand, doctorante en psychologie industrielle et organisationnelle, Universit\u00e9 de Waterloo<\/li>\n<li>Gabrielle\u00a0Beaupr\u00e9, doctorante en \u00e9ducation, Universit\u00e9 du Qu\u00e9bec \u00e0 Montr\u00e9al<\/li>\n<li>Janet\u00a0Payne, doctorante en \u00e9ducation, Universit\u00e9 de l\u2019\u00cele-du-Prince-\u00c9douard<\/li>\n<li>Walaa Taha, candidate \u00e0 la ma\u00eetrise en\u00a0psychologie de l&rsquo;\u00e9ducation, Universit\u00e9 de Calgary<\/li>\n<\/ul>\n<p>Ce prix, accord\u00e9 annuellement \u00e0 des \u00e9tudiants \u00e0 temps plein des cycles sup\u00e9rieurs en d\u00e9veloppement de carri\u00e8re, comprend l\u2019inscription gratuite \u00e0 Cannexus\u00a0\u2013 qui se tiendra de fa\u00e7on virtuelle en 2021\u00a0\u2013 ainsi que 1\u00a0000\u00a0$. Le congr\u00e8s Cannexus fait la promotion de l\u2019\u00e9change d\u2019information et explore des approches novatrices dans le domaine de l\u2019orientation professionnelle, du d\u00e9veloppement de carri\u00e8re et du perfectionnement de la main-d\u2019\u0153uvre.<\/p>\n<p>Pour \u00eatre admissible \u00e0 ce prix, il faut participer au <a href=\"https:\/\/ceric.ca\/fr\/programme_etudiants\/\">Programme de mobilisation des \u00e9tudiants aux cycles sup\u00e9rieurs<\/a> (GSEP) du CERIC et avoir r\u00e9dig\u00e9 un article d\u2019une page sur n\u2019importe quel sujet en lien avec le d\u00e9veloppement de carri\u00e8re. Lisez les articles prim\u00e9s et tous les textes inspirants accessibles dans la section du <a href=\"https:\/\/ceric.ca\/fr\/category\/programme-de-mobilisation-des-etudiants-aux-cycles-superieurs\/\">Programme de mobilisation des \u00e9tudiants aux cycles sup\u00e9rieurs<\/a> du site Web du CERIC.<\/p>\n<p>De nombreux membres du GSEP pr\u00e9senteront \u00e9galement des <a href=\"https:\/\/cannexus.ceric.ca\/fr\/apercu\/\" target=\"_blank\" rel=\"noopener noreferrer\">affiches d\u2019\u00e9tudiants dans le cadre de Cannexus<\/a>\u00a0\u2013 une excellente occasion d\u2019apprendre de la prochaine g\u00e9n\u00e9ration de chercheurs en d\u00e9veloppement de carri\u00e8re.<\/p>\n<p>Le programme GSEP vise \u00e0 favoriser l\u2019engagement des \u00e9tudiants canadiens \u00e0 temps plein aux cycles sup\u00e9rieurs qui se concentrent sur le d\u00e9veloppement de carri\u00e8re ou un domaine connexe.<\/p>\n","protected":false},"excerpt":{"rendered":"<p>Le CERIC a annonc\u00e9 les noms des quatre laur\u00e9ats de cette ann\u00e9e de son Prix des cycles sup\u00e9rieurs. Les laur\u00e9ats pourront assister \u00e0 Cannexus21, le congr\u00e8s<span class=\"excerpt-hellip\"> [\u2026]<\/span><\/p>\n","protected":false},"author":30,"featured_media":43367,"comment_status":"closed","ping_status":"closed","sticky":false,"template":"","format":"standard","meta":{"h5ap_radio_sources":[],"footnotes":""},"categories":[861,32,927],"tags":[],"class_list":["post-43381","post","type-post","status-publish","format-standard","has-post-thumbnail","hentry","category-2020-nouvelles","category-nouvelles","category-novembre-2020-nouvelles"],"yoast_head":"<!-- This site is optimized with the Yoast SEO Premium plugin v27.4 (Yoast SEO v27.4) - https:\/\/yoast.com\/product\/yoast-seo-premium-wordpress\/ -->\n<title>Des dipl\u00f4m\u00e9s re\u00e7oivent des prix pour participer au congr\u00e8s virtuel Cannexus21 - CERIC<\/title>\n<meta name=\"robots\" content=\"index, follow, max-snippet:-1, max-image-preview:large, max-video-preview:-1\" \/>\n<link rel=\"canonical\" href=\"https:\/\/ceric.ca\/fr\/2020\/11\/des-diplomes-recoivent-des-prix-pour-participer-au-congres-virtuel-cannexus21\/\" \/>\n<meta property=\"og:locale\" content=\"fr_FR\" \/>\n<meta property=\"og:type\" content=\"article\" \/>\n<meta property=\"og:title\" content=\"Des dipl\u00f4m\u00e9s re\u00e7oivent des prix pour participer au congr\u00e8s virtuel Cannexus21\" \/>\n<meta property=\"og:description\" content=\"Le CERIC a annonc\u00e9 les noms des quatre laur\u00e9ats de cette ann\u00e9e de son Prix des cycles sup\u00e9rieurs. Les laur\u00e9ats pourront assister \u00e0 Cannexus21, le congr\u00e8s [\u2026]\" \/>\n<meta property=\"og:url\" content=\"https:\/\/ceric.ca\/fr\/2020\/11\/des-diplomes-recoivent-des-prix-pour-participer-au-congres-virtuel-cannexus21\/\" \/>\n<meta property=\"og:site_name\" content=\"CERIC\" \/>\n<meta property=\"article:published_time\" content=\"2020-11-19T18:56:21+00:00\" \/>\n<meta property=\"article:modified_time\" content=\"2020-11-20T19:03:13+00:00\" \/>\n<meta property=\"og:image\" content=\"https:\/\/ceric.ca\/wp-content\/uploads\/2020\/11\/CERIC-NEWS-ITEM-12.png\" \/>\n\t<meta property=\"og:image:width\" content=\"600\" \/>\n\t<meta property=\"og:image:height\" content=\"420\" \/>\n\t<meta property=\"og:image:type\" content=\"image\/png\" \/>\n<meta name=\"author\" content=\"Rachel So\" \/>\n<meta name=\"twitter:card\" content=\"summary_large_image\" \/>\n<meta name=\"twitter:label1\" content=\"\u00c9crit par\" \/>\n\t<meta name=\"twitter:data1\" content=\"Rachel So\" \/>\n\t<meta name=\"twitter:label2\" content=\"Dur\u00e9e de lecture estim\u00e9e\" \/>\n\t<meta name=\"twitter:data2\" content=\"2 minutes\" \/>\n<script type=\"application\/ld+json\" class=\"yoast-schema-graph\">{\"@context\":\"https:\\\/\\\/schema.org\",\"@graph\":[{\"@type\":\"Article\",\"@id\":\"https:\\\/\\\/ceric.ca\\\/fr\\\/2020\\\/11\\\/des-diplomes-recoivent-des-prix-pour-participer-au-congres-virtuel-cannexus21\\\/#article\",\"isPartOf\":{\"@id\":\"https:\\\/\\\/ceric.ca\\\/fr\\\/2020\\\/11\\\/des-diplomes-recoivent-des-prix-pour-participer-au-congres-virtuel-cannexus21\\\/\"},\"author\":{\"name\":\"Rachel So\",\"@id\":\"https:\\\/\\\/ceric.ca\\\/#\\\/schema\\\/person\\\/2e3faddf54acfac0d88b9ce185094d00\"},\"headline\":\"Des dipl\u00f4m\u00e9s re\u00e7oivent des prix pour participer au congr\u00e8s virtuel Cannexus21\",\"datePublished\":\"2020-11-19T18:56:21+00:00\",\"dateModified\":\"2020-11-20T19:03:13+00:00\",\"mainEntityOfPage\":{\"@id\":\"https:\\\/\\\/ceric.ca\\\/fr\\\/2020\\\/11\\\/des-diplomes-recoivent-des-prix-pour-participer-au-congres-virtuel-cannexus21\\\/\"},\"wordCount\":326,\"publisher\":{\"@id\":\"https:\\\/\\\/ceric.ca\\\/#organization\"},\"image\":{\"@id\":\"https:\\\/\\\/ceric.ca\\\/fr\\\/2020\\\/11\\\/des-diplomes-recoivent-des-prix-pour-participer-au-congres-virtuel-cannexus21\\\/#primaryimage\"},\"thumbnailUrl\":\"https:\\\/\\\/ceric.ca\\\/wp-content\\\/uploads\\\/2020\\\/11\\\/CERIC-NEWS-ITEM-12.png\",\"articleSection\":[\"2020\",\"Nouvelles\",\"novembre\"],\"inLanguage\":\"fr-FR\"},{\"@type\":\"WebPage\",\"@id\":\"https:\\\/\\\/ceric.ca\\\/fr\\\/2020\\\/11\\\/des-diplomes-recoivent-des-prix-pour-participer-au-congres-virtuel-cannexus21\\\/\",\"url\":\"https:\\\/\\\/ceric.ca\\\/fr\\\/2020\\\/11\\\/des-diplomes-recoivent-des-prix-pour-participer-au-congres-virtuel-cannexus21\\\/\",\"name\":\"Des dipl\u00f4m\u00e9s re\u00e7oivent des prix pour participer au congr\u00e8s virtuel Cannexus21 - CERIC\",\"isPartOf\":{\"@id\":\"https:\\\/\\\/ceric.ca\\\/#website\"},\"primaryImageOfPage\":{\"@id\":\"https:\\\/\\\/ceric.ca\\\/fr\\\/2020\\\/11\\\/des-diplomes-recoivent-des-prix-pour-participer-au-congres-virtuel-cannexus21\\\/#primaryimage\"},\"image\":{\"@id\":\"https:\\\/\\\/ceric.ca\\\/fr\\\/2020\\\/11\\\/des-diplomes-recoivent-des-prix-pour-participer-au-congres-virtuel-cannexus21\\\/#primaryimage\"},\"thumbnailUrl\":\"https:\\\/\\\/ceric.ca\\\/wp-content\\\/uploads\\\/2020\\\/11\\\/CERIC-NEWS-ITEM-12.png\",\"datePublished\":\"2020-11-19T18:56:21+00:00\",\"dateModified\":\"2020-11-20T19:03:13+00:00\",\"breadcrumb\":{\"@id\":\"https:\\\/\\\/ceric.ca\\\/fr\\\/2020\\\/11\\\/des-diplomes-recoivent-des-prix-pour-participer-au-congres-virtuel-cannexus21\\\/#breadcrumb\"},\"inLanguage\":\"fr-FR\",\"potentialAction\":[{\"@type\":\"ReadAction\",\"target\":[\"https:\\\/\\\/ceric.ca\\\/fr\\\/2020\\\/11\\\/des-diplomes-recoivent-des-prix-pour-participer-au-congres-virtuel-cannexus21\\\/\"]}]},{\"@type\":\"ImageObject\",\"inLanguage\":\"fr-FR\",\"@id\":\"https:\\\/\\\/ceric.ca\\\/fr\\\/2020\\\/11\\\/des-diplomes-recoivent-des-prix-pour-participer-au-congres-virtuel-cannexus21\\\/#primaryimage\",\"url\":\"https:\\\/\\\/ceric.ca\\\/wp-content\\\/uploads\\\/2020\\\/11\\\/CERIC-NEWS-ITEM-12.png\",\"contentUrl\":\"https:\\\/\\\/ceric.ca\\\/wp-content\\\/uploads\\\/2020\\\/11\\\/CERIC-NEWS-ITEM-12.png\",\"width\":600,\"height\":420},{\"@type\":\"BreadcrumbList\",\"@id\":\"https:\\\/\\\/ceric.ca\\\/fr\\\/2020\\\/11\\\/des-diplomes-recoivent-des-prix-pour-participer-au-congres-virtuel-cannexus21\\\/#breadcrumb\",\"itemListElement\":[{\"@type\":\"ListItem\",\"position\":1,\"name\":\"Home\",\"item\":\"https:\\\/\\\/ceric.ca\\\/fr\\\/ceric-homepage-2025\\\/\"},{\"@type\":\"ListItem\",\"position\":2,\"name\":\"Des dipl\u00f4m\u00e9s re\u00e7oivent des prix pour participer au congr\u00e8s virtuel Cannexus21\"}]},{\"@type\":\"WebSite\",\"@id\":\"https:\\\/\\\/ceric.ca\\\/#website\",\"url\":\"https:\\\/\\\/ceric.ca\\\/\",\"name\":\"CERIC\",\"description\":\"\",\"publisher\":{\"@id\":\"https:\\\/\\\/ceric.ca\\\/#organization\"},\"potentialAction\":[{\"@type\":\"SearchAction\",\"target\":{\"@type\":\"EntryPoint\",\"urlTemplate\":\"https:\\\/\\\/ceric.ca\\\/?s={search_term_string}\"},\"query-input\":{\"@type\":\"PropertyValueSpecification\",\"valueRequired\":true,\"valueName\":\"search_term_string\"}}],\"inLanguage\":\"fr-FR\"},{\"@type\":\"Organization\",\"@id\":\"https:\\\/\\\/ceric.ca\\\/#organization\",\"name\":\"CERIC\",\"url\":\"https:\\\/\\\/ceric.ca\\\/\",\"logo\":{\"@type\":\"ImageObject\",\"inLanguage\":\"fr-FR\",\"@id\":\"https:\\\/\\\/ceric.ca\\\/#\\\/schema\\\/logo\\\/image\\\/\",\"url\":\"\",\"contentUrl\":\"\",\"caption\":\"CERIC\"},\"image\":{\"@id\":\"https:\\\/\\\/ceric.ca\\\/#\\\/schema\\\/logo\\\/image\\\/\"}},{\"@type\":\"Person\",\"@id\":\"https:\\\/\\\/ceric.ca\\\/#\\\/schema\\\/person\\\/2e3faddf54acfac0d88b9ce185094d00\",\"name\":\"Rachel So\",\"image\":{\"@type\":\"ImageObject\",\"inLanguage\":\"fr-FR\",\"@id\":\"https:\\\/\\\/secure.gravatar.com\\\/avatar\\\/4c40c9aaacb6f176dbd977bdf43366708b68bdf16dc927d1e222e96783b5a9bc?s=96&d=blank&r=g\",\"url\":\"https:\\\/\\\/secure.gravatar.com\\\/avatar\\\/4c40c9aaacb6f176dbd977bdf43366708b68bdf16dc927d1e222e96783b5a9bc?s=96&d=blank&r=g\",\"contentUrl\":\"https:\\\/\\\/secure.gravatar.com\\\/avatar\\\/4c40c9aaacb6f176dbd977bdf43366708b68bdf16dc927d1e222e96783b5a9bc?s=96&d=blank&r=g\",\"caption\":\"Rachel So\"},\"url\":\"https:\\\/\\\/ceric.ca\\\/fr\\\/author\\\/rachel\\\/\"}]}<\/script>\n<!-- \/ Yoast SEO Premium plugin. -->","yoast_head_json":{"title":"Des dipl\u00f4m\u00e9s re\u00e7oivent des prix pour participer au congr\u00e8s virtuel Cannexus21 - CERIC","robots":{"index":"index","follow":"follow","max-snippet":"max-snippet:-1","max-image-preview":"max-image-preview:large","max-video-preview":"max-video-preview:-1"},"canonical":"https:\/\/ceric.ca\/fr\/2020\/11\/des-diplomes-recoivent-des-prix-pour-participer-au-congres-virtuel-cannexus21\/","og_locale":"fr_FR","og_type":"article","og_title":"Des dipl\u00f4m\u00e9s re\u00e7oivent des prix pour participer au congr\u00e8s virtuel Cannexus21","og_description":"Le CERIC a annonc\u00e9 les noms des quatre laur\u00e9ats de cette ann\u00e9e de son Prix des cycles sup\u00e9rieurs. Les laur\u00e9ats pourront assister \u00e0 Cannexus21, le congr\u00e8s [\u2026]","og_url":"https:\/\/ceric.ca\/fr\/2020\/11\/des-diplomes-recoivent-des-prix-pour-participer-au-congres-virtuel-cannexus21\/","og_site_name":"CERIC","article_published_time":"2020-11-19T18:56:21+00:00","article_modified_time":"2020-11-20T19:03:13+00:00","og_image":[{"width":600,"height":420,"url":"https:\/\/ceric.ca\/wp-content\/uploads\/2020\/11\/CERIC-NEWS-ITEM-12.png","type":"image\/png"}],"author":"Rachel So","twitter_card":"summary_large_image","twitter_misc":{"\u00c9crit par":"Rachel So","Dur\u00e9e de lecture estim\u00e9e":"2 minutes"},"schema":{"@context":"https:\/\/schema.org","@graph":[{"@type":"Article","@id":"https:\/\/ceric.ca\/fr\/2020\/11\/des-diplomes-recoivent-des-prix-pour-participer-au-congres-virtuel-cannexus21\/#article","isPartOf":{"@id":"https:\/\/ceric.ca\/fr\/2020\/11\/des-diplomes-recoivent-des-prix-pour-participer-au-congres-virtuel-cannexus21\/"},"author":{"name":"Rachel So","@id":"https:\/\/ceric.ca\/#\/schema\/person\/2e3faddf54acfac0d88b9ce185094d00"},"headline":"Des dipl\u00f4m\u00e9s re\u00e7oivent des prix pour participer au congr\u00e8s virtuel Cannexus21","datePublished":"2020-11-19T18:56:21+00:00","dateModified":"2020-11-20T19:03:13+00:00","mainEntityOfPage":{"@id":"https:\/\/ceric.ca\/fr\/2020\/11\/des-diplomes-recoivent-des-prix-pour-participer-au-congres-virtuel-cannexus21\/"},"wordCount":326,"publisher":{"@id":"https:\/\/ceric.ca\/#organization"},"image":{"@id":"https:\/\/ceric.ca\/fr\/2020\/11\/des-diplomes-recoivent-des-prix-pour-participer-au-congres-virtuel-cannexus21\/#primaryimage"},"thumbnailUrl":"https:\/\/ceric.ca\/wp-content\/uploads\/2020\/11\/CERIC-NEWS-ITEM-12.png","articleSection":["2020","Nouvelles","novembre"],"inLanguage":"fr-FR"},{"@type":"WebPage","@id":"https:\/\/ceric.ca\/fr\/2020\/11\/des-diplomes-recoivent-des-prix-pour-participer-au-congres-virtuel-cannexus21\/","url":"https:\/\/ceric.ca\/fr\/2020\/11\/des-diplomes-recoivent-des-prix-pour-participer-au-congres-virtuel-cannexus21\/","name":"Des dipl\u00f4m\u00e9s re\u00e7oivent des prix pour participer au congr\u00e8s virtuel Cannexus21 - CERIC","isPartOf":{"@id":"https:\/\/ceric.ca\/#website"},"primaryImageOfPage":{"@id":"https:\/\/ceric.ca\/fr\/2020\/11\/des-diplomes-recoivent-des-prix-pour-participer-au-congres-virtuel-cannexus21\/#primaryimage"},"image":{"@id":"https:\/\/ceric.ca\/fr\/2020\/11\/des-diplomes-recoivent-des-prix-pour-participer-au-congres-virtuel-cannexus21\/#primaryimage"},"thumbnailUrl":"https:\/\/ceric.ca\/wp-content\/uploads\/2020\/11\/CERIC-NEWS-ITEM-12.png","datePublished":"2020-11-19T18:56:21+00:00","dateModified":"2020-11-20T19:03:13+00:00","breadcrumb":{"@id":"https:\/\/ceric.ca\/fr\/2020\/11\/des-diplomes-recoivent-des-prix-pour-participer-au-congres-virtuel-cannexus21\/#breadcrumb"},"inLanguage":"fr-FR","potentialAction":[{"@type":"ReadAction","target":["https:\/\/ceric.ca\/fr\/2020\/11\/des-diplomes-recoivent-des-prix-pour-participer-au-congres-virtuel-cannexus21\/"]}]},{"@type":"ImageObject","inLanguage":"fr-FR","@id":"https:\/\/ceric.ca\/fr\/2020\/11\/des-diplomes-recoivent-des-prix-pour-participer-au-congres-virtuel-cannexus21\/#primaryimage","url":"https:\/\/ceric.ca\/wp-content\/uploads\/2020\/11\/CERIC-NEWS-ITEM-12.png","contentUrl":"https:\/\/ceric.ca\/wp-content\/uploads\/2020\/11\/CERIC-NEWS-ITEM-12.png","width":600,"height":420},{"@type":"BreadcrumbList","@id":"https:\/\/ceric.ca\/fr\/2020\/11\/des-diplomes-recoivent-des-prix-pour-participer-au-congres-virtuel-cannexus21\/#breadcrumb","itemListElement":[{"@type":"ListItem","position":1,"name":"Home","item":"https:\/\/ceric.ca\/fr\/ceric-homepage-2025\/"},{"@type":"ListItem","position":2,"name":"Des dipl\u00f4m\u00e9s re\u00e7oivent des prix pour participer au congr\u00e8s virtuel Cannexus21"}]},{"@type":"WebSite","@id":"https:\/\/ceric.ca\/#website","url":"https:\/\/ceric.ca\/","name":"CERIC","description":"","publisher":{"@id":"https:\/\/ceric.ca\/#organization"},"potentialAction":[{"@type":"SearchAction","target":{"@type":"EntryPoint","urlTemplate":"https:\/\/ceric.ca\/?s={search_term_string}"},"query-input":{"@type":"PropertyValueSpecification","valueRequired":true,"valueName":"search_term_string"}}],"inLanguage":"fr-FR"},{"@type":"Organization","@id":"https:\/\/ceric.ca\/#organization","name":"CERIC","url":"https:\/\/ceric.ca\/","logo":{"@type":"ImageObject","inLanguage":"fr-FR","@id":"https:\/\/ceric.ca\/#\/schema\/logo\/image\/","url":"","contentUrl":"","caption":"CERIC"},"image":{"@id":"https:\/\/ceric.ca\/#\/schema\/logo\/image\/"}},{"@type":"Person","@id":"https:\/\/ceric.ca\/#\/schema\/person\/2e3faddf54acfac0d88b9ce185094d00","name":"Rachel So","image":{"@type":"ImageObject","inLanguage":"fr-FR","@id":"https:\/\/secure.gravatar.com\/avatar\/4c40c9aaacb6f176dbd977bdf43366708b68bdf16dc927d1e222e96783b5a9bc?s=96&d=blank&r=g","url":"https:\/\/secure.gravatar.com\/avatar\/4c40c9aaacb6f176dbd977bdf43366708b68bdf16dc927d1e222e96783b5a9bc?s=96&d=blank&r=g","contentUrl":"https:\/\/secure.gravatar.com\/avatar\/4c40c9aaacb6f176dbd977bdf43366708b68bdf16dc927d1e222e96783b5a9bc?s=96&d=blank&r=g","caption":"Rachel So"},"url":"https:\/\/ceric.ca\/fr\/author\/rachel\/"}]}},"_links":{"self":[{"href":"https:\/\/ceric.ca\/fr\/wp-json\/wp\/v2\/posts\/43381","targetHints":{"allow":["GET"]}}],"collection":[{"href":"https:\/\/ceric.ca\/fr\/wp-json\/wp\/v2\/posts"}],"about":[{"href":"https:\/\/ceric.ca\/fr\/wp-json\/wp\/v2\/types\/post"}],"author":[{"embeddable":true,"href":"https:\/\/ceric.ca\/fr\/wp-json\/wp\/v2\/users\/30"}],"replies":[{"embeddable":true,"href":"https:\/\/ceric.ca\/fr\/wp-json\/wp\/v2\/comments?post=43381"}],"version-history":[{"count":0,"href":"https:\/\/ceric.ca\/fr\/wp-json\/wp\/v2\/posts\/43381\/revisions"}],"wp:featuredmedia":[{"embeddable":true,"href":"https:\/\/ceric.ca\/fr\/wp-json\/wp\/v2\/media\/43367"}],"wp:attachment":[{"href":"https:\/\/ceric.ca\/fr\/wp-json\/wp\/v2\/media?parent=43381"}],"wp:term":[{"taxonomy":"category","embeddable":true,"href":"https:\/\/ceric.ca\/fr\/wp-json\/wp\/v2\/categories?post=43381"},{"taxonomy":"post_tag","embeddable":true,"href":"https:\/\/ceric.ca\/fr\/wp-json\/wp\/v2\/tags?post=43381"}],"curies":[{"name":"wp","href":"https:\/\/api.w.org\/{rel}","templated":true}]}}