{"id":49360,"date":"2021-07-26T09:09:20","date_gmt":"2021-07-26T13:09:20","guid":{"rendered":"https:\/\/ceric.ca\/2021\/07\/free-webinar-sept-9-to-share-insights-into-career-management-in-canadas-public-sector\/"},"modified":"2021-08-10T12:01:37","modified_gmt":"2021-08-10T16:01:37","slug":"free-webinar-sept-9-to-share-insights-into-career-management-in-canadas-public-sector","status":"publish","type":"post","link":"https:\/\/ceric.ca\/fr\/2021\/07\/free-webinar-sept-9-to-share-insights-into-career-management-in-canadas-public-sector\/","title":{"rendered":"Webinaire gratuit le 9 septembre pour \u00e9changer des id\u00e9es sur la gestion de carri\u00e8re dans le secteur public canadien"},"content":{"rendered":"<p>L\u2019auteure Lisa\u00a0Taylor pr\u00e9sentera <a href=\"https:\/\/ceric.ca\/ceric-events\/webinars\/retain-and-gain-career-management-for-the-public-sector-what-weve-learned-so-far\/\">un webinaire gratuit<\/a> le 9 septembre afin de parler de son nouveau livre, qui a connu un bon succ\u00e8s et qui aide les gestionnaires gouvernementaux \u00e0 perfectionner et \u00e0 mobiliser les employ\u00e9s. Les copies du guide <a href=\"https:\/\/ceric.ca\/fr\/publications\/fideliser-et-mobiliser-la-gestion-de-carriere-dans-le-secteur-public\/\"><em>Fid\u00e9liser et mobiliser\u00a0: la gestion de carri\u00e8re dans le secteur public<\/em><\/a> ont \u00e9t\u00e9 \u00e9puis\u00e9es sur Amazon le jour du lancement, et l\u2019ouvrage a \u00e9t\u00e9 t\u00e9l\u00e9charg\u00e9 plus de 2\u00a0000\u00a0fois durant les deux premiers mois apr\u00e8s sa sortie, ce qui prouve que le d\u00e9veloppement de carri\u00e8re, les carri\u00e8res dans le secteur public et les implications concr\u00e8tes pour les politiques publiques sont des sujets essentiels en\u00a02021.<\/p>\n<p>Dans ce webinaire interactif, Lisa\u00a0Taylor, strat\u00e8ge de l\u2019avenir du travail, parlera de la fa\u00e7on dont le guide a \u00e9t\u00e9 re\u00e7u par diff\u00e9rents groupes, dont des dirigeants, des gestionnaires et des employ\u00e9s, avec qui elle a travaill\u00e9 partout au pays afin de pr\u00e9senter cette ressource unique. Ayant interagi avec pr\u00e8s de 1\u00a0800\u00a0employ\u00e9s du secteur public dans un court laps de temps, elle nous fera part de certaines des conversations qu\u2019elle a eues \u00ab\u00a0en coulisse\u00a0\u00bb, ainsi que de trouvailles et d\u2019astuces li\u00e9es \u00e0 l\u2019utilisation du guide.<\/p>\n<p>Destin\u00e9 \u00e0 la fois aux gestionnaires du secteur public et aux professionnels du d\u00e9veloppement de carri\u00e8re qui conseillent les Canadiens sur les possibilit\u00e9s offertes par le secteur public, le webinaire abordera les points suivants\u00a0:<\/p>\n<ul>\n<li>\u00c0 quoi ressemble la gestion de carri\u00e8re dans le monde du travail hybride apr\u00e8s la pand\u00e9mie<\/li>\n<li>Comment les strat\u00e9gies de gestion de carri\u00e8re peuvent contribuer \u00e0 faire progresser la diversit\u00e9, l\u2019\u00e9quit\u00e9 et l\u2019inclusion<\/li>\n<li>L\u2019\u00e9volution de la d\u00e9mographie et ses cons\u00e9quences sur la gestion de carri\u00e8re aujourd\u2019hui<\/li>\n<li>Des points de d\u00e9part pertinents pour traduire la gestion de carri\u00e8re en action concr\u00e8te<\/li>\n<li>Comment les fonctionnaires \u00e0 tous les niveaux influencent le d\u00e9veloppement de carri\u00e8re des Canadiens<\/li>\n<\/ul>\n<p>Lisa\u00a0Taylor est une experte recherch\u00e9e, sp\u00e9cialis\u00e9e dans le monde du travail en constante \u00e9volution d\u2019aujourd\u2019hui. Elle est \u00e9galement pr\u00e9sidente de Challenge Factory et du Centre for Career Innovation.\u00a0Elle fait preuve de leadership et offre de pr\u00e9cieux conseils sur la fa\u00e7on d\u2019acqu\u00e9rir un avantage strat\u00e9gique en mati\u00e8re de d\u00e9veloppement de carri\u00e8re et de gestion de la main-d\u2019\u0153uvre, en mettant l\u2019accent sur l\u2019\u00e9quit\u00e9 en mati\u00e8re de talents, les donn\u00e9es d\u00e9mographiques et les nouvelles dynamiques du march\u00e9.<\/p>\n<p>Le guide, qui a \u00e9t\u00e9 publi\u00e9 en mai, offre plus de 40\u00a0conseils et activit\u00e9s \u00e9conomiques (certaines ne prennent que 10\u00a0minutes par jour) pouvant servir aux gestionnaires du secteur public pour recruter, mobiliser et fid\u00e9liser le personnel. R\u00e9dig\u00e9 comme un guide de voyage novateur, il met l\u2019accent sur la diversit\u00e9, l\u2019\u00e9quit\u00e9 et l\u2019inclusion et reconna\u00eet l\u2019unicit\u00e9 du secteur public. Il sera possible de l\u2019acheter ou de le t\u00e9l\u00e9charger gratuitement \u00e0 l\u2019adresse <a href=\"https:\/\/ceric.ca\/fr\/projects\/guide-fideliser-et-mobiliser-la-gestion-de-carriere-dans-le-secteur-public\/\">ceric.ca\/secteurpublic<\/a>. Ce guide fait suite \u00e0 deux \u00e9ditions ant\u00e9rieures de <em>Fid\u00e9liser et mobiliser<\/em>\u00a0: <a href=\"https:\/\/ceric.ca\/fr\/publications\/fideliser-et-mobiliser-la-gestion-de-carriere-dans-les-petites-entreprises\/\"><em>La gestion de carri\u00e8re dans les petites entreprises<\/em><\/a> et <a href=\"https:\/\/ceric.ca\/fr\/publications\/fideliser-et-mobiliser-la-gestion-de-carriere-dans-les-organismes-a-but-non-lucratif-et-de-bienfaisance\/\"><em>La gestion de carri\u00e8re dans les organismes \u00e0 but non lucratif et de bienfaisance<\/em><\/a>.<\/p>\n","protected":false},"excerpt":{"rendered":"<p>L\u2019auteure Lisa\u00a0Taylor pr\u00e9sentera un webinaire gratuit le 9 septembre afin de parler de son nouveau livre, qui a connu un bon succ\u00e8s et qui aide les<span class=\"excerpt-hellip\"> [\u2026]<\/span><\/p>\n","protected":false},"author":30,"featured_media":49461,"comment_status":"closed","ping_status":"closed","sticky":false,"template":"","format":"standard","meta":{"h5ap_radio_sources":[],"footnotes":""},"categories":[981,169,32],"tags":[],"class_list":["post-49360","post","type-post","status-publish","format-standard","has-post-thumbnail","hentry","category-2021-fr","category-juillet-2010-fr","category-nouvelles"],"yoast_head":"<!-- This site is optimized with the Yoast SEO Premium plugin v27.4 (Yoast SEO v27.4) - https:\/\/yoast.com\/product\/yoast-seo-premium-wordpress\/ -->\n<title>Webinaire gratuit le 9 septembre pour \u00e9changer des id\u00e9es sur la gestion de carri\u00e8re dans le secteur public canadien - CERIC<\/title>\n<meta name=\"robots\" content=\"index, follow, max-snippet:-1, max-image-preview:large, max-video-preview:-1\" \/>\n<link rel=\"canonical\" href=\"https:\/\/ceric.ca\/fr\/2021\/07\/free-webinar-sept-9-to-share-insights-into-career-management-in-canadas-public-sector\/\" \/>\n<meta property=\"og:locale\" content=\"fr_FR\" \/>\n<meta property=\"og:type\" content=\"article\" \/>\n<meta property=\"og:title\" content=\"Webinaire gratuit le 9 septembre pour \u00e9changer des id\u00e9es sur la gestion de carri\u00e8re dans le secteur public canadien\" \/>\n<meta property=\"og:description\" content=\"L\u2019auteure Lisa\u00a0Taylor pr\u00e9sentera un webinaire gratuit le 9 septembre afin de parler de son nouveau livre, qui a connu un bon succ\u00e8s et qui aide les [\u2026]\" \/>\n<meta property=\"og:url\" content=\"https:\/\/ceric.ca\/fr\/2021\/07\/free-webinar-sept-9-to-share-insights-into-career-management-in-canadas-public-sector\/\" \/>\n<meta property=\"og:site_name\" content=\"CERIC\" \/>\n<meta property=\"article:published_time\" content=\"2021-07-26T13:09:20+00:00\" \/>\n<meta property=\"article:modified_time\" content=\"2021-08-10T16:01:37+00:00\" \/>\n<meta property=\"og:image\" content=\"https:\/\/ceric.ca\/wp-content\/uploads\/2021\/07\/FR-webinar.png\" \/>\n\t<meta property=\"og:image:width\" content=\"600\" \/>\n\t<meta property=\"og:image:height\" content=\"430\" \/>\n\t<meta property=\"og:image:type\" content=\"image\/png\" \/>\n<meta name=\"author\" content=\"Rachel So\" \/>\n<meta name=\"twitter:card\" content=\"summary_large_image\" \/>\n<meta name=\"twitter:label1\" content=\"\u00c9crit par\" \/>\n\t<meta name=\"twitter:data1\" content=\"Rachel So\" \/>\n\t<meta name=\"twitter:label2\" content=\"Dur\u00e9e de lecture estim\u00e9e\" \/>\n\t<meta name=\"twitter:data2\" content=\"3 minutes\" \/>\n<script type=\"application\/ld+json\" class=\"yoast-schema-graph\">{\"@context\":\"https:\\\/\\\/schema.org\",\"@graph\":[{\"@type\":\"Article\",\"@id\":\"https:\\\/\\\/ceric.ca\\\/fr\\\/2021\\\/07\\\/free-webinar-sept-9-to-share-insights-into-career-management-in-canadas-public-sector\\\/#article\",\"isPartOf\":{\"@id\":\"https:\\\/\\\/ceric.ca\\\/fr\\\/2021\\\/07\\\/free-webinar-sept-9-to-share-insights-into-career-management-in-canadas-public-sector\\\/\"},\"author\":{\"name\":\"Rachel So\",\"@id\":\"https:\\\/\\\/ceric.ca\\\/#\\\/schema\\\/person\\\/2e3faddf54acfac0d88b9ce185094d00\"},\"headline\":\"Webinaire gratuit le 9 septembre pour \u00e9changer des id\u00e9es sur la gestion de carri\u00e8re dans le secteur public canadien\",\"datePublished\":\"2021-07-26T13:09:20+00:00\",\"dateModified\":\"2021-08-10T16:01:37+00:00\",\"mainEntityOfPage\":{\"@id\":\"https:\\\/\\\/ceric.ca\\\/fr\\\/2021\\\/07\\\/free-webinar-sept-9-to-share-insights-into-career-management-in-canadas-public-sector\\\/\"},\"wordCount\":573,\"publisher\":{\"@id\":\"https:\\\/\\\/ceric.ca\\\/#organization\"},\"image\":{\"@id\":\"https:\\\/\\\/ceric.ca\\\/fr\\\/2021\\\/07\\\/free-webinar-sept-9-to-share-insights-into-career-management-in-canadas-public-sector\\\/#primaryimage\"},\"thumbnailUrl\":\"https:\\\/\\\/ceric.ca\\\/wp-content\\\/uploads\\\/2021\\\/07\\\/FR-webinar.png\",\"articleSection\":[\"2021\",\"juillet\",\"Nouvelles\"],\"inLanguage\":\"fr-FR\"},{\"@type\":\"WebPage\",\"@id\":\"https:\\\/\\\/ceric.ca\\\/fr\\\/2021\\\/07\\\/free-webinar-sept-9-to-share-insights-into-career-management-in-canadas-public-sector\\\/\",\"url\":\"https:\\\/\\\/ceric.ca\\\/fr\\\/2021\\\/07\\\/free-webinar-sept-9-to-share-insights-into-career-management-in-canadas-public-sector\\\/\",\"name\":\"Webinaire gratuit le 9 septembre pour \u00e9changer des id\u00e9es sur la gestion de carri\u00e8re dans le secteur public canadien - CERIC\",\"isPartOf\":{\"@id\":\"https:\\\/\\\/ceric.ca\\\/#website\"},\"primaryImageOfPage\":{\"@id\":\"https:\\\/\\\/ceric.ca\\\/fr\\\/2021\\\/07\\\/free-webinar-sept-9-to-share-insights-into-career-management-in-canadas-public-sector\\\/#primaryimage\"},\"image\":{\"@id\":\"https:\\\/\\\/ceric.ca\\\/fr\\\/2021\\\/07\\\/free-webinar-sept-9-to-share-insights-into-career-management-in-canadas-public-sector\\\/#primaryimage\"},\"thumbnailUrl\":\"https:\\\/\\\/ceric.ca\\\/wp-content\\\/uploads\\\/2021\\\/07\\\/FR-webinar.png\",\"datePublished\":\"2021-07-26T13:09:20+00:00\",\"dateModified\":\"2021-08-10T16:01:37+00:00\",\"breadcrumb\":{\"@id\":\"https:\\\/\\\/ceric.ca\\\/fr\\\/2021\\\/07\\\/free-webinar-sept-9-to-share-insights-into-career-management-in-canadas-public-sector\\\/#breadcrumb\"},\"inLanguage\":\"fr-FR\",\"potentialAction\":[{\"@type\":\"ReadAction\",\"target\":[\"https:\\\/\\\/ceric.ca\\\/fr\\\/2021\\\/07\\\/free-webinar-sept-9-to-share-insights-into-career-management-in-canadas-public-sector\\\/\"]}]},{\"@type\":\"ImageObject\",\"inLanguage\":\"fr-FR\",\"@id\":\"https:\\\/\\\/ceric.ca\\\/fr\\\/2021\\\/07\\\/free-webinar-sept-9-to-share-insights-into-career-management-in-canadas-public-sector\\\/#primaryimage\",\"url\":\"https:\\\/\\\/ceric.ca\\\/wp-content\\\/uploads\\\/2021\\\/07\\\/FR-webinar.png\",\"contentUrl\":\"https:\\\/\\\/ceric.ca\\\/wp-content\\\/uploads\\\/2021\\\/07\\\/FR-webinar.png\",\"width\":600,\"height\":430},{\"@type\":\"BreadcrumbList\",\"@id\":\"https:\\\/\\\/ceric.ca\\\/fr\\\/2021\\\/07\\\/free-webinar-sept-9-to-share-insights-into-career-management-in-canadas-public-sector\\\/#breadcrumb\",\"itemListElement\":[{\"@type\":\"ListItem\",\"position\":1,\"name\":\"Home\",\"item\":\"https:\\\/\\\/ceric.ca\\\/fr\\\/ceric-homepage-2025\\\/\"},{\"@type\":\"ListItem\",\"position\":2,\"name\":\"Webinaire gratuit le 9 septembre pour \u00e9changer des id\u00e9es sur la gestion de carri\u00e8re dans le secteur public canadien\"}]},{\"@type\":\"WebSite\",\"@id\":\"https:\\\/\\\/ceric.ca\\\/#website\",\"url\":\"https:\\\/\\\/ceric.ca\\\/\",\"name\":\"CERIC\",\"description\":\"\",\"publisher\":{\"@id\":\"https:\\\/\\\/ceric.ca\\\/#organization\"},\"potentialAction\":[{\"@type\":\"SearchAction\",\"target\":{\"@type\":\"EntryPoint\",\"urlTemplate\":\"https:\\\/\\\/ceric.ca\\\/?s={search_term_string}\"},\"query-input\":{\"@type\":\"PropertyValueSpecification\",\"valueRequired\":true,\"valueName\":\"search_term_string\"}}],\"inLanguage\":\"fr-FR\"},{\"@type\":\"Organization\",\"@id\":\"https:\\\/\\\/ceric.ca\\\/#organization\",\"name\":\"CERIC\",\"url\":\"https:\\\/\\\/ceric.ca\\\/\",\"logo\":{\"@type\":\"ImageObject\",\"inLanguage\":\"fr-FR\",\"@id\":\"https:\\\/\\\/ceric.ca\\\/#\\\/schema\\\/logo\\\/image\\\/\",\"url\":\"\",\"contentUrl\":\"\",\"caption\":\"CERIC\"},\"image\":{\"@id\":\"https:\\\/\\\/ceric.ca\\\/#\\\/schema\\\/logo\\\/image\\\/\"}},{\"@type\":\"Person\",\"@id\":\"https:\\\/\\\/ceric.ca\\\/#\\\/schema\\\/person\\\/2e3faddf54acfac0d88b9ce185094d00\",\"name\":\"Rachel So\",\"image\":{\"@type\":\"ImageObject\",\"inLanguage\":\"fr-FR\",\"@id\":\"https:\\\/\\\/secure.gravatar.com\\\/avatar\\\/4c40c9aaacb6f176dbd977bdf43366708b68bdf16dc927d1e222e96783b5a9bc?s=96&d=blank&r=g\",\"url\":\"https:\\\/\\\/secure.gravatar.com\\\/avatar\\\/4c40c9aaacb6f176dbd977bdf43366708b68bdf16dc927d1e222e96783b5a9bc?s=96&d=blank&r=g\",\"contentUrl\":\"https:\\\/\\\/secure.gravatar.com\\\/avatar\\\/4c40c9aaacb6f176dbd977bdf43366708b68bdf16dc927d1e222e96783b5a9bc?s=96&d=blank&r=g\",\"caption\":\"Rachel So\"},\"url\":\"https:\\\/\\\/ceric.ca\\\/fr\\\/author\\\/rachel\\\/\"}]}<\/script>\n<!-- \/ Yoast SEO Premium plugin. -->","yoast_head_json":{"title":"Webinaire gratuit le 9 septembre pour \u00e9changer des id\u00e9es sur la gestion de carri\u00e8re dans le secteur public canadien - CERIC","robots":{"index":"index","follow":"follow","max-snippet":"max-snippet:-1","max-image-preview":"max-image-preview:large","max-video-preview":"max-video-preview:-1"},"canonical":"https:\/\/ceric.ca\/fr\/2021\/07\/free-webinar-sept-9-to-share-insights-into-career-management-in-canadas-public-sector\/","og_locale":"fr_FR","og_type":"article","og_title":"Webinaire gratuit le 9 septembre pour \u00e9changer des id\u00e9es sur la gestion de carri\u00e8re dans le secteur public canadien","og_description":"L\u2019auteure Lisa\u00a0Taylor pr\u00e9sentera un webinaire gratuit le 9 septembre afin de parler de son nouveau livre, qui a connu un bon succ\u00e8s et qui aide les [\u2026]","og_url":"https:\/\/ceric.ca\/fr\/2021\/07\/free-webinar-sept-9-to-share-insights-into-career-management-in-canadas-public-sector\/","og_site_name":"CERIC","article_published_time":"2021-07-26T13:09:20+00:00","article_modified_time":"2021-08-10T16:01:37+00:00","og_image":[{"width":600,"height":430,"url":"https:\/\/ceric.ca\/wp-content\/uploads\/2021\/07\/FR-webinar.png","type":"image\/png"}],"author":"Rachel So","twitter_card":"summary_large_image","twitter_misc":{"\u00c9crit par":"Rachel So","Dur\u00e9e de lecture estim\u00e9e":"3 minutes"},"schema":{"@context":"https:\/\/schema.org","@graph":[{"@type":"Article","@id":"https:\/\/ceric.ca\/fr\/2021\/07\/free-webinar-sept-9-to-share-insights-into-career-management-in-canadas-public-sector\/#article","isPartOf":{"@id":"https:\/\/ceric.ca\/fr\/2021\/07\/free-webinar-sept-9-to-share-insights-into-career-management-in-canadas-public-sector\/"},"author":{"name":"Rachel So","@id":"https:\/\/ceric.ca\/#\/schema\/person\/2e3faddf54acfac0d88b9ce185094d00"},"headline":"Webinaire gratuit le 9 septembre pour \u00e9changer des id\u00e9es sur la gestion de carri\u00e8re dans le secteur public canadien","datePublished":"2021-07-26T13:09:20+00:00","dateModified":"2021-08-10T16:01:37+00:00","mainEntityOfPage":{"@id":"https:\/\/ceric.ca\/fr\/2021\/07\/free-webinar-sept-9-to-share-insights-into-career-management-in-canadas-public-sector\/"},"wordCount":573,"publisher":{"@id":"https:\/\/ceric.ca\/#organization"},"image":{"@id":"https:\/\/ceric.ca\/fr\/2021\/07\/free-webinar-sept-9-to-share-insights-into-career-management-in-canadas-public-sector\/#primaryimage"},"thumbnailUrl":"https:\/\/ceric.ca\/wp-content\/uploads\/2021\/07\/FR-webinar.png","articleSection":["2021","juillet","Nouvelles"],"inLanguage":"fr-FR"},{"@type":"WebPage","@id":"https:\/\/ceric.ca\/fr\/2021\/07\/free-webinar-sept-9-to-share-insights-into-career-management-in-canadas-public-sector\/","url":"https:\/\/ceric.ca\/fr\/2021\/07\/free-webinar-sept-9-to-share-insights-into-career-management-in-canadas-public-sector\/","name":"Webinaire gratuit le 9 septembre pour \u00e9changer des id\u00e9es sur la gestion de carri\u00e8re dans le secteur public canadien - CERIC","isPartOf":{"@id":"https:\/\/ceric.ca\/#website"},"primaryImageOfPage":{"@id":"https:\/\/ceric.ca\/fr\/2021\/07\/free-webinar-sept-9-to-share-insights-into-career-management-in-canadas-public-sector\/#primaryimage"},"image":{"@id":"https:\/\/ceric.ca\/fr\/2021\/07\/free-webinar-sept-9-to-share-insights-into-career-management-in-canadas-public-sector\/#primaryimage"},"thumbnailUrl":"https:\/\/ceric.ca\/wp-content\/uploads\/2021\/07\/FR-webinar.png","datePublished":"2021-07-26T13:09:20+00:00","dateModified":"2021-08-10T16:01:37+00:00","breadcrumb":{"@id":"https:\/\/ceric.ca\/fr\/2021\/07\/free-webinar-sept-9-to-share-insights-into-career-management-in-canadas-public-sector\/#breadcrumb"},"inLanguage":"fr-FR","potentialAction":[{"@type":"ReadAction","target":["https:\/\/ceric.ca\/fr\/2021\/07\/free-webinar-sept-9-to-share-insights-into-career-management-in-canadas-public-sector\/"]}]},{"@type":"ImageObject","inLanguage":"fr-FR","@id":"https:\/\/ceric.ca\/fr\/2021\/07\/free-webinar-sept-9-to-share-insights-into-career-management-in-canadas-public-sector\/#primaryimage","url":"https:\/\/ceric.ca\/wp-content\/uploads\/2021\/07\/FR-webinar.png","contentUrl":"https:\/\/ceric.ca\/wp-content\/uploads\/2021\/07\/FR-webinar.png","width":600,"height":430},{"@type":"BreadcrumbList","@id":"https:\/\/ceric.ca\/fr\/2021\/07\/free-webinar-sept-9-to-share-insights-into-career-management-in-canadas-public-sector\/#breadcrumb","itemListElement":[{"@type":"ListItem","position":1,"name":"Home","item":"https:\/\/ceric.ca\/fr\/ceric-homepage-2025\/"},{"@type":"ListItem","position":2,"name":"Webinaire gratuit le 9 septembre pour \u00e9changer des id\u00e9es sur la gestion de carri\u00e8re dans le secteur public canadien"}]},{"@type":"WebSite","@id":"https:\/\/ceric.ca\/#website","url":"https:\/\/ceric.ca\/","name":"CERIC","description":"","publisher":{"@id":"https:\/\/ceric.ca\/#organization"},"potentialAction":[{"@type":"SearchAction","target":{"@type":"EntryPoint","urlTemplate":"https:\/\/ceric.ca\/?s={search_term_string}"},"query-input":{"@type":"PropertyValueSpecification","valueRequired":true,"valueName":"search_term_string"}}],"inLanguage":"fr-FR"},{"@type":"Organization","@id":"https:\/\/ceric.ca\/#organization","name":"CERIC","url":"https:\/\/ceric.ca\/","logo":{"@type":"ImageObject","inLanguage":"fr-FR","@id":"https:\/\/ceric.ca\/#\/schema\/logo\/image\/","url":"","contentUrl":"","caption":"CERIC"},"image":{"@id":"https:\/\/ceric.ca\/#\/schema\/logo\/image\/"}},{"@type":"Person","@id":"https:\/\/ceric.ca\/#\/schema\/person\/2e3faddf54acfac0d88b9ce185094d00","name":"Rachel So","image":{"@type":"ImageObject","inLanguage":"fr-FR","@id":"https:\/\/secure.gravatar.com\/avatar\/4c40c9aaacb6f176dbd977bdf43366708b68bdf16dc927d1e222e96783b5a9bc?s=96&d=blank&r=g","url":"https:\/\/secure.gravatar.com\/avatar\/4c40c9aaacb6f176dbd977bdf43366708b68bdf16dc927d1e222e96783b5a9bc?s=96&d=blank&r=g","contentUrl":"https:\/\/secure.gravatar.com\/avatar\/4c40c9aaacb6f176dbd977bdf43366708b68bdf16dc927d1e222e96783b5a9bc?s=96&d=blank&r=g","caption":"Rachel So"},"url":"https:\/\/ceric.ca\/fr\/author\/rachel\/"}]}},"_links":{"self":[{"href":"https:\/\/ceric.ca\/fr\/wp-json\/wp\/v2\/posts\/49360","targetHints":{"allow":["GET"]}}],"collection":[{"href":"https:\/\/ceric.ca\/fr\/wp-json\/wp\/v2\/posts"}],"about":[{"href":"https:\/\/ceric.ca\/fr\/wp-json\/wp\/v2\/types\/post"}],"author":[{"embeddable":true,"href":"https:\/\/ceric.ca\/fr\/wp-json\/wp\/v2\/users\/30"}],"replies":[{"embeddable":true,"href":"https:\/\/ceric.ca\/fr\/wp-json\/wp\/v2\/comments?post=49360"}],"version-history":[{"count":0,"href":"https:\/\/ceric.ca\/fr\/wp-json\/wp\/v2\/posts\/49360\/revisions"}],"wp:featuredmedia":[{"embeddable":true,"href":"https:\/\/ceric.ca\/fr\/wp-json\/wp\/v2\/media\/49461"}],"wp:attachment":[{"href":"https:\/\/ceric.ca\/fr\/wp-json\/wp\/v2\/media?parent=49360"}],"wp:term":[{"taxonomy":"category","embeddable":true,"href":"https:\/\/ceric.ca\/fr\/wp-json\/wp\/v2\/categories?post=49360"},{"taxonomy":"post_tag","embeddable":true,"href":"https:\/\/ceric.ca\/fr\/wp-json\/wp\/v2\/tags?post=49360"}],"curies":[{"name":"wp","href":"https:\/\/api.w.org\/{rel}","templated":true}]}}