{"id":50226,"date":"2021-09-07T07:00:03","date_gmt":"2021-09-07T11:00:03","guid":{"rendered":"https:\/\/ceric.ca\/2021\/09\/ceric-welcomes-its-2021-2022-board-of-directors\/"},"modified":"2021-09-09T09:06:27","modified_gmt":"2021-09-09T13:06:27","slug":"le-ceric-accueille-son-nouveau-conseil-dadministration-pour-lannee-2021-2022","status":"publish","type":"post","link":"https:\/\/ceric.ca\/fr\/2021\/09\/le-ceric-accueille-son-nouveau-conseil-dadministration-pour-lannee-2021-2022\/","title":{"rendered":"Le CERIC accueille son nouveau conseil d\u2019administration pour l\u2019ann\u00e9e 2021-2022"},"content":{"rendered":"<p>Le CERIC est heureux d\u2019accueillir les membres de son <a href=\"https:\/\/ceric.ca\/fr\/conseil\/\">conseil d\u2019administration<\/a> pour l\u2019ann\u00e9e qui commence. Le conseil d&rsquo;administration b\u00e9n\u00e9vole guide le CERIC dans sa mission d&rsquo;organisation caritative nationale visant \u00e0 promouvoir le d\u00e9veloppement de carri\u00e8re au Canada. Andr\u00e9 Raymond, directeur du Service de placement et de la formation continue de l\u2019Universit\u00e9 Laval \u00e0 Qu\u00e9bec, revient en tant que pr\u00e9sident du conseil d&rsquo;administration.<\/p>\n<p>La liste compl\u00e8te des membres du conseil d&rsquo;administration pour l\u2019ann\u00e9e 2021\/2022 est compos\u00e9e de dirigeants t\u00e9moignant d\u2019une large repr\u00e9sentation sectorielle\u00a0:<\/p>\n<ul>\n<li>Andr\u00e9\u00a0Raymond, Universit\u00e9 Laval, Qu\u00e9bec, QC (pr\u00e9sident)<\/li>\n<li>Candy\u00a0Ho, Universit\u00e9 Fraser\u00a0Valley, Abbotsford,\u00a0C.-B. (vice-pr\u00e9sidente)<\/li>\n<li>John Horn, BC Pension Corporation, Victoria,\u00a0C.-B.\u00a0 (ancien pr\u00e9sident)<\/li>\n<li>Sue\u00a0Watts, Employment + Education Centre (EEC), Brockville, ON (secr\u00e9taire\/tr\u00e9sori\u00e8re)<\/li>\n<li>Lorraine Godden, Universit\u00e9 Carleton, Ottawa, ON<\/li>\n<li>Darlene Hnatchuk, Universit\u00e9 McGill, Montr\u00e9al, QC<\/li>\n<li>Meghan Lavallee, Institut des m\u00e9tiers et de la technologie du Manitoba Winnipeg, MB<\/li>\n<li>Val\u00e9rie Roy, AXTRA, Montr\u00e9al, QC<\/li>\n<li>Rob\u00a0Shea, Universit\u00e9 Memorial, St. John\u2019s, T.-N.-L.<\/li>\n<li>Lisa Taylor, Challenge Factory, Toronto, ON<\/li>\n<li>Barbara Wilson, Thrive Career Consulting, Toronto, ON<\/li>\n<li>Donald Lawson, The Counselling Foundation of Canada, Toronto, ON (administrateur honoraire \u2013 nomm\u00e9 d\u2019office)<\/li>\n<li>Bruce Lawson, The Counselling Foundation of Canada, Toronto, ON (membre ex\u00e9cutif \u2013 nomm\u00e9 d\u2019office)<\/li>\n<\/ul>\n<p>Les membres des <a href=\"https:\/\/ceric.ca\/fr\/comites\/\">trois comit\u00e9s consultatifs<\/a> du CERIC\u00a0\u2013 le Comit\u00e9 de recherche appliqu\u00e9e et universitaire, le Comit\u00e9 du contenu et de l\u2019apprentissage, et le Comit\u00e9 de promotion et d\u2019engagement communautaire\u00a0\u2013 ont \u00e9t\u00e9 nomm\u00e9s par le conseil d\u2019administration pour l\u2019ann\u00e9e \u00e0 venir. Les membres de ces comit\u00e9s jouent un r\u00f4le important dans la mise en \u0153uvre des deux mandats strat\u00e9giques du CERIC\u00a0: promouvoir le d\u00e9veloppement de carri\u00e8re \u00e0 titre d\u2019int\u00e9r\u00eat public et faire \u00e9voluer les connaissances, les mentalit\u00e9s et les comp\u00e9tences en mati\u00e8re de d\u00e9veloppement de carri\u00e8re.<\/p>\n<p>Le CERIC se consacre \u00e0 la progression de l\u2019\u00e9ducation et de la recherche en mati\u00e8re d\u2019orientation professionnelle et de d\u00e9veloppement de carri\u00e8re dans le but d\u2019accro\u00eetre le bien-\u00eatre \u00e9conomique et social des Canadiennes et des Canadiens. Cela comprend <a href=\"https:\/\/ceric.ca\/fr\/partenariats\/\">le financement de projets<\/a> qui cr\u00e9ent des ressources innovantes en d\u00e9veloppement de carri\u00e8re Le CERIC organise en outre le congr\u00e8s annuel <a href=\"https:\/\/cannexus.ceric.ca\/fr\/\" target=\"_blank\" rel=\"noopener\">Cannexus<\/a>, le plus important congr\u00e8s bilingue en d\u00e9veloppement de carri\u00e8re au Canada; publie le seul p\u00e9riodique \u00e9valu\u00e9 par les pairs dans le domaine au pays, la <a href=\"http:\/\/cjcdonline.ca\/?lang=fr\" target=\"_blank\" rel=\"noopener\"><em>Revue canadienne de d\u00e9veloppement de carri\u00e8re<\/em><\/a>; et g\u00e8re les sites d\u2019information <a href=\"https:\/\/careerwise.ceric.ca\" target=\"_blank\" rel=\"noopener\">CareerWise<\/a> et <a href=\"https:\/\/orientaction.ceric.ca\/\" target=\"_blank\" rel=\"noopener\">OrientAction.<\/a><\/p>\n","protected":false},"excerpt":{"rendered":"<p>Le CERIC est heureux d\u2019accueillir les membres de son conseil d\u2019administration pour l\u2019ann\u00e9e qui commence. Le conseil d&rsquo;administration b\u00e9n\u00e9vole guide le CERIC dans sa mission d&rsquo;organisation<span class=\"excerpt-hellip\"> [\u2026]<\/span><\/p>\n","protected":false},"author":30,"featured_media":50236,"comment_status":"closed","ping_status":"closed","sticky":false,"template":"","format":"standard","meta":{"h5ap_radio_sources":[],"footnotes":""},"categories":[981,32],"tags":[],"class_list":["post-50226","post","type-post","status-publish","format-standard","has-post-thumbnail","hentry","category-2021-fr","category-nouvelles"],"yoast_head":"<!-- This site is optimized with the Yoast SEO Premium plugin v27.4 (Yoast SEO v27.4) - https:\/\/yoast.com\/product\/yoast-seo-premium-wordpress\/ -->\n<title>Le CERIC accueille son nouveau conseil d\u2019administration pour l\u2019ann\u00e9e 2021-2022 - CERIC<\/title>\n<meta name=\"robots\" content=\"index, follow, max-snippet:-1, max-image-preview:large, max-video-preview:-1\" \/>\n<link rel=\"canonical\" href=\"https:\/\/ceric.ca\/fr\/2021\/09\/le-ceric-accueille-son-nouveau-conseil-dadministration-pour-lannee-2021-2022\/\" \/>\n<meta property=\"og:locale\" content=\"fr_FR\" \/>\n<meta property=\"og:type\" content=\"article\" \/>\n<meta property=\"og:title\" content=\"Le CERIC accueille son nouveau conseil d\u2019administration pour l\u2019ann\u00e9e 2021-2022\" \/>\n<meta property=\"og:description\" content=\"Le CERIC est heureux d\u2019accueillir les membres de son conseil d\u2019administration pour l\u2019ann\u00e9e qui commence. Le conseil d&rsquo;administration b\u00e9n\u00e9vole guide le CERIC dans sa mission d&rsquo;organisation [\u2026]\" \/>\n<meta property=\"og:url\" content=\"https:\/\/ceric.ca\/fr\/2021\/09\/le-ceric-accueille-son-nouveau-conseil-dadministration-pour-lannee-2021-2022\/\" \/>\n<meta property=\"og:site_name\" content=\"CERIC\" \/>\n<meta property=\"article:published_time\" content=\"2021-09-07T11:00:03+00:00\" \/>\n<meta property=\"article:modified_time\" content=\"2021-09-09T13:06:27+00:00\" \/>\n<meta property=\"og:image\" content=\"https:\/\/ceric.ca\/wp-content\/uploads\/2021\/09\/board-2021-2022.png\" \/>\n\t<meta property=\"og:image:width\" content=\"600\" \/>\n\t<meta property=\"og:image:height\" content=\"430\" \/>\n\t<meta property=\"og:image:type\" content=\"image\/png\" \/>\n<meta name=\"author\" content=\"Rachel So\" \/>\n<meta name=\"twitter:card\" content=\"summary_large_image\" \/>\n<meta name=\"twitter:label1\" content=\"\u00c9crit par\" \/>\n\t<meta name=\"twitter:data1\" content=\"Rachel So\" \/>\n\t<meta name=\"twitter:label2\" content=\"Dur\u00e9e de lecture estim\u00e9e\" \/>\n\t<meta name=\"twitter:data2\" content=\"2 minutes\" \/>\n<script type=\"application\/ld+json\" class=\"yoast-schema-graph\">{\"@context\":\"https:\\\/\\\/schema.org\",\"@graph\":[{\"@type\":\"Article\",\"@id\":\"https:\\\/\\\/ceric.ca\\\/fr\\\/2021\\\/09\\\/le-ceric-accueille-son-nouveau-conseil-dadministration-pour-lannee-2021-2022\\\/#article\",\"isPartOf\":{\"@id\":\"https:\\\/\\\/ceric.ca\\\/fr\\\/2021\\\/09\\\/le-ceric-accueille-son-nouveau-conseil-dadministration-pour-lannee-2021-2022\\\/\"},\"author\":{\"name\":\"Rachel So\",\"@id\":\"https:\\\/\\\/ceric.ca\\\/#\\\/schema\\\/person\\\/2e3faddf54acfac0d88b9ce185094d00\"},\"headline\":\"Le CERIC accueille son nouveau conseil d\u2019administration pour l\u2019ann\u00e9e 2021-2022\",\"datePublished\":\"2021-09-07T11:00:03+00:00\",\"dateModified\":\"2021-09-09T13:06:27+00:00\",\"mainEntityOfPage\":{\"@id\":\"https:\\\/\\\/ceric.ca\\\/fr\\\/2021\\\/09\\\/le-ceric-accueille-son-nouveau-conseil-dadministration-pour-lannee-2021-2022\\\/\"},\"wordCount\":466,\"publisher\":{\"@id\":\"https:\\\/\\\/ceric.ca\\\/#organization\"},\"image\":{\"@id\":\"https:\\\/\\\/ceric.ca\\\/fr\\\/2021\\\/09\\\/le-ceric-accueille-son-nouveau-conseil-dadministration-pour-lannee-2021-2022\\\/#primaryimage\"},\"thumbnailUrl\":\"https:\\\/\\\/ceric.ca\\\/wp-content\\\/uploads\\\/2021\\\/09\\\/board-2021-2022.png\",\"articleSection\":[\"2021\",\"Nouvelles\"],\"inLanguage\":\"fr-FR\"},{\"@type\":\"WebPage\",\"@id\":\"https:\\\/\\\/ceric.ca\\\/fr\\\/2021\\\/09\\\/le-ceric-accueille-son-nouveau-conseil-dadministration-pour-lannee-2021-2022\\\/\",\"url\":\"https:\\\/\\\/ceric.ca\\\/fr\\\/2021\\\/09\\\/le-ceric-accueille-son-nouveau-conseil-dadministration-pour-lannee-2021-2022\\\/\",\"name\":\"Le CERIC accueille son nouveau conseil d\u2019administration pour l\u2019ann\u00e9e 2021-2022 - CERIC\",\"isPartOf\":{\"@id\":\"https:\\\/\\\/ceric.ca\\\/#website\"},\"primaryImageOfPage\":{\"@id\":\"https:\\\/\\\/ceric.ca\\\/fr\\\/2021\\\/09\\\/le-ceric-accueille-son-nouveau-conseil-dadministration-pour-lannee-2021-2022\\\/#primaryimage\"},\"image\":{\"@id\":\"https:\\\/\\\/ceric.ca\\\/fr\\\/2021\\\/09\\\/le-ceric-accueille-son-nouveau-conseil-dadministration-pour-lannee-2021-2022\\\/#primaryimage\"},\"thumbnailUrl\":\"https:\\\/\\\/ceric.ca\\\/wp-content\\\/uploads\\\/2021\\\/09\\\/board-2021-2022.png\",\"datePublished\":\"2021-09-07T11:00:03+00:00\",\"dateModified\":\"2021-09-09T13:06:27+00:00\",\"breadcrumb\":{\"@id\":\"https:\\\/\\\/ceric.ca\\\/fr\\\/2021\\\/09\\\/le-ceric-accueille-son-nouveau-conseil-dadministration-pour-lannee-2021-2022\\\/#breadcrumb\"},\"inLanguage\":\"fr-FR\",\"potentialAction\":[{\"@type\":\"ReadAction\",\"target\":[\"https:\\\/\\\/ceric.ca\\\/fr\\\/2021\\\/09\\\/le-ceric-accueille-son-nouveau-conseil-dadministration-pour-lannee-2021-2022\\\/\"]}]},{\"@type\":\"ImageObject\",\"inLanguage\":\"fr-FR\",\"@id\":\"https:\\\/\\\/ceric.ca\\\/fr\\\/2021\\\/09\\\/le-ceric-accueille-son-nouveau-conseil-dadministration-pour-lannee-2021-2022\\\/#primaryimage\",\"url\":\"https:\\\/\\\/ceric.ca\\\/wp-content\\\/uploads\\\/2021\\\/09\\\/board-2021-2022.png\",\"contentUrl\":\"https:\\\/\\\/ceric.ca\\\/wp-content\\\/uploads\\\/2021\\\/09\\\/board-2021-2022.png\",\"width\":600,\"height\":430},{\"@type\":\"BreadcrumbList\",\"@id\":\"https:\\\/\\\/ceric.ca\\\/fr\\\/2021\\\/09\\\/le-ceric-accueille-son-nouveau-conseil-dadministration-pour-lannee-2021-2022\\\/#breadcrumb\",\"itemListElement\":[{\"@type\":\"ListItem\",\"position\":1,\"name\":\"Home\",\"item\":\"https:\\\/\\\/ceric.ca\\\/fr\\\/ceric-homepage-2025\\\/\"},{\"@type\":\"ListItem\",\"position\":2,\"name\":\"Le CERIC accueille son nouveau conseil d\u2019administration pour l\u2019ann\u00e9e 2021-2022\"}]},{\"@type\":\"WebSite\",\"@id\":\"https:\\\/\\\/ceric.ca\\\/#website\",\"url\":\"https:\\\/\\\/ceric.ca\\\/\",\"name\":\"CERIC\",\"description\":\"\",\"publisher\":{\"@id\":\"https:\\\/\\\/ceric.ca\\\/#organization\"},\"potentialAction\":[{\"@type\":\"SearchAction\",\"target\":{\"@type\":\"EntryPoint\",\"urlTemplate\":\"https:\\\/\\\/ceric.ca\\\/?s={search_term_string}\"},\"query-input\":{\"@type\":\"PropertyValueSpecification\",\"valueRequired\":true,\"valueName\":\"search_term_string\"}}],\"inLanguage\":\"fr-FR\"},{\"@type\":\"Organization\",\"@id\":\"https:\\\/\\\/ceric.ca\\\/#organization\",\"name\":\"CERIC\",\"url\":\"https:\\\/\\\/ceric.ca\\\/\",\"logo\":{\"@type\":\"ImageObject\",\"inLanguage\":\"fr-FR\",\"@id\":\"https:\\\/\\\/ceric.ca\\\/#\\\/schema\\\/logo\\\/image\\\/\",\"url\":\"\",\"contentUrl\":\"\",\"caption\":\"CERIC\"},\"image\":{\"@id\":\"https:\\\/\\\/ceric.ca\\\/#\\\/schema\\\/logo\\\/image\\\/\"}},{\"@type\":\"Person\",\"@id\":\"https:\\\/\\\/ceric.ca\\\/#\\\/schema\\\/person\\\/2e3faddf54acfac0d88b9ce185094d00\",\"name\":\"Rachel So\",\"image\":{\"@type\":\"ImageObject\",\"inLanguage\":\"fr-FR\",\"@id\":\"https:\\\/\\\/secure.gravatar.com\\\/avatar\\\/4c40c9aaacb6f176dbd977bdf43366708b68bdf16dc927d1e222e96783b5a9bc?s=96&d=blank&r=g\",\"url\":\"https:\\\/\\\/secure.gravatar.com\\\/avatar\\\/4c40c9aaacb6f176dbd977bdf43366708b68bdf16dc927d1e222e96783b5a9bc?s=96&d=blank&r=g\",\"contentUrl\":\"https:\\\/\\\/secure.gravatar.com\\\/avatar\\\/4c40c9aaacb6f176dbd977bdf43366708b68bdf16dc927d1e222e96783b5a9bc?s=96&d=blank&r=g\",\"caption\":\"Rachel So\"},\"url\":\"https:\\\/\\\/ceric.ca\\\/fr\\\/author\\\/rachel\\\/\"}]}<\/script>\n<!-- \/ Yoast SEO Premium plugin. -->","yoast_head_json":{"title":"Le CERIC accueille son nouveau conseil d\u2019administration pour l\u2019ann\u00e9e 2021-2022 - CERIC","robots":{"index":"index","follow":"follow","max-snippet":"max-snippet:-1","max-image-preview":"max-image-preview:large","max-video-preview":"max-video-preview:-1"},"canonical":"https:\/\/ceric.ca\/fr\/2021\/09\/le-ceric-accueille-son-nouveau-conseil-dadministration-pour-lannee-2021-2022\/","og_locale":"fr_FR","og_type":"article","og_title":"Le CERIC accueille son nouveau conseil d\u2019administration pour l\u2019ann\u00e9e 2021-2022","og_description":"Le CERIC est heureux d\u2019accueillir les membres de son conseil d\u2019administration pour l\u2019ann\u00e9e qui commence. Le conseil d&rsquo;administration b\u00e9n\u00e9vole guide le CERIC dans sa mission d&rsquo;organisation [\u2026]","og_url":"https:\/\/ceric.ca\/fr\/2021\/09\/le-ceric-accueille-son-nouveau-conseil-dadministration-pour-lannee-2021-2022\/","og_site_name":"CERIC","article_published_time":"2021-09-07T11:00:03+00:00","article_modified_time":"2021-09-09T13:06:27+00:00","og_image":[{"width":600,"height":430,"url":"https:\/\/ceric.ca\/wp-content\/uploads\/2021\/09\/board-2021-2022.png","type":"image\/png"}],"author":"Rachel So","twitter_card":"summary_large_image","twitter_misc":{"\u00c9crit par":"Rachel So","Dur\u00e9e de lecture estim\u00e9e":"2 minutes"},"schema":{"@context":"https:\/\/schema.org","@graph":[{"@type":"Article","@id":"https:\/\/ceric.ca\/fr\/2021\/09\/le-ceric-accueille-son-nouveau-conseil-dadministration-pour-lannee-2021-2022\/#article","isPartOf":{"@id":"https:\/\/ceric.ca\/fr\/2021\/09\/le-ceric-accueille-son-nouveau-conseil-dadministration-pour-lannee-2021-2022\/"},"author":{"name":"Rachel So","@id":"https:\/\/ceric.ca\/#\/schema\/person\/2e3faddf54acfac0d88b9ce185094d00"},"headline":"Le CERIC accueille son nouveau conseil d\u2019administration pour l\u2019ann\u00e9e 2021-2022","datePublished":"2021-09-07T11:00:03+00:00","dateModified":"2021-09-09T13:06:27+00:00","mainEntityOfPage":{"@id":"https:\/\/ceric.ca\/fr\/2021\/09\/le-ceric-accueille-son-nouveau-conseil-dadministration-pour-lannee-2021-2022\/"},"wordCount":466,"publisher":{"@id":"https:\/\/ceric.ca\/#organization"},"image":{"@id":"https:\/\/ceric.ca\/fr\/2021\/09\/le-ceric-accueille-son-nouveau-conseil-dadministration-pour-lannee-2021-2022\/#primaryimage"},"thumbnailUrl":"https:\/\/ceric.ca\/wp-content\/uploads\/2021\/09\/board-2021-2022.png","articleSection":["2021","Nouvelles"],"inLanguage":"fr-FR"},{"@type":"WebPage","@id":"https:\/\/ceric.ca\/fr\/2021\/09\/le-ceric-accueille-son-nouveau-conseil-dadministration-pour-lannee-2021-2022\/","url":"https:\/\/ceric.ca\/fr\/2021\/09\/le-ceric-accueille-son-nouveau-conseil-dadministration-pour-lannee-2021-2022\/","name":"Le CERIC accueille son nouveau conseil d\u2019administration pour l\u2019ann\u00e9e 2021-2022 - CERIC","isPartOf":{"@id":"https:\/\/ceric.ca\/#website"},"primaryImageOfPage":{"@id":"https:\/\/ceric.ca\/fr\/2021\/09\/le-ceric-accueille-son-nouveau-conseil-dadministration-pour-lannee-2021-2022\/#primaryimage"},"image":{"@id":"https:\/\/ceric.ca\/fr\/2021\/09\/le-ceric-accueille-son-nouveau-conseil-dadministration-pour-lannee-2021-2022\/#primaryimage"},"thumbnailUrl":"https:\/\/ceric.ca\/wp-content\/uploads\/2021\/09\/board-2021-2022.png","datePublished":"2021-09-07T11:00:03+00:00","dateModified":"2021-09-09T13:06:27+00:00","breadcrumb":{"@id":"https:\/\/ceric.ca\/fr\/2021\/09\/le-ceric-accueille-son-nouveau-conseil-dadministration-pour-lannee-2021-2022\/#breadcrumb"},"inLanguage":"fr-FR","potentialAction":[{"@type":"ReadAction","target":["https:\/\/ceric.ca\/fr\/2021\/09\/le-ceric-accueille-son-nouveau-conseil-dadministration-pour-lannee-2021-2022\/"]}]},{"@type":"ImageObject","inLanguage":"fr-FR","@id":"https:\/\/ceric.ca\/fr\/2021\/09\/le-ceric-accueille-son-nouveau-conseil-dadministration-pour-lannee-2021-2022\/#primaryimage","url":"https:\/\/ceric.ca\/wp-content\/uploads\/2021\/09\/board-2021-2022.png","contentUrl":"https:\/\/ceric.ca\/wp-content\/uploads\/2021\/09\/board-2021-2022.png","width":600,"height":430},{"@type":"BreadcrumbList","@id":"https:\/\/ceric.ca\/fr\/2021\/09\/le-ceric-accueille-son-nouveau-conseil-dadministration-pour-lannee-2021-2022\/#breadcrumb","itemListElement":[{"@type":"ListItem","position":1,"name":"Home","item":"https:\/\/ceric.ca\/fr\/ceric-homepage-2025\/"},{"@type":"ListItem","position":2,"name":"Le CERIC accueille son nouveau conseil d\u2019administration pour l\u2019ann\u00e9e 2021-2022"}]},{"@type":"WebSite","@id":"https:\/\/ceric.ca\/#website","url":"https:\/\/ceric.ca\/","name":"CERIC","description":"","publisher":{"@id":"https:\/\/ceric.ca\/#organization"},"potentialAction":[{"@type":"SearchAction","target":{"@type":"EntryPoint","urlTemplate":"https:\/\/ceric.ca\/?s={search_term_string}"},"query-input":{"@type":"PropertyValueSpecification","valueRequired":true,"valueName":"search_term_string"}}],"inLanguage":"fr-FR"},{"@type":"Organization","@id":"https:\/\/ceric.ca\/#organization","name":"CERIC","url":"https:\/\/ceric.ca\/","logo":{"@type":"ImageObject","inLanguage":"fr-FR","@id":"https:\/\/ceric.ca\/#\/schema\/logo\/image\/","url":"","contentUrl":"","caption":"CERIC"},"image":{"@id":"https:\/\/ceric.ca\/#\/schema\/logo\/image\/"}},{"@type":"Person","@id":"https:\/\/ceric.ca\/#\/schema\/person\/2e3faddf54acfac0d88b9ce185094d00","name":"Rachel So","image":{"@type":"ImageObject","inLanguage":"fr-FR","@id":"https:\/\/secure.gravatar.com\/avatar\/4c40c9aaacb6f176dbd977bdf43366708b68bdf16dc927d1e222e96783b5a9bc?s=96&d=blank&r=g","url":"https:\/\/secure.gravatar.com\/avatar\/4c40c9aaacb6f176dbd977bdf43366708b68bdf16dc927d1e222e96783b5a9bc?s=96&d=blank&r=g","contentUrl":"https:\/\/secure.gravatar.com\/avatar\/4c40c9aaacb6f176dbd977bdf43366708b68bdf16dc927d1e222e96783b5a9bc?s=96&d=blank&r=g","caption":"Rachel So"},"url":"https:\/\/ceric.ca\/fr\/author\/rachel\/"}]}},"_links":{"self":[{"href":"https:\/\/ceric.ca\/fr\/wp-json\/wp\/v2\/posts\/50226","targetHints":{"allow":["GET"]}}],"collection":[{"href":"https:\/\/ceric.ca\/fr\/wp-json\/wp\/v2\/posts"}],"about":[{"href":"https:\/\/ceric.ca\/fr\/wp-json\/wp\/v2\/types\/post"}],"author":[{"embeddable":true,"href":"https:\/\/ceric.ca\/fr\/wp-json\/wp\/v2\/users\/30"}],"replies":[{"embeddable":true,"href":"https:\/\/ceric.ca\/fr\/wp-json\/wp\/v2\/comments?post=50226"}],"version-history":[{"count":0,"href":"https:\/\/ceric.ca\/fr\/wp-json\/wp\/v2\/posts\/50226\/revisions"}],"wp:featuredmedia":[{"embeddable":true,"href":"https:\/\/ceric.ca\/fr\/wp-json\/wp\/v2\/media\/50236"}],"wp:attachment":[{"href":"https:\/\/ceric.ca\/fr\/wp-json\/wp\/v2\/media?parent=50226"}],"wp:term":[{"taxonomy":"category","embeddable":true,"href":"https:\/\/ceric.ca\/fr\/wp-json\/wp\/v2\/categories?post=50226"},{"taxonomy":"post_tag","embeddable":true,"href":"https:\/\/ceric.ca\/fr\/wp-json\/wp\/v2\/tags?post=50226"}],"curies":[{"name":"wp","href":"https:\/\/api.w.org\/{rel}","templated":true}]}}