{"id":52279,"date":"2022-01-21T10:05:52","date_gmt":"2022-01-21T15:05:52","guid":{"rendered":"https:\/\/ceric.ca\/?p=52279"},"modified":"2022-01-22T15:33:50","modified_gmt":"2022-01-22T20:33:50","slug":"un-etat-desprit-de-carriere-en-trois-etapes","status":"publish","type":"post","link":"https:\/\/ceric.ca\/fr\/2022\/01\/un-etat-desprit-de-carriere-en-trois-etapes\/","title":{"rendered":"Un \u00e9tat d\u2019esprit de carri\u00e8re en trois \u00e9tapes"},"content":{"rendered":"<div class=\"comment__body-wrapper\">\n<h5 class=\"comment__body\"><em><strong><span class=\"comment-text\">Les trois \u00e9tapes de l\u2019\u00c9coute, l\u2019Apprentissage et le Service offrent une fa\u00e7on unique de consid\u00e9rer les carri\u00e8res<\/span><\/strong><\/em><\/h5>\n<\/div>\n<p><em>Laurent Boualleg\u00a0<\/em><\/p>\n<p><img decoding=\"async\" class=\"alignright size-thumbnail wp-image-52280\" src=\"https:\/\/ceric.ca\/wp-content\/uploads\/2022\/01\/Laurent-Boualleg-150x150.png\" alt=\"Author headshot\" width=\"150\" height=\"150\" srcset=\"https:\/\/ceric.ca\/wp-content\/uploads\/2022\/01\/Laurent-Boualleg-150x150.png 150w, https:\/\/ceric.ca\/wp-content\/uploads\/2022\/01\/Laurent-Boualleg-160x160.png 160w, https:\/\/ceric.ca\/wp-content\/uploads\/2022\/01\/Laurent-Boualleg.png 300w\" sizes=\"(max-width:767px) 150px, 150px\" \/>Carri\u00e8re vient de char ou charriot. Un \u00e9tat d&rsquo;esprit de carri\u00e8re, c&rsquo;est donc une fa\u00e7on de penser qui fait avancer autrui dans les \u00e9tudes et dans le monde du travail.<\/p>\n<p>Apr\u00e8s plus de deux d\u00e9cennies de pratiques dans le conseil en orientation scolaire et professionnelle, il m\u2019est apparu l\u00e9gitime de m\u2019interroger sur ce qu\u2019est un \u00e9tat d\u2019esprit de carri\u00e8re. Apr\u00e8s r\u00e9flexion, celui-ci m\u2019est apparu en trois \u00e9tapes qui se suivent et se chevauchent\u00a0: \u00c9couter, Apprendre, Servir. Elles sont issues de l\u2019interaction entre mon exp\u00e9rience professionnelle, ma r\u00e9flexion personnelle, l\u2019utilisation du <a href=\"http:\/\/www.editions-homme.fr\/focusing-au-centre-soi\/eugene-t-gendlin\/livre\/9782761921725\" target=\"_blank\" rel=\"noopener\">focusing selon Gendlin<\/a> et l\u2019opportunit\u00e9 offerte par la revue <em>Careering<\/em> d\u2019\u00e9crire sur cette question.<\/p>\n<p>\u00c9tant un adepte \u00e0 la fois des questionnaires RIASEC et de l\u2019humour en orientation, j\u2019ai souhait\u00e9 faire un clin d\u2019\u0153il humoristique au <a href=\"https:\/\/www.carrierologie.uqam.ca\/index.php\/2005\/lessor-dune-psychologie-des-interets-professionnels\/\" target=\"_blank\" rel=\"noopener\">mod\u00e8le de Holland<\/a>, qui a forg\u00e9 mon \u00e9tat d\u2019esprit de carri\u00e8re depuis ma formation initiale jusqu\u2019\u00e0 aujourd\u2019hui. Ainsi, mes trois \u00e9tapes correspondent \u00e0 l\u2019acronyme EAS. Toute ressemblance avec des \u00e9tapes existantes en <a href=\"https:\/\/www.conseiller-orientation-montreal.ca\/Methodes-dintervention.htm\" target=\"_blank\" rel=\"noopener\">counseling de carri\u00e8re selon Lecomte et Savard<\/a> serait purement non fortuite.<\/p>\n<p>Bien que cet \u00e9tat d&rsquo;esprit de carri\u00e8re partage des points communs avec le profil EAS de Holland, je d\u00e9crirai surtout l\u2019\u00e9tat d\u2019esprit de carri\u00e8re EAS avec ces trois \u00e9tapes.<\/p>\n<h6><strong>\u00c9couter\u00a0<\/strong><\/h6>\n<p>Lorsque nous \u00e9coutons, nous portons attention \u00e0 nos mouvements int\u00e9rieurs. Nous dirigeons notre attention vers nos centres d&rsquo;int\u00e9r\u00eat, valeurs, aptitudes, croyances, traits de personnalit\u00e9 et motivations. Il s\u2019agit d\u2019une exp\u00e9rience subjective que nous tentons d\u2019objectiver.<\/p>\n<p>En parall\u00e8le, nous observons notre environnement de formation et notre milieu professionnel. Cette \u00e9coute et cette observation permettent de faire des liens, de cr\u00e9er des ponts, d&rsquo;\u00e9tablir une correspondance entre personnalit\u00e9 vocationnelle et milieu de travail. Un premier clin d&rsquo;\u0153il \u00e0 la th\u00e9orie de Holland!<\/p>\n<blockquote><p><strong>\u00ab\u00a0Lorsque nous \u00e9coutons, nous portons attention \u00e0 nos mouvements int\u00e9rieurs.\u00a0\u00bb<\/strong><\/p><\/blockquote>\n<p>Cette correspondance individu-environnement simplifie la dynamique complexe de l&rsquo;interaction <a href=\"https:\/\/www.editionsquiplusest.com\/elaboration-conduite-de-projet\/la-dynamique-individu-etude-travail-107.html\" target=\"_blank\" rel=\"noopener\">Individu-\u00c9tudes-Travail<\/a> sans lui retirer de sa pertinence, bien au contraire.<\/p>\n<p>Prendre l&rsquo;initiative d\u2019\u00eatre attentif, d\u2019\u00e9couter l&rsquo;int\u00e9rieur et l&rsquo;ext\u00e9rieur de soi, d&rsquo;observer ses interactions avec les autres, de choisir de diriger son attention sur ses r\u00f4les sociaux, d\u2019\u00eatre porteur d\u2019un projet de soi, de prendre en main son d\u00e9veloppement de carri\u00e8re\u2026 N\u2019est-ce pas un ensemble de comportements et de d\u00e9marches qui font penser au type Entreprenant?<\/p>\n<p>Disons simplement qu\u2019\u00eatre attentif et orienter notre \u00e9coute vers la dynamique Individu-\u00c9tudes-Travail est une premi\u00e8re marche vers l&rsquo;apprentissage.<\/p>\n<h6><strong>Apprendre<\/strong><\/h6>\n<p>L\u2019interaction constante au sein de la dynamique Individu-\u00c9tudes-Travail nous offre l\u2019occasion d\u2019apprendre sur nous-m\u00eames, en particulier sur notre personnalit\u00e9 et sur nos talents \u00e0 d\u00e9velopper, mais aussi sur nos \u00e9motions et sur notre conscience. L&rsquo;apprentissage est une r\u00e9ponse \u00e0 la curiosit\u00e9. Il satisfait aussi nos besoins de croissance et de comp\u00e9tence. Apprendre, c&rsquo;est choisir de miser sur les ressources disponibles, sur des besoins psychologiques positifs. C\u2019est donc combler un besoin fondamental d&rsquo;autonomie. \u00catre capable de satisfaire notre curiosit\u00e9 et de prendre en main nos besoins psychologiques nourrit par exemple nos besoins de s\u00e9curit\u00e9 et d&rsquo;estime de soi, deux besoins psychologiques positifs, selon <a href=\"https:\/\/www.routledge.com\/Optimal-Human-Being-An-Integrated-Multi-level-Perspective\/Sheldon\/p\/book\/9780805841893\" target=\"_blank\" rel=\"noopener\">Sheldon<\/a>. Ceux-ci s\u2019ajoutent aux trois autres besoins psychologiques positifs que sont l\u2019autonomie, la comp\u00e9tence et l\u2019appartenance, trois besoins \u00e9tudi\u00e9s par <a href=\"https:\/\/fr.wikipedia.org\/wiki\/Th\u00e9orie_de_l%27autod\u00e9termination\" target=\"_blank\" rel=\"noopener\">Deci et Ryan<\/a>.<\/p>\n<p>Observer notre environnement nous permet d\u2019apprendre sur notre contexte professionnel et ses enjeux. Aussi, apprendre sur la communication et sur les relations au sein d&rsquo;une organisation stimule notre processus de croissance et notre besoin d&rsquo;appartenance, un autre h\u00e9ritage de la th\u00e9orie de l&rsquo;autod\u00e9termination. Bref, apprendre c&rsquo;est int\u00e9grer et s&rsquo;int\u00e9grer.<\/p>\n<p>Apprendre touche toutes les dimensions du RIASEC. Un type de personnalit\u00e9 d\u00e9fini par Holland peut \u00eatre consid\u00e9r\u00e9 comme une motivation intrins\u00e8que du point de vue de la th\u00e9orie de l\u2019autod\u00e9termination, surtout s\u2019il s\u2019agit de notre type dominant. Apprendre par int\u00e9r\u00eat et par plaisir nous lie intrins\u00e8quement au contenu de notre apprentissage.<\/p>\n<p>Il y a aussi un clin d&rsquo;\u0153il \u00e0 la sensibilit\u00e9 du type Artistique du mod\u00e8le de Holland. En effet, l\u2019apprentissage n\u2019est pas un acte purement intellectuel. C\u2019est aussi un acte affectif. Le profil Artistique apprendra plus volontiers ce qui touche sa sensibilit\u00e9, son imagination et sa cr\u00e9ativit\u00e9.<\/p>\n<p>Apprendre continuellement repr\u00e9sente une comp\u00e9tence d\u00e9veloppementale. Apprendre, c&rsquo;est se d\u00e9velopper. Et entre apprentissage et d\u00e9veloppement de carri\u00e8re, il y a n\u00e9cessairement un lien dynamique, mais il y a aussi une marche qui conduit vers le service.<\/p>\n<h6><strong>Servir<\/strong><\/h6>\n<p>Apprendre nous permet de mieux servir les autres, nos organisations et notre communaut\u00e9 au sens large. Servir nous permet de nous ouvrir davantage. Ce que nous avons appris, nous pouvons l\u2019offrir. Ainsi, nous facilitons la vie d\u2019autrui. Partager ce que nous avons appris procure du bien-\u00eatre, de la satisfaction \u00e0 l&rsquo;\u00e9gard de la vie et conduit \u00e0 une meilleure int\u00e9gration socioprofessionnelle (on pourrait parler aussi de d\u00e9veloppement psychosocial optimal).<\/p>\n<p>Servir nous fait grandir encore et encore. En aidant autrui \u00e0 s&rsquo;\u00e9lever, on s&rsquo;\u00e9l\u00e8ve aussi, car nous faisons partie d&rsquo;une communaut\u00e9. Contribuer au d\u00e9veloppement d&rsquo;une personne, d&rsquo;un groupe, d&rsquo;une organisation, d&rsquo;une communaut\u00e9, c&rsquo;est se forger un \u00e9tat d&rsquo;esprit de carri\u00e8re, c\u2019est-\u00e0-dire cr\u00e9er et d\u00e9velopper volontairement un \u00e9tat d&rsquo;esprit qui fait avancer les choses.<\/p>\n<p>Cette fois, le parall\u00e8le existe entre la dimension Service et le type Social de notre cher Holland! Bon, on pourrait aller plus loin dans les parall\u00e8les entre les dimensions de l&rsquo;\u00e9tat d&rsquo;esprit de carri\u00e8re \u00c9couter-Apprendre-Servir et les types de personnalit\u00e9 Entreprenant-Artistique-Social, mais il y a une s\u00e9rieuse limite.<\/p>\n<p>Un profil Holland diff\u00e8re d\u2019un \u00e9tat d\u2019esprit de carri\u00e8re, car on ne choisit pas notre profil de personnalit\u00e9. Inversement, nous pouvons choisir notre \u00e9tat d\u2019esprit de carri\u00e8re.<\/p>\n<p>Encore une fois, ces trois \u00e9tapes ne refl\u00e8tent qu\u2019une analyse personnelle de mon exp\u00e9rience. Pendant plus de deux d\u00e9cennies j\u2019ai voyag\u00e9 professionnellement entre \u00c9couter-Apprendre-Servir et je crois que je continue de le faire.<\/p>\n<h6><strong>Comment aider notre client\u00e8le \u00e0 d\u00e9velopper leur propre \u00e9tat d\u2019esprit de carri\u00e8re?<\/strong><\/h6>\n<p>Il s\u2019agit de les aider \u00e0 cr\u00e9er une culture de l\u2019attention port\u00e9e sur la carri\u00e8re, soit un \u00e9tat d\u2019esprit de carri\u00e8re qui va plus loin que l\u2019intervention ponctuelle. De cette culture de l\u2019\u00e9coute, qui consiste \u00e0 rester attentif, d\u00e9coule l\u2019\u00e9tape 2, qui consiste \u00e0 apprendre, \u00e0 d\u00e9velopper un \u00e9tat d\u2019esprit d\u2019apprentissage continu concernant sa carri\u00e8re. Autrement dit, un \u00e9tat d\u2019esprit d\u2019\u00e9ternel d\u00e9butant. Enfin, notre besoin d\u2019appartenance nous procure du plaisir lorsque nous partageons et apprenons ensemble, mais aussi lorsque nous partageons notre exp\u00e9rience pour faciliter la vie d\u2019autrui. Les autres b\u00e9n\u00e9ficient alors d\u2019autres fa\u00e7ons de penser, d\u2019agir, d\u2019apprendre, de r\u00e9agir et de se d\u00e9velopper. Ainsi, il me semble qu\u2019un \u00e9tat d\u2019esprit de carri\u00e8re d\u2019\u00c9coute, d\u2019Apprentissage et de Service produit de la richesse sur le plan humain.<\/p>\n<p><strong>Laurent Boualleg<\/strong>\u00a0<em>: Psychologue de l\u2019\u00e9ducation nationale en Centre d\u2019Information et d\u2019Orientation \u00e0 Marseille Sp\u00e9cialis\u00e9 en Education, d\u00e9veloppement et conseil en orientation scolaire et professionnelle. En 2019, j\u2019ai publi\u00e9 chez Enrick B.<\/em> Editions Voyage au pays du d\u00e9veloppement de carri\u00e8re.<\/p>\n","protected":false},"excerpt":{"rendered":"<p>Les trois \u00e9tapes de l\u2019\u00c9coute, l\u2019Apprentissage et le Service offrent une fa\u00e7on unique de consid\u00e9rer les carri\u00e8res Laurent Boualleg\u00a0 Carri\u00e8re vient de char ou charriot. Un<span class=\"excerpt-hellip\"> [\u2026]<\/span><\/p>\n","protected":false},"author":33,"featured_media":52282,"comment_status":"closed","ping_status":"closed","sticky":false,"template":"","format":"standard","meta":{"h5ap_radio_sources":[],"footnotes":""},"categories":[467,1032],"tags":[],"class_list":["post-52279","post","type-post","status-publish","format-standard","has-post-thumbnail","hentry","category-careering-fr","category-hiver-2022"],"yoast_head":"<!-- This site is optimized with the Yoast SEO Premium plugin v27.4 (Yoast SEO v27.4) - https:\/\/yoast.com\/product\/yoast-seo-premium-wordpress\/ -->\n<title>Un \u00e9tat d\u2019esprit de carri\u00e8re en trois \u00e9tapes - CERIC<\/title>\n<meta name=\"robots\" content=\"index, follow, max-snippet:-1, max-image-preview:large, max-video-preview:-1\" \/>\n<link rel=\"canonical\" href=\"https:\/\/ceric.ca\/fr\/2022\/01\/un-etat-desprit-de-carriere-en-trois-etapes\/\" \/>\n<meta property=\"og:locale\" content=\"fr_FR\" \/>\n<meta property=\"og:type\" content=\"article\" \/>\n<meta property=\"og:title\" content=\"Un \u00e9tat d\u2019esprit de carri\u00e8re en trois \u00e9tapes\" \/>\n<meta property=\"og:description\" content=\"Les trois \u00e9tapes de l\u2019\u00c9coute, l\u2019Apprentissage et le Service offrent une fa\u00e7on unique de consid\u00e9rer les carri\u00e8res Laurent Boualleg\u00a0 Carri\u00e8re vient de char ou charriot. Un [\u2026]\" \/>\n<meta property=\"og:url\" content=\"https:\/\/ceric.ca\/fr\/2022\/01\/un-etat-desprit-de-carriere-en-trois-etapes\/\" \/>\n<meta property=\"og:site_name\" content=\"CERIC\" \/>\n<meta property=\"article:published_time\" content=\"2022-01-21T15:05:52+00:00\" \/>\n<meta property=\"article:modified_time\" content=\"2022-01-22T20:33:50+00:00\" \/>\n<meta property=\"og:image\" content=\"https:\/\/ceric.ca\/wp-content\/uploads\/2022\/01\/iStock-524904212.jpg\" \/>\n\t<meta property=\"og:image:width\" content=\"2058\" \/>\n\t<meta property=\"og:image:height\" content=\"1457\" \/>\n\t<meta property=\"og:image:type\" content=\"image\/jpeg\" \/>\n<meta name=\"author\" content=\"Careering\" \/>\n<meta name=\"twitter:card\" content=\"summary_large_image\" \/>\n<meta name=\"twitter:label1\" content=\"\u00c9crit par\" \/>\n\t<meta name=\"twitter:data1\" content=\"Careering\" \/>\n\t<meta name=\"twitter:label2\" content=\"Dur\u00e9e de lecture estim\u00e9e\" \/>\n\t<meta name=\"twitter:data2\" content=\"6 minutes\" \/>\n<script type=\"application\/ld+json\" class=\"yoast-schema-graph\">{\"@context\":\"https:\\\/\\\/schema.org\",\"@graph\":[{\"@type\":\"Article\",\"@id\":\"https:\\\/\\\/ceric.ca\\\/fr\\\/2022\\\/01\\\/un-etat-desprit-de-carriere-en-trois-etapes\\\/#article\",\"isPartOf\":{\"@id\":\"https:\\\/\\\/ceric.ca\\\/fr\\\/2022\\\/01\\\/un-etat-desprit-de-carriere-en-trois-etapes\\\/\"},\"author\":{\"name\":\"Careering\",\"@id\":\"https:\\\/\\\/ceric.ca\\\/#\\\/schema\\\/person\\\/582b7ffb875656ac2d2c15d0e97118d5\"},\"headline\":\"Un \u00e9tat d\u2019esprit de carri\u00e8re en trois \u00e9tapes\",\"datePublished\":\"2022-01-21T15:05:52+00:00\",\"dateModified\":\"2022-01-22T20:33:50+00:00\",\"mainEntityOfPage\":{\"@id\":\"https:\\\/\\\/ceric.ca\\\/fr\\\/2022\\\/01\\\/un-etat-desprit-de-carriere-en-trois-etapes\\\/\"},\"wordCount\":1326,\"publisher\":{\"@id\":\"https:\\\/\\\/ceric.ca\\\/#organization\"},\"image\":{\"@id\":\"https:\\\/\\\/ceric.ca\\\/fr\\\/2022\\\/01\\\/un-etat-desprit-de-carriere-en-trois-etapes\\\/#primaryimage\"},\"thumbnailUrl\":\"https:\\\/\\\/ceric.ca\\\/wp-content\\\/uploads\\\/2022\\\/01\\\/iStock-524904212.jpg\",\"articleSection\":[\"Careering\",\"Hiver 2022\"],\"inLanguage\":\"fr-FR\"},{\"@type\":\"WebPage\",\"@id\":\"https:\\\/\\\/ceric.ca\\\/fr\\\/2022\\\/01\\\/un-etat-desprit-de-carriere-en-trois-etapes\\\/\",\"url\":\"https:\\\/\\\/ceric.ca\\\/fr\\\/2022\\\/01\\\/un-etat-desprit-de-carriere-en-trois-etapes\\\/\",\"name\":\"Un \u00e9tat d\u2019esprit de carri\u00e8re en trois \u00e9tapes - CERIC\",\"isPartOf\":{\"@id\":\"https:\\\/\\\/ceric.ca\\\/#website\"},\"primaryImageOfPage\":{\"@id\":\"https:\\\/\\\/ceric.ca\\\/fr\\\/2022\\\/01\\\/un-etat-desprit-de-carriere-en-trois-etapes\\\/#primaryimage\"},\"image\":{\"@id\":\"https:\\\/\\\/ceric.ca\\\/fr\\\/2022\\\/01\\\/un-etat-desprit-de-carriere-en-trois-etapes\\\/#primaryimage\"},\"thumbnailUrl\":\"https:\\\/\\\/ceric.ca\\\/wp-content\\\/uploads\\\/2022\\\/01\\\/iStock-524904212.jpg\",\"datePublished\":\"2022-01-21T15:05:52+00:00\",\"dateModified\":\"2022-01-22T20:33:50+00:00\",\"breadcrumb\":{\"@id\":\"https:\\\/\\\/ceric.ca\\\/fr\\\/2022\\\/01\\\/un-etat-desprit-de-carriere-en-trois-etapes\\\/#breadcrumb\"},\"inLanguage\":\"fr-FR\",\"potentialAction\":[{\"@type\":\"ReadAction\",\"target\":[\"https:\\\/\\\/ceric.ca\\\/fr\\\/2022\\\/01\\\/un-etat-desprit-de-carriere-en-trois-etapes\\\/\"]}]},{\"@type\":\"ImageObject\",\"inLanguage\":\"fr-FR\",\"@id\":\"https:\\\/\\\/ceric.ca\\\/fr\\\/2022\\\/01\\\/un-etat-desprit-de-carriere-en-trois-etapes\\\/#primaryimage\",\"url\":\"https:\\\/\\\/ceric.ca\\\/wp-content\\\/uploads\\\/2022\\\/01\\\/iStock-524904212.jpg\",\"contentUrl\":\"https:\\\/\\\/ceric.ca\\\/wp-content\\\/uploads\\\/2022\\\/01\\\/iStock-524904212.jpg\",\"width\":2058,\"height\":1457,\"caption\":\"Concept of communication and communicating a message between two head shaped trees with birds perched and flying to each other as a metaphor for teamwork and business or personal relationship with 3D illustration elements.\"},{\"@type\":\"BreadcrumbList\",\"@id\":\"https:\\\/\\\/ceric.ca\\\/fr\\\/2022\\\/01\\\/un-etat-desprit-de-carriere-en-trois-etapes\\\/#breadcrumb\",\"itemListElement\":[{\"@type\":\"ListItem\",\"position\":1,\"name\":\"Home\",\"item\":\"https:\\\/\\\/ceric.ca\\\/fr\\\/ceric-homepage-2025\\\/\"},{\"@type\":\"ListItem\",\"position\":2,\"name\":\"Un \u00e9tat d\u2019esprit de carri\u00e8re en trois \u00e9tapes\"}]},{\"@type\":\"WebSite\",\"@id\":\"https:\\\/\\\/ceric.ca\\\/#website\",\"url\":\"https:\\\/\\\/ceric.ca\\\/\",\"name\":\"CERIC\",\"description\":\"\",\"publisher\":{\"@id\":\"https:\\\/\\\/ceric.ca\\\/#organization\"},\"potentialAction\":[{\"@type\":\"SearchAction\",\"target\":{\"@type\":\"EntryPoint\",\"urlTemplate\":\"https:\\\/\\\/ceric.ca\\\/?s={search_term_string}\"},\"query-input\":{\"@type\":\"PropertyValueSpecification\",\"valueRequired\":true,\"valueName\":\"search_term_string\"}}],\"inLanguage\":\"fr-FR\"},{\"@type\":\"Organization\",\"@id\":\"https:\\\/\\\/ceric.ca\\\/#organization\",\"name\":\"CERIC\",\"url\":\"https:\\\/\\\/ceric.ca\\\/\",\"logo\":{\"@type\":\"ImageObject\",\"inLanguage\":\"fr-FR\",\"@id\":\"https:\\\/\\\/ceric.ca\\\/#\\\/schema\\\/logo\\\/image\\\/\",\"url\":\"\",\"contentUrl\":\"\",\"caption\":\"CERIC\"},\"image\":{\"@id\":\"https:\\\/\\\/ceric.ca\\\/#\\\/schema\\\/logo\\\/image\\\/\"}},{\"@type\":\"Person\",\"@id\":\"https:\\\/\\\/ceric.ca\\\/#\\\/schema\\\/person\\\/582b7ffb875656ac2d2c15d0e97118d5\",\"name\":\"Careering\",\"image\":{\"@type\":\"ImageObject\",\"inLanguage\":\"fr-FR\",\"@id\":\"https:\\\/\\\/secure.gravatar.com\\\/avatar\\\/89f2b718e2978750e2800ae48ac48cdcb2e517b4660ec23ad447f2a62e4afa09?s=96&d=blank&r=g\",\"url\":\"https:\\\/\\\/secure.gravatar.com\\\/avatar\\\/89f2b718e2978750e2800ae48ac48cdcb2e517b4660ec23ad447f2a62e4afa09?s=96&d=blank&r=g\",\"contentUrl\":\"https:\\\/\\\/secure.gravatar.com\\\/avatar\\\/89f2b718e2978750e2800ae48ac48cdcb2e517b4660ec23ad447f2a62e4afa09?s=96&d=blank&r=g\",\"caption\":\"Careering\"},\"url\":\"https:\\\/\\\/ceric.ca\\\/fr\\\/author\\\/careering\\\/\"}]}<\/script>\n<!-- \/ Yoast SEO Premium plugin. -->","yoast_head_json":{"title":"Un \u00e9tat d\u2019esprit de carri\u00e8re en trois \u00e9tapes - CERIC","robots":{"index":"index","follow":"follow","max-snippet":"max-snippet:-1","max-image-preview":"max-image-preview:large","max-video-preview":"max-video-preview:-1"},"canonical":"https:\/\/ceric.ca\/fr\/2022\/01\/un-etat-desprit-de-carriere-en-trois-etapes\/","og_locale":"fr_FR","og_type":"article","og_title":"Un \u00e9tat d\u2019esprit de carri\u00e8re en trois \u00e9tapes","og_description":"Les trois \u00e9tapes de l\u2019\u00c9coute, l\u2019Apprentissage et le Service offrent une fa\u00e7on unique de consid\u00e9rer les carri\u00e8res Laurent Boualleg\u00a0 Carri\u00e8re vient de char ou charriot. Un [\u2026]","og_url":"https:\/\/ceric.ca\/fr\/2022\/01\/un-etat-desprit-de-carriere-en-trois-etapes\/","og_site_name":"CERIC","article_published_time":"2022-01-21T15:05:52+00:00","article_modified_time":"2022-01-22T20:33:50+00:00","og_image":[{"width":2058,"height":1457,"url":"https:\/\/ceric.ca\/wp-content\/uploads\/2022\/01\/iStock-524904212.jpg","type":"image\/jpeg"}],"author":"Careering","twitter_card":"summary_large_image","twitter_misc":{"\u00c9crit par":"Careering","Dur\u00e9e de lecture estim\u00e9e":"6 minutes"},"schema":{"@context":"https:\/\/schema.org","@graph":[{"@type":"Article","@id":"https:\/\/ceric.ca\/fr\/2022\/01\/un-etat-desprit-de-carriere-en-trois-etapes\/#article","isPartOf":{"@id":"https:\/\/ceric.ca\/fr\/2022\/01\/un-etat-desprit-de-carriere-en-trois-etapes\/"},"author":{"name":"Careering","@id":"https:\/\/ceric.ca\/#\/schema\/person\/582b7ffb875656ac2d2c15d0e97118d5"},"headline":"Un \u00e9tat d\u2019esprit de carri\u00e8re en trois \u00e9tapes","datePublished":"2022-01-21T15:05:52+00:00","dateModified":"2022-01-22T20:33:50+00:00","mainEntityOfPage":{"@id":"https:\/\/ceric.ca\/fr\/2022\/01\/un-etat-desprit-de-carriere-en-trois-etapes\/"},"wordCount":1326,"publisher":{"@id":"https:\/\/ceric.ca\/#organization"},"image":{"@id":"https:\/\/ceric.ca\/fr\/2022\/01\/un-etat-desprit-de-carriere-en-trois-etapes\/#primaryimage"},"thumbnailUrl":"https:\/\/ceric.ca\/wp-content\/uploads\/2022\/01\/iStock-524904212.jpg","articleSection":["Careering","Hiver 2022"],"inLanguage":"fr-FR"},{"@type":"WebPage","@id":"https:\/\/ceric.ca\/fr\/2022\/01\/un-etat-desprit-de-carriere-en-trois-etapes\/","url":"https:\/\/ceric.ca\/fr\/2022\/01\/un-etat-desprit-de-carriere-en-trois-etapes\/","name":"Un \u00e9tat d\u2019esprit de carri\u00e8re en trois \u00e9tapes - CERIC","isPartOf":{"@id":"https:\/\/ceric.ca\/#website"},"primaryImageOfPage":{"@id":"https:\/\/ceric.ca\/fr\/2022\/01\/un-etat-desprit-de-carriere-en-trois-etapes\/#primaryimage"},"image":{"@id":"https:\/\/ceric.ca\/fr\/2022\/01\/un-etat-desprit-de-carriere-en-trois-etapes\/#primaryimage"},"thumbnailUrl":"https:\/\/ceric.ca\/wp-content\/uploads\/2022\/01\/iStock-524904212.jpg","datePublished":"2022-01-21T15:05:52+00:00","dateModified":"2022-01-22T20:33:50+00:00","breadcrumb":{"@id":"https:\/\/ceric.ca\/fr\/2022\/01\/un-etat-desprit-de-carriere-en-trois-etapes\/#breadcrumb"},"inLanguage":"fr-FR","potentialAction":[{"@type":"ReadAction","target":["https:\/\/ceric.ca\/fr\/2022\/01\/un-etat-desprit-de-carriere-en-trois-etapes\/"]}]},{"@type":"ImageObject","inLanguage":"fr-FR","@id":"https:\/\/ceric.ca\/fr\/2022\/01\/un-etat-desprit-de-carriere-en-trois-etapes\/#primaryimage","url":"https:\/\/ceric.ca\/wp-content\/uploads\/2022\/01\/iStock-524904212.jpg","contentUrl":"https:\/\/ceric.ca\/wp-content\/uploads\/2022\/01\/iStock-524904212.jpg","width":2058,"height":1457,"caption":"Concept of communication and communicating a message between two head shaped trees with birds perched and flying to each other as a metaphor for teamwork and business or personal relationship with 3D illustration elements."},{"@type":"BreadcrumbList","@id":"https:\/\/ceric.ca\/fr\/2022\/01\/un-etat-desprit-de-carriere-en-trois-etapes\/#breadcrumb","itemListElement":[{"@type":"ListItem","position":1,"name":"Home","item":"https:\/\/ceric.ca\/fr\/ceric-homepage-2025\/"},{"@type":"ListItem","position":2,"name":"Un \u00e9tat d\u2019esprit de carri\u00e8re en trois \u00e9tapes"}]},{"@type":"WebSite","@id":"https:\/\/ceric.ca\/#website","url":"https:\/\/ceric.ca\/","name":"CERIC","description":"","publisher":{"@id":"https:\/\/ceric.ca\/#organization"},"potentialAction":[{"@type":"SearchAction","target":{"@type":"EntryPoint","urlTemplate":"https:\/\/ceric.ca\/?s={search_term_string}"},"query-input":{"@type":"PropertyValueSpecification","valueRequired":true,"valueName":"search_term_string"}}],"inLanguage":"fr-FR"},{"@type":"Organization","@id":"https:\/\/ceric.ca\/#organization","name":"CERIC","url":"https:\/\/ceric.ca\/","logo":{"@type":"ImageObject","inLanguage":"fr-FR","@id":"https:\/\/ceric.ca\/#\/schema\/logo\/image\/","url":"","contentUrl":"","caption":"CERIC"},"image":{"@id":"https:\/\/ceric.ca\/#\/schema\/logo\/image\/"}},{"@type":"Person","@id":"https:\/\/ceric.ca\/#\/schema\/person\/582b7ffb875656ac2d2c15d0e97118d5","name":"Careering","image":{"@type":"ImageObject","inLanguage":"fr-FR","@id":"https:\/\/secure.gravatar.com\/avatar\/89f2b718e2978750e2800ae48ac48cdcb2e517b4660ec23ad447f2a62e4afa09?s=96&d=blank&r=g","url":"https:\/\/secure.gravatar.com\/avatar\/89f2b718e2978750e2800ae48ac48cdcb2e517b4660ec23ad447f2a62e4afa09?s=96&d=blank&r=g","contentUrl":"https:\/\/secure.gravatar.com\/avatar\/89f2b718e2978750e2800ae48ac48cdcb2e517b4660ec23ad447f2a62e4afa09?s=96&d=blank&r=g","caption":"Careering"},"url":"https:\/\/ceric.ca\/fr\/author\/careering\/"}]}},"_links":{"self":[{"href":"https:\/\/ceric.ca\/fr\/wp-json\/wp\/v2\/posts\/52279","targetHints":{"allow":["GET"]}}],"collection":[{"href":"https:\/\/ceric.ca\/fr\/wp-json\/wp\/v2\/posts"}],"about":[{"href":"https:\/\/ceric.ca\/fr\/wp-json\/wp\/v2\/types\/post"}],"author":[{"embeddable":true,"href":"https:\/\/ceric.ca\/fr\/wp-json\/wp\/v2\/users\/33"}],"replies":[{"embeddable":true,"href":"https:\/\/ceric.ca\/fr\/wp-json\/wp\/v2\/comments?post=52279"}],"version-history":[{"count":0,"href":"https:\/\/ceric.ca\/fr\/wp-json\/wp\/v2\/posts\/52279\/revisions"}],"wp:featuredmedia":[{"embeddable":true,"href":"https:\/\/ceric.ca\/fr\/wp-json\/wp\/v2\/media\/52282"}],"wp:attachment":[{"href":"https:\/\/ceric.ca\/fr\/wp-json\/wp\/v2\/media?parent=52279"}],"wp:term":[{"taxonomy":"category","embeddable":true,"href":"https:\/\/ceric.ca\/fr\/wp-json\/wp\/v2\/categories?post=52279"},{"taxonomy":"post_tag","embeddable":true,"href":"https:\/\/ceric.ca\/fr\/wp-json\/wp\/v2\/tags?post=52279"}],"curies":[{"name":"wp","href":"https:\/\/api.w.org\/{rel}","templated":true}]}}