{"id":53040,"date":"2022-01-31T14:07:04","date_gmt":"2022-01-31T19:07:04","guid":{"rendered":"https:\/\/ceric.ca\/?p=53040"},"modified":"2022-02-02T14:11:09","modified_gmt":"2022-02-02T19:11:09","slug":"lynne-bezanson-a-recu-le-prix-wileman-pour-ses-realisations-remarquables","status":"publish","type":"post","link":"https:\/\/ceric.ca\/fr\/2022\/01\/lynne-bezanson-a-recu-le-prix-wileman-pour-ses-realisations-remarquables\/","title":{"rendered":"Lynne Bezanson a re\u00e7u le prix Wileman pour ses r\u00e9alisations remarquables"},"content":{"rendered":"<p>Le <a href=\"https:\/\/ceric.ca\/fr\/prix-et-bourses\/\">prix Etta\u00a0St.\u00a0John\u00a0Wileman<\/a> du CERIC a \u00e9t\u00e9 d\u00e9cern\u00e9 \u00e0 Lynne\u00a0Bezanson, directrice g\u00e9n\u00e9rale \u00e9m\u00e9rite de la Fondation canadienne pour le d\u00e9veloppement de la carri\u00e8re (FCDC), le 25\u00a0janvier, lors du <a href=\"https:\/\/cannexus.ceric.ca\/fr\/\">Congr\u00e8s canadien en d\u00e9veloppement de carri\u00e8re Cannexus<\/a>. Lynne a re\u00e7u ce prix en reconnaissance de sa remarquable carri\u00e8re \u00e0 renforcer la port\u00e9e et l\u2019incidence du d\u00e9veloppement de carri\u00e8re au Canada et \u00e0 l\u2019international. Ce prix pour l\u2019\u0153uvre d\u2019une vie rend hommage \u00e0 celles et \u00e0 ceux qui se sont forg\u00e9 une r\u00e9putation de chefs de file en d\u00e9veloppement de carri\u00e8re et qui ont consacr\u00e9 toute leur vie \u00e0 am\u00e9liorer le domaine dans son ensemble.<\/p>\n<p>Rendant hommage \u00e0 Lynne et \u00e0 son r\u00f4le de pionni\u00e8re ayant contribu\u00e9 \u00e0 b\u00e2tir le professionnalisme du domaine, la pr\u00e9sidente du comit\u00e9 de s\u00e9lection Wileman, Jennifer\u00a0Browne, a d\u00e9clar\u00e9\u00a0: \u00ab\u00a0Depuis ses d\u00e9buts en tant qu\u2019enseignante et conseill\u00e8re d\u2019orientation jusqu\u2019\u00e0 son travail extraordinaire dans la fonction publique f\u00e9d\u00e9rale et le secteur \u00e0 but non lucratif dans les domaines de la recherche et du d\u00e9veloppement, de la consultation sur les politiques et du renforcement des capacit\u00e9s, son engagement dans ce secteur et envers ceux qu\u2019il sert ne conna\u00eet aucune limite.\u00a0\u00bb<\/p>\n<p>Depuis\u00a01976, Lynne compte diverses r\u00e9alisations dignes de mention, notamment la cr\u00e9ation du programme national de formation en counseling d\u2019emploi ax\u00e9 sur les comp\u00e9tences, en collaboration avec le gouvernement f\u00e9d\u00e9ral, afin de renforcer les comp\u00e9tences de 4\u00a0000\u00a0conseillers en emploi et en besoins sp\u00e9ciaux. Ce programme a \u00e9t\u00e9 reconnu par les \u00e9tablissements postsecondaires canadiens et adapt\u00e9 par les services d\u2019emplois f\u00e9d\u00e9raux en France, en Su\u00e8de, au Japon et en Malaisie. En\u00a01990, elle se joint \u00e0 la <a href=\"https:\/\/ccdf.ca\/?lang=fr\">FCDC<\/a> et dirige l\u2019initiative Conception et mobilisation de ressources en counselling pour les jeunes (CMRCJ). La CMRCJ a \u00e9t\u00e9 la premi\u00e8re initiative importante de recherche et d\u00e9veloppement dans le domaine du d\u00e9veloppement de carri\u00e8re au Canada et a servi de catalyseur pour faire du d\u00e9veloppement de carri\u00e8re un axe de recherche viable au Canada.<\/p>\n<p>En\u00a01993, Lynne\u00a0Bezanson devient directrice g\u00e9n\u00e9rale de la FCDC et la fa\u00e7onne pour en faire un organisme national de leadership et d\u2019innovation de confiance pour le secteur du d\u00e9veloppement de carri\u00e8re. Elle a jou\u00e9 un r\u00f4le d\u00e9terminant dans la cr\u00e9ation du Groupe de recherche canadien sur la pratique en d\u00e9veloppement de carri\u00e8re fond\u00e9e sur les donn\u00e9es probantes (GDRC), en cr\u00e9ant une collaboration entre les chercheurs francophones et anglophones du Canada et en \u00e9tablissant le cadre d\u2019\u00e9valuation adopt\u00e9 par le gouvernement f\u00e9d\u00e9ral pour guider les projets financ\u00e9s. Elle a \u00e9t\u00e9 une force de changement du mouvement international visant \u00e0 mobiliser les responsables des politiques, des pratiques et de la recherche. Elle a \u00e9galement pr\u00e9sid\u00e9 l\u2019<a href=\"https:\/\/www.iccdpp.org\/\">International Centre for Career Development and Public Policy<\/a> et a contribu\u00e9 en tant qu\u2019experte aux \u00e9tudes d\u2019orientation de l\u2019<a href=\"https:\/\/www.oecd.org\/fr\/\">OCDE<\/a> au niveau international.<\/p>\n<p>D\u00e9vou\u00e9e \u00e0 la professionnalisation du domaine, elle a rassembl\u00e9 le secteur pour \u00e9laborer le Guide canadien des comp\u00e9tences pour les professionnels en d\u00e9veloppement de carri\u00e8re. Premier en son genre dans le monde, le Guide a sous-tendu la pratique et la formation dans ce domaine pendant plus de 20\u00a0ans et a servi de mod\u00e8le aux pays du monde entier.<\/p>\n<p>Ce prix rend hommage \u00e0 Etta\u00a0St\u00a0John\u00a0Wileman, qui a d\u00e9fendu avec ardeur le d\u00e9veloppement de la carri\u00e8re, du travail et du milieu du travail au Canada au d\u00e9but du XXe\u00a0si\u00e8cle.\u00a0Selon elle, le travail \u00e9tait \u00e0 la fois un choix individuel et un atout important pour l\u2019\u00e2me. Elle s\u2019est battue pour que soit mis sur pied un syst\u00e8me national de centres d\u2019emploi. Elle a \u00e9galement exerc\u00e9 des pressions pour que soit reconnu le r\u00f4le des parents et des \u00e9coles dans l\u2019\u00e9ducation au d\u00e9veloppement de carri\u00e8re des enfants. Les laur\u00e9ats pr\u00e9c\u00e9dents de ce prix comprennent notamment Marilyn\u00a0Van\u00a0Norman, Denis\u00a0Pelletier, Norman\u00a0Amundson, Mildred\u00a0Cahill, Bryan\u00a0Hiebert, Donald\u00a0Lawson, Michel\u00a0Turcotte et Roberta\u00a0Borgen\u00a0(Neault). Le prix est remis moins d\u2019une fois par ann\u00e9e.<\/p>\n<p>Lynne n\u2019a pas pu se joindre \u00e0 nous pour la remise virtuelle du prix, mais le CERIC esp\u00e8re pouvoir le lui remettre en personne \u00e0 Ottawa l\u2019ann\u00e9e prochaine.<\/p>\n<p>&nbsp;<\/p>\n","protected":false},"excerpt":{"rendered":"<p>Le prix Etta\u00a0St.\u00a0John\u00a0Wileman du CERIC a \u00e9t\u00e9 d\u00e9cern\u00e9 \u00e0 Lynne\u00a0Bezanson, directrice g\u00e9n\u00e9rale \u00e9m\u00e9rite de la Fondation canadienne pour le d\u00e9veloppement de la carri\u00e8re (FCDC), le 25\u00a0janvier,<span class=\"excerpt-hellip\"> [\u2026]<\/span><\/p>\n","protected":false},"author":1,"featured_media":53041,"comment_status":"closed","ping_status":"closed","sticky":false,"template":"","format":"standard","meta":{"h5ap_radio_sources":[],"footnotes":""},"categories":[1050,32],"tags":[],"class_list":["post-53040","post","type-post","status-publish","format-standard","has-post-thumbnail","hentry","category-2022-nouvelles","category-nouvelles"],"yoast_head":"<!-- This site is optimized with the Yoast SEO Premium plugin v27.4 (Yoast SEO v27.4) - https:\/\/yoast.com\/product\/yoast-seo-premium-wordpress\/ -->\n<title>Lynne Bezanson a re\u00e7u le prix Wileman pour ses r\u00e9alisations remarquables - CERIC<\/title>\n<meta name=\"robots\" content=\"index, follow, max-snippet:-1, max-image-preview:large, max-video-preview:-1\" \/>\n<link rel=\"canonical\" href=\"https:\/\/ceric.ca\/fr\/2022\/01\/lynne-bezanson-a-recu-le-prix-wileman-pour-ses-realisations-remarquables\/\" \/>\n<meta property=\"og:locale\" content=\"fr_FR\" \/>\n<meta property=\"og:type\" content=\"article\" \/>\n<meta property=\"og:title\" content=\"Lynne Bezanson a re\u00e7u le prix Wileman pour ses r\u00e9alisations remarquables\" \/>\n<meta property=\"og:description\" content=\"Le prix Etta\u00a0St.\u00a0John\u00a0Wileman du CERIC a \u00e9t\u00e9 d\u00e9cern\u00e9 \u00e0 Lynne\u00a0Bezanson, directrice g\u00e9n\u00e9rale \u00e9m\u00e9rite de la Fondation canadienne pour le d\u00e9veloppement de la carri\u00e8re (FCDC), le 25\u00a0janvier, [\u2026]\" \/>\n<meta property=\"og:url\" content=\"https:\/\/ceric.ca\/fr\/2022\/01\/lynne-bezanson-a-recu-le-prix-wileman-pour-ses-realisations-remarquables\/\" \/>\n<meta property=\"og:site_name\" content=\"CERIC\" \/>\n<meta property=\"article:published_time\" content=\"2022-01-31T19:07:04+00:00\" \/>\n<meta property=\"article:modified_time\" content=\"2022-02-02T19:11:09+00:00\" \/>\n<meta property=\"og:image\" content=\"https:\/\/ceric.ca\/wp-content\/uploads\/2022\/02\/Lynne-FR.png\" \/>\n\t<meta property=\"og:image:width\" content=\"600\" \/>\n\t<meta property=\"og:image:height\" content=\"430\" \/>\n\t<meta property=\"og:image:type\" content=\"image\/png\" \/>\n<meta name=\"author\" content=\"Norman Valdez\" \/>\n<meta name=\"twitter:card\" content=\"summary_large_image\" \/>\n<meta name=\"twitter:creator\" content=\"@rachel@ceric.ca\" \/>\n<meta name=\"twitter:label1\" content=\"\u00c9crit par\" \/>\n\t<meta name=\"twitter:data1\" content=\"Norman Valdez\" \/>\n\t<meta name=\"twitter:label2\" content=\"Dur\u00e9e de lecture estim\u00e9e\" \/>\n\t<meta name=\"twitter:data2\" content=\"3 minutes\" \/>\n<script type=\"application\/ld+json\" class=\"yoast-schema-graph\">{\"@context\":\"https:\\\/\\\/schema.org\",\"@graph\":[{\"@type\":\"Article\",\"@id\":\"https:\\\/\\\/ceric.ca\\\/fr\\\/2022\\\/01\\\/lynne-bezanson-a-recu-le-prix-wileman-pour-ses-realisations-remarquables\\\/#article\",\"isPartOf\":{\"@id\":\"https:\\\/\\\/ceric.ca\\\/fr\\\/2022\\\/01\\\/lynne-bezanson-a-recu-le-prix-wileman-pour-ses-realisations-remarquables\\\/\"},\"author\":{\"name\":\"Norman Valdez\",\"@id\":\"https:\\\/\\\/ceric.ca\\\/#\\\/schema\\\/person\\\/444d77ede5f23ae98c74e54ab17e2da2\"},\"headline\":\"Lynne Bezanson a re\u00e7u le prix Wileman pour ses r\u00e9alisations remarquables\",\"datePublished\":\"2022-01-31T19:07:04+00:00\",\"dateModified\":\"2022-02-02T19:11:09+00:00\",\"mainEntityOfPage\":{\"@id\":\"https:\\\/\\\/ceric.ca\\\/fr\\\/2022\\\/01\\\/lynne-bezanson-a-recu-le-prix-wileman-pour-ses-realisations-remarquables\\\/\"},\"wordCount\":774,\"publisher\":{\"@id\":\"https:\\\/\\\/ceric.ca\\\/#organization\"},\"image\":{\"@id\":\"https:\\\/\\\/ceric.ca\\\/fr\\\/2022\\\/01\\\/lynne-bezanson-a-recu-le-prix-wileman-pour-ses-realisations-remarquables\\\/#primaryimage\"},\"thumbnailUrl\":\"https:\\\/\\\/ceric.ca\\\/wp-content\\\/uploads\\\/2022\\\/02\\\/Lynne-FR.png\",\"articleSection\":[\"2022\",\"Nouvelles\"],\"inLanguage\":\"fr-FR\"},{\"@type\":\"WebPage\",\"@id\":\"https:\\\/\\\/ceric.ca\\\/fr\\\/2022\\\/01\\\/lynne-bezanson-a-recu-le-prix-wileman-pour-ses-realisations-remarquables\\\/\",\"url\":\"https:\\\/\\\/ceric.ca\\\/fr\\\/2022\\\/01\\\/lynne-bezanson-a-recu-le-prix-wileman-pour-ses-realisations-remarquables\\\/\",\"name\":\"Lynne Bezanson a re\u00e7u le prix Wileman pour ses r\u00e9alisations remarquables - CERIC\",\"isPartOf\":{\"@id\":\"https:\\\/\\\/ceric.ca\\\/#website\"},\"primaryImageOfPage\":{\"@id\":\"https:\\\/\\\/ceric.ca\\\/fr\\\/2022\\\/01\\\/lynne-bezanson-a-recu-le-prix-wileman-pour-ses-realisations-remarquables\\\/#primaryimage\"},\"image\":{\"@id\":\"https:\\\/\\\/ceric.ca\\\/fr\\\/2022\\\/01\\\/lynne-bezanson-a-recu-le-prix-wileman-pour-ses-realisations-remarquables\\\/#primaryimage\"},\"thumbnailUrl\":\"https:\\\/\\\/ceric.ca\\\/wp-content\\\/uploads\\\/2022\\\/02\\\/Lynne-FR.png\",\"datePublished\":\"2022-01-31T19:07:04+00:00\",\"dateModified\":\"2022-02-02T19:11:09+00:00\",\"breadcrumb\":{\"@id\":\"https:\\\/\\\/ceric.ca\\\/fr\\\/2022\\\/01\\\/lynne-bezanson-a-recu-le-prix-wileman-pour-ses-realisations-remarquables\\\/#breadcrumb\"},\"inLanguage\":\"fr-FR\",\"potentialAction\":[{\"@type\":\"ReadAction\",\"target\":[\"https:\\\/\\\/ceric.ca\\\/fr\\\/2022\\\/01\\\/lynne-bezanson-a-recu-le-prix-wileman-pour-ses-realisations-remarquables\\\/\"]}]},{\"@type\":\"ImageObject\",\"inLanguage\":\"fr-FR\",\"@id\":\"https:\\\/\\\/ceric.ca\\\/fr\\\/2022\\\/01\\\/lynne-bezanson-a-recu-le-prix-wileman-pour-ses-realisations-remarquables\\\/#primaryimage\",\"url\":\"https:\\\/\\\/ceric.ca\\\/wp-content\\\/uploads\\\/2022\\\/02\\\/Lynne-FR.png\",\"contentUrl\":\"https:\\\/\\\/ceric.ca\\\/wp-content\\\/uploads\\\/2022\\\/02\\\/Lynne-FR.png\",\"width\":600,\"height\":430},{\"@type\":\"BreadcrumbList\",\"@id\":\"https:\\\/\\\/ceric.ca\\\/fr\\\/2022\\\/01\\\/lynne-bezanson-a-recu-le-prix-wileman-pour-ses-realisations-remarquables\\\/#breadcrumb\",\"itemListElement\":[{\"@type\":\"ListItem\",\"position\":1,\"name\":\"Home\",\"item\":\"https:\\\/\\\/ceric.ca\\\/fr\\\/ceric-homepage-2025\\\/\"},{\"@type\":\"ListItem\",\"position\":2,\"name\":\"Lynne Bezanson a re\u00e7u le prix Wileman pour ses r\u00e9alisations remarquables\"}]},{\"@type\":\"WebSite\",\"@id\":\"https:\\\/\\\/ceric.ca\\\/#website\",\"url\":\"https:\\\/\\\/ceric.ca\\\/\",\"name\":\"CERIC\",\"description\":\"\",\"publisher\":{\"@id\":\"https:\\\/\\\/ceric.ca\\\/#organization\"},\"potentialAction\":[{\"@type\":\"SearchAction\",\"target\":{\"@type\":\"EntryPoint\",\"urlTemplate\":\"https:\\\/\\\/ceric.ca\\\/?s={search_term_string}\"},\"query-input\":{\"@type\":\"PropertyValueSpecification\",\"valueRequired\":true,\"valueName\":\"search_term_string\"}}],\"inLanguage\":\"fr-FR\"},{\"@type\":\"Organization\",\"@id\":\"https:\\\/\\\/ceric.ca\\\/#organization\",\"name\":\"CERIC\",\"url\":\"https:\\\/\\\/ceric.ca\\\/\",\"logo\":{\"@type\":\"ImageObject\",\"inLanguage\":\"fr-FR\",\"@id\":\"https:\\\/\\\/ceric.ca\\\/#\\\/schema\\\/logo\\\/image\\\/\",\"url\":\"\",\"contentUrl\":\"\",\"caption\":\"CERIC\"},\"image\":{\"@id\":\"https:\\\/\\\/ceric.ca\\\/#\\\/schema\\\/logo\\\/image\\\/\"}},{\"@type\":\"Person\",\"@id\":\"https:\\\/\\\/ceric.ca\\\/#\\\/schema\\\/person\\\/444d77ede5f23ae98c74e54ab17e2da2\",\"name\":\"Norman Valdez\",\"image\":{\"@type\":\"ImageObject\",\"inLanguage\":\"fr-FR\",\"@id\":\"https:\\\/\\\/secure.gravatar.com\\\/avatar\\\/01def366a03d176e612e177e52d2c8b99d80f13e922b93d5fb9696239fb7fbd4?s=96&d=blank&r=g\",\"url\":\"https:\\\/\\\/secure.gravatar.com\\\/avatar\\\/01def366a03d176e612e177e52d2c8b99d80f13e922b93d5fb9696239fb7fbd4?s=96&d=blank&r=g\",\"contentUrl\":\"https:\\\/\\\/secure.gravatar.com\\\/avatar\\\/01def366a03d176e612e177e52d2c8b99d80f13e922b93d5fb9696239fb7fbd4?s=96&d=blank&r=g\",\"caption\":\"Norman Valdez\"},\"sameAs\":[\"https:\\\/\\\/x.com\\\/rachel@ceric.ca\"],\"url\":\"https:\\\/\\\/ceric.ca\\\/fr\\\/author\\\/norman\\\/\"}]}<\/script>\n<!-- \/ Yoast SEO Premium plugin. -->","yoast_head_json":{"title":"Lynne Bezanson a re\u00e7u le prix Wileman pour ses r\u00e9alisations remarquables - CERIC","robots":{"index":"index","follow":"follow","max-snippet":"max-snippet:-1","max-image-preview":"max-image-preview:large","max-video-preview":"max-video-preview:-1"},"canonical":"https:\/\/ceric.ca\/fr\/2022\/01\/lynne-bezanson-a-recu-le-prix-wileman-pour-ses-realisations-remarquables\/","og_locale":"fr_FR","og_type":"article","og_title":"Lynne Bezanson a re\u00e7u le prix Wileman pour ses r\u00e9alisations remarquables","og_description":"Le prix Etta\u00a0St.\u00a0John\u00a0Wileman du CERIC a \u00e9t\u00e9 d\u00e9cern\u00e9 \u00e0 Lynne\u00a0Bezanson, directrice g\u00e9n\u00e9rale \u00e9m\u00e9rite de la Fondation canadienne pour le d\u00e9veloppement de la carri\u00e8re (FCDC), le 25\u00a0janvier, [\u2026]","og_url":"https:\/\/ceric.ca\/fr\/2022\/01\/lynne-bezanson-a-recu-le-prix-wileman-pour-ses-realisations-remarquables\/","og_site_name":"CERIC","article_published_time":"2022-01-31T19:07:04+00:00","article_modified_time":"2022-02-02T19:11:09+00:00","og_image":[{"width":600,"height":430,"url":"https:\/\/ceric.ca\/wp-content\/uploads\/2022\/02\/Lynne-FR.png","type":"image\/png"}],"author":"Norman Valdez","twitter_card":"summary_large_image","twitter_creator":"@rachel@ceric.ca","twitter_misc":{"\u00c9crit par":"Norman Valdez","Dur\u00e9e de lecture estim\u00e9e":"3 minutes"},"schema":{"@context":"https:\/\/schema.org","@graph":[{"@type":"Article","@id":"https:\/\/ceric.ca\/fr\/2022\/01\/lynne-bezanson-a-recu-le-prix-wileman-pour-ses-realisations-remarquables\/#article","isPartOf":{"@id":"https:\/\/ceric.ca\/fr\/2022\/01\/lynne-bezanson-a-recu-le-prix-wileman-pour-ses-realisations-remarquables\/"},"author":{"name":"Norman Valdez","@id":"https:\/\/ceric.ca\/#\/schema\/person\/444d77ede5f23ae98c74e54ab17e2da2"},"headline":"Lynne Bezanson a re\u00e7u le prix Wileman pour ses r\u00e9alisations remarquables","datePublished":"2022-01-31T19:07:04+00:00","dateModified":"2022-02-02T19:11:09+00:00","mainEntityOfPage":{"@id":"https:\/\/ceric.ca\/fr\/2022\/01\/lynne-bezanson-a-recu-le-prix-wileman-pour-ses-realisations-remarquables\/"},"wordCount":774,"publisher":{"@id":"https:\/\/ceric.ca\/#organization"},"image":{"@id":"https:\/\/ceric.ca\/fr\/2022\/01\/lynne-bezanson-a-recu-le-prix-wileman-pour-ses-realisations-remarquables\/#primaryimage"},"thumbnailUrl":"https:\/\/ceric.ca\/wp-content\/uploads\/2022\/02\/Lynne-FR.png","articleSection":["2022","Nouvelles"],"inLanguage":"fr-FR"},{"@type":"WebPage","@id":"https:\/\/ceric.ca\/fr\/2022\/01\/lynne-bezanson-a-recu-le-prix-wileman-pour-ses-realisations-remarquables\/","url":"https:\/\/ceric.ca\/fr\/2022\/01\/lynne-bezanson-a-recu-le-prix-wileman-pour-ses-realisations-remarquables\/","name":"Lynne Bezanson a re\u00e7u le prix Wileman pour ses r\u00e9alisations remarquables - CERIC","isPartOf":{"@id":"https:\/\/ceric.ca\/#website"},"primaryImageOfPage":{"@id":"https:\/\/ceric.ca\/fr\/2022\/01\/lynne-bezanson-a-recu-le-prix-wileman-pour-ses-realisations-remarquables\/#primaryimage"},"image":{"@id":"https:\/\/ceric.ca\/fr\/2022\/01\/lynne-bezanson-a-recu-le-prix-wileman-pour-ses-realisations-remarquables\/#primaryimage"},"thumbnailUrl":"https:\/\/ceric.ca\/wp-content\/uploads\/2022\/02\/Lynne-FR.png","datePublished":"2022-01-31T19:07:04+00:00","dateModified":"2022-02-02T19:11:09+00:00","breadcrumb":{"@id":"https:\/\/ceric.ca\/fr\/2022\/01\/lynne-bezanson-a-recu-le-prix-wileman-pour-ses-realisations-remarquables\/#breadcrumb"},"inLanguage":"fr-FR","potentialAction":[{"@type":"ReadAction","target":["https:\/\/ceric.ca\/fr\/2022\/01\/lynne-bezanson-a-recu-le-prix-wileman-pour-ses-realisations-remarquables\/"]}]},{"@type":"ImageObject","inLanguage":"fr-FR","@id":"https:\/\/ceric.ca\/fr\/2022\/01\/lynne-bezanson-a-recu-le-prix-wileman-pour-ses-realisations-remarquables\/#primaryimage","url":"https:\/\/ceric.ca\/wp-content\/uploads\/2022\/02\/Lynne-FR.png","contentUrl":"https:\/\/ceric.ca\/wp-content\/uploads\/2022\/02\/Lynne-FR.png","width":600,"height":430},{"@type":"BreadcrumbList","@id":"https:\/\/ceric.ca\/fr\/2022\/01\/lynne-bezanson-a-recu-le-prix-wileman-pour-ses-realisations-remarquables\/#breadcrumb","itemListElement":[{"@type":"ListItem","position":1,"name":"Home","item":"https:\/\/ceric.ca\/fr\/ceric-homepage-2025\/"},{"@type":"ListItem","position":2,"name":"Lynne Bezanson a re\u00e7u le prix Wileman pour ses r\u00e9alisations remarquables"}]},{"@type":"WebSite","@id":"https:\/\/ceric.ca\/#website","url":"https:\/\/ceric.ca\/","name":"CERIC","description":"","publisher":{"@id":"https:\/\/ceric.ca\/#organization"},"potentialAction":[{"@type":"SearchAction","target":{"@type":"EntryPoint","urlTemplate":"https:\/\/ceric.ca\/?s={search_term_string}"},"query-input":{"@type":"PropertyValueSpecification","valueRequired":true,"valueName":"search_term_string"}}],"inLanguage":"fr-FR"},{"@type":"Organization","@id":"https:\/\/ceric.ca\/#organization","name":"CERIC","url":"https:\/\/ceric.ca\/","logo":{"@type":"ImageObject","inLanguage":"fr-FR","@id":"https:\/\/ceric.ca\/#\/schema\/logo\/image\/","url":"","contentUrl":"","caption":"CERIC"},"image":{"@id":"https:\/\/ceric.ca\/#\/schema\/logo\/image\/"}},{"@type":"Person","@id":"https:\/\/ceric.ca\/#\/schema\/person\/444d77ede5f23ae98c74e54ab17e2da2","name":"Norman Valdez","image":{"@type":"ImageObject","inLanguage":"fr-FR","@id":"https:\/\/secure.gravatar.com\/avatar\/01def366a03d176e612e177e52d2c8b99d80f13e922b93d5fb9696239fb7fbd4?s=96&d=blank&r=g","url":"https:\/\/secure.gravatar.com\/avatar\/01def366a03d176e612e177e52d2c8b99d80f13e922b93d5fb9696239fb7fbd4?s=96&d=blank&r=g","contentUrl":"https:\/\/secure.gravatar.com\/avatar\/01def366a03d176e612e177e52d2c8b99d80f13e922b93d5fb9696239fb7fbd4?s=96&d=blank&r=g","caption":"Norman Valdez"},"sameAs":["https:\/\/x.com\/rachel@ceric.ca"],"url":"https:\/\/ceric.ca\/fr\/author\/norman\/"}]}},"_links":{"self":[{"href":"https:\/\/ceric.ca\/fr\/wp-json\/wp\/v2\/posts\/53040","targetHints":{"allow":["GET"]}}],"collection":[{"href":"https:\/\/ceric.ca\/fr\/wp-json\/wp\/v2\/posts"}],"about":[{"href":"https:\/\/ceric.ca\/fr\/wp-json\/wp\/v2\/types\/post"}],"author":[{"embeddable":true,"href":"https:\/\/ceric.ca\/fr\/wp-json\/wp\/v2\/users\/1"}],"replies":[{"embeddable":true,"href":"https:\/\/ceric.ca\/fr\/wp-json\/wp\/v2\/comments?post=53040"}],"version-history":[{"count":0,"href":"https:\/\/ceric.ca\/fr\/wp-json\/wp\/v2\/posts\/53040\/revisions"}],"wp:featuredmedia":[{"embeddable":true,"href":"https:\/\/ceric.ca\/fr\/wp-json\/wp\/v2\/media\/53041"}],"wp:attachment":[{"href":"https:\/\/ceric.ca\/fr\/wp-json\/wp\/v2\/media?parent=53040"}],"wp:term":[{"taxonomy":"category","embeddable":true,"href":"https:\/\/ceric.ca\/fr\/wp-json\/wp\/v2\/categories?post=53040"},{"taxonomy":"post_tag","embeddable":true,"href":"https:\/\/ceric.ca\/fr\/wp-json\/wp\/v2\/tags?post=53040"}],"curies":[{"name":"wp","href":"https:\/\/api.w.org\/{rel}","templated":true}]}}