{"id":56892,"date":"2022-09-06T08:51:34","date_gmt":"2022-09-06T12:51:34","guid":{"rendered":"https:\/\/ceric.ca\/?p=56892"},"modified":"2022-09-06T11:20:41","modified_gmt":"2022-09-06T15:20:41","slug":"un-projet-visant-a-cartographier-le-paysage-des-services-dorientation-professionnelle-au-canada-est-octroye-a-challenge-factory-et-a-la-fcdc","status":"publish","type":"post","link":"https:\/\/ceric.ca\/fr\/2022\/09\/un-projet-visant-a-cartographier-le-paysage-des-services-dorientation-professionnelle-au-canada-est-octroye-a-challenge-factory-et-a-la-fcdc\/","title":{"rendered":"Un projet visant \u00e0 cartographier le paysage des services d\u2019orientation professionnelle au Canada est octroy\u00e9 \u00e0 Challenge\u202fFactory et \u00e0 la FCDC"},"content":{"rendered":"<p><span data-contrast=\"auto\">Le CERIC a choisi <\/span><a href=\"https:\/\/challengefactory.ca\/\" target=\"_blank\" rel=\"noopener\"><span data-contrast=\"auto\">Challenge\u202fFactory<\/span><\/a><span data-contrast=\"auto\"> <span class=\"NormalTextRun ContextualSpellingAndGrammarErrorV2Themed SCXW189986743 BCX0\" data-ccp-charstyle=\"normaltextrun\">en<\/span><span class=\"NormalTextRun SCXW189986743 BCX0\" data-ccp-charstyle=\"normaltextrun\"> partenariat avec<\/span> la <\/span><a href=\"https:\/\/ccdf.ca\/?lang=fr\" target=\"_blank\" rel=\"noopener\"><span data-contrast=\"auto\">Fondation canadienne pour le d\u00e9veloppement de carri\u00e8re (FCDC)<\/span><\/a><span data-contrast=\"auto\"> pour entreprendre un projet visant \u00e0 \u00e9valuer les prestataires de services d\u2019orientation professionnelle et leur emplacement au Canada, afin de recueillir des donn\u00e9es susceptibles d\u2019influencer l\u2019avenir du secteur. Ce projet d\u00e9montrera l\u2019ampleur et la profondeur du soutien que les Canadiens re\u00e7oivent de ce secteur parfois cach\u00e9, tandis que nous tentons tous de nous adapter \u00e0 l\u2019\u00e9volution du march\u00e9 du travail. Le secteur du d\u00e9veloppement de carri\u00e8re peut \u00eatre un leader essentiel au cours des dix prochaines ann\u00e9es, en fa\u00e7onnant l\u2019avenir du travail, de l\u2019emploi, de l\u2019\u00e9ducation, des objectifs \u00e0 atteindre et de la communaut\u00e9.<\/span><span data-ccp-props=\"{&quot;134233117&quot;:true,&quot;134233118&quot;:true,&quot;201341983&quot;:0,&quot;335559740&quot;:240}\">\u00a0<\/span><\/p>\n<p><span data-contrast=\"auto\">Le Canada ne dispose pas actuellement de donn\u00e9es de base compl\u00e8tes sur la taille, la port\u00e9e et la composition de son secteur du d\u00e9veloppement de carri\u00e8re. Il est n\u00e9cessaire de disposer de ces informations valides et cr\u00e9dibles pour informer le domaine lui-m\u00eame ainsi que les d\u00e9cideurs\u202f\u2013 et la population en g\u00e9n\u00e9ral\u202f\u2013 de la composition de ce groupe vari\u00e9 de professionnels. L\u2019\u00e9valuation du paysage du d\u00e9veloppement de carri\u00e8re permettra au secteur d\u2019avoir acc\u00e8s \u00e0 davantage de renseignements de base, afin de pr\u00e9parer divers travaux li\u00e9s \u00e0 la d\u00e9termination de l\u2019incidence socio-\u00e9conomique du d\u00e9veloppement de carri\u00e8re, \u00e0 la compr\u00e9hension des besoins d\u2019apprentissage parmi les professionnels du secteur, et \u00e0 la promotion de la sensibilisation du public et de la reconnaissance de la valeur du d\u00e9veloppement de carri\u00e8re.<\/span><span data-ccp-props=\"{&quot;201341983&quot;:0,&quot;335559739&quot;:160,&quot;335559740&quot;:259}\">\u00a0<\/span><\/p>\n<p><span data-contrast=\"auto\">Challenge\u202fFactory et la FCDC apportent une expertise approfondie de la recherche et du secteur dans le cadre de ce <\/span><a href=\"https:\/\/ceric.ca\/fr\/projets\/evaluation-du-paysage-canadien-du-developpement-de-carriere\/\"><span data-contrast=\"none\">projet d\u2019\u00e9valuation du paysage canadien du d\u00e9veloppement de carri\u00e8re<\/span><\/a><span data-contrast=\"auto\">. Challenge\u202fFactory<\/span> <span data-contrast=\"auto\">est une soci\u00e9t\u00e9 de recherche et de conseil en d\u00e9veloppement de la main-d\u2019\u0153uvre. Elle aide les organisations et les communaut\u00e9s motiv\u00e9es \u00e0 fa\u00e7onner l\u2019avenir du travail \u00e0 apporter des changements transformateurs \u00e0 leurs employ\u00e9s et \u00e0 leurs lieux de travail. La FCDC est un centre d\u2019excellence et d\u2019innovation sans but lucratif qui s\u2019engage \u00e0 assurer la r\u00e9ussite de tous les Canadiens en ce qui a trait \u00e0 leur formation, \u00e0 leur emploi et \u00e0 leurs transitions de carri\u00e8re. \u00c0 cette fin, elle m\u00e8ne des \u00e9tudes rigoureuses pour enrichir la base de donn\u00e9es probantes.\u202f<\/span><span data-ccp-props=\"{&quot;201341983&quot;:0,&quot;335559739&quot;:160,&quot;335559740&quot;:259}\">\u00a0<\/span><\/p>\n<p><span data-contrast=\"auto\">Ce projet est n\u00e9 d\u2019une <\/span><a href=\"https:\/\/ceric.ca\/fr\/2022\/02\/demande-de-propositions-evaluation-du-paysage-canadien-du-developpement-de-carriere\/\"><span data-contrast=\"auto\">demande de proposition<\/span><\/a><span data-contrast=\"auto\"> que le CERIC a lanc\u00e9e plus t\u00f4t dans l\u2019ann\u00e9e pour entreprendre une \u00e9tude de march\u00e9 in\u00e9dite sur le terrain. L\u2019objectif est de rendre le domaine visible en r\u00e9pondant \u00e0 la question fondamentale suivante\u202f: combien de professionnels pratiquent le d\u00e9veloppement de carri\u00e8re sous une forme ou une autre dans le pays? Dans le but d\u2019obtenir un portrait exhaustif du paysage du d\u00e9veloppement de carri\u00e8re au Canada, ce projet cherchera \u00e9galement \u00e0 d\u00e9terminer des mesures de r\u00e9sultats g\u00e9n\u00e9raux qui d\u00e9coulent de la prestation de services d\u2019orientation professionnelle. De plus, cette \u00e9tude examinera la situation en mati\u00e8re d\u2019\u00e9quit\u00e9, de diversit\u00e9, d\u2019inclusion et d\u2019indig\u00e9n\u00e9it\u00e9 chez les professionnels du d\u00e9veloppement de carri\u00e8re au Canada. Elle d\u00e9terminera \u00e9galement si ceux qui fournissent des services de d\u00e9veloppement de carri\u00e8re tiennent compte de la situation des apprenants et des clients qu\u2019ils servent.\u00a0<\/span><span data-ccp-props=\"{&quot;201341983&quot;:0,&quot;335559739&quot;:160,&quot;335559740&quot;:259}\">\u00a0<\/span><\/p>\n<p><span data-contrast=\"auto\">Jusqu\u2019\u00e0 pr\u00e9sent, les \u00e9tudes sur le paysage du d\u00e9veloppement de carri\u00e8re au Canada ont \u00e9t\u00e9 de nature disparate et n\u2019ont pas permis de recueillir des donn\u00e9es de r\u00e9f\u00e9rence fiables. Ce nouvel effort de cartographie nous permettra de dresser un portrait \u00e0 jour du secteur en regroupant et en exploitant les sources d\u2019information existantes, puis en comblant les lacunes \u00e0 l\u2019aide d\u2019une collecte cibl\u00e9e de donn\u00e9es primaires. L\u2019engagement et la collaboration des parties prenantes tout au long du projet sont \u00e9galement pr\u00e9vus pour assurer l\u2019int\u00e9gration d\u2019une diversit\u00e9 de perspectives, de connaissances et d\u2019expertises dans l\u2019ensemble du secteur.\u00a0<\/span><span data-ccp-props=\"{&quot;201341983&quot;:0,&quot;335559739&quot;:160,&quot;335559740&quot;:259}\">\u00a0<\/span><\/p>\n<p><span data-contrast=\"auto\">L\u2019un des principaux aboutissements de ce projet sera l\u2019\u00e9laboration et la mise \u00e0 l\u2019essai d\u2019un \u00ab\u202fmod\u00e8le d\u2019\u00e9valuation\u202f\u00bb qui offrira une base de donn\u00e9es fondamentales sur la structure du secteur pancanadien. Il comprendra des informations et des recommandations qui seront utiles aux associations professionnelles, aux \u00e9tablissements d\u2019enseignement et aux employeurs qui fournissent un leadership et un soutien au domaine, ainsi qu\u2019aux d\u00e9cideurs gouvernementaux qui travaillent sur les politiques, les programmes et le financement connexes.<\/span><span data-ccp-props=\"{&quot;201341983&quot;:0,&quot;335559739&quot;:160,&quot;335559740&quot;:259}\">\u00a0<\/span><\/p>\n<p><span data-contrast=\"auto\">Les conclusions du projet devraient \u00eatre connues d\u2019ici le d\u00e9but de\u202f2024.<\/span><span data-ccp-props=\"{&quot;134233117&quot;:true,&quot;134233118&quot;:true,&quot;201341983&quot;:0,&quot;335559740&quot;:240}\">\u00a0<\/span><\/p>\n","protected":false},"excerpt":{"rendered":"<p>Le CERIC a choisi Challenge\u202fFactory en partenariat avec la Fondation canadienne pour le d\u00e9veloppement de carri\u00e8re (FCDC) pour entreprendre un projet visant \u00e0 \u00e9valuer les prestataires<span class=\"excerpt-hellip\"> [\u2026]<\/span><\/p>\n","protected":false},"author":30,"featured_media":56914,"comment_status":"closed","ping_status":"closed","sticky":false,"template":"","format":"standard","meta":{"h5ap_radio_sources":[],"footnotes":""},"categories":[32,1116],"tags":[],"class_list":["post-56892","post","type-post","status-publish","format-standard","has-post-thumbnail","hentry","category-nouvelles","category-septembre-fr-3"],"yoast_head":"<!-- This site is optimized with the Yoast SEO Premium plugin v27.4 (Yoast SEO v27.4) - https:\/\/yoast.com\/product\/yoast-seo-premium-wordpress\/ -->\n<title>Un projet visant \u00e0 cartographier le paysage des services d\u2019orientation professionnelle au Canada est octroy\u00e9 \u00e0 Challenge\u202fFactory et \u00e0 la FCDC - CERIC<\/title>\n<meta name=\"robots\" content=\"index, follow, max-snippet:-1, max-image-preview:large, max-video-preview:-1\" \/>\n<link rel=\"canonical\" href=\"https:\/\/ceric.ca\/fr\/2022\/09\/un-projet-visant-a-cartographier-le-paysage-des-services-dorientation-professionnelle-au-canada-est-octroye-a-challenge-factory-et-a-la-fcdc\/\" \/>\n<meta property=\"og:locale\" content=\"fr_FR\" \/>\n<meta property=\"og:type\" content=\"article\" \/>\n<meta property=\"og:title\" content=\"Un projet visant \u00e0 cartographier le paysage des services d\u2019orientation professionnelle au Canada est octroy\u00e9 \u00e0 Challenge\u202fFactory et \u00e0 la FCDC\" \/>\n<meta property=\"og:description\" content=\"Le CERIC a choisi Challenge\u202fFactory en partenariat avec la Fondation canadienne pour le d\u00e9veloppement de carri\u00e8re (FCDC) pour entreprendre un projet visant \u00e0 \u00e9valuer les prestataires [\u2026]\" \/>\n<meta property=\"og:url\" content=\"https:\/\/ceric.ca\/fr\/2022\/09\/un-projet-visant-a-cartographier-le-paysage-des-services-dorientation-professionnelle-au-canada-est-octroye-a-challenge-factory-et-a-la-fcdc\/\" \/>\n<meta property=\"og:site_name\" content=\"CERIC\" \/>\n<meta property=\"article:published_time\" content=\"2022-09-06T12:51:34+00:00\" \/>\n<meta property=\"article:modified_time\" content=\"2022-09-06T15:20:41+00:00\" \/>\n<meta property=\"og:image\" content=\"https:\/\/ceric.ca\/wp-content\/uploads\/2022\/09\/FR-news-item-ccdf-challenge-factory.jpeg\" \/>\n\t<meta property=\"og:image:width\" content=\"600\" \/>\n\t<meta property=\"og:image:height\" content=\"430\" \/>\n\t<meta property=\"og:image:type\" content=\"image\/jpeg\" \/>\n<meta name=\"author\" content=\"Rachel So\" \/>\n<meta name=\"twitter:card\" content=\"summary_large_image\" \/>\n<meta name=\"twitter:label1\" content=\"\u00c9crit par\" \/>\n\t<meta name=\"twitter:data1\" content=\"Rachel So\" \/>\n\t<meta name=\"twitter:label2\" content=\"Dur\u00e9e de lecture estim\u00e9e\" \/>\n\t<meta name=\"twitter:data2\" content=\"3 minutes\" \/>\n<script type=\"application\/ld+json\" class=\"yoast-schema-graph\">{\"@context\":\"https:\\\/\\\/schema.org\",\"@graph\":[{\"@type\":\"Article\",\"@id\":\"https:\\\/\\\/ceric.ca\\\/fr\\\/2022\\\/09\\\/un-projet-visant-a-cartographier-le-paysage-des-services-dorientation-professionnelle-au-canada-est-octroye-a-challenge-factory-et-a-la-fcdc\\\/#article\",\"isPartOf\":{\"@id\":\"https:\\\/\\\/ceric.ca\\\/fr\\\/2022\\\/09\\\/un-projet-visant-a-cartographier-le-paysage-des-services-dorientation-professionnelle-au-canada-est-octroye-a-challenge-factory-et-a-la-fcdc\\\/\"},\"author\":{\"name\":\"Rachel So\",\"@id\":\"https:\\\/\\\/ceric.ca\\\/#\\\/schema\\\/person\\\/2e3faddf54acfac0d88b9ce185094d00\"},\"headline\":\"Un projet visant \u00e0 cartographier le paysage des services d\u2019orientation professionnelle au Canada est octroy\u00e9 \u00e0 Challenge\u202fFactory et \u00e0 la FCDC\",\"datePublished\":\"2022-09-06T12:51:34+00:00\",\"dateModified\":\"2022-09-06T15:20:41+00:00\",\"mainEntityOfPage\":{\"@id\":\"https:\\\/\\\/ceric.ca\\\/fr\\\/2022\\\/09\\\/un-projet-visant-a-cartographier-le-paysage-des-services-dorientation-professionnelle-au-canada-est-octroye-a-challenge-factory-et-a-la-fcdc\\\/\"},\"wordCount\":806,\"publisher\":{\"@id\":\"https:\\\/\\\/ceric.ca\\\/#organization\"},\"image\":{\"@id\":\"https:\\\/\\\/ceric.ca\\\/fr\\\/2022\\\/09\\\/un-projet-visant-a-cartographier-le-paysage-des-services-dorientation-professionnelle-au-canada-est-octroye-a-challenge-factory-et-a-la-fcdc\\\/#primaryimage\"},\"thumbnailUrl\":\"https:\\\/\\\/ceric.ca\\\/wp-content\\\/uploads\\\/2022\\\/09\\\/FR-news-item-ccdf-challenge-factory.jpeg\",\"articleSection\":[\"Nouvelles\",\"septembre\"],\"inLanguage\":\"fr-FR\"},{\"@type\":\"WebPage\",\"@id\":\"https:\\\/\\\/ceric.ca\\\/fr\\\/2022\\\/09\\\/un-projet-visant-a-cartographier-le-paysage-des-services-dorientation-professionnelle-au-canada-est-octroye-a-challenge-factory-et-a-la-fcdc\\\/\",\"url\":\"https:\\\/\\\/ceric.ca\\\/fr\\\/2022\\\/09\\\/un-projet-visant-a-cartographier-le-paysage-des-services-dorientation-professionnelle-au-canada-est-octroye-a-challenge-factory-et-a-la-fcdc\\\/\",\"name\":\"Un projet visant \u00e0 cartographier le paysage des services d\u2019orientation professionnelle au Canada est octroy\u00e9 \u00e0 Challenge\u202fFactory et \u00e0 la FCDC - CERIC\",\"isPartOf\":{\"@id\":\"https:\\\/\\\/ceric.ca\\\/#website\"},\"primaryImageOfPage\":{\"@id\":\"https:\\\/\\\/ceric.ca\\\/fr\\\/2022\\\/09\\\/un-projet-visant-a-cartographier-le-paysage-des-services-dorientation-professionnelle-au-canada-est-octroye-a-challenge-factory-et-a-la-fcdc\\\/#primaryimage\"},\"image\":{\"@id\":\"https:\\\/\\\/ceric.ca\\\/fr\\\/2022\\\/09\\\/un-projet-visant-a-cartographier-le-paysage-des-services-dorientation-professionnelle-au-canada-est-octroye-a-challenge-factory-et-a-la-fcdc\\\/#primaryimage\"},\"thumbnailUrl\":\"https:\\\/\\\/ceric.ca\\\/wp-content\\\/uploads\\\/2022\\\/09\\\/FR-news-item-ccdf-challenge-factory.jpeg\",\"datePublished\":\"2022-09-06T12:51:34+00:00\",\"dateModified\":\"2022-09-06T15:20:41+00:00\",\"breadcrumb\":{\"@id\":\"https:\\\/\\\/ceric.ca\\\/fr\\\/2022\\\/09\\\/un-projet-visant-a-cartographier-le-paysage-des-services-dorientation-professionnelle-au-canada-est-octroye-a-challenge-factory-et-a-la-fcdc\\\/#breadcrumb\"},\"inLanguage\":\"fr-FR\",\"potentialAction\":[{\"@type\":\"ReadAction\",\"target\":[\"https:\\\/\\\/ceric.ca\\\/fr\\\/2022\\\/09\\\/un-projet-visant-a-cartographier-le-paysage-des-services-dorientation-professionnelle-au-canada-est-octroye-a-challenge-factory-et-a-la-fcdc\\\/\"]}]},{\"@type\":\"ImageObject\",\"inLanguage\":\"fr-FR\",\"@id\":\"https:\\\/\\\/ceric.ca\\\/fr\\\/2022\\\/09\\\/un-projet-visant-a-cartographier-le-paysage-des-services-dorientation-professionnelle-au-canada-est-octroye-a-challenge-factory-et-a-la-fcdc\\\/#primaryimage\",\"url\":\"https:\\\/\\\/ceric.ca\\\/wp-content\\\/uploads\\\/2022\\\/09\\\/FR-news-item-ccdf-challenge-factory.jpeg\",\"contentUrl\":\"https:\\\/\\\/ceric.ca\\\/wp-content\\\/uploads\\\/2022\\\/09\\\/FR-news-item-ccdf-challenge-factory.jpeg\",\"width\":600,\"height\":430},{\"@type\":\"BreadcrumbList\",\"@id\":\"https:\\\/\\\/ceric.ca\\\/fr\\\/2022\\\/09\\\/un-projet-visant-a-cartographier-le-paysage-des-services-dorientation-professionnelle-au-canada-est-octroye-a-challenge-factory-et-a-la-fcdc\\\/#breadcrumb\",\"itemListElement\":[{\"@type\":\"ListItem\",\"position\":1,\"name\":\"Home\",\"item\":\"https:\\\/\\\/ceric.ca\\\/fr\\\/ceric-homepage-2025\\\/\"},{\"@type\":\"ListItem\",\"position\":2,\"name\":\"Un projet visant \u00e0 cartographier le paysage des services d\u2019orientation professionnelle au Canada est octroy\u00e9 \u00e0 Challenge\u202fFactory et \u00e0 la FCDC\"}]},{\"@type\":\"WebSite\",\"@id\":\"https:\\\/\\\/ceric.ca\\\/#website\",\"url\":\"https:\\\/\\\/ceric.ca\\\/\",\"name\":\"CERIC\",\"description\":\"\",\"publisher\":{\"@id\":\"https:\\\/\\\/ceric.ca\\\/#organization\"},\"potentialAction\":[{\"@type\":\"SearchAction\",\"target\":{\"@type\":\"EntryPoint\",\"urlTemplate\":\"https:\\\/\\\/ceric.ca\\\/?s={search_term_string}\"},\"query-input\":{\"@type\":\"PropertyValueSpecification\",\"valueRequired\":true,\"valueName\":\"search_term_string\"}}],\"inLanguage\":\"fr-FR\"},{\"@type\":\"Organization\",\"@id\":\"https:\\\/\\\/ceric.ca\\\/#organization\",\"name\":\"CERIC\",\"url\":\"https:\\\/\\\/ceric.ca\\\/\",\"logo\":{\"@type\":\"ImageObject\",\"inLanguage\":\"fr-FR\",\"@id\":\"https:\\\/\\\/ceric.ca\\\/#\\\/schema\\\/logo\\\/image\\\/\",\"url\":\"\",\"contentUrl\":\"\",\"caption\":\"CERIC\"},\"image\":{\"@id\":\"https:\\\/\\\/ceric.ca\\\/#\\\/schema\\\/logo\\\/image\\\/\"}},{\"@type\":\"Person\",\"@id\":\"https:\\\/\\\/ceric.ca\\\/#\\\/schema\\\/person\\\/2e3faddf54acfac0d88b9ce185094d00\",\"name\":\"Rachel So\",\"image\":{\"@type\":\"ImageObject\",\"inLanguage\":\"fr-FR\",\"@id\":\"https:\\\/\\\/secure.gravatar.com\\\/avatar\\\/4c40c9aaacb6f176dbd977bdf43366708b68bdf16dc927d1e222e96783b5a9bc?s=96&d=blank&r=g\",\"url\":\"https:\\\/\\\/secure.gravatar.com\\\/avatar\\\/4c40c9aaacb6f176dbd977bdf43366708b68bdf16dc927d1e222e96783b5a9bc?s=96&d=blank&r=g\",\"contentUrl\":\"https:\\\/\\\/secure.gravatar.com\\\/avatar\\\/4c40c9aaacb6f176dbd977bdf43366708b68bdf16dc927d1e222e96783b5a9bc?s=96&d=blank&r=g\",\"caption\":\"Rachel So\"},\"url\":\"https:\\\/\\\/ceric.ca\\\/fr\\\/author\\\/rachel\\\/\"}]}<\/script>\n<!-- \/ Yoast SEO Premium plugin. -->","yoast_head_json":{"title":"Un projet visant \u00e0 cartographier le paysage des services d\u2019orientation professionnelle au Canada est octroy\u00e9 \u00e0 Challenge\u202fFactory et \u00e0 la FCDC - CERIC","robots":{"index":"index","follow":"follow","max-snippet":"max-snippet:-1","max-image-preview":"max-image-preview:large","max-video-preview":"max-video-preview:-1"},"canonical":"https:\/\/ceric.ca\/fr\/2022\/09\/un-projet-visant-a-cartographier-le-paysage-des-services-dorientation-professionnelle-au-canada-est-octroye-a-challenge-factory-et-a-la-fcdc\/","og_locale":"fr_FR","og_type":"article","og_title":"Un projet visant \u00e0 cartographier le paysage des services d\u2019orientation professionnelle au Canada est octroy\u00e9 \u00e0 Challenge\u202fFactory et \u00e0 la FCDC","og_description":"Le CERIC a choisi Challenge\u202fFactory en partenariat avec la Fondation canadienne pour le d\u00e9veloppement de carri\u00e8re (FCDC) pour entreprendre un projet visant \u00e0 \u00e9valuer les prestataires [\u2026]","og_url":"https:\/\/ceric.ca\/fr\/2022\/09\/un-projet-visant-a-cartographier-le-paysage-des-services-dorientation-professionnelle-au-canada-est-octroye-a-challenge-factory-et-a-la-fcdc\/","og_site_name":"CERIC","article_published_time":"2022-09-06T12:51:34+00:00","article_modified_time":"2022-09-06T15:20:41+00:00","og_image":[{"width":600,"height":430,"url":"https:\/\/ceric.ca\/wp-content\/uploads\/2022\/09\/FR-news-item-ccdf-challenge-factory.jpeg","type":"image\/jpeg"}],"author":"Rachel So","twitter_card":"summary_large_image","twitter_misc":{"\u00c9crit par":"Rachel So","Dur\u00e9e de lecture estim\u00e9e":"3 minutes"},"schema":{"@context":"https:\/\/schema.org","@graph":[{"@type":"Article","@id":"https:\/\/ceric.ca\/fr\/2022\/09\/un-projet-visant-a-cartographier-le-paysage-des-services-dorientation-professionnelle-au-canada-est-octroye-a-challenge-factory-et-a-la-fcdc\/#article","isPartOf":{"@id":"https:\/\/ceric.ca\/fr\/2022\/09\/un-projet-visant-a-cartographier-le-paysage-des-services-dorientation-professionnelle-au-canada-est-octroye-a-challenge-factory-et-a-la-fcdc\/"},"author":{"name":"Rachel So","@id":"https:\/\/ceric.ca\/#\/schema\/person\/2e3faddf54acfac0d88b9ce185094d00"},"headline":"Un projet visant \u00e0 cartographier le paysage des services d\u2019orientation professionnelle au Canada est octroy\u00e9 \u00e0 Challenge\u202fFactory et \u00e0 la FCDC","datePublished":"2022-09-06T12:51:34+00:00","dateModified":"2022-09-06T15:20:41+00:00","mainEntityOfPage":{"@id":"https:\/\/ceric.ca\/fr\/2022\/09\/un-projet-visant-a-cartographier-le-paysage-des-services-dorientation-professionnelle-au-canada-est-octroye-a-challenge-factory-et-a-la-fcdc\/"},"wordCount":806,"publisher":{"@id":"https:\/\/ceric.ca\/#organization"},"image":{"@id":"https:\/\/ceric.ca\/fr\/2022\/09\/un-projet-visant-a-cartographier-le-paysage-des-services-dorientation-professionnelle-au-canada-est-octroye-a-challenge-factory-et-a-la-fcdc\/#primaryimage"},"thumbnailUrl":"https:\/\/ceric.ca\/wp-content\/uploads\/2022\/09\/FR-news-item-ccdf-challenge-factory.jpeg","articleSection":["Nouvelles","septembre"],"inLanguage":"fr-FR"},{"@type":"WebPage","@id":"https:\/\/ceric.ca\/fr\/2022\/09\/un-projet-visant-a-cartographier-le-paysage-des-services-dorientation-professionnelle-au-canada-est-octroye-a-challenge-factory-et-a-la-fcdc\/","url":"https:\/\/ceric.ca\/fr\/2022\/09\/un-projet-visant-a-cartographier-le-paysage-des-services-dorientation-professionnelle-au-canada-est-octroye-a-challenge-factory-et-a-la-fcdc\/","name":"Un projet visant \u00e0 cartographier le paysage des services d\u2019orientation professionnelle au Canada est octroy\u00e9 \u00e0 Challenge\u202fFactory et \u00e0 la FCDC - CERIC","isPartOf":{"@id":"https:\/\/ceric.ca\/#website"},"primaryImageOfPage":{"@id":"https:\/\/ceric.ca\/fr\/2022\/09\/un-projet-visant-a-cartographier-le-paysage-des-services-dorientation-professionnelle-au-canada-est-octroye-a-challenge-factory-et-a-la-fcdc\/#primaryimage"},"image":{"@id":"https:\/\/ceric.ca\/fr\/2022\/09\/un-projet-visant-a-cartographier-le-paysage-des-services-dorientation-professionnelle-au-canada-est-octroye-a-challenge-factory-et-a-la-fcdc\/#primaryimage"},"thumbnailUrl":"https:\/\/ceric.ca\/wp-content\/uploads\/2022\/09\/FR-news-item-ccdf-challenge-factory.jpeg","datePublished":"2022-09-06T12:51:34+00:00","dateModified":"2022-09-06T15:20:41+00:00","breadcrumb":{"@id":"https:\/\/ceric.ca\/fr\/2022\/09\/un-projet-visant-a-cartographier-le-paysage-des-services-dorientation-professionnelle-au-canada-est-octroye-a-challenge-factory-et-a-la-fcdc\/#breadcrumb"},"inLanguage":"fr-FR","potentialAction":[{"@type":"ReadAction","target":["https:\/\/ceric.ca\/fr\/2022\/09\/un-projet-visant-a-cartographier-le-paysage-des-services-dorientation-professionnelle-au-canada-est-octroye-a-challenge-factory-et-a-la-fcdc\/"]}]},{"@type":"ImageObject","inLanguage":"fr-FR","@id":"https:\/\/ceric.ca\/fr\/2022\/09\/un-projet-visant-a-cartographier-le-paysage-des-services-dorientation-professionnelle-au-canada-est-octroye-a-challenge-factory-et-a-la-fcdc\/#primaryimage","url":"https:\/\/ceric.ca\/wp-content\/uploads\/2022\/09\/FR-news-item-ccdf-challenge-factory.jpeg","contentUrl":"https:\/\/ceric.ca\/wp-content\/uploads\/2022\/09\/FR-news-item-ccdf-challenge-factory.jpeg","width":600,"height":430},{"@type":"BreadcrumbList","@id":"https:\/\/ceric.ca\/fr\/2022\/09\/un-projet-visant-a-cartographier-le-paysage-des-services-dorientation-professionnelle-au-canada-est-octroye-a-challenge-factory-et-a-la-fcdc\/#breadcrumb","itemListElement":[{"@type":"ListItem","position":1,"name":"Home","item":"https:\/\/ceric.ca\/fr\/ceric-homepage-2025\/"},{"@type":"ListItem","position":2,"name":"Un projet visant \u00e0 cartographier le paysage des services d\u2019orientation professionnelle au Canada est octroy\u00e9 \u00e0 Challenge\u202fFactory et \u00e0 la FCDC"}]},{"@type":"WebSite","@id":"https:\/\/ceric.ca\/#website","url":"https:\/\/ceric.ca\/","name":"CERIC","description":"","publisher":{"@id":"https:\/\/ceric.ca\/#organization"},"potentialAction":[{"@type":"SearchAction","target":{"@type":"EntryPoint","urlTemplate":"https:\/\/ceric.ca\/?s={search_term_string}"},"query-input":{"@type":"PropertyValueSpecification","valueRequired":true,"valueName":"search_term_string"}}],"inLanguage":"fr-FR"},{"@type":"Organization","@id":"https:\/\/ceric.ca\/#organization","name":"CERIC","url":"https:\/\/ceric.ca\/","logo":{"@type":"ImageObject","inLanguage":"fr-FR","@id":"https:\/\/ceric.ca\/#\/schema\/logo\/image\/","url":"","contentUrl":"","caption":"CERIC"},"image":{"@id":"https:\/\/ceric.ca\/#\/schema\/logo\/image\/"}},{"@type":"Person","@id":"https:\/\/ceric.ca\/#\/schema\/person\/2e3faddf54acfac0d88b9ce185094d00","name":"Rachel So","image":{"@type":"ImageObject","inLanguage":"fr-FR","@id":"https:\/\/secure.gravatar.com\/avatar\/4c40c9aaacb6f176dbd977bdf43366708b68bdf16dc927d1e222e96783b5a9bc?s=96&d=blank&r=g","url":"https:\/\/secure.gravatar.com\/avatar\/4c40c9aaacb6f176dbd977bdf43366708b68bdf16dc927d1e222e96783b5a9bc?s=96&d=blank&r=g","contentUrl":"https:\/\/secure.gravatar.com\/avatar\/4c40c9aaacb6f176dbd977bdf43366708b68bdf16dc927d1e222e96783b5a9bc?s=96&d=blank&r=g","caption":"Rachel So"},"url":"https:\/\/ceric.ca\/fr\/author\/rachel\/"}]}},"_links":{"self":[{"href":"https:\/\/ceric.ca\/fr\/wp-json\/wp\/v2\/posts\/56892","targetHints":{"allow":["GET"]}}],"collection":[{"href":"https:\/\/ceric.ca\/fr\/wp-json\/wp\/v2\/posts"}],"about":[{"href":"https:\/\/ceric.ca\/fr\/wp-json\/wp\/v2\/types\/post"}],"author":[{"embeddable":true,"href":"https:\/\/ceric.ca\/fr\/wp-json\/wp\/v2\/users\/30"}],"replies":[{"embeddable":true,"href":"https:\/\/ceric.ca\/fr\/wp-json\/wp\/v2\/comments?post=56892"}],"version-history":[{"count":0,"href":"https:\/\/ceric.ca\/fr\/wp-json\/wp\/v2\/posts\/56892\/revisions"}],"wp:featuredmedia":[{"embeddable":true,"href":"https:\/\/ceric.ca\/fr\/wp-json\/wp\/v2\/media\/56914"}],"wp:attachment":[{"href":"https:\/\/ceric.ca\/fr\/wp-json\/wp\/v2\/media?parent=56892"}],"wp:term":[{"taxonomy":"category","embeddable":true,"href":"https:\/\/ceric.ca\/fr\/wp-json\/wp\/v2\/categories?post=56892"},{"taxonomy":"post_tag","embeddable":true,"href":"https:\/\/ceric.ca\/fr\/wp-json\/wp\/v2\/tags?post=56892"}],"curies":[{"name":"wp","href":"https:\/\/api.w.org\/{rel}","templated":true}]}}