{"id":58709,"date":"2023-01-31T09:43:32","date_gmt":"2023-01-31T14:43:32","guid":{"rendered":"https:\/\/ceric.ca\/?p=58709"},"modified":"2023-01-31T09:43:32","modified_gmt":"2023-01-31T14:43:32","slug":"annonce-de-la-nouvelle-directrice-generale-du-ceric-kay-castelle","status":"publish","type":"post","link":"https:\/\/ceric.ca\/fr\/2023\/01\/annonce-de-la-nouvelle-directrice-generale-du-ceric-kay-castelle\/","title":{"rendered":"Annonce de la nouvelle directrice g\u00e9n\u00e9rale du CERIC, Kay Castelle"},"content":{"rendered":"<p>Le conseil d\u2019administration du CERIC a le plaisir d\u2019annoncer que Kay\u202fCastelle se joindra \u00e0 l\u2019organisation caritative nationale \u00e0 titre de nouvelle directrice g\u00e9n\u00e9rale le 27\u202ff\u00e9vrier.<br \/>\n<!--more--><\/p>\n<p><span data-contrast=\"none\">\u00ab\u202fLe leadership de Kay contribuera \u00e0 \u00e9crire le prochain chapitre du CERIC en faisant progresser l\u2019\u00e9ducation et la recherche dans le domaine du d\u00e9veloppement de carri\u00e8re au Canada, a d\u00e9clar\u00e9 Candy\u202fHo, pr\u00e9sidente du conseil d\u2019administration du CERIC. Kay est une personne aux id\u00e9es et aux actions strat\u00e9giques qui cr\u00e9e avec les membres de la collectivit\u00e9, responsabilise les \u00e9quipes et favorise le changement positif.\u202f\u00bb M<\/span><span data-contrast=\"none\">me<\/span><span data-contrast=\"none\">\u202fHo a ajout\u00e9 qu\u2019elle tenait \u00e0 remercier pour leur service toutes les personnes qui ont particip\u00e9 au comit\u00e9 de recherche de la directrice g\u00e9n\u00e9rale ou du directeur g\u00e9n\u00e9ral.<\/span><span data-ccp-props=\"{&quot;201341983&quot;:0,&quot;335559739&quot;:160,&quot;335559740&quot;:259}\">\u00a0<\/span><\/p>\n<p><span data-contrast=\"none\">Kay\u202fCastelle nous arrive de <\/span><a href=\"https:\/\/foodbankscanada.ca\/fr\/\" target=\"_blank\" rel=\"noopener\"><span data-contrast=\"none\">Banques alimentaires Canada<\/span><\/a><span data-contrast=\"none\"> o\u00f9 elle a \u00e9t\u00e9 directrice de l\u2019apprentissage et d\u2019\u00e9change de connaissances. Elle est \u00e9galement directrice g\u00e9n\u00e9rale \u00e0 temps partiel de Hand Up From Hunger Toronto, membre du conseil d\u2019administration du programme de soutien <\/span><a href=\"https:\/\/newbeginningsprogram.ca\/\" target=\"_blank\" rel=\"noopener\"><span data-contrast=\"none\">New\u202fBeginnings<\/span><\/a><span data-contrast=\"none\"> et mentor de carri\u00e8re b\u00e9n\u00e9vole aupr\u00e8s du service d\u2019emploi pour femmes Times\u202fChange.\u202fTitulaire d\u2019une ma\u00eetrise \u00e8s arts en \u00e9ducation aux adultes et d\u00e9veloppement communautaire de l\u2019Universit\u00e9 de Toronto et du titre de professionnelle certifi\u00e9e de la formation et du d\u00e9veloppement d\u00e9cern\u00e9 par le <\/span><a href=\"https:\/\/performanceandlearning.ca\/\" target=\"_blank\" rel=\"noopener\"><span data-contrast=\"none\">Institute for Performance and Learning<\/span><\/a><span data-contrast=\"none\">, <\/span><span data-contrast=\"none\">elle est une praticienne du changement certifi\u00e9e Prosci, et<\/span> <span data-contrast=\"auto\">a \u00e9galement obtenu des certificats en d\u00e9veloppement de carri\u00e8re et en accompagnement pour la conciliation travail et vie personnelle des <\/span><a href=\"https:\/\/careerprocanada.ca\/\" target=\"_blank\" rel=\"noopener\"><span data-contrast=\"none\">Professionnels de la carri\u00e8re du Canada<\/span><\/a><span data-contrast=\"none\">.<\/span><span data-ccp-props=\"{&quot;201341983&quot;:0,&quot;335559739&quot;:160,&quot;335559740&quot;:259}\">\u00a0<\/span><\/p>\n<p><span data-contrast=\"auto\">\u00ab\u202fC\u2019est un honneur d\u2019\u00eatre nomm\u00e9e directrice g\u00e9n\u00e9rale du CERIC. L\u2019\u00e9cosyst\u00e8me du d\u00e9veloppement de carri\u00e8re est pr\u00eat \u00e0 continuer \u00e0 contribuer au bien public. Gr\u00e2ce aux progr\u00e8s r\u00e9alis\u00e9s en mati\u00e8re de th\u00e9ories et de mod\u00e8les de d\u00e9veloppement de carri\u00e8re ainsi qu\u2019aux strat\u00e9gies et outils fond\u00e9s sur des donn\u00e9es probantes, le moment est propice pour innover, \u00e9tendre les services d\u2019orientation professionnelle, renouveler l\u2019attention accord\u00e9e aux groupes les plus touch\u00e9s par les perturbations de carri\u00e8re et r\u00e9pondre aux besoins du march\u00e9 du travail et de l\u2019emploi\u202f\u00bb, d\u00e9clare M<\/span><span data-contrast=\"auto\">me<\/span><span data-contrast=\"auto\">\u202fCastelle.<\/span><span data-ccp-props=\"{&quot;201341983&quot;:0,&quot;335559739&quot;:160,&quot;335559740&quot;:259}\">\u00a0<\/span><\/p>\n<p><span data-contrast=\"auto\">Il avait \u00e9t\u00e9 <\/span><a href=\"https:\/\/ceric.ca\/fr\/2022\/09\/le-directeur-general-du-ceric-riz-ibrahim-devient-le-pdg-de-la-counselling-foundation-of-canada\/\"><span data-contrast=\"none\">annonc\u00e9<\/span><\/a><span data-contrast=\"auto\"> l\u2019automne dernier que Riz\u202fIbrahim, directeur g\u00e9n\u00e9ral fondateur du CERIC, quitterait cet organisme pour occuper le poste de pr\u00e9sident et directeur g\u00e9n\u00e9ral de <\/span><a href=\"https:\/\/counselling.foundation\/\" target=\"_blank\" rel=\"noopener\"><span data-contrast=\"none\">The Counselling Foundation of Canada<\/span><\/a><span data-contrast=\"auto\">. Il succ\u00e9dera \u00e0 l\u2019actuel dirigeant de la Fondation, Bruce\u202fLawson. La Fondation a cr\u00e9\u00e9 le CERIC et en a \u00e9t\u00e9 le principal bailleur de fonds.\u00a0<\/span><span data-ccp-props=\"{&quot;201341983&quot;:0,&quot;335559739&quot;:160,&quot;335559740&quot;:259}\">\u00a0<\/span><\/p>\n<p><span data-contrast=\"auto\">\u202f\u00ab\u202fCompte tenu de la relation \u00e9troite qui existe entre la Fondation et le CERIC, j\u2019ai h\u00e2te de travailler dans le cadre de mes nouvelles fonctions avec Kay, afin de construire sur des bases solides, d\u00e9clare M.\u202fIbrahim. Le CERIC est entre tr\u00e8s bonnes mains et est promis \u00e0 un bel avenir.\u202f\u00bb\u00a0<\/span><span data-ccp-props=\"{&quot;201341983&quot;:0,&quot;335559739&quot;:160,&quot;335559740&quot;:259}\">\u00a0<\/span><\/p>\n<p><span data-contrast=\"auto\">\u00c0 titre de directrice g\u00e9n\u00e9rale du CERIC, M<\/span><span data-contrast=\"auto\">me<\/span><span data-contrast=\"auto\">\u202fCastelle dirigera la d\u00e9termination et la r\u00e9alisation des <\/span><a href=\"https:\/\/ceric.ca\/fr\/plan-strategique\/\"><span data-contrast=\"none\">buts et objectifs strat\u00e9giques<\/span><\/a><span data-contrast=\"auto\"> de l\u2019organisation, en soutenant le conseil d\u2019administration, les comit\u00e9s et le personnel du CERIC dans leurs efforts. L\u2019accent est mis sur la r\u00e9alisation du double mandat du CERIC, \u00e0 savoir la promotion du d\u00e9veloppement de carri\u00e8re pour le bien public et l\u2019apport de connaissances, de mentalit\u00e9s et de comp\u00e9tences en mati\u00e8re de d\u00e9veloppement de carri\u00e8re.<\/span> <span data-contrast=\"auto\">Pour ce faire, il faudra continuer \u00e0 engager activement les parties prenantes de l\u2019ensemble du domaine de d\u00e9veloppement de carri\u00e8re.<\/span><span data-ccp-props=\"{&quot;201341983&quot;:0,&quot;335559739&quot;:160,&quot;335559740&quot;:259}\">\u00a0<\/span><\/p>\n<p><span data-contrast=\"auto\">Lors de <\/span><a href=\"https:\/\/cannexus.ceric.ca\/fr\/\" target=\"_blank\" rel=\"noopener\"><span data-contrast=\"none\">Cannexus, le congr\u00e8s en d\u00e9veloppement de carri\u00e8re du Canada<\/span><\/a><span data-contrast=\"auto\"> qui s\u2019est tenu \u00e0 Ottawa la semaine derni\u00e8re, M<\/span><span data-contrast=\"auto\">me<\/span><span data-contrast=\"auto\">\u202fCastelle a pu se faire une id\u00e9e des d\u00e9fis et des occasions que pr\u00e9sente le domaine du d\u00e9veloppement de carri\u00e8re. Le congr\u00e8s a accueilli plus de 2\u202f000\u202fd\u00e9l\u00e9gu\u00e9s en personne ou en ligne, ce qui a permis \u00e0 M<\/span><span data-contrast=\"auto\">me<\/span><span data-contrast=\"auto\">\u202fCastelle de constater la passion et l\u2019expertise de professionnels issus d\u2019un large \u00e9ventail de secteurs dans le domaine de l\u2019emploi, de l\u2019orientation professionnelle et du d\u00e9veloppement de la main-d\u2019\u0153uvre, et le travail transformateur qu\u2019ils font.<\/span><span data-ccp-props=\"{&quot;201341983&quot;:0,&quot;335559739&quot;:160,&quot;335559740&quot;:259}\">\u00a0<\/span><\/p>\n<p><span data-contrast=\"auto\">\u00ab\u202fJ\u2019estime que nous avons une occasion en or de faire avancer l\u2019\u00e9ducation et la recherche en d\u00e9veloppement et en orientation de carri\u00e8re. Ensemble, nous travaillerons \u00e0 r\u00e9aliser notre mission dans un esprit de collaboration, d\u2019innovation, de curiosit\u00e9 et d\u2019inclusion afin d\u2019amplifier les conversations et les pratiques en cours au Canada et \u00e0 l\u2019\u00e9tranger, dit M<\/span><span data-contrast=\"auto\">me<\/span><span data-contrast=\"auto\">\u202fCastelle. J\u2019ai h\u00e2te de collaborer avec le personnel exceptionnel, les membres du conseil d\u2019administration, les b\u00e9n\u00e9voles, les bailleurs de fonds et les partenaires communautaires pour offrir de la valeur \u00e0 nos parties prenantes et am\u00e9liorer le bien-\u00eatre \u00e9conomique et social de la population du Canada.\u202f\u00bb<\/span><span data-ccp-props=\"{&quot;201341983&quot;:0,&quot;335559739&quot;:160,&quot;335559740&quot;:259}\">\u00a0<\/span><\/p>\n","protected":false},"excerpt":{"rendered":"<p>Le conseil d\u2019administration du CERIC a le plaisir d\u2019annoncer que Kay\u202fCastelle se joindra \u00e0 l\u2019organisation caritative nationale \u00e0 titre de nouvelle directrice g\u00e9n\u00e9rale le 27\u202ff\u00e9vrier.<\/p>\n","protected":false},"author":1,"featured_media":58714,"comment_status":"closed","ping_status":"closed","sticky":false,"template":"","format":"standard","meta":{"h5ap_radio_sources":[],"footnotes":""},"categories":[1143,1144,32],"tags":[],"class_list":["post-58709","post","type-post","status-publish","format-standard","has-post-thumbnail","hentry","category-2023-nouvelles","category-janvier-2023-nouvelles","category-nouvelles"],"yoast_head":"<!-- This site is optimized with the Yoast SEO Premium plugin v27.4 (Yoast SEO v27.4) - https:\/\/yoast.com\/product\/yoast-seo-premium-wordpress\/ -->\n<title>Annonce de la nouvelle directrice g\u00e9n\u00e9rale du CERIC, Kay Castelle - CERIC<\/title>\n<meta name=\"robots\" content=\"index, follow, max-snippet:-1, max-image-preview:large, max-video-preview:-1\" \/>\n<link rel=\"canonical\" href=\"https:\/\/ceric.ca\/fr\/2023\/01\/annonce-de-la-nouvelle-directrice-generale-du-ceric-kay-castelle\/\" \/>\n<meta property=\"og:locale\" content=\"fr_FR\" \/>\n<meta property=\"og:type\" content=\"article\" \/>\n<meta property=\"og:title\" content=\"Annonce de la nouvelle directrice g\u00e9n\u00e9rale du CERIC, Kay Castelle\" \/>\n<meta property=\"og:description\" content=\"Le conseil d\u2019administration du CERIC a le plaisir d\u2019annoncer que Kay\u202fCastelle se joindra \u00e0 l\u2019organisation caritative nationale \u00e0 titre de nouvelle directrice g\u00e9n\u00e9rale le 27\u202ff\u00e9vrier.\" \/>\n<meta property=\"og:url\" content=\"https:\/\/ceric.ca\/fr\/2023\/01\/annonce-de-la-nouvelle-directrice-generale-du-ceric-kay-castelle\/\" \/>\n<meta property=\"og:site_name\" content=\"CERIC\" \/>\n<meta property=\"article:published_time\" content=\"2023-01-31T14:43:32+00:00\" \/>\n<meta property=\"og:image\" content=\"https:\/\/ceric.ca\/wp-content\/uploads\/2023\/01\/Kay-News-Item-2.png\" \/>\n\t<meta property=\"og:image:width\" content=\"600\" \/>\n\t<meta property=\"og:image:height\" content=\"430\" \/>\n\t<meta property=\"og:image:type\" content=\"image\/png\" \/>\n<meta name=\"author\" content=\"Norman Valdez\" \/>\n<meta name=\"twitter:card\" content=\"summary_large_image\" \/>\n<meta name=\"twitter:creator\" content=\"@rachel@ceric.ca\" \/>\n<meta name=\"twitter:label1\" content=\"\u00c9crit par\" \/>\n\t<meta name=\"twitter:data1\" content=\"Norman Valdez\" \/>\n\t<meta name=\"twitter:label2\" content=\"Dur\u00e9e de lecture estim\u00e9e\" \/>\n\t<meta name=\"twitter:data2\" content=\"4 minutes\" \/>\n<script type=\"application\/ld+json\" class=\"yoast-schema-graph\">{\"@context\":\"https:\\\/\\\/schema.org\",\"@graph\":[{\"@type\":\"Article\",\"@id\":\"https:\\\/\\\/ceric.ca\\\/fr\\\/2023\\\/01\\\/annonce-de-la-nouvelle-directrice-generale-du-ceric-kay-castelle\\\/#article\",\"isPartOf\":{\"@id\":\"https:\\\/\\\/ceric.ca\\\/fr\\\/2023\\\/01\\\/annonce-de-la-nouvelle-directrice-generale-du-ceric-kay-castelle\\\/\"},\"author\":{\"name\":\"Norman Valdez\",\"@id\":\"https:\\\/\\\/ceric.ca\\\/#\\\/schema\\\/person\\\/444d77ede5f23ae98c74e54ab17e2da2\"},\"headline\":\"Annonce de la nouvelle directrice g\u00e9n\u00e9rale du CERIC, Kay Castelle\",\"datePublished\":\"2023-01-31T14:43:32+00:00\",\"mainEntityOfPage\":{\"@id\":\"https:\\\/\\\/ceric.ca\\\/fr\\\/2023\\\/01\\\/annonce-de-la-nouvelle-directrice-generale-du-ceric-kay-castelle\\\/\"},\"wordCount\":871,\"publisher\":{\"@id\":\"https:\\\/\\\/ceric.ca\\\/#organization\"},\"image\":{\"@id\":\"https:\\\/\\\/ceric.ca\\\/fr\\\/2023\\\/01\\\/annonce-de-la-nouvelle-directrice-generale-du-ceric-kay-castelle\\\/#primaryimage\"},\"thumbnailUrl\":\"https:\\\/\\\/ceric.ca\\\/wp-content\\\/uploads\\\/2023\\\/01\\\/Kay-News-Item-2.png\",\"articleSection\":[\"2023\",\"janvier\",\"Nouvelles\"],\"inLanguage\":\"fr-FR\"},{\"@type\":\"WebPage\",\"@id\":\"https:\\\/\\\/ceric.ca\\\/fr\\\/2023\\\/01\\\/annonce-de-la-nouvelle-directrice-generale-du-ceric-kay-castelle\\\/\",\"url\":\"https:\\\/\\\/ceric.ca\\\/fr\\\/2023\\\/01\\\/annonce-de-la-nouvelle-directrice-generale-du-ceric-kay-castelle\\\/\",\"name\":\"Annonce de la nouvelle directrice g\u00e9n\u00e9rale du CERIC, Kay Castelle - CERIC\",\"isPartOf\":{\"@id\":\"https:\\\/\\\/ceric.ca\\\/#website\"},\"primaryImageOfPage\":{\"@id\":\"https:\\\/\\\/ceric.ca\\\/fr\\\/2023\\\/01\\\/annonce-de-la-nouvelle-directrice-generale-du-ceric-kay-castelle\\\/#primaryimage\"},\"image\":{\"@id\":\"https:\\\/\\\/ceric.ca\\\/fr\\\/2023\\\/01\\\/annonce-de-la-nouvelle-directrice-generale-du-ceric-kay-castelle\\\/#primaryimage\"},\"thumbnailUrl\":\"https:\\\/\\\/ceric.ca\\\/wp-content\\\/uploads\\\/2023\\\/01\\\/Kay-News-Item-2.png\",\"datePublished\":\"2023-01-31T14:43:32+00:00\",\"breadcrumb\":{\"@id\":\"https:\\\/\\\/ceric.ca\\\/fr\\\/2023\\\/01\\\/annonce-de-la-nouvelle-directrice-generale-du-ceric-kay-castelle\\\/#breadcrumb\"},\"inLanguage\":\"fr-FR\",\"potentialAction\":[{\"@type\":\"ReadAction\",\"target\":[\"https:\\\/\\\/ceric.ca\\\/fr\\\/2023\\\/01\\\/annonce-de-la-nouvelle-directrice-generale-du-ceric-kay-castelle\\\/\"]}]},{\"@type\":\"ImageObject\",\"inLanguage\":\"fr-FR\",\"@id\":\"https:\\\/\\\/ceric.ca\\\/fr\\\/2023\\\/01\\\/annonce-de-la-nouvelle-directrice-generale-du-ceric-kay-castelle\\\/#primaryimage\",\"url\":\"https:\\\/\\\/ceric.ca\\\/wp-content\\\/uploads\\\/2023\\\/01\\\/Kay-News-Item-2.png\",\"contentUrl\":\"https:\\\/\\\/ceric.ca\\\/wp-content\\\/uploads\\\/2023\\\/01\\\/Kay-News-Item-2.png\",\"width\":600,\"height\":430},{\"@type\":\"BreadcrumbList\",\"@id\":\"https:\\\/\\\/ceric.ca\\\/fr\\\/2023\\\/01\\\/annonce-de-la-nouvelle-directrice-generale-du-ceric-kay-castelle\\\/#breadcrumb\",\"itemListElement\":[{\"@type\":\"ListItem\",\"position\":1,\"name\":\"Home\",\"item\":\"https:\\\/\\\/ceric.ca\\\/fr\\\/ceric-homepage-2025\\\/\"},{\"@type\":\"ListItem\",\"position\":2,\"name\":\"Annonce de la nouvelle directrice g\u00e9n\u00e9rale du CERIC, Kay Castelle\"}]},{\"@type\":\"WebSite\",\"@id\":\"https:\\\/\\\/ceric.ca\\\/#website\",\"url\":\"https:\\\/\\\/ceric.ca\\\/\",\"name\":\"CERIC\",\"description\":\"\",\"publisher\":{\"@id\":\"https:\\\/\\\/ceric.ca\\\/#organization\"},\"potentialAction\":[{\"@type\":\"SearchAction\",\"target\":{\"@type\":\"EntryPoint\",\"urlTemplate\":\"https:\\\/\\\/ceric.ca\\\/?s={search_term_string}\"},\"query-input\":{\"@type\":\"PropertyValueSpecification\",\"valueRequired\":true,\"valueName\":\"search_term_string\"}}],\"inLanguage\":\"fr-FR\"},{\"@type\":\"Organization\",\"@id\":\"https:\\\/\\\/ceric.ca\\\/#organization\",\"name\":\"CERIC\",\"url\":\"https:\\\/\\\/ceric.ca\\\/\",\"logo\":{\"@type\":\"ImageObject\",\"inLanguage\":\"fr-FR\",\"@id\":\"https:\\\/\\\/ceric.ca\\\/#\\\/schema\\\/logo\\\/image\\\/\",\"url\":\"\",\"contentUrl\":\"\",\"caption\":\"CERIC\"},\"image\":{\"@id\":\"https:\\\/\\\/ceric.ca\\\/#\\\/schema\\\/logo\\\/image\\\/\"}},{\"@type\":\"Person\",\"@id\":\"https:\\\/\\\/ceric.ca\\\/#\\\/schema\\\/person\\\/444d77ede5f23ae98c74e54ab17e2da2\",\"name\":\"Norman Valdez\",\"image\":{\"@type\":\"ImageObject\",\"inLanguage\":\"fr-FR\",\"@id\":\"https:\\\/\\\/secure.gravatar.com\\\/avatar\\\/01def366a03d176e612e177e52d2c8b99d80f13e922b93d5fb9696239fb7fbd4?s=96&d=blank&r=g\",\"url\":\"https:\\\/\\\/secure.gravatar.com\\\/avatar\\\/01def366a03d176e612e177e52d2c8b99d80f13e922b93d5fb9696239fb7fbd4?s=96&d=blank&r=g\",\"contentUrl\":\"https:\\\/\\\/secure.gravatar.com\\\/avatar\\\/01def366a03d176e612e177e52d2c8b99d80f13e922b93d5fb9696239fb7fbd4?s=96&d=blank&r=g\",\"caption\":\"Norman Valdez\"},\"sameAs\":[\"https:\\\/\\\/x.com\\\/rachel@ceric.ca\"],\"url\":\"https:\\\/\\\/ceric.ca\\\/fr\\\/author\\\/norman\\\/\"}]}<\/script>\n<!-- \/ Yoast SEO Premium plugin. -->","yoast_head_json":{"title":"Annonce de la nouvelle directrice g\u00e9n\u00e9rale du CERIC, Kay Castelle - CERIC","robots":{"index":"index","follow":"follow","max-snippet":"max-snippet:-1","max-image-preview":"max-image-preview:large","max-video-preview":"max-video-preview:-1"},"canonical":"https:\/\/ceric.ca\/fr\/2023\/01\/annonce-de-la-nouvelle-directrice-generale-du-ceric-kay-castelle\/","og_locale":"fr_FR","og_type":"article","og_title":"Annonce de la nouvelle directrice g\u00e9n\u00e9rale du CERIC, Kay Castelle","og_description":"Le conseil d\u2019administration du CERIC a le plaisir d\u2019annoncer que Kay\u202fCastelle se joindra \u00e0 l\u2019organisation caritative nationale \u00e0 titre de nouvelle directrice g\u00e9n\u00e9rale le 27\u202ff\u00e9vrier.","og_url":"https:\/\/ceric.ca\/fr\/2023\/01\/annonce-de-la-nouvelle-directrice-generale-du-ceric-kay-castelle\/","og_site_name":"CERIC","article_published_time":"2023-01-31T14:43:32+00:00","og_image":[{"width":600,"height":430,"url":"https:\/\/ceric.ca\/wp-content\/uploads\/2023\/01\/Kay-News-Item-2.png","type":"image\/png"}],"author":"Norman Valdez","twitter_card":"summary_large_image","twitter_creator":"@rachel@ceric.ca","twitter_misc":{"\u00c9crit par":"Norman Valdez","Dur\u00e9e de lecture estim\u00e9e":"4 minutes"},"schema":{"@context":"https:\/\/schema.org","@graph":[{"@type":"Article","@id":"https:\/\/ceric.ca\/fr\/2023\/01\/annonce-de-la-nouvelle-directrice-generale-du-ceric-kay-castelle\/#article","isPartOf":{"@id":"https:\/\/ceric.ca\/fr\/2023\/01\/annonce-de-la-nouvelle-directrice-generale-du-ceric-kay-castelle\/"},"author":{"name":"Norman Valdez","@id":"https:\/\/ceric.ca\/#\/schema\/person\/444d77ede5f23ae98c74e54ab17e2da2"},"headline":"Annonce de la nouvelle directrice g\u00e9n\u00e9rale du CERIC, Kay Castelle","datePublished":"2023-01-31T14:43:32+00:00","mainEntityOfPage":{"@id":"https:\/\/ceric.ca\/fr\/2023\/01\/annonce-de-la-nouvelle-directrice-generale-du-ceric-kay-castelle\/"},"wordCount":871,"publisher":{"@id":"https:\/\/ceric.ca\/#organization"},"image":{"@id":"https:\/\/ceric.ca\/fr\/2023\/01\/annonce-de-la-nouvelle-directrice-generale-du-ceric-kay-castelle\/#primaryimage"},"thumbnailUrl":"https:\/\/ceric.ca\/wp-content\/uploads\/2023\/01\/Kay-News-Item-2.png","articleSection":["2023","janvier","Nouvelles"],"inLanguage":"fr-FR"},{"@type":"WebPage","@id":"https:\/\/ceric.ca\/fr\/2023\/01\/annonce-de-la-nouvelle-directrice-generale-du-ceric-kay-castelle\/","url":"https:\/\/ceric.ca\/fr\/2023\/01\/annonce-de-la-nouvelle-directrice-generale-du-ceric-kay-castelle\/","name":"Annonce de la nouvelle directrice g\u00e9n\u00e9rale du CERIC, Kay Castelle - CERIC","isPartOf":{"@id":"https:\/\/ceric.ca\/#website"},"primaryImageOfPage":{"@id":"https:\/\/ceric.ca\/fr\/2023\/01\/annonce-de-la-nouvelle-directrice-generale-du-ceric-kay-castelle\/#primaryimage"},"image":{"@id":"https:\/\/ceric.ca\/fr\/2023\/01\/annonce-de-la-nouvelle-directrice-generale-du-ceric-kay-castelle\/#primaryimage"},"thumbnailUrl":"https:\/\/ceric.ca\/wp-content\/uploads\/2023\/01\/Kay-News-Item-2.png","datePublished":"2023-01-31T14:43:32+00:00","breadcrumb":{"@id":"https:\/\/ceric.ca\/fr\/2023\/01\/annonce-de-la-nouvelle-directrice-generale-du-ceric-kay-castelle\/#breadcrumb"},"inLanguage":"fr-FR","potentialAction":[{"@type":"ReadAction","target":["https:\/\/ceric.ca\/fr\/2023\/01\/annonce-de-la-nouvelle-directrice-generale-du-ceric-kay-castelle\/"]}]},{"@type":"ImageObject","inLanguage":"fr-FR","@id":"https:\/\/ceric.ca\/fr\/2023\/01\/annonce-de-la-nouvelle-directrice-generale-du-ceric-kay-castelle\/#primaryimage","url":"https:\/\/ceric.ca\/wp-content\/uploads\/2023\/01\/Kay-News-Item-2.png","contentUrl":"https:\/\/ceric.ca\/wp-content\/uploads\/2023\/01\/Kay-News-Item-2.png","width":600,"height":430},{"@type":"BreadcrumbList","@id":"https:\/\/ceric.ca\/fr\/2023\/01\/annonce-de-la-nouvelle-directrice-generale-du-ceric-kay-castelle\/#breadcrumb","itemListElement":[{"@type":"ListItem","position":1,"name":"Home","item":"https:\/\/ceric.ca\/fr\/ceric-homepage-2025\/"},{"@type":"ListItem","position":2,"name":"Annonce de la nouvelle directrice g\u00e9n\u00e9rale du CERIC, Kay Castelle"}]},{"@type":"WebSite","@id":"https:\/\/ceric.ca\/#website","url":"https:\/\/ceric.ca\/","name":"CERIC","description":"","publisher":{"@id":"https:\/\/ceric.ca\/#organization"},"potentialAction":[{"@type":"SearchAction","target":{"@type":"EntryPoint","urlTemplate":"https:\/\/ceric.ca\/?s={search_term_string}"},"query-input":{"@type":"PropertyValueSpecification","valueRequired":true,"valueName":"search_term_string"}}],"inLanguage":"fr-FR"},{"@type":"Organization","@id":"https:\/\/ceric.ca\/#organization","name":"CERIC","url":"https:\/\/ceric.ca\/","logo":{"@type":"ImageObject","inLanguage":"fr-FR","@id":"https:\/\/ceric.ca\/#\/schema\/logo\/image\/","url":"","contentUrl":"","caption":"CERIC"},"image":{"@id":"https:\/\/ceric.ca\/#\/schema\/logo\/image\/"}},{"@type":"Person","@id":"https:\/\/ceric.ca\/#\/schema\/person\/444d77ede5f23ae98c74e54ab17e2da2","name":"Norman Valdez","image":{"@type":"ImageObject","inLanguage":"fr-FR","@id":"https:\/\/secure.gravatar.com\/avatar\/01def366a03d176e612e177e52d2c8b99d80f13e922b93d5fb9696239fb7fbd4?s=96&d=blank&r=g","url":"https:\/\/secure.gravatar.com\/avatar\/01def366a03d176e612e177e52d2c8b99d80f13e922b93d5fb9696239fb7fbd4?s=96&d=blank&r=g","contentUrl":"https:\/\/secure.gravatar.com\/avatar\/01def366a03d176e612e177e52d2c8b99d80f13e922b93d5fb9696239fb7fbd4?s=96&d=blank&r=g","caption":"Norman Valdez"},"sameAs":["https:\/\/x.com\/rachel@ceric.ca"],"url":"https:\/\/ceric.ca\/fr\/author\/norman\/"}]}},"_links":{"self":[{"href":"https:\/\/ceric.ca\/fr\/wp-json\/wp\/v2\/posts\/58709","targetHints":{"allow":["GET"]}}],"collection":[{"href":"https:\/\/ceric.ca\/fr\/wp-json\/wp\/v2\/posts"}],"about":[{"href":"https:\/\/ceric.ca\/fr\/wp-json\/wp\/v2\/types\/post"}],"author":[{"embeddable":true,"href":"https:\/\/ceric.ca\/fr\/wp-json\/wp\/v2\/users\/1"}],"replies":[{"embeddable":true,"href":"https:\/\/ceric.ca\/fr\/wp-json\/wp\/v2\/comments?post=58709"}],"version-history":[{"count":0,"href":"https:\/\/ceric.ca\/fr\/wp-json\/wp\/v2\/posts\/58709\/revisions"}],"wp:featuredmedia":[{"embeddable":true,"href":"https:\/\/ceric.ca\/fr\/wp-json\/wp\/v2\/media\/58714"}],"wp:attachment":[{"href":"https:\/\/ceric.ca\/fr\/wp-json\/wp\/v2\/media?parent=58709"}],"wp:term":[{"taxonomy":"category","embeddable":true,"href":"https:\/\/ceric.ca\/fr\/wp-json\/wp\/v2\/categories?post=58709"},{"taxonomy":"post_tag","embeddable":true,"href":"https:\/\/ceric.ca\/fr\/wp-json\/wp\/v2\/tags?post=58709"}],"curies":[{"name":"wp","href":"https:\/\/api.w.org\/{rel}","templated":true}]}}