{"id":59196,"date":"2023-03-06T15:03:00","date_gmt":"2023-03-06T20:03:00","guid":{"rendered":"https:\/\/ceric.ca\/?p=59196"},"modified":"2023-04-12T09:46:29","modified_gmt":"2023-04-12T13:46:29","slug":"la-feuille-de-route-des-pdc-pour-soutenir-efficacement-les-clients-neurodiversifies","status":"publish","type":"post","link":"https:\/\/ceric.ca\/fr\/2023\/03\/la-feuille-de-route-des-pdc-pour-soutenir-efficacement-les-clients-neurodiversifies\/","title":{"rendered":"La feuille de route des PDC pour soutenir efficacement les clients neurodiversifi\u00e9s"},"content":{"rendered":"<div class=\"wpb-content-wrapper\"><p>[vc_row][vc_column]<div class=\"wprt-feature-box clearfix \">\r\n\t\t<div class=\"inner clearfix\" style=\"padding:5px;background-color:#ffc272;\">\r\n\t\t\t\r\n\t\t\t<div class=\"content-wrap\" style=\"\">\r\n\t\t\t  <div class=\"content-inner\"><div class=\"wprt-feature-box clearfix \">\n<div class=\"inner clearfix\">\n<div class=\"content-wrap\">\n<div class=\"content-inner\">\n<p style=\"text-align: center;\"><strong>S\u00c9RIE DE WEBINAIRES PAYANTS<\/strong><\/p>\n<\/div>\n<\/div>\n<\/div>\n<\/div>\n<\/div> \r\n\t\t\t<\/div>\r\n\t\t<\/div>\r\n\t<\/div>\r\n\t<div class=\"wprt-spacer clearfix\" data-desktop=\"35\" data-mobi=\"25\" data-smobi=\"10\"><\/div>[\/vc_column][\/vc_row][vc_row][vc_column width=\u00a0\u00bb1\/2&Prime;][vc_column_text]<\/p>\n<div>\n<table>\n<tbody>\n<tr>\n<td><img decoding=\"async\" class=\"alignnone wp-image-56301\" src=\"https:\/\/ceric.ca\/wp-content\/uploads\/2022\/08\/Webinar-headshot-480-\u00d7-480-px-2-300x300.png\" alt=\"person\" width=\"20\" height=\"20\" \/>\u00a0 <strong>Pr\u00e9sentatrice :\u00a0<\/strong>Sarah Taylor, consultante principale de Next Level ASD<\/p>\n<p><img decoding=\"async\" class=\"alignnone wp-image-56303\" src=\"https:\/\/ceric.ca\/wp-content\/uploads\/2022\/08\/Webinar-headshot-480-\u00d7-480-px-4.png\" alt=\"calendar icon\" width=\"20\" height=\"20\" srcset=\"https:\/\/ceric.ca\/wp-content\/uploads\/2022\/08\/Webinar-headshot-480-\u00d7-480-px-4.png 240w, https:\/\/ceric.ca\/wp-content\/uploads\/2022\/08\/Webinar-headshot-480-\u00d7-480-px-4-150x150.png 150w, https:\/\/ceric.ca\/wp-content\/uploads\/2022\/08\/Webinar-headshot-480-\u00d7-480-px-4-160x160.png 160w\" sizes=\"(max-width:767px) 20px, 20px\" \/> <strong>Dates :<\/strong><\/p>\n<ul>\n<li>Le mercredi 3 mai 2023<\/li>\n<li>Le mercredi 10 mai 2023<\/li>\n<li>Le mercredi 17 mai 2023<\/li>\n<\/ul>\n<p>12h 00 &#8211; 13h 00 HE (<a href=\"https:\/\/www.timeanddate.com\/worldclock\/converter.html?iso=20230503T160000&amp;p1=250\" target=\"_blank\" rel=\"noopener\">V\u00e9rifiez votre fuseau horaire<\/a>)<\/p>\n<p><strong><img decoding=\"async\" class=\"alignnone wp-image-59172\" src=\"https:\/\/ceric.ca\/wp-content\/uploads\/2023\/03\/484633.png\" alt=\"\" width=\"20\" height=\"20\" \/> Langue :<\/strong><\/p>\n<ul>\n<li>S\u00e9rie de webinaires en anglais avec sous-titres en fran\u00e7ais offerts <strong>sur les enregistrements<\/strong><\/li>\n<\/ul>\n<p><strong><img loading=\"lazy\" decoding=\"async\" class=\"alignnone wp-image-59172\" src=\"https:\/\/ceric.ca\/wp-content\/uploads\/2023\/03\/Cost-tag.png\" alt=\"\" width=\"20\" height=\"20\" \/> Prix :<\/strong><\/p>\n<ul>\n<li>S\u00e9rie de webinaires payants<\/li>\n<\/ul>\n<\/td>\n<\/tr>\n<\/tbody>\n<\/table>\n<\/div>\n<p>[\/vc_column_text]\r\n\t<div class=\"wprt-spacer clearfix\" data-desktop=\"20\" data-mobi=\"0\" data-smobi=\"0\"><\/div>[\/vc_column][vc_column width=\u00a0\u00bb1\/2&Prime;][vc_single_image image=\u00a0\u00bb59314&Prime;]\r\n\t<div class=\"wprt-spacer clearfix\" data-desktop=\"15\" data-mobi=\"8\" data-smobi=\"8\"><\/div>[vc_btn title=\u00a0\u00bb<b>INSCRIVEZ-VOUS MAINTENANT<\/b>\u00a0\u00bb color=\u00a0\u00bbwarning\u00a0\u00bb align=\u00a0\u00bbcenter\u00a0\u00bb link=\u00a0\u00bburl:https%3A%2F%2Fevents.zoom.us%2Fev%2FApxv1RrImhWAWkKm-0jwqTB5vWSpFmiHCdAVwX2AcAiKudoEW2jK~Aoo3yBnJJ3wed_yRLu0X5S-4ZlKsdmSEwrk8yS10ydBuMiTlh4UF771NMQ|target:_blank\u00a0\u00bb][\/vc_column][\/vc_row][vc_row][vc_column][vc_message message_box_color=\u00a0\u00bbalert-info\u00a0\u00bb icon_fontawesome=\u00a0\u00bbfas fa-hands-helping\u00a0\u00bb]<\/p>\n<div class=\"RichText3-paragraph--withVSpacingNormal RichText3-paragraph Typography Typography--m\"><a href=\"https:\/\/supportedemployment.ca\/fr\/\" target=\"_blank\" rel=\"noopener\">L\u2019ACSE<\/a> est une association nationale du secteur du soutien \u00e0 l\u2019emploi. Ils travaillent avec des prestataires de services, des employeurs, des alli\u00e9s de la communaut\u00e9 et des intervenants afin de favoriser l\u2019int\u00e9gration des personnes en situation de handicap. L&rsquo;ACSE s&rsquo;efforce de faciliter la pleine participation dans le march\u00e9 du travail en offrant des ressources, de l\u2019expertise et du soutien aux prestataires de services.<\/div>\n<p>[\/vc_message]\r\n\t<div class=\"wprt-spacer clearfix\" data-desktop=\"9\" data-mobi=\"3\" data-smobi=\"3\"><\/div>[vc_message message_box_color=\u00a0\u00bbwarning\u00a0\u00bb icon_fontawesome=\u00a0\u00bbfas fa-calendar-alt\u00a0\u00bb]<em><strong>Les dates\/heures ne vous conviennent pas?\u00a0<\/strong>En plus des webinaires en direct, les participants inscrits auront acc\u00e8s aux enregistrements vid\u00e9o et au mat\u00e9riel de chaque session disponibles dans le lobby de Zoom Event afin que vous puissiez rattraper ce que vous avez manqu\u00e9 ! Les enregistrements resteront disponibles pour une\u00a0<strong>dur\u00e9e d\u2019un mois<\/strong> apr\u00e8s le dernier webinaire de la s\u00e9rie.<\/em>[\/vc_message][\/vc_column][\/vc_row][vc_row][vc_column]\r\n\t<div class=\"wprt-spacer clearfix\" data-desktop=\"20\" data-mobi=\"0\" data-smobi=\"0\"><\/div><div class=\"wprt-headings clearfix \"  style=\"\"><h2 class=\"heading clearfix\" style=\"color:#568caf;\">\r\n\t\tAper\u00e7u\r\n\t<\/h2><\/div>\r\n\t<div class=\"wprt-spacer clearfix\" data-desktop=\"20\" data-mobi=\"0\" data-smobi=\"0\"><\/div>[vc_column_text]<span class=\"TextRun SCXW84907104 BCX0\" lang=\"FR-CA\" xml:lang=\"FR-CA\" data-contrast=\"none\"><span class=\"NormalTextRun SCXW84907104 BCX0\">Des statistiques r\u00e9centes indiquent qu\u2019environ une personne sur sept en Am\u00e9rique du Nord traite l\u2019information de fa\u00e7on diff\u00e9rente. Le trouble d\u00e9ficitaire de l\u2019attention, l\u2019autisme, le trouble de l\u2019apprentissage verbal et le syndrome d\u2019Asperger sont tous des diagnostics qui rel\u00e8vent de la neurodiversit\u00e9. Malheureusement, en raison de la nature invisible de ces diff\u00e9rences, bon nombre des caract\u00e9ristiques inh\u00e9rentes \u00e0 un diagnostic de neurodiversit\u00e9 peuvent appara\u00eetre comme un probl\u00e8me d\u2019attitude ou de comportement. Est-il possible que Sally, la cliente qui ne s\u2019en tient jamais au sujet, ne soit pas simplement \u00ab\u202faga\u00e7ante\u202f\u00bb? Ou que Ralph, l\u2019ing\u00e9nieur informaticien au ch\u00f4mage qui ne veut pas envisager un emploi en dehors d\u2019un rayon de 8\u202fkm, ne soit pas simplement \u00ab\u202fdifficile\u202f\u00bb? Pour les professionnels du d\u00e9veloppement de carri\u00e8re (PDC) du monde entier, il est essentiel de pouvoir offrir des solutions de d\u00e9veloppement des comp\u00e9tences au service des personnes qui fonctionnent diff\u00e9remment. Cette s\u00e9rie fournira aux participants les outils et les syst\u00e8mes qui leur permettront non seulement de mieux comprendre le spectre de la neurodiversit\u00e9, mais aussi de travailler efficacement avec des personnes qui pensent diff\u00e9remment. Les participants seront invit\u00e9s \u00e0 explorer les perceptions entourant la diversit\u00e9, l\u2019inclusion et les diff\u00e9rences invisibles. Pour les dirigeants confront\u00e9s \u00e0 des probl\u00e8mes de main-d\u2019\u0153uvre, les PDC au service de clients divers et les conseillers en orientation professionnelle qui ont besoin d\u2019une nouvelle perspective, cette s\u00e9rie de webinaires est \u00e0 ne pas manquer.<\/span><\/span>[\/vc_column_text]\r\n\t<div class=\"wprt-spacer clearfix\" data-desktop=\"35\" data-mobi=\"25\" data-smobi=\"10\"><\/div><div class=\"wprt-headings clearfix \"  style=\"\"><h2 class=\"heading clearfix\" style=\"color:#568caf;\">\r\n\t\tPourquoi les PDC devraient participer\r\n\t<\/h2><\/div>\r\n\t<div class=\"wprt-spacer clearfix\" data-desktop=\"20\" data-mobi=\"0\" data-smobi=\"0\"><\/div>[vc_column_text]<span class=\"TextRun Highlight SCXW87497118 BCX0\" lang=\"FR-CA\" xml:lang=\"FR-CA\" data-contrast=\"none\"><span class=\"NormalTextRun SCXW87497118 BCX0\">Cette s\u00e9rie de webinaires a pour but d\u2019aider les PDC \u00e0 comprendre comment les demandeurs d\u2019emploi <\/span><span class=\"NormalTextRun SpellingErrorV2Themed SCXW87497118 BCX0\">neurodiversifi\u00e9s<\/span><span class=\"NormalTextRun SCXW87497118 BCX0\"> traitent diff\u00e9remment les informations, et quelle est l\u2019incidence de ces diff\u00e9rences sur les techniques <\/span><span class=\"NormalTextRun SCXW87497118 BCX0\">traditionnelles d\u2019accompagnement et sur l\u2019emploi. Elle permettra \u00e9galement aux PDC eux-m\u00eames <\/span><span class=\"NormalTextRun SpellingErrorV2Themed SCXW87497118 BCX0\">neurodiversifi\u00e9s<\/span><span class=\"NormalTextRun SCXW87497118 BCX0\"> de renforcer leur pratique en explorant des outils qui soutiennent leur r\u00e9ussite et qu\u2019ils pourront ensuite partager avec leurs clients.<\/span><\/span><span class=\"TextRun SCXW87497118 BCX0\" lang=\"FR-CA\" xml:lang=\"FR-CA\" data-contrast=\"none\"><span class=\"NormalTextRun SCXW87497118 BCX0\"> \u00c0 la fin de la s\u00e9rie, les participants auront une bonne compr\u00e9hension du spectre des diagnostics de neurodiversit\u00e9 et de la fa\u00e7on dont cela se traduit en termes de d\u00e9fis auxquels leurs clients sont souvent confront\u00e9s. Plus important encore, les participants seront en mesure de mettre en \u0153uvre de nouvelles strat\u00e9gies et de nouveaux outils pour mieux se soutenir eux-m\u00eames et soutenir leurs clients <\/span><span class=\"NormalTextRun SpellingErrorV2Themed SCXW87497118 BCX0\">neurodiversifi\u00e9s<\/span><\/span>[\/vc_column_text]\r\n\t<div class=\"wprt-spacer clearfix\" data-desktop=\"35\" data-mobi=\"25\" data-smobi=\"10\"><\/div>[\/vc_column][\/vc_row][vc_row][vc_column][vc_message message_box_color=\u00a0\u00bbpurple\u00a0\u00bb icon_fontawesome=\u00a0\u00bbfas fa-feather-alt\u00a0\u00bb]Le CERIC est attach\u00e9 aux principes d&rsquo;\u00e9quit\u00e9, de diversit\u00e9 et d&rsquo;inclusion en tant qu&rsquo;aspects fondamentaux de la pratique du d\u00e9veloppement de carri\u00e8re. \u00c0 ce titre, le CERIC travaille avec diverses communaut\u00e9s pour d\u00e9velopper des opportunit\u00e9s d&rsquo;apprentissage soutenant le d\u00e9veloppement de carri\u00e8re inclusif.[\/vc_message]\r\n\t<div class=\"wprt-spacer clearfix\" data-desktop=\"15\" data-mobi=\"0\" data-smobi=\"0\"><\/div>[\/vc_column][\/vc_row][vc_row][vc_column width=\u00a0\u00bb1\/3&Prime;]<div class=\"wprt-headings clearfix \"  style=\"\"><h3 class=\"heading clearfix\" style=\"color:#568caf;\">\r\n\t\tWebinaire\u202f1\u202f: Qu\u2019est-ce que la neurodiversit\u00e9 et pourquoi est-ce important d\u2019en parler?\r\n\t<\/h3><\/div>\r\n\t<div class=\"wprt-spacer clearfix\" data-desktop=\"10\" data-mobi=\"5\" data-smobi=\"2\"><\/div><div class=\"wprt-headings clearfix \"  style=\"\"><h6 class=\"heading clearfix\" style=\"font-weight:600;color:#0f0602;\">\r\n\t\tMercredi\u202f3\u202fmai\u202f2023, 12h 00 - 13h 00 HE\r\n\t<\/h6><\/div>\r\n\t<div class=\"wprt-spacer clearfix\" data-desktop=\"20\" data-mobi=\"0\" data-smobi=\"0\"><\/div>[vc_column_text]<\/p>\n<ul>\n<li data-leveltext=\"\uf0b7\" data-font=\"Symbol\" data-listid=\"4\" data-list-defn-props=\"{&quot;335552541&quot;:1,&quot;335559684&quot;:-2,&quot;335559685&quot;:720,&quot;335559991&quot;:360,&quot;469769226&quot;:&quot;Symbol&quot;,&quot;469769242&quot;:[8226],&quot;469777803&quot;:&quot;left&quot;,&quot;469777804&quot;:&quot;\uf0b7&quot;,&quot;469777815&quot;:&quot;hybridMultilevel&quot;}\" aria-setsize=\"-1\" data-aria-posinset=\"1\" data-aria-level=\"1\"><span data-contrast=\"none\">Comprendre le spectre des diagnostics de neurodiversit\u00e9 et leurs caract\u00e9ristiques<\/span><span data-ccp-props=\"{&quot;201341983&quot;:0,&quot;335559740&quot;:259}\">\u00a0<\/span><\/li>\n<li data-leveltext=\"\uf0b7\" data-font=\"Symbol\" data-listid=\"4\" data-list-defn-props=\"{&quot;335552541&quot;:1,&quot;335559684&quot;:-2,&quot;335559685&quot;:720,&quot;335559991&quot;:360,&quot;469769226&quot;:&quot;Symbol&quot;,&quot;469769242&quot;:[8226],&quot;469777803&quot;:&quot;left&quot;,&quot;469777804&quot;:&quot;\uf0b7&quot;,&quot;469777815&quot;:&quot;hybridMultilevel&quot;}\" aria-setsize=\"-1\" data-aria-posinset=\"2\" data-aria-level=\"1\"><span data-contrast=\"none\">L\u2019incidence de ces diff\u00e9rences sur l\u2019emploi et sur le travail des PDC<\/span><span data-ccp-props=\"{&quot;201341983&quot;:0,&quot;335559740&quot;:259}\">\u00a0<\/span><\/li>\n<li data-leveltext=\"\uf0b7\" data-font=\"Symbol\" data-listid=\"4\" data-list-defn-props=\"{&quot;335552541&quot;:1,&quot;335559684&quot;:-2,&quot;335559685&quot;:720,&quot;335559991&quot;:360,&quot;469769226&quot;:&quot;Symbol&quot;,&quot;469769242&quot;:[8226],&quot;469777803&quot;:&quot;left&quot;,&quot;469777804&quot;:&quot;\uf0b7&quot;,&quot;469777815&quot;:&quot;hybridMultilevel&quot;}\" aria-setsize=\"-1\" data-aria-posinset=\"3\" data-aria-level=\"1\"><span data-contrast=\"none\">Comment les personnes neurodiversifi\u00e9es pensent et traitent l\u2019information<\/span><span data-ccp-props=\"{&quot;201341983&quot;:0,&quot;335559740&quot;:259}\">\u00a0<\/span><\/li>\n<li data-leveltext=\"\uf0b7\" data-font=\"Symbol\" data-listid=\"4\" data-list-defn-props=\"{&quot;335552541&quot;:1,&quot;335559684&quot;:-2,&quot;335559685&quot;:720,&quot;335559991&quot;:360,&quot;469769226&quot;:&quot;Symbol&quot;,&quot;469769242&quot;:[8226],&quot;469777803&quot;:&quot;left&quot;,&quot;469777804&quot;:&quot;\uf0b7&quot;,&quot;469777815&quot;:&quot;hybridMultilevel&quot;}\" aria-setsize=\"-1\" data-aria-posinset=\"4\" data-aria-level=\"1\"><span data-contrast=\"none\">Les atouts des personnes neurodiversifi\u00e9es en mati\u00e8re d\u2019emploi<\/span><span data-ccp-props=\"{&quot;201341983&quot;:0,&quot;335559740&quot;:259}\">\u00a0<\/span><\/li>\n<\/ul>\n<p>[\/vc_column_text][\/vc_column][vc_column width=\u00a0\u00bb1\/3&Prime;]<div class=\"wprt-headings clearfix \"  style=\"\"><h3 class=\"heading clearfix\" style=\"color:#568caf;\">\r\n\t\tWebinaire\u202f2\u202f: Enjeux li\u00e9s aux entrevues, \u00e0 la r\u00e9daction de CV et \u00e0 la divulgation pour les demandeurs d\u2019emploi neurodiversifi\u00e9s\r\n\t<\/h3><\/div>\r\n\t<div class=\"wprt-spacer clearfix\" data-desktop=\"10\" data-mobi=\"5\" data-smobi=\"2\"><\/div><div class=\"wprt-headings clearfix \"  style=\"\"><h6 class=\"heading clearfix\" style=\"font-weight:600;color:#000000;\">\r\n\t\tMercredi\u202f10\u202fmai\u202f2023, 12h 00 - 13h 00 HE\r\n\t<\/h6><\/div>\r\n\t<div class=\"wprt-spacer clearfix\" data-desktop=\"20\" data-mobi=\"0\" data-smobi=\"0\"><\/div>[vc_column_text]<\/p>\n<ul>\n<li data-leveltext=\"\uf0b7\" data-font=\"Symbol\" data-listid=\"4\" data-list-defn-props=\"{&quot;335552541&quot;:1,&quot;335559684&quot;:-2,&quot;335559685&quot;:720,&quot;335559991&quot;:360,&quot;469769226&quot;:&quot;Symbol&quot;,&quot;469769242&quot;:[8226],&quot;469777803&quot;:&quot;left&quot;,&quot;469777804&quot;:&quot;\uf0b7&quot;,&quot;469777815&quot;:&quot;hybridMultilevel&quot;}\" aria-setsize=\"-1\" data-aria-posinset=\"1\" data-aria-level=\"1\"><span data-contrast=\"none\">Aper\u00e7u des obstacles \u00e0 l\u2019emploi pour les personnes neurodiversifi\u00e9es<\/span><span data-ccp-props=\"{&quot;201341983&quot;:0,&quot;335559740&quot;:259}\">\u00a0<\/span><\/li>\n<li data-leveltext=\"\uf0b7\" data-font=\"Symbol\" data-listid=\"4\" data-list-defn-props=\"{&quot;335552541&quot;:1,&quot;335559684&quot;:-2,&quot;335559685&quot;:720,&quot;335559991&quot;:360,&quot;469769226&quot;:&quot;Symbol&quot;,&quot;469769242&quot;:[8226],&quot;469777803&quot;:&quot;left&quot;,&quot;469777804&quot;:&quot;\uf0b7&quot;,&quot;469777815&quot;:&quot;hybridMultilevel&quot;}\" aria-setsize=\"-1\" data-aria-posinset=\"2\" data-aria-level=\"1\"><span data-contrast=\"none\">Difficult\u00e9s li\u00e9es \u00e0 la r\u00e9daction d\u2019un CV et fa\u00e7on d\u2019y rem\u00e9dier<\/span><span data-ccp-props=\"{&quot;201341983&quot;:0,&quot;335559740&quot;:259}\">\u00a0<\/span><\/li>\n<li data-leveltext=\"\uf0b7\" data-font=\"Symbol\" data-listid=\"4\" data-list-defn-props=\"{&quot;335552541&quot;:1,&quot;335559684&quot;:-2,&quot;335559685&quot;:720,&quot;335559991&quot;:360,&quot;469769226&quot;:&quot;Symbol&quot;,&quot;469769242&quot;:[8226],&quot;469777803&quot;:&quot;left&quot;,&quot;469777804&quot;:&quot;\uf0b7&quot;,&quot;469777815&quot;:&quot;hybridMultilevel&quot;}\" aria-setsize=\"-1\" data-aria-posinset=\"3\" data-aria-level=\"1\"><span data-contrast=\"none\">Difficult\u00e9s li\u00e9es aux demandes d\u2019emploi et fa\u00e7on d\u2019y rem\u00e9dier<\/span><span data-ccp-props=\"{&quot;201341983&quot;:0,&quot;335559740&quot;:259}\">\u00a0<\/span><\/li>\n<li data-leveltext=\"\uf0b7\" data-font=\"Symbol\" data-listid=\"4\" data-list-defn-props=\"{&quot;335552541&quot;:1,&quot;335559684&quot;:-2,&quot;335559685&quot;:720,&quot;335559991&quot;:360,&quot;469769226&quot;:&quot;Symbol&quot;,&quot;469769242&quot;:[8226],&quot;469777803&quot;:&quot;left&quot;,&quot;469777804&quot;:&quot;\uf0b7&quot;,&quot;469777815&quot;:&quot;hybridMultilevel&quot;}\" aria-setsize=\"-1\" data-aria-posinset=\"4\" data-aria-level=\"1\"><span data-contrast=\"none\">Difficult\u00e9s li\u00e9es aux entrevues propres \u00e0 l\u2019autisme et fa\u00e7on d\u2019y rem\u00e9dier<\/span><b><span data-contrast=\"none\">\u00a0<\/span><\/b><span data-ccp-props=\"{&quot;201341983&quot;:0,&quot;335559740&quot;:259}\">\u00a0<\/span><\/li>\n<li data-leveltext=\"\uf0b7\" data-font=\"Symbol\" data-listid=\"4\" data-list-defn-props=\"{&quot;335552541&quot;:1,&quot;335559684&quot;:-2,&quot;335559685&quot;:720,&quot;335559991&quot;:360,&quot;469769226&quot;:&quot;Symbol&quot;,&quot;469769242&quot;:[8226],&quot;469777803&quot;:&quot;left&quot;,&quot;469777804&quot;:&quot;\uf0b7&quot;,&quot;469777815&quot;:&quot;hybridMultilevel&quot;}\" aria-setsize=\"-1\" data-aria-posinset=\"5\" data-aria-level=\"1\"><span data-contrast=\"none\">Le grand d\u00e9bat sur l\u2019enjeu de la divulgation<\/span><span data-ccp-props=\"{&quot;201341983&quot;:0,&quot;335559740&quot;:259}\">\u00a0<\/span><\/li>\n<\/ul>\n<p>[\/vc_column_text][\/vc_column][vc_column width=\u00a0\u00bb1\/3&Prime;]<div class=\"wprt-headings clearfix \"  style=\"\"><h3 class=\"heading clearfix\" style=\"color:#568caf;\">\r\n\t\tWebinaire\u202f3\u202f: Outils pour les PDC neurodiversifi\u00e9s et leurs clients\r\n\t<\/h3><\/div>\r\n\t<div class=\"wprt-spacer clearfix\" data-desktop=\"10\" data-mobi=\"5\" data-smobi=\"2\"><\/div><div class=\"wprt-headings clearfix \"  style=\"\"><h6 class=\"heading clearfix\" style=\"font-weight:600;color:#000000;\">\r\n\t\tMercredi\u202f17\u202fmai\u202f2023, 12h 00 - 13h 00 HE\r\n\t<\/h6><\/div>\r\n\t<div class=\"wprt-spacer clearfix\" data-desktop=\"20\" data-mobi=\"0\" data-smobi=\"0\"><\/div>[vc_column_text]<\/p>\n<ul>\n<li><span data-contrast=\"none\">Outils pour g\u00e9rer les sensibilit\u00e9s sensorielles sur le lieu de travail<\/span><span data-ccp-props=\"{&quot;201341983&quot;:0,&quot;335559740&quot;:259}\">\u00a0<\/span><\/li>\n<li><span data-contrast=\"none\">Outils pour \u00e9viter les maladresses sociales sur le<\/span><span data-ccp-props=\"{&quot;201341983&quot;:0,&quot;335559740&quot;:259}\">\u00a0<\/span><span data-contrast=\"none\">lieu de travail<\/span><span data-ccp-props=\"{&quot;201341983&quot;:0,&quot;335559740&quot;:259}\">\u00a0<\/span><\/li>\n<li><span data-contrast=\"none\">Difficult\u00e9s li\u00e9es \u00e0 la fonction ex\u00e9cutive et outils d\u2019aide<\/span><span data-ccp-props=\"{&quot;201341983&quot;:0,&quot;335559740&quot;:259}\">\u00a0<\/span><\/li>\n<li><span data-contrast=\"none\">Techniques pour reconna\u00eetre et g\u00e9rer l\u2019anxi\u00e9t\u00e9<\/span><\/li>\n<li>Comportements anxieux probl\u00e9matiques sur le lieu de travail\u00a0<span style=\"font-size: 1rem;\" data-ccp-props=\"{&quot;201341983&quot;:0,&quot;335559685&quot;:720,&quot;335559740&quot;:259}\">\u00a0<\/span><\/li>\n<li style=\"list-style-type: none;\"><\/li>\n<\/ul>\n<p>[\/vc_column_text][\/vc_column][\/vc_row][vc_row][vc_column width=\u00a0\u00bb1\/2&Prime;][vc_message message_box_color=\u00a0\u00bbsuccess\u00a0\u00bb icon_fontawesome=\u00a0\u00bbfas fa-stamp\u00a0\u00bb]Des certificats individuels de participation seront fournis pour chaque webinaire de la s\u00e9rie. Veuillez noter que les certificats sont fournis UNIQUEMENT aux participants inscrits qui assistent aux webinaires EN DIRECT.[\/vc_message][vc_btn title=\u00a0\u00bb<b>INSCRIVIEZ-VOUS MAINTENANT<\/b>\u00a0\u00bb color=\u00a0\u00bbwarning\u00a0\u00bb size=\u00a0\u00bblg\u00a0\u00bb align=\u00a0\u00bbcenter\u00a0\u00bb link=\u00a0\u00bburl:https%3A%2F%2Fevents.zoom.us%2Fev%2FApxv1RrImhWAWkKm-0jwqTB5vWSpFmiHCdAVwX2AcAiKudoEW2jK~Aoo3yBnJJ3wed_yRLu0X5S-4ZlKsdmSEwrk8yS10ydBuMiTlh4UF771NMQ|target:_blank\u00a0\u00bb][\/vc_column][vc_column width=\u00a0\u00bb1\/2&Prime;][vc_column_text]<\/p>\n<table>\n<tbody>\n<tr>\n<td style=\"text-align: center;\"><strong>PRIX pour la s\u00e9rie au complet<\/strong><\/td>\n<td style=\"text-align: center;\"><strong>Non-membres de ACSE<\/strong><\/td>\n<td>\n<p style=\"text-align: center;\"><strong>Membres de ACSE<\/strong><\/p>\n<\/td>\n<\/tr>\n<tr>\n<td>\n<p style=\"text-align: center;\"><strong>Tarif individuel<\/strong><\/p>\n<\/td>\n<td>\n<p style=\"text-align: center;\">159 $<\/p>\n<\/td>\n<td>\n<p style=\"text-align: center;\">119 $<\/p>\n<\/td>\n<\/tr>\n<tr>\n<td>\n<p style=\"text-align: center;\"><strong>Tarif de groupe * (Comprend l\u2019acc\u00e8s pour 5 participants)<\/strong><\/p>\n<\/td>\n<td>\n<p style=\"text-align: center;\">596,25 $ (soit 119,25$ par personne)<\/p>\n<\/td>\n<td style=\"text-align: center;\">446,25 $ (soit 89,25$ par personne)<\/td>\n<\/tr>\n<\/tbody>\n<\/table>\n<p>[\/vc_column_text][\/vc_column][\/vc_row][vc_row][vc_column]\r\n\t<div class=\"wprt-spacer clearfix\" data-desktop=\"20\" data-mobi=\"0\" data-smobi=\"0\"><\/div>[vc_column_text]<\/p>\n<div class=\"wpb_text_column wpb_content_element \">\n<div class=\"wpb_wrapper\">\n<p><em>*Si vous inscrivez 5 participants ou plus du m\u00eame organisme en m\u00eame temps, vous b\u00e9n\u00e9ficiez du tarif de groupe de -25 % sur les frais d&rsquo;inscription. Le billet groupe est valable pour un groupe de 5 personnes. Si vous souhaitez inscrire plus de 5 personnes au tarif de groupe, vous devez avoir un groupe de 10 personnes. Si ce n&rsquo;est pas le cas, vous devrez inscrire les personnes suppl\u00e9mentaires au tarif individuel.<\/em><\/p>\n<\/div>\n<\/div>\n<p>[\/vc_column_text][\/vc_column][\/vc_row][vc_row][vc_column]\r\n\t<div class=\"wprt-spacer clearfix\" data-desktop=\"20\" data-mobi=\"0\" data-smobi=\"0\"><\/div>[vc_message]Les webinaires du CERIC sont maintenant h\u00e9berg\u00e9s sur la plateforme Zoom Event! <a title=\"mailto:webinars@ceric.ca\" href=\"https:\/\/ceric.ca\/fr\/evenements\/webinaires\/faq-webinaires\/\">D\u00e9couvrez les changements dans notre FAQ.<\/a>[\/vc_message]\r\n\t<div class=\"wprt-spacer clearfix\" data-desktop=\"35\" data-mobi=\"25\" data-smobi=\"10\"><\/div>[\/vc_column][\/vc_row][vc_row][vc_column width=\u00a0\u00bb1\/4&Prime;][vc_single_image image=\u00a0\u00bb59113&Prime; alignment=\u00a0\u00bbcenter\u00a0\u00bb]\r\n\t<div class=\"wprt-spacer clearfix\" data-desktop=\"30\" data-mobi=\"0\" data-smobi=\"0\"><\/div>[\/vc_column][vc_column width=\u00a0\u00bb3\/4&Prime;][vc_column_text]<span data-contrast=\"none\">En tant que leader d\u2019opinion du 21<\/span><span data-contrast=\"none\">e<\/span><span data-contrast=\"none\">\u202fsi\u00e8cle dans le domaine de la neurodiversit\u00e9, ainsi qu\u2019\u00e0 titre de conseill\u00e8re principale chez Next Level\u202fASD et de chef de projet dans l\u2019\u00e9quipe de Spectrum Advantage, <strong>Sarah<\/strong> a pris la parole lors de dizaines de conf\u00e9rences \u00e0 l\u2019intention<\/span><span data-ccp-props=\"{&quot;201341983&quot;:0,&quot;335559740&quot;:259}\">\u00a0<\/span><span data-contrast=\"none\">de professionnels du d\u00e9veloppement de carri\u00e8re et des ressources humaines, d\u2019organisations postsecondaires et d\u2019entreprises de divers secteurs partout au pays. Sa formation en psychologie, en communication<\/span><span data-ccp-props=\"{&quot;201341983&quot;:0,&quot;335559740&quot;:259}\">\u00a0<\/span><span data-contrast=\"none\">et en th\u00e9ologie, tout comme les plus de 20\u202fans d\u2019exp\u00e9rience qu\u2019elle a acquis en tant que psychom\u00e9tricienne et consultante en mati\u00e8re de comportement, lui ont permis de d\u00e9velopper ses comp\u00e9tences dans les domaines de l\u2019\u00e9valuation, de la d\u00e9fense des int\u00e9r\u00eats, du leadership organisationnel et de la prise de parole en public.<\/span><span data-ccp-props=\"{&quot;201341983&quot;:0,&quot;335559740&quot;:259}\">\u00a0<\/span><\/p>\n<p><span data-contrast=\"none\">Sarah est passionn\u00e9e par l\u2019action citoyenne, le travail avec les leaders et l\u2019autonomisation des personnes dans tous les aspects de la vie. Elle donne souvent des conf\u00e9rences et est particuli\u00e8rement bien plac\u00e9e pour savoir comment combler le foss\u00e9 entre les outils traditionnels de d\u00e9veloppement de carri\u00e8re et l\u2019intervention aupr\u00e8s des personnes neurodiversifi\u00e9es.<\/span><span data-ccp-props=\"{&quot;201341983&quot;:0,&quot;335559740&quot;:259}\">\u00a0<\/span>[\/vc_column_text]\r\n\t<div class=\"wprt-spacer clearfix\" data-desktop=\"10\" data-mobi=\"5\" data-smobi=\"5\"><\/div>[vc_row_inner][vc_column_inner width=\u00a0\u00bb1\/4&Prime;][vc_icon icon_fontawesome=\u00a0\u00bbfab fa-facebook-square\u00a0\u00bb size=\u00a0\u00bblg\u00a0\u00bb align=\u00a0\u00bbcenter\u00a0\u00bb link=\u00a0\u00bburl:https%3A%2F%2Fwww.facebook.com%2Fnextlevelasd%2F|target:_blank\u00a0\u00bb][\/vc_column_inner][vc_column_inner width=\u00a0\u00bb1\/4&Prime;][vc_icon icon_fontawesome=\u00a0\u00bbfab fa-instagram\u00a0\u00bb color=\u00a0\u00bbpink\u00a0\u00bb size=\u00a0\u00bblg\u00a0\u00bb align=\u00a0\u00bbcenter\u00a0\u00bb link=\u00a0\u00bburl:https%3A%2F%2Fwww.instagram.com%2Fnextlevelasd%2F|target:_blank\u00a0\u00bb][\/vc_column_inner][vc_column_inner width=\u00a0\u00bb1\/4&Prime;][vc_icon icon_fontawesome=\u00a0\u00bbfab fa-linkedin\u00a0\u00bb size=\u00a0\u00bblg\u00a0\u00bb align=\u00a0\u00bbcenter\u00a0\u00bb link=\u00a0\u00bburl:https%3A%2F%2Fwww.linkedin.com%2Fin%2Fsarah-taylor-444b1545%2F|target:_blank\u00a0\u00bb][\/vc_column_inner][vc_column_inner width=\u00a0\u00bb1\/4&Prime;][vc_icon icon_fontawesome=\u00a0\u00bbfab fa-twitter\u00a0\u00bb color=\u00a0\u00bbturquoise\u00a0\u00bb size=\u00a0\u00bblg\u00a0\u00bb align=\u00a0\u00bbcenter\u00a0\u00bb link=\u00a0\u00bburl:https%3A%2F%2Ftwitter.com%2F%40sarah59408090|target:_blank\u00a0\u00bb][\/vc_column_inner][\/vc_row_inner][\/vc_column][\/vc_row][vc_row][vc_column]\r\n\t<div class=\"wprt-spacer clearfix\" data-desktop=\"10\" data-mobi=\"0\" data-smobi=\"0\"><\/div><div class=\"wprt-headings clearfix \"  style=\"\"><h3 class=\"heading clearfix\" style=\"color:#568caf;\">\r\n\t\tQue disent les participants des pr\u00e9c\u00e8dents webinaires offerts par Sarah Taylor et le CERIC\r\n\t<\/h3><\/div>\r\n\t<div class=\"wprt-spacer clearfix\" data-desktop=\"35\" data-mobi=\"0\" data-smobi=\"0\"><\/div>[\/vc_column][\/vc_row][vc_row][vc_column]\r\n\t<div class=\"wprt-accordions style-1\"><div class=\"accordion\"><div class=\"mfn-acc accordion_wrapper \"><em>Thoroughly enjoyed the webinar series, thought it was relevant and current. Allowed myself and my team to take a step back and look at the behaviours of some of our clients, with new understanding.<\/em><\/div><\/div>\n<div class=\"accordion\"><div class=\"mfn-acc accordion_wrapper \"><em>It was fantastic, the information was very clear and easy to understand. Sarah shared great first-hand scenarios that added my learning and provided excellent resources. I was very impressed, my favourite webinar I have participated in so far this year!<\/em><\/div><\/div>\n<div class=\"accordion\"><div class=\"mfn-acc accordion_wrapper \"><em>Sarah was an excellent presenter. The organization was very well laid out. The take-home strategies to use with clients\/employers were extremely valuable.<\/em><\/div><\/div>\n<div class=\"accordion\"><div class=\"mfn-acc accordion_wrapper \"><em>The webinar series was fantastic! The facilitator Sarah Taylor was amazing and very knowledgeable about the topic. The information presented was relevant to my field of work. I also did not find it too overwhelming. It was great that the presentations included different media such as videos, survey input and real-life examples. <\/em><\/div><\/div>\n<\/div>\r\n\t<div class=\"wprt-spacer clearfix\" data-desktop=\"35\" data-mobi=\"0\" data-smobi=\"0\"><\/div>[\/vc_column][\/vc_row][vc_row disable_element=\u00a0\u00bbyes\u00a0\u00bb][vc_column]<div class=\"wprt-headings clearfix \"  style=\"\"><h2 class=\"heading clearfix\" style=\"color:#568caf;\">\r\n\t\tFind Reflective Practice Resources to enhance Career Development within Experiential Learning\r\n\t<\/h2><\/div>\r\n\t<div class=\"wprt-spacer clearfix\" data-desktop=\"20\" data-mobi=\"10\" data-smobi=\"5\"><\/div>[vc_column_text]The\u00a0<a href=\"https:\/\/ceric.ca\/wayfinder\/\" target=\"_blank\" rel=\"noopener\">Wayfinder search site<\/a>\u00a0from\u00a0<a href=\"https:\/\/onelifetools.com\/\" target=\"_blank\" rel=\"noopener\">OneLifeTools<\/a>\u00a0curates top resources and insights to create or improve reflective practice on experiential learning and expand career development impact.<\/p>\n<p>The free Reflective Practice tools discussed in this webinar series will be drawn from the Wayfinder.<\/p>\n<p>The Wayfinder can be searched by type of resource, type of experiential learning, type of practitioner (called maker), type of learner and more. Whether you identify as post-secondary staff, event or workshop facilitator, employer, community organization, K-12 teacher or counsellor, a student or learner, the site is for you.<\/p>\n<p>The Wayfinder site also features several additional resources, including the Maker\u2019s Audit &amp; Guide and Literature Search &amp; Abstract.<\/p>\n<p>[\/vc_column_text]\r\n\t<div class=\"wprt-spacer clearfix\" data-desktop=\"35\" data-mobi=\"0\" data-smobi=\"0\"><\/div>[\/vc_column][\/vc_row][vc_row disable_element=\u00a0\u00bbyes\u00a0\u00bb][vc_column][vc_row_inner][vc_column_inner width=\u00a0\u00bb1\/3&Prime;][\/vc_column_inner][vc_column_inner width=\u00a0\u00bb1\/3&Prime;][vc_single_image image=\u00a0\u00bb58002&Prime; alignment=\u00a0\u00bbcenter\u00a0\u00bb][\/vc_column_inner][vc_column_inner width=\u00a0\u00bb1\/3&Prime;][\/vc_column_inner][\/vc_row_inner]\r\n\t<div class=\"wprt-spacer clearfix\" data-desktop=\"30\" data-mobi=\"15\" data-smobi=\"15\"><\/div>[\/vc_column][\/vc_row][vc_row][vc_column][vc_column_text]<\/p>\n<p style=\"text-align: right;\"><a href=\"https:\/\/ceric.ca\/ceric-events\/webinars\/\">Retour \u00e0 la liste des webinaires<\/a><\/p>\n<p>[\/vc_column_text][\/vc_column][\/vc_row]<\/p>\n<\/div>","protected":false},"excerpt":{"rendered":"<p>[vc_row][vc_column][\/vc_column][\/vc_row][vc_row][vc_column width=\u00a0\u00bb1\/2&Prime;][vc_column_text] \u00a0 Pr\u00e9sentatrice :\u00a0Sarah Taylor, consultante principale de Next Level ASD Dates : Le mercredi 3 mai 2023 Le mercredi 10 mai 2023 Le mercredi<span class=\"excerpt-hellip\"> [\u2026]<\/span><\/p>\n","protected":false},"author":30,"featured_media":0,"comment_status":"closed","ping_status":"closed","sticky":false,"template":"","format":"standard","meta":{"h5ap_radio_sources":[],"footnotes":""},"categories":[951,952],"tags":[],"class_list":["post-59196","post","type-post","status-publish","format-standard","hentry","category-evenements","category-webinaires"],"yoast_head":"<!-- This site is optimized with the Yoast SEO Premium plugin v27.4 (Yoast SEO v27.4) - https:\/\/yoast.com\/product\/yoast-seo-premium-wordpress\/ -->\n<title>La feuille de route des PDC pour soutenir efficacement les clients neurodiversifi\u00e9s - CERIC<\/title>\n<meta name=\"robots\" content=\"index, follow, max-snippet:-1, max-image-preview:large, max-video-preview:-1\" \/>\n<link rel=\"canonical\" href=\"https:\/\/ceric.ca\/fr\/2023\/03\/la-feuille-de-route-des-pdc-pour-soutenir-efficacement-les-clients-neurodiversifies\/\" \/>\n<meta property=\"og:locale\" content=\"fr_FR\" \/>\n<meta property=\"og:type\" content=\"article\" \/>\n<meta property=\"og:title\" content=\"La feuille de route des PDC pour soutenir efficacement les clients neurodiversifi\u00e9s\" \/>\n<meta property=\"og:description\" content=\"[vc_row][vc_column][\/vc_column][\/vc_row][vc_row][vc_column width=\u00a0\u00bb1\/2&Prime;][vc_column_text] \u00a0 Pr\u00e9sentatrice :\u00a0Sarah Taylor, consultante principale de Next Level ASD Dates : Le mercredi 3 mai 2023 Le mercredi 10 mai 2023 Le mercredi [\u2026]\" \/>\n<meta property=\"og:url\" content=\"https:\/\/ceric.ca\/fr\/2023\/03\/la-feuille-de-route-des-pdc-pour-soutenir-efficacement-les-clients-neurodiversifies\/\" \/>\n<meta property=\"og:site_name\" content=\"CERIC\" \/>\n<meta property=\"article:published_time\" content=\"2023-03-06T20:03:00+00:00\" \/>\n<meta property=\"article:modified_time\" content=\"2023-04-12T13:46:29+00:00\" \/>\n<meta property=\"og:image\" content=\"https:\/\/ceric.ca\/wp-content\/uploads\/2023\/03\/484633.png\" \/>\n<meta name=\"author\" content=\"Rachel So\" \/>\n<meta name=\"twitter:card\" content=\"summary_large_image\" \/>\n<meta name=\"twitter:label1\" content=\"\u00c9crit par\" \/>\n\t<meta name=\"twitter:data1\" content=\"Rachel So\" \/>\n\t<meta name=\"twitter:label2\" content=\"Dur\u00e9e de lecture estim\u00e9e\" \/>\n\t<meta name=\"twitter:data2\" content=\"8 minutes\" \/>\n<script type=\"application\/ld+json\" class=\"yoast-schema-graph\">{\"@context\":\"https:\\\/\\\/schema.org\",\"@graph\":[{\"@type\":\"Article\",\"@id\":\"https:\\\/\\\/ceric.ca\\\/fr\\\/2023\\\/03\\\/la-feuille-de-route-des-pdc-pour-soutenir-efficacement-les-clients-neurodiversifies\\\/#article\",\"isPartOf\":{\"@id\":\"https:\\\/\\\/ceric.ca\\\/fr\\\/2023\\\/03\\\/la-feuille-de-route-des-pdc-pour-soutenir-efficacement-les-clients-neurodiversifies\\\/\"},\"author\":{\"name\":\"Rachel So\",\"@id\":\"https:\\\/\\\/ceric.ca\\\/#\\\/schema\\\/person\\\/2e3faddf54acfac0d88b9ce185094d00\"},\"headline\":\"La feuille de route des PDC pour soutenir efficacement les clients neurodiversifi\u00e9s\",\"datePublished\":\"2023-03-06T20:03:00+00:00\",\"dateModified\":\"2023-04-12T13:46:29+00:00\",\"mainEntityOfPage\":{\"@id\":\"https:\\\/\\\/ceric.ca\\\/fr\\\/2023\\\/03\\\/la-feuille-de-route-des-pdc-pour-soutenir-efficacement-les-clients-neurodiversifies\\\/\"},\"wordCount\":2361,\"publisher\":{\"@id\":\"https:\\\/\\\/ceric.ca\\\/#organization\"},\"image\":{\"@id\":\"https:\\\/\\\/ceric.ca\\\/fr\\\/2023\\\/03\\\/la-feuille-de-route-des-pdc-pour-soutenir-efficacement-les-clients-neurodiversifies\\\/#primaryimage\"},\"thumbnailUrl\":\"https:\\\/\\\/ceric.ca\\\/wp-content\\\/uploads\\\/2023\\\/03\\\/484633.png\",\"articleSection\":[\"Apprentissage\",\"Webinaires\"],\"inLanguage\":\"fr-FR\"},{\"@type\":\"WebPage\",\"@id\":\"https:\\\/\\\/ceric.ca\\\/fr\\\/2023\\\/03\\\/la-feuille-de-route-des-pdc-pour-soutenir-efficacement-les-clients-neurodiversifies\\\/\",\"url\":\"https:\\\/\\\/ceric.ca\\\/fr\\\/2023\\\/03\\\/la-feuille-de-route-des-pdc-pour-soutenir-efficacement-les-clients-neurodiversifies\\\/\",\"name\":\"La feuille de route des PDC pour soutenir efficacement les clients neurodiversifi\u00e9s - CERIC\",\"isPartOf\":{\"@id\":\"https:\\\/\\\/ceric.ca\\\/#website\"},\"primaryImageOfPage\":{\"@id\":\"https:\\\/\\\/ceric.ca\\\/fr\\\/2023\\\/03\\\/la-feuille-de-route-des-pdc-pour-soutenir-efficacement-les-clients-neurodiversifies\\\/#primaryimage\"},\"image\":{\"@id\":\"https:\\\/\\\/ceric.ca\\\/fr\\\/2023\\\/03\\\/la-feuille-de-route-des-pdc-pour-soutenir-efficacement-les-clients-neurodiversifies\\\/#primaryimage\"},\"thumbnailUrl\":\"https:\\\/\\\/ceric.ca\\\/wp-content\\\/uploads\\\/2023\\\/03\\\/484633.png\",\"datePublished\":\"2023-03-06T20:03:00+00:00\",\"dateModified\":\"2023-04-12T13:46:29+00:00\",\"breadcrumb\":{\"@id\":\"https:\\\/\\\/ceric.ca\\\/fr\\\/2023\\\/03\\\/la-feuille-de-route-des-pdc-pour-soutenir-efficacement-les-clients-neurodiversifies\\\/#breadcrumb\"},\"inLanguage\":\"fr-FR\",\"potentialAction\":[{\"@type\":\"ReadAction\",\"target\":[\"https:\\\/\\\/ceric.ca\\\/fr\\\/2023\\\/03\\\/la-feuille-de-route-des-pdc-pour-soutenir-efficacement-les-clients-neurodiversifies\\\/\"]}]},{\"@type\":\"ImageObject\",\"inLanguage\":\"fr-FR\",\"@id\":\"https:\\\/\\\/ceric.ca\\\/fr\\\/2023\\\/03\\\/la-feuille-de-route-des-pdc-pour-soutenir-efficacement-les-clients-neurodiversifies\\\/#primaryimage\",\"url\":\"https:\\\/\\\/ceric.ca\\\/wp-content\\\/uploads\\\/2023\\\/03\\\/484633.png\",\"contentUrl\":\"https:\\\/\\\/ceric.ca\\\/wp-content\\\/uploads\\\/2023\\\/03\\\/484633.png\"},{\"@type\":\"BreadcrumbList\",\"@id\":\"https:\\\/\\\/ceric.ca\\\/fr\\\/2023\\\/03\\\/la-feuille-de-route-des-pdc-pour-soutenir-efficacement-les-clients-neurodiversifies\\\/#breadcrumb\",\"itemListElement\":[{\"@type\":\"ListItem\",\"position\":1,\"name\":\"Home\",\"item\":\"https:\\\/\\\/ceric.ca\\\/fr\\\/ceric-homepage-2025\\\/\"},{\"@type\":\"ListItem\",\"position\":2,\"name\":\"La feuille de route des PDC pour soutenir efficacement les clients neurodiversifi\u00e9s\"}]},{\"@type\":\"WebSite\",\"@id\":\"https:\\\/\\\/ceric.ca\\\/#website\",\"url\":\"https:\\\/\\\/ceric.ca\\\/\",\"name\":\"CERIC\",\"description\":\"\",\"publisher\":{\"@id\":\"https:\\\/\\\/ceric.ca\\\/#organization\"},\"potentialAction\":[{\"@type\":\"SearchAction\",\"target\":{\"@type\":\"EntryPoint\",\"urlTemplate\":\"https:\\\/\\\/ceric.ca\\\/?s={search_term_string}\"},\"query-input\":{\"@type\":\"PropertyValueSpecification\",\"valueRequired\":true,\"valueName\":\"search_term_string\"}}],\"inLanguage\":\"fr-FR\"},{\"@type\":\"Organization\",\"@id\":\"https:\\\/\\\/ceric.ca\\\/#organization\",\"name\":\"CERIC\",\"url\":\"https:\\\/\\\/ceric.ca\\\/\",\"logo\":{\"@type\":\"ImageObject\",\"inLanguage\":\"fr-FR\",\"@id\":\"https:\\\/\\\/ceric.ca\\\/#\\\/schema\\\/logo\\\/image\\\/\",\"url\":\"\",\"contentUrl\":\"\",\"caption\":\"CERIC\"},\"image\":{\"@id\":\"https:\\\/\\\/ceric.ca\\\/#\\\/schema\\\/logo\\\/image\\\/\"}},{\"@type\":\"Person\",\"@id\":\"https:\\\/\\\/ceric.ca\\\/#\\\/schema\\\/person\\\/2e3faddf54acfac0d88b9ce185094d00\",\"name\":\"Rachel So\",\"image\":{\"@type\":\"ImageObject\",\"inLanguage\":\"fr-FR\",\"@id\":\"https:\\\/\\\/secure.gravatar.com\\\/avatar\\\/4c40c9aaacb6f176dbd977bdf43366708b68bdf16dc927d1e222e96783b5a9bc?s=96&d=blank&r=g\",\"url\":\"https:\\\/\\\/secure.gravatar.com\\\/avatar\\\/4c40c9aaacb6f176dbd977bdf43366708b68bdf16dc927d1e222e96783b5a9bc?s=96&d=blank&r=g\",\"contentUrl\":\"https:\\\/\\\/secure.gravatar.com\\\/avatar\\\/4c40c9aaacb6f176dbd977bdf43366708b68bdf16dc927d1e222e96783b5a9bc?s=96&d=blank&r=g\",\"caption\":\"Rachel So\"},\"url\":\"https:\\\/\\\/ceric.ca\\\/fr\\\/author\\\/rachel\\\/\"}]}<\/script>\n<!-- \/ Yoast SEO Premium plugin. -->","yoast_head_json":{"title":"La feuille de route des PDC pour soutenir efficacement les clients neurodiversifi\u00e9s - CERIC","robots":{"index":"index","follow":"follow","max-snippet":"max-snippet:-1","max-image-preview":"max-image-preview:large","max-video-preview":"max-video-preview:-1"},"canonical":"https:\/\/ceric.ca\/fr\/2023\/03\/la-feuille-de-route-des-pdc-pour-soutenir-efficacement-les-clients-neurodiversifies\/","og_locale":"fr_FR","og_type":"article","og_title":"La feuille de route des PDC pour soutenir efficacement les clients neurodiversifi\u00e9s","og_description":"[vc_row][vc_column][\/vc_column][\/vc_row][vc_row][vc_column width=\u00a0\u00bb1\/2&Prime;][vc_column_text] \u00a0 Pr\u00e9sentatrice :\u00a0Sarah Taylor, consultante principale de Next Level ASD Dates : Le mercredi 3 mai 2023 Le mercredi 10 mai 2023 Le mercredi [\u2026]","og_url":"https:\/\/ceric.ca\/fr\/2023\/03\/la-feuille-de-route-des-pdc-pour-soutenir-efficacement-les-clients-neurodiversifies\/","og_site_name":"CERIC","article_published_time":"2023-03-06T20:03:00+00:00","article_modified_time":"2023-04-12T13:46:29+00:00","og_image":[{"url":"https:\/\/ceric.ca\/wp-content\/uploads\/2023\/03\/484633.png","type":"","width":"","height":""}],"author":"Rachel So","twitter_card":"summary_large_image","twitter_misc":{"\u00c9crit par":"Rachel So","Dur\u00e9e de lecture estim\u00e9e":"8 minutes"},"schema":{"@context":"https:\/\/schema.org","@graph":[{"@type":"Article","@id":"https:\/\/ceric.ca\/fr\/2023\/03\/la-feuille-de-route-des-pdc-pour-soutenir-efficacement-les-clients-neurodiversifies\/#article","isPartOf":{"@id":"https:\/\/ceric.ca\/fr\/2023\/03\/la-feuille-de-route-des-pdc-pour-soutenir-efficacement-les-clients-neurodiversifies\/"},"author":{"name":"Rachel So","@id":"https:\/\/ceric.ca\/#\/schema\/person\/2e3faddf54acfac0d88b9ce185094d00"},"headline":"La feuille de route des PDC pour soutenir efficacement les clients neurodiversifi\u00e9s","datePublished":"2023-03-06T20:03:00+00:00","dateModified":"2023-04-12T13:46:29+00:00","mainEntityOfPage":{"@id":"https:\/\/ceric.ca\/fr\/2023\/03\/la-feuille-de-route-des-pdc-pour-soutenir-efficacement-les-clients-neurodiversifies\/"},"wordCount":2361,"publisher":{"@id":"https:\/\/ceric.ca\/#organization"},"image":{"@id":"https:\/\/ceric.ca\/fr\/2023\/03\/la-feuille-de-route-des-pdc-pour-soutenir-efficacement-les-clients-neurodiversifies\/#primaryimage"},"thumbnailUrl":"https:\/\/ceric.ca\/wp-content\/uploads\/2023\/03\/484633.png","articleSection":["Apprentissage","Webinaires"],"inLanguage":"fr-FR"},{"@type":"WebPage","@id":"https:\/\/ceric.ca\/fr\/2023\/03\/la-feuille-de-route-des-pdc-pour-soutenir-efficacement-les-clients-neurodiversifies\/","url":"https:\/\/ceric.ca\/fr\/2023\/03\/la-feuille-de-route-des-pdc-pour-soutenir-efficacement-les-clients-neurodiversifies\/","name":"La feuille de route des PDC pour soutenir efficacement les clients neurodiversifi\u00e9s - CERIC","isPartOf":{"@id":"https:\/\/ceric.ca\/#website"},"primaryImageOfPage":{"@id":"https:\/\/ceric.ca\/fr\/2023\/03\/la-feuille-de-route-des-pdc-pour-soutenir-efficacement-les-clients-neurodiversifies\/#primaryimage"},"image":{"@id":"https:\/\/ceric.ca\/fr\/2023\/03\/la-feuille-de-route-des-pdc-pour-soutenir-efficacement-les-clients-neurodiversifies\/#primaryimage"},"thumbnailUrl":"https:\/\/ceric.ca\/wp-content\/uploads\/2023\/03\/484633.png","datePublished":"2023-03-06T20:03:00+00:00","dateModified":"2023-04-12T13:46:29+00:00","breadcrumb":{"@id":"https:\/\/ceric.ca\/fr\/2023\/03\/la-feuille-de-route-des-pdc-pour-soutenir-efficacement-les-clients-neurodiversifies\/#breadcrumb"},"inLanguage":"fr-FR","potentialAction":[{"@type":"ReadAction","target":["https:\/\/ceric.ca\/fr\/2023\/03\/la-feuille-de-route-des-pdc-pour-soutenir-efficacement-les-clients-neurodiversifies\/"]}]},{"@type":"ImageObject","inLanguage":"fr-FR","@id":"https:\/\/ceric.ca\/fr\/2023\/03\/la-feuille-de-route-des-pdc-pour-soutenir-efficacement-les-clients-neurodiversifies\/#primaryimage","url":"https:\/\/ceric.ca\/wp-content\/uploads\/2023\/03\/484633.png","contentUrl":"https:\/\/ceric.ca\/wp-content\/uploads\/2023\/03\/484633.png"},{"@type":"BreadcrumbList","@id":"https:\/\/ceric.ca\/fr\/2023\/03\/la-feuille-de-route-des-pdc-pour-soutenir-efficacement-les-clients-neurodiversifies\/#breadcrumb","itemListElement":[{"@type":"ListItem","position":1,"name":"Home","item":"https:\/\/ceric.ca\/fr\/ceric-homepage-2025\/"},{"@type":"ListItem","position":2,"name":"La feuille de route des PDC pour soutenir efficacement les clients neurodiversifi\u00e9s"}]},{"@type":"WebSite","@id":"https:\/\/ceric.ca\/#website","url":"https:\/\/ceric.ca\/","name":"CERIC","description":"","publisher":{"@id":"https:\/\/ceric.ca\/#organization"},"potentialAction":[{"@type":"SearchAction","target":{"@type":"EntryPoint","urlTemplate":"https:\/\/ceric.ca\/?s={search_term_string}"},"query-input":{"@type":"PropertyValueSpecification","valueRequired":true,"valueName":"search_term_string"}}],"inLanguage":"fr-FR"},{"@type":"Organization","@id":"https:\/\/ceric.ca\/#organization","name":"CERIC","url":"https:\/\/ceric.ca\/","logo":{"@type":"ImageObject","inLanguage":"fr-FR","@id":"https:\/\/ceric.ca\/#\/schema\/logo\/image\/","url":"","contentUrl":"","caption":"CERIC"},"image":{"@id":"https:\/\/ceric.ca\/#\/schema\/logo\/image\/"}},{"@type":"Person","@id":"https:\/\/ceric.ca\/#\/schema\/person\/2e3faddf54acfac0d88b9ce185094d00","name":"Rachel So","image":{"@type":"ImageObject","inLanguage":"fr-FR","@id":"https:\/\/secure.gravatar.com\/avatar\/4c40c9aaacb6f176dbd977bdf43366708b68bdf16dc927d1e222e96783b5a9bc?s=96&d=blank&r=g","url":"https:\/\/secure.gravatar.com\/avatar\/4c40c9aaacb6f176dbd977bdf43366708b68bdf16dc927d1e222e96783b5a9bc?s=96&d=blank&r=g","contentUrl":"https:\/\/secure.gravatar.com\/avatar\/4c40c9aaacb6f176dbd977bdf43366708b68bdf16dc927d1e222e96783b5a9bc?s=96&d=blank&r=g","caption":"Rachel So"},"url":"https:\/\/ceric.ca\/fr\/author\/rachel\/"}]}},"_links":{"self":[{"href":"https:\/\/ceric.ca\/fr\/wp-json\/wp\/v2\/posts\/59196","targetHints":{"allow":["GET"]}}],"collection":[{"href":"https:\/\/ceric.ca\/fr\/wp-json\/wp\/v2\/posts"}],"about":[{"href":"https:\/\/ceric.ca\/fr\/wp-json\/wp\/v2\/types\/post"}],"author":[{"embeddable":true,"href":"https:\/\/ceric.ca\/fr\/wp-json\/wp\/v2\/users\/30"}],"replies":[{"embeddable":true,"href":"https:\/\/ceric.ca\/fr\/wp-json\/wp\/v2\/comments?post=59196"}],"version-history":[{"count":0,"href":"https:\/\/ceric.ca\/fr\/wp-json\/wp\/v2\/posts\/59196\/revisions"}],"wp:attachment":[{"href":"https:\/\/ceric.ca\/fr\/wp-json\/wp\/v2\/media?parent=59196"}],"wp:term":[{"taxonomy":"category","embeddable":true,"href":"https:\/\/ceric.ca\/fr\/wp-json\/wp\/v2\/categories?post=59196"},{"taxonomy":"post_tag","embeddable":true,"href":"https:\/\/ceric.ca\/fr\/wp-json\/wp\/v2\/tags?post=59196"}],"curies":[{"name":"wp","href":"https:\/\/api.w.org\/{rel}","templated":true}]}}