{"id":61230,"date":"2023-08-10T16:51:33","date_gmt":"2023-08-10T20:51:33","guid":{"rendered":"https:\/\/ceric.ca\/?p=61230"},"modified":"2023-08-24T18:24:26","modified_gmt":"2023-08-24T22:24:26","slug":"annonce-des-webinaires-dautomne-lancer-sa-pratique-privee-matrice-act-accompagnement-des-refugies-faiblement-scolarises-et-bien-plus-encore","status":"publish","type":"post","link":"https:\/\/ceric.ca\/fr\/2023\/08\/annonce-des-webinaires-dautomne-lancer-sa-pratique-privee-matrice-act-accompagnement-des-refugies-faiblement-scolarises-et-bien-plus-encore\/","title":{"rendered":"Annonce des webinaires d&rsquo;automne : lancer sa pratique priv\u00e9e, matrice ACT, accompagnement des r\u00e9fugi\u00e9s faiblement scolaris\u00e9s et bien plus encore"},"content":{"rendered":"<p>Le CERIC, et ses associations partenaires, offriront de nombreuses s\u00e9ries de webinaires au cours des prochains mois afin d&rsquo;appuyer la communaut\u00e9 du d\u00e9veloppement de carri\u00e8re sur une gamme de sujets d&rsquo;actualit\u00e9. Jetez un coup d&rsquo;\u0153il \u00e0 notre liste compl\u00e8te et profitez des sous-titres en direct g\u00e9n\u00e9r\u00e9s par Zoom AI, disponibles en plusieurs langues, y compris le fran\u00e7ais et l\u2019anglais, pour chaque s\u00e9rie de webinaires.<\/p>\n<ul>\n<li><a href=\"https:\/\/ceric.ca\/fr\/2023\/08\/en-anglais-global-perspectives-in-career-development-empowering-your-inclusive-practice-through-indigenous-knowledge-and-worldview\/\">Perspectives mondiales en d\u00e9veloppement de carri\u00e8re : renforcer votre pratique inclusive gr\u00e2ce aux connaissances et aux visions autochtones<\/a> (en anglais) | <strong>Lundis, 18 &amp; 25 septembre 2023<\/strong> | Victoria Grant, Trina\u202fMaher, Lynette Reid &amp; Peter Apulu | En partenariat avec <a href=\"https:\/\/cdanz.org.nz\/\" target=\"_blank\" rel=\"noopener\">CDANZ<\/a><\/li>\n<\/ul>\n<p>Les peuples autochtones repr\u00e9sentent environ 5 % de la population mondiale, mais 15 % des pauvres de la plan\u00e8te. Les peuples autochtones sont \u00e9galement plus susceptibles de rencontrer des obstacles \u00e0 l&rsquo;entr\u00e9e sur le march\u00e9 du travail en raison du racisme, des pr\u00e9jug\u00e9s inconscients et de la discrimination. Les professionnels de l&rsquo;orientation professionnelle bien intentionn\u00e9s ne savent donc pas comment aider au mieux leurs clients.<\/p>\n<p>Cette s\u00e9rie de webinaires\u00a0<strong>gratuite<\/strong>\u00a0sera l&rsquo;occasion d&rsquo;entendre des professionnels autochtones inspirants de Nouvelle-Z\u00e9lande et du Canada, qui partageront leur parcours dans le domaine du d\u00e9veloppement de carri\u00e8re et leurs perspectives sur les approches culturelles du d\u00e9veloppement de carri\u00e8re autochtone.<\/p>\n<ul>\n<li><a href=\"https:\/\/ceric.ca\/2023\/07\/unlocking-potential-with-the-change-it-up-approach\/\">Lib\u00e9rer le potentiel avec l&rsquo;approche Change It Up : une d\u00e9marche holistique et ax\u00e9e sur les forces pour le d\u00e9veloppement de carri\u00e8re<\/a> (en anglais) | <strong>Lundi 16 octobre 2023 <\/strong>| Heather MacTaggart<\/li>\n<\/ul>\n<p>En tant que professionnels de l&rsquo;orientation, que ce soit dans le cadre de s\u00e9ances individuelles ou collectives, nous interagissons avec diff\u00e9rents clients, y compris ceux qui pr\u00e9sentent des obstacles multiples ou des besoins divers. Ces clients ou \u00e9tudiants peuvent avoir besoin de strat\u00e9gies et de techniques suppl\u00e9mentaires pour se prendre en charge et r\u00e9ussir leur carri\u00e8re et leur parcours \u00e9ducatif.\u00a0L&rsquo;approche\u00a0<em>Change It Up\u00a0<\/em>(CiU), bas\u00e9e sur des d\u00e9cennies de recherche, int\u00e8gre les principes Fab 5 : pratique, centr\u00e9 sur l&rsquo;apprenant, holistique, bas\u00e9 sur la force et conscient des traumatismes.<\/p>\n<p>Ce webinaire\u00a0<strong>gratuit<\/strong>\u00a0vous pr\u00e9sentera l&rsquo;approche CiU de l&rsquo;orientation et de l&rsquo;enseignement et vous donnera l&rsquo;occasion d&rsquo;explorer le \u00ab\u00a0comment\u00a0\u00bb du travail dans le domaine de l&rsquo;orientation professionnelle.<\/p>\n<ul>\n<li><a href=\"https:\/\/ceric.ca\/fr\/2023\/07\/lentrepreneuriat-en-tant-que-praticien-de-carriere-se-lancer-incarner-stabiliser-et-vivre-de-sa-pratique-privee\/\">L\u2019entrepreneuriat en tant que praticien de carri\u00e8re : se lancer, incarner, stabiliser et vivre de sa pratique priv\u00e9e<\/a> | <strong>Mercredis, 1er, 8, 15 &amp; 22 novembre 2023<\/strong> | Maxime Dumais | En partenariat avec <a href=\"https:\/\/www.aqpddc.com\/\" target=\"_blank\" rel=\"noopener\">AQPDDC<\/a><\/li>\n<\/ul>\n<p>L\u2019entrepreneuriat en d\u00e9veloppement de carri\u00e8re, souvent abord\u00e9 en tant que solopreneur, peut \u00eatre per\u00e7u comme un r\u00eave aux apparences innacessibles.\u00a0Alors, comment fait-on pour se lancer en pratique priv\u00e9e? Quels sont les types de mandats que les conseillers peuvent avoir? Quels sont les enjeux que les gens rencontrent? Quels sont les outils et ressources incontournables afin de pr\u00e9server sa sant\u00e9 mentale? Comment conjuguer son r\u00f4le d\u2019intervenant et celui d\u2019entrepreneur?<\/p>\n<p>Cette s\u00e9rie de webinaire vise \u00e0 pr\u00e9parer et sensibiliser les professionnel.les du d\u00e9veloppement de carri\u00e8re qui r\u00eavent de se lancer en pratique priv\u00e9e.<\/p>\n<p>Les quatre sessions de cette s\u00e9rie serviront de guide \u00e0 la pratique priv\u00e9e et aborderont des \u00e9l\u00e9ments clefs tels que les mythes et r\u00e9alit\u00e9 du travail autonome, le recrutement efficace de client.e.s, les r\u00e8gles \u00e9thiques et d\u00e9ontologiques, les strat\u00e9gies de marketing et de communications et les outils de travail incontournable.<\/p>\n<ul>\n<li><a href=\"https:\/\/ceric.ca\/2023\/07\/dismantling-the-impact-of-unconscious-bias-on-job-searching-mental-health-and-career-services\/\">\u00c9liminer l\u2019impact des pr\u00e9jug\u00e9s inconscients sur la recherche d\u2019emploi, la sant\u00e9 mentale et les services d\u2019orientation professionnelle<\/a> (en anglais) | <strong>Jeudis, 7, 14 &amp; 21 novembre 2023 <\/strong>| Lakeisha Mathews, EdD<\/li>\n<\/ul>\n<p>Malgr\u00e9 le nombre croissant de plans d&#8217;embauche ax\u00e9s sur la diversit\u00e9 dans divers secteurs, les demandeurs d&#8217;emploi s&rsquo;inqui\u00e8tent toujours des pr\u00e9jug\u00e9s \u00e0 l&#8217;embauche.\u202fEn outre, il a \u00e9t\u00e9 prouv\u00e9 que les pr\u00e9jug\u00e9s \u00e0 l&#8217;embauche ont un impact n\u00e9gatif sur le bien-\u00eatre et la sant\u00e9 mentale des travailleurs. Cela cr\u00e9e des obstacles plus importants \u00e0 la r\u00e9ussite professionnelle, en particulier pour les groupes sous-repr\u00e9sent\u00e9s.<\/p>\n<p>Cette nouvelle s\u00e9rie de webinaires explorera les impacts profonds des pr\u00e9jug\u00e9s implicites sur la recherche d&#8217;emploi et le bien-\u00eatre des travailleurs. Elle fournira \u00e9galement aux professionnels du d\u00e9veloppement de carri\u00e8re les outils et les connaissances n\u00e9cessaires pour renforcer leurs comp\u00e9tences multiculturelles. Les participants quitteront la s\u00e9rie \u00e9quip\u00e9s pour d\u00e9fendre efficacement leurs clients et leur apporter un meilleur soutien tout au long de leur parcours professionnel.<\/p>\n<ul>\n<li><a href=\"https:\/\/ceric.ca\/fr\/2023\/06\/integrer-la-matrice-de-lact-a-s\/\">Int\u00e9grer la matrice de l\u2019ACT (approche d\u2019acceptation et d\u2019engagement) pour mobiliser et soutenir vos clients vers l\u2019atteinte de leurs objectifs de vie et de carri\u00e8re<\/a> | <strong>Jeudis, 16, 23 et 30 novembre 2023<\/strong>\u00a0| Fr\u00e9d\u00e9ric Piot | En partenariat avec <a href=\"https:\/\/www.orientation.qc.ca\/\" target=\"_blank\" rel=\"noopener\">OCCOQ<\/a><\/li>\n<\/ul>\n<p>Bon nombre d\u2019individus qui consultent pour des services en counseling de carri\u00e8re vivent de la d\u00e9tresse sur le plan psychologique en relation avec, notamment, des difficult\u00e9s de prise de d\u00e9cision. Les craintes, les doutes, le stress et parfois l\u2019anxi\u00e9t\u00e9 qui les envahissent tendent \u00e0 les bloquer dans leur capacit\u00e9 \u00e0 se mobiliser et \u00e0 faire des choix.\u00a0Face \u00e0 cela, les intervenants qui ont pour r\u00f4le de les aider peuvent eux-m\u00eames se sentir impuissants et en manque d\u2019outils concrets et efficaces pour mobiliser et soutenir leurs clients.<\/p>\n<p>L\u2019approche d\u2019acceptation et d\u2019engagement (ACT) repr\u00e9sente une approche scientifique rigoureuse dont l\u2019efficacit\u00e9, av\u00e9r\u00e9e, est fond\u00e9e sur des donn\u00e9es probantes. Cette approche offre des pistes d\u2019interventions concr\u00e8tes (par exemple \u00e0 travers la matrice) que les intervenants du counseling de carri\u00e8re peuvent aussi bien appliquer aupr\u00e8s de leurs clients afin de les orienter et de les soutenir dans l\u2019atteinte de leurs objectifs de vie et de carri\u00e8re, que pour eux-m\u00eames afin de prendre soin de leur r\u00f4le d\u2019intervenant et surmonter les d\u00e9fis propres \u00e0 notre pratique, notamment aupr\u00e8s de client\u00e8les difficiles.<\/p>\n<p>L&rsquo;OCCOQ reconna\u00eet cette s\u00e9rie de webinaires comme <strong>trois heures<\/strong>\u00a0de formation continue.<\/p>\n<ul>\n<li><a href=\"https:\/\/ceric.ca\/fr\/2023\/08\/laccompagnement-visant-lintegration-des-personnes-refugiees-faiblement-scolarisees-une-perspective-interculturelle-en-orientation\/\">L\u2019accompagnement visant l\u2019int\u00e9gration des personnes r\u00e9fugi\u00e9es faiblement scolaris\u00e9es : une perspective interculturelle en orientation\u00a0<\/a>(en fran\u00e7ais)| <strong>Vendredi 24 novembre 2023 <\/strong>| Marcelline Bangali, Patricia Dionne, Liette Goyer, Annie Gourde et Julie Morissette<\/li>\n<\/ul>\n<p>Le nombre de personnes r\u00e9fugi\u00e9es admis au Canada\u00a0(particuli\u00e8rement au Qu\u00e9bec)\u00a0est appel\u00e9 \u00e0 augmenter dans les prochaines ann\u00e9es. Les personnes conseill\u00e8res\u00a0ont \u00e0 comprendre la r\u00e9alit\u00e9 de ces personnes afin de pouvoir les accompagner dans le d\u00e9veloppement d\u2019un projet d\u2019int\u00e9gration sociale et professionnelle.\u00a0Cependant, le personnel\u00a0responsable de leur accompagnement en orientation se trouve souvent d\u00e9muni, car la majorit\u00e9 des \u00e9tudes r\u00e9alis\u00e9es dans ce domaine l\u2019ont \u00e9t\u00e9 aupr\u00e8s de la cat\u00e9gorie de personnes immigrantes qualifi\u00e9es.<\/p>\n<p>En r\u00e9ponse \u00e0 ce besoin,\u00a0<a href=\"https:\/\/ceric.ca\/fr\/projets\/concevoir-des-prestations-de-services-axees-sur-lutilisateur-proposition-dune-demarche-constructiviste\/\">le CERIC a financ\u00e9 un projet<\/a>\u00a0qui a abouti \u00e0 l\u2019\u00e9laboration d\u2019un guide &#8211;\u00a0bient\u00f4t disponible &#8211;\u00a0afin de bien comprendre la r\u00e9alit\u00e9 des personnes r\u00e9fugi\u00e9es faiblement scolaris\u00e9es, d\u2018\u00eatre en mesure de concevoir l\u2019intervention\u00a0en orientation\u00a0et de les accompagner selon leur r\u00e9alit\u00e9 et leurs objectifs\u00a0mais aussi de soutenir le\u00a0d\u00e9veloppement de comp\u00e9tences d\u2019intervention interculturelle chez les personnes conseill\u00e8res.<\/p>\n<p>Dans ce webinaire\u00a0<strong>gratuit<\/strong>, nous explorerons les d\u00e9fis auxquels sont confront\u00e9s les\u00a0personnes r\u00e9fugi\u00e9es faiblement scolaris\u00e9es, en nous penchant sur leurs exp\u00e9riences. Nous analyserons ensuite les diff\u00e9rences culturelles et les comp\u00e9tences interculturelles essentielles pour une orientation efficace. Le webinaire vise \u00e0 \u00e9quiper les professionnels de l&rsquo;orientation pour travailler avec les r\u00e9fugi\u00e9s, en offrant des outils pratiques et un guide d&rsquo;intervention pour l&rsquo;orientation individuelle et de groupe.<\/p>\n<p>Les webinaires du CERIC sont d\u00e9sormais h\u00e9berg\u00e9s via la plateforme d&rsquo;\u00e9v\u00e9nements Zoom afin d&rsquo;offrir des opportunit\u00e9s d&rsquo;apprentissage et de r\u00e9seautage plus interactives. Les participants auront acc\u00e8s \u00e0 un lobby o\u00f9 ils pourront interagir avec d&rsquo;autres participants avant, entre et apr\u00e8s les s\u00e9ances, ainsi qu&rsquo;\u00e0 de nombreuses options d&rsquo;interaction pendant les webinaires en direct. Une <a href=\"https:\/\/ceric.ca\/fr\/evenements\/webinaires\/faq-webinaires\/\">FAQ<\/a> r\u00e9pond \u00e0 toutes les questions techniques. Les webinaires payants seront enregistr\u00e9s et des certificats de participation individuels seront remis \u00e0 tous les participants inscrits qui auront assist\u00e9 aux webinaires en direct.<\/p>\n<p>Le CERIC s\u2019associe avec des associations et des organisations \u00e0 travers le Canada et au-del\u00e0 pour pr\u00e9senter des webinaires qui offrent un d\u00e9veloppement professionnel abordable. Auparavant, le CERIC a \u00e9galement travaill\u00e9 avec l\u2019<a href=\"https:\/\/www.ccpa-accp.ca\/fr\/\" target=\"_blank\" rel=\"noopener\">Association canadienne de counseling et de psychoth\u00e9rapie<\/a>, <a href=\"https:\/\/www.cacee.com\/index_Fr.html\" target=\"_blank\" rel=\"noopener\">Association canadienne des sp\u00e9cialistes en emploi et des employeurs<\/a>, <a href=\"https:\/\/supportedemployment.ca\/fr\/\" target=\"_blank\" rel=\"noopener\">Association canadienne pour l&#8217;emploi soutenu<\/a>, <a href=\"https:\/\/osca.ca\/fr\/\" target=\"_blank\" rel=\"noopener\">Association des conseillers scolaires de l\u2019Ontario<\/a>,\u00a0<a href=\"https:\/\/aspect.bc.ca\/\" target=\"_blank\" rel=\"noopener\">Association of Service Providers for Employability and Career Training BC<\/a>, <a href=\"http:\/\/www.nbcdag-gadcnb.ca\/\" target=\"_blank\" rel=\"noopener\">Association pour le d\u00e9veloppement de carri\u00e8re au Nouveau-Brunswick<\/a>,\u00a0<a href=\"https:\/\/www.bccda.org\/%22%20\/t%20%22_blank\" target=\"_blank\" rel=\"noopener\">BC Career Development Association<\/a>,\u00a0<a href=\"https:\/\/www.careerdevelopment.ab.ca\/\" target=\"_blank\" rel=\"noopener\">Career Development Association of Alberta<\/a>, <a href=\"https:\/\/careerprocanada.ca\/\" target=\"_blank\" rel=\"noopener\">Career Professionals of Canada<\/a>, <a href=\"https:\/\/lmic-cimt.ca\/fr\/\" target=\"_blank\" rel=\"noopener\">Conseil de l\u2019information sur le march\u00e9 du travail,<\/a>\u00a0<a href=\"https:\/\/www.cewilcanada.ca\/cewil-fr\" target=\"_blank\" rel=\"noopener\">Enseignement coop\u00e9ratif et apprentissage int\u00e9gr\u00e9 au travail<\/a>,\u00a0<a href=\"https:\/\/ewo.ca\/\" target=\"_blank\" rel=\"noopener\">Experiential and Work-Integrated Learning Ontario<\/a>,\u00a0<a href=\"https:\/\/firstwork.org\/\" target=\"_blank\" rel=\"noopener\">First Work<\/a>,\u00a0<a href=\"https:\/\/nscda.ca\/\" target=\"_blank\" rel=\"noopener\">Nova Scotia Career Development Association<\/a>,\u00a0<a href=\"https:\/\/www.ontarioassociationofcareermanagement.org\/\" target=\"_blank\" rel=\"noopener\">Ontario Association of Career Management,<\/a> <a href=\"https:\/\/www.vracanada.com\/\" target=\"_blank\" rel=\"noopener\">Vocational Rehabilitation Association (Canada)<\/a>, et l\u2019organisation am\u00e9ricaine\u00a0<a href=\"https:\/\/www.ncda.org\/aws\/NCDA\/pt\/sp\/home_page\" target=\"_blank\" rel=\"noopener\">National Career Development Association<\/a>.<\/p>\n","protected":false},"excerpt":{"rendered":"<p>Le CERIC, et ses associations partenaires, offriront de nombreuses s\u00e9ries de webinaires au cours des prochains mois afin d&rsquo;appuyer la communaut\u00e9 du d\u00e9veloppement de carri\u00e8re sur<span class=\"excerpt-hellip\"> [\u2026]<\/span><\/p>\n","protected":false},"author":30,"featured_media":61234,"comment_status":"closed","ping_status":"closed","sticky":false,"template":"","format":"standard","meta":{"h5ap_radio_sources":[],"footnotes":""},"categories":[1164,32],"tags":[],"class_list":["post-61230","post","type-post","status-publish","format-standard","has-post-thumbnail","hentry","category-aout-fr-3","category-nouvelles"],"yoast_head":"<!-- This site is optimized with the Yoast SEO Premium plugin v27.4 (Yoast SEO v27.4) - https:\/\/yoast.com\/product\/yoast-seo-premium-wordpress\/ -->\n<title>Annonce des webinaires d&#039;automne : lancer sa pratique priv\u00e9e, matrice ACT, accompagnement des r\u00e9fugi\u00e9s faiblement scolaris\u00e9s et bien plus encore - CERIC<\/title>\n<meta name=\"description\" content=\"Annonce des webinaires d&#039;automne 2023 du CERIC: lancer sa pratique priv\u00e9e, matrice ACT, int\u00e9gration des r\u00e9fugi\u00e9s faiblement scolaris\u00e9s, et bien plus encore\" \/>\n<meta name=\"robots\" content=\"index, follow, max-snippet:-1, max-image-preview:large, max-video-preview:-1\" \/>\n<link rel=\"canonical\" href=\"https:\/\/ceric.ca\/fr\/2023\/08\/annonce-des-webinaires-dautomne-lancer-sa-pratique-privee-matrice-act-accompagnement-des-refugies-faiblement-scolarises-et-bien-plus-encore\/\" \/>\n<meta property=\"og:locale\" content=\"fr_FR\" \/>\n<meta property=\"og:type\" content=\"article\" \/>\n<meta property=\"og:title\" content=\"Annonce des webinaires d&#039;automne : lancer sa pratique priv\u00e9e, matrice ACT, accompagnement des r\u00e9fugi\u00e9s faiblement scolaris\u00e9s et bien plus encore\" \/>\n<meta property=\"og:description\" content=\"Annonce des webinaires d&#039;automne 2023 du CERIC: lancer sa pratique priv\u00e9e, matrice ACT, int\u00e9gration des r\u00e9fugi\u00e9s faiblement scolaris\u00e9s, et bien plus encore\" \/>\n<meta property=\"og:url\" content=\"https:\/\/ceric.ca\/fr\/2023\/08\/annonce-des-webinaires-dautomne-lancer-sa-pratique-privee-matrice-act-accompagnement-des-refugies-faiblement-scolarises-et-bien-plus-encore\/\" \/>\n<meta property=\"og:site_name\" content=\"CERIC\" \/>\n<meta property=\"article:published_time\" content=\"2023-08-10T20:51:33+00:00\" \/>\n<meta property=\"article:modified_time\" content=\"2023-08-24T22:24:26+00:00\" \/>\n<meta property=\"og:image\" content=\"https:\/\/ceric.ca\/wp-content\/uploads\/2023\/08\/News-Fall-Webinars-FR.png\" \/>\n\t<meta property=\"og:image:width\" content=\"600\" \/>\n\t<meta property=\"og:image:height\" content=\"430\" \/>\n\t<meta property=\"og:image:type\" content=\"image\/png\" \/>\n<meta name=\"author\" content=\"Rachel So\" \/>\n<meta name=\"twitter:card\" content=\"summary_large_image\" \/>\n<meta name=\"twitter:label1\" content=\"\u00c9crit par\" \/>\n\t<meta name=\"twitter:data1\" content=\"Rachel So\" \/>\n\t<meta name=\"twitter:label2\" content=\"Dur\u00e9e de lecture estim\u00e9e\" \/>\n\t<meta name=\"twitter:data2\" content=\"7 minutes\" \/>\n<script type=\"application\/ld+json\" class=\"yoast-schema-graph\">{\"@context\":\"https:\\\/\\\/schema.org\",\"@graph\":[{\"@type\":\"Article\",\"@id\":\"https:\\\/\\\/ceric.ca\\\/fr\\\/2023\\\/08\\\/annonce-des-webinaires-dautomne-lancer-sa-pratique-privee-matrice-act-accompagnement-des-refugies-faiblement-scolarises-et-bien-plus-encore\\\/#article\",\"isPartOf\":{\"@id\":\"https:\\\/\\\/ceric.ca\\\/fr\\\/2023\\\/08\\\/annonce-des-webinaires-dautomne-lancer-sa-pratique-privee-matrice-act-accompagnement-des-refugies-faiblement-scolarises-et-bien-plus-encore\\\/\"},\"author\":{\"name\":\"Rachel So\",\"@id\":\"https:\\\/\\\/ceric.ca\\\/#\\\/schema\\\/person\\\/2e3faddf54acfac0d88b9ce185094d00\"},\"headline\":\"Annonce des webinaires d&rsquo;automne : lancer sa pratique priv\u00e9e, matrice ACT, accompagnement des r\u00e9fugi\u00e9s faiblement scolaris\u00e9s et bien plus encore\",\"datePublished\":\"2023-08-10T20:51:33+00:00\",\"dateModified\":\"2023-08-24T22:24:26+00:00\",\"mainEntityOfPage\":{\"@id\":\"https:\\\/\\\/ceric.ca\\\/fr\\\/2023\\\/08\\\/annonce-des-webinaires-dautomne-lancer-sa-pratique-privee-matrice-act-accompagnement-des-refugies-faiblement-scolarises-et-bien-plus-encore\\\/\"},\"wordCount\":1589,\"publisher\":{\"@id\":\"https:\\\/\\\/ceric.ca\\\/#organization\"},\"image\":{\"@id\":\"https:\\\/\\\/ceric.ca\\\/fr\\\/2023\\\/08\\\/annonce-des-webinaires-dautomne-lancer-sa-pratique-privee-matrice-act-accompagnement-des-refugies-faiblement-scolarises-et-bien-plus-encore\\\/#primaryimage\"},\"thumbnailUrl\":\"https:\\\/\\\/ceric.ca\\\/wp-content\\\/uploads\\\/2023\\\/08\\\/News-Fall-Webinars-FR.png\",\"articleSection\":[\"ao\u00fbt\",\"Nouvelles\"],\"inLanguage\":\"fr-FR\"},{\"@type\":\"WebPage\",\"@id\":\"https:\\\/\\\/ceric.ca\\\/fr\\\/2023\\\/08\\\/annonce-des-webinaires-dautomne-lancer-sa-pratique-privee-matrice-act-accompagnement-des-refugies-faiblement-scolarises-et-bien-plus-encore\\\/\",\"url\":\"https:\\\/\\\/ceric.ca\\\/fr\\\/2023\\\/08\\\/annonce-des-webinaires-dautomne-lancer-sa-pratique-privee-matrice-act-accompagnement-des-refugies-faiblement-scolarises-et-bien-plus-encore\\\/\",\"name\":\"Annonce des webinaires d'automne : lancer sa pratique priv\u00e9e, matrice ACT, accompagnement des r\u00e9fugi\u00e9s faiblement scolaris\u00e9s et bien plus encore - CERIC\",\"isPartOf\":{\"@id\":\"https:\\\/\\\/ceric.ca\\\/#website\"},\"primaryImageOfPage\":{\"@id\":\"https:\\\/\\\/ceric.ca\\\/fr\\\/2023\\\/08\\\/annonce-des-webinaires-dautomne-lancer-sa-pratique-privee-matrice-act-accompagnement-des-refugies-faiblement-scolarises-et-bien-plus-encore\\\/#primaryimage\"},\"image\":{\"@id\":\"https:\\\/\\\/ceric.ca\\\/fr\\\/2023\\\/08\\\/annonce-des-webinaires-dautomne-lancer-sa-pratique-privee-matrice-act-accompagnement-des-refugies-faiblement-scolarises-et-bien-plus-encore\\\/#primaryimage\"},\"thumbnailUrl\":\"https:\\\/\\\/ceric.ca\\\/wp-content\\\/uploads\\\/2023\\\/08\\\/News-Fall-Webinars-FR.png\",\"datePublished\":\"2023-08-10T20:51:33+00:00\",\"dateModified\":\"2023-08-24T22:24:26+00:00\",\"description\":\"Annonce des webinaires d'automne 2023 du CERIC: lancer sa pratique priv\u00e9e, matrice ACT, int\u00e9gration des r\u00e9fugi\u00e9s faiblement scolaris\u00e9s, et bien plus encore\",\"breadcrumb\":{\"@id\":\"https:\\\/\\\/ceric.ca\\\/fr\\\/2023\\\/08\\\/annonce-des-webinaires-dautomne-lancer-sa-pratique-privee-matrice-act-accompagnement-des-refugies-faiblement-scolarises-et-bien-plus-encore\\\/#breadcrumb\"},\"inLanguage\":\"fr-FR\",\"potentialAction\":[{\"@type\":\"ReadAction\",\"target\":[\"https:\\\/\\\/ceric.ca\\\/fr\\\/2023\\\/08\\\/annonce-des-webinaires-dautomne-lancer-sa-pratique-privee-matrice-act-accompagnement-des-refugies-faiblement-scolarises-et-bien-plus-encore\\\/\"]}]},{\"@type\":\"ImageObject\",\"inLanguage\":\"fr-FR\",\"@id\":\"https:\\\/\\\/ceric.ca\\\/fr\\\/2023\\\/08\\\/annonce-des-webinaires-dautomne-lancer-sa-pratique-privee-matrice-act-accompagnement-des-refugies-faiblement-scolarises-et-bien-plus-encore\\\/#primaryimage\",\"url\":\"https:\\\/\\\/ceric.ca\\\/wp-content\\\/uploads\\\/2023\\\/08\\\/News-Fall-Webinars-FR.png\",\"contentUrl\":\"https:\\\/\\\/ceric.ca\\\/wp-content\\\/uploads\\\/2023\\\/08\\\/News-Fall-Webinars-FR.png\",\"width\":600,\"height\":430},{\"@type\":\"BreadcrumbList\",\"@id\":\"https:\\\/\\\/ceric.ca\\\/fr\\\/2023\\\/08\\\/annonce-des-webinaires-dautomne-lancer-sa-pratique-privee-matrice-act-accompagnement-des-refugies-faiblement-scolarises-et-bien-plus-encore\\\/#breadcrumb\",\"itemListElement\":[{\"@type\":\"ListItem\",\"position\":1,\"name\":\"Home\",\"item\":\"https:\\\/\\\/ceric.ca\\\/fr\\\/ceric-homepage-2025\\\/\"},{\"@type\":\"ListItem\",\"position\":2,\"name\":\"Annonce des webinaires d&rsquo;automne : lancer sa pratique priv\u00e9e, matrice ACT, accompagnement des r\u00e9fugi\u00e9s faiblement scolaris\u00e9s et bien plus encore\"}]},{\"@type\":\"WebSite\",\"@id\":\"https:\\\/\\\/ceric.ca\\\/#website\",\"url\":\"https:\\\/\\\/ceric.ca\\\/\",\"name\":\"CERIC\",\"description\":\"\",\"publisher\":{\"@id\":\"https:\\\/\\\/ceric.ca\\\/#organization\"},\"potentialAction\":[{\"@type\":\"SearchAction\",\"target\":{\"@type\":\"EntryPoint\",\"urlTemplate\":\"https:\\\/\\\/ceric.ca\\\/?s={search_term_string}\"},\"query-input\":{\"@type\":\"PropertyValueSpecification\",\"valueRequired\":true,\"valueName\":\"search_term_string\"}}],\"inLanguage\":\"fr-FR\"},{\"@type\":\"Organization\",\"@id\":\"https:\\\/\\\/ceric.ca\\\/#organization\",\"name\":\"CERIC\",\"url\":\"https:\\\/\\\/ceric.ca\\\/\",\"logo\":{\"@type\":\"ImageObject\",\"inLanguage\":\"fr-FR\",\"@id\":\"https:\\\/\\\/ceric.ca\\\/#\\\/schema\\\/logo\\\/image\\\/\",\"url\":\"\",\"contentUrl\":\"\",\"caption\":\"CERIC\"},\"image\":{\"@id\":\"https:\\\/\\\/ceric.ca\\\/#\\\/schema\\\/logo\\\/image\\\/\"}},{\"@type\":\"Person\",\"@id\":\"https:\\\/\\\/ceric.ca\\\/#\\\/schema\\\/person\\\/2e3faddf54acfac0d88b9ce185094d00\",\"name\":\"Rachel So\",\"image\":{\"@type\":\"ImageObject\",\"inLanguage\":\"fr-FR\",\"@id\":\"https:\\\/\\\/secure.gravatar.com\\\/avatar\\\/4c40c9aaacb6f176dbd977bdf43366708b68bdf16dc927d1e222e96783b5a9bc?s=96&d=blank&r=g\",\"url\":\"https:\\\/\\\/secure.gravatar.com\\\/avatar\\\/4c40c9aaacb6f176dbd977bdf43366708b68bdf16dc927d1e222e96783b5a9bc?s=96&d=blank&r=g\",\"contentUrl\":\"https:\\\/\\\/secure.gravatar.com\\\/avatar\\\/4c40c9aaacb6f176dbd977bdf43366708b68bdf16dc927d1e222e96783b5a9bc?s=96&d=blank&r=g\",\"caption\":\"Rachel So\"},\"url\":\"https:\\\/\\\/ceric.ca\\\/fr\\\/author\\\/rachel\\\/\"}]}<\/script>\n<!-- \/ Yoast SEO Premium plugin. -->","yoast_head_json":{"title":"Annonce des webinaires d'automne : lancer sa pratique priv\u00e9e, matrice ACT, accompagnement des r\u00e9fugi\u00e9s faiblement scolaris\u00e9s et bien plus encore - CERIC","description":"Annonce des webinaires d'automne 2023 du CERIC: lancer sa pratique priv\u00e9e, matrice ACT, int\u00e9gration des r\u00e9fugi\u00e9s faiblement scolaris\u00e9s, et bien plus encore","robots":{"index":"index","follow":"follow","max-snippet":"max-snippet:-1","max-image-preview":"max-image-preview:large","max-video-preview":"max-video-preview:-1"},"canonical":"https:\/\/ceric.ca\/fr\/2023\/08\/annonce-des-webinaires-dautomne-lancer-sa-pratique-privee-matrice-act-accompagnement-des-refugies-faiblement-scolarises-et-bien-plus-encore\/","og_locale":"fr_FR","og_type":"article","og_title":"Annonce des webinaires d'automne : lancer sa pratique priv\u00e9e, matrice ACT, accompagnement des r\u00e9fugi\u00e9s faiblement scolaris\u00e9s et bien plus encore","og_description":"Annonce des webinaires d'automne 2023 du CERIC: lancer sa pratique priv\u00e9e, matrice ACT, int\u00e9gration des r\u00e9fugi\u00e9s faiblement scolaris\u00e9s, et bien plus encore","og_url":"https:\/\/ceric.ca\/fr\/2023\/08\/annonce-des-webinaires-dautomne-lancer-sa-pratique-privee-matrice-act-accompagnement-des-refugies-faiblement-scolarises-et-bien-plus-encore\/","og_site_name":"CERIC","article_published_time":"2023-08-10T20:51:33+00:00","article_modified_time":"2023-08-24T22:24:26+00:00","og_image":[{"width":600,"height":430,"url":"https:\/\/ceric.ca\/wp-content\/uploads\/2023\/08\/News-Fall-Webinars-FR.png","type":"image\/png"}],"author":"Rachel So","twitter_card":"summary_large_image","twitter_misc":{"\u00c9crit par":"Rachel So","Dur\u00e9e de lecture estim\u00e9e":"7 minutes"},"schema":{"@context":"https:\/\/schema.org","@graph":[{"@type":"Article","@id":"https:\/\/ceric.ca\/fr\/2023\/08\/annonce-des-webinaires-dautomne-lancer-sa-pratique-privee-matrice-act-accompagnement-des-refugies-faiblement-scolarises-et-bien-plus-encore\/#article","isPartOf":{"@id":"https:\/\/ceric.ca\/fr\/2023\/08\/annonce-des-webinaires-dautomne-lancer-sa-pratique-privee-matrice-act-accompagnement-des-refugies-faiblement-scolarises-et-bien-plus-encore\/"},"author":{"name":"Rachel So","@id":"https:\/\/ceric.ca\/#\/schema\/person\/2e3faddf54acfac0d88b9ce185094d00"},"headline":"Annonce des webinaires d&rsquo;automne : lancer sa pratique priv\u00e9e, matrice ACT, accompagnement des r\u00e9fugi\u00e9s faiblement scolaris\u00e9s et bien plus encore","datePublished":"2023-08-10T20:51:33+00:00","dateModified":"2023-08-24T22:24:26+00:00","mainEntityOfPage":{"@id":"https:\/\/ceric.ca\/fr\/2023\/08\/annonce-des-webinaires-dautomne-lancer-sa-pratique-privee-matrice-act-accompagnement-des-refugies-faiblement-scolarises-et-bien-plus-encore\/"},"wordCount":1589,"publisher":{"@id":"https:\/\/ceric.ca\/#organization"},"image":{"@id":"https:\/\/ceric.ca\/fr\/2023\/08\/annonce-des-webinaires-dautomne-lancer-sa-pratique-privee-matrice-act-accompagnement-des-refugies-faiblement-scolarises-et-bien-plus-encore\/#primaryimage"},"thumbnailUrl":"https:\/\/ceric.ca\/wp-content\/uploads\/2023\/08\/News-Fall-Webinars-FR.png","articleSection":["ao\u00fbt","Nouvelles"],"inLanguage":"fr-FR"},{"@type":"WebPage","@id":"https:\/\/ceric.ca\/fr\/2023\/08\/annonce-des-webinaires-dautomne-lancer-sa-pratique-privee-matrice-act-accompagnement-des-refugies-faiblement-scolarises-et-bien-plus-encore\/","url":"https:\/\/ceric.ca\/fr\/2023\/08\/annonce-des-webinaires-dautomne-lancer-sa-pratique-privee-matrice-act-accompagnement-des-refugies-faiblement-scolarises-et-bien-plus-encore\/","name":"Annonce des webinaires d'automne : lancer sa pratique priv\u00e9e, matrice ACT, accompagnement des r\u00e9fugi\u00e9s faiblement scolaris\u00e9s et bien plus encore - CERIC","isPartOf":{"@id":"https:\/\/ceric.ca\/#website"},"primaryImageOfPage":{"@id":"https:\/\/ceric.ca\/fr\/2023\/08\/annonce-des-webinaires-dautomne-lancer-sa-pratique-privee-matrice-act-accompagnement-des-refugies-faiblement-scolarises-et-bien-plus-encore\/#primaryimage"},"image":{"@id":"https:\/\/ceric.ca\/fr\/2023\/08\/annonce-des-webinaires-dautomne-lancer-sa-pratique-privee-matrice-act-accompagnement-des-refugies-faiblement-scolarises-et-bien-plus-encore\/#primaryimage"},"thumbnailUrl":"https:\/\/ceric.ca\/wp-content\/uploads\/2023\/08\/News-Fall-Webinars-FR.png","datePublished":"2023-08-10T20:51:33+00:00","dateModified":"2023-08-24T22:24:26+00:00","description":"Annonce des webinaires d'automne 2023 du CERIC: lancer sa pratique priv\u00e9e, matrice ACT, int\u00e9gration des r\u00e9fugi\u00e9s faiblement scolaris\u00e9s, et bien plus encore","breadcrumb":{"@id":"https:\/\/ceric.ca\/fr\/2023\/08\/annonce-des-webinaires-dautomne-lancer-sa-pratique-privee-matrice-act-accompagnement-des-refugies-faiblement-scolarises-et-bien-plus-encore\/#breadcrumb"},"inLanguage":"fr-FR","potentialAction":[{"@type":"ReadAction","target":["https:\/\/ceric.ca\/fr\/2023\/08\/annonce-des-webinaires-dautomne-lancer-sa-pratique-privee-matrice-act-accompagnement-des-refugies-faiblement-scolarises-et-bien-plus-encore\/"]}]},{"@type":"ImageObject","inLanguage":"fr-FR","@id":"https:\/\/ceric.ca\/fr\/2023\/08\/annonce-des-webinaires-dautomne-lancer-sa-pratique-privee-matrice-act-accompagnement-des-refugies-faiblement-scolarises-et-bien-plus-encore\/#primaryimage","url":"https:\/\/ceric.ca\/wp-content\/uploads\/2023\/08\/News-Fall-Webinars-FR.png","contentUrl":"https:\/\/ceric.ca\/wp-content\/uploads\/2023\/08\/News-Fall-Webinars-FR.png","width":600,"height":430},{"@type":"BreadcrumbList","@id":"https:\/\/ceric.ca\/fr\/2023\/08\/annonce-des-webinaires-dautomne-lancer-sa-pratique-privee-matrice-act-accompagnement-des-refugies-faiblement-scolarises-et-bien-plus-encore\/#breadcrumb","itemListElement":[{"@type":"ListItem","position":1,"name":"Home","item":"https:\/\/ceric.ca\/fr\/ceric-homepage-2025\/"},{"@type":"ListItem","position":2,"name":"Annonce des webinaires d&rsquo;automne : lancer sa pratique priv\u00e9e, matrice ACT, accompagnement des r\u00e9fugi\u00e9s faiblement scolaris\u00e9s et bien plus encore"}]},{"@type":"WebSite","@id":"https:\/\/ceric.ca\/#website","url":"https:\/\/ceric.ca\/","name":"CERIC","description":"","publisher":{"@id":"https:\/\/ceric.ca\/#organization"},"potentialAction":[{"@type":"SearchAction","target":{"@type":"EntryPoint","urlTemplate":"https:\/\/ceric.ca\/?s={search_term_string}"},"query-input":{"@type":"PropertyValueSpecification","valueRequired":true,"valueName":"search_term_string"}}],"inLanguage":"fr-FR"},{"@type":"Organization","@id":"https:\/\/ceric.ca\/#organization","name":"CERIC","url":"https:\/\/ceric.ca\/","logo":{"@type":"ImageObject","inLanguage":"fr-FR","@id":"https:\/\/ceric.ca\/#\/schema\/logo\/image\/","url":"","contentUrl":"","caption":"CERIC"},"image":{"@id":"https:\/\/ceric.ca\/#\/schema\/logo\/image\/"}},{"@type":"Person","@id":"https:\/\/ceric.ca\/#\/schema\/person\/2e3faddf54acfac0d88b9ce185094d00","name":"Rachel So","image":{"@type":"ImageObject","inLanguage":"fr-FR","@id":"https:\/\/secure.gravatar.com\/avatar\/4c40c9aaacb6f176dbd977bdf43366708b68bdf16dc927d1e222e96783b5a9bc?s=96&d=blank&r=g","url":"https:\/\/secure.gravatar.com\/avatar\/4c40c9aaacb6f176dbd977bdf43366708b68bdf16dc927d1e222e96783b5a9bc?s=96&d=blank&r=g","contentUrl":"https:\/\/secure.gravatar.com\/avatar\/4c40c9aaacb6f176dbd977bdf43366708b68bdf16dc927d1e222e96783b5a9bc?s=96&d=blank&r=g","caption":"Rachel So"},"url":"https:\/\/ceric.ca\/fr\/author\/rachel\/"}]}},"_links":{"self":[{"href":"https:\/\/ceric.ca\/fr\/wp-json\/wp\/v2\/posts\/61230","targetHints":{"allow":["GET"]}}],"collection":[{"href":"https:\/\/ceric.ca\/fr\/wp-json\/wp\/v2\/posts"}],"about":[{"href":"https:\/\/ceric.ca\/fr\/wp-json\/wp\/v2\/types\/post"}],"author":[{"embeddable":true,"href":"https:\/\/ceric.ca\/fr\/wp-json\/wp\/v2\/users\/30"}],"replies":[{"embeddable":true,"href":"https:\/\/ceric.ca\/fr\/wp-json\/wp\/v2\/comments?post=61230"}],"version-history":[{"count":0,"href":"https:\/\/ceric.ca\/fr\/wp-json\/wp\/v2\/posts\/61230\/revisions"}],"wp:featuredmedia":[{"embeddable":true,"href":"https:\/\/ceric.ca\/fr\/wp-json\/wp\/v2\/media\/61234"}],"wp:attachment":[{"href":"https:\/\/ceric.ca\/fr\/wp-json\/wp\/v2\/media?parent=61230"}],"wp:term":[{"taxonomy":"category","embeddable":true,"href":"https:\/\/ceric.ca\/fr\/wp-json\/wp\/v2\/categories?post=61230"},{"taxonomy":"post_tag","embeddable":true,"href":"https:\/\/ceric.ca\/fr\/wp-json\/wp\/v2\/tags?post=61230"}],"curies":[{"name":"wp","href":"https:\/\/api.w.org\/{rel}","templated":true}]}}