{"id":61649,"date":"2023-09-26T10:57:24","date_gmt":"2023-09-26T14:57:24","guid":{"rendered":"https:\/\/ceric.ca\/2023\/09\/decent-work-on-a-changing-planet-practical-strategies-for-developing-a-more-equitable-world-for-our-clients\/"},"modified":"2023-12-07T13:01:18","modified_gmt":"2023-12-07T18:01:18","slug":"decent-work-on-a-changing-planet-practical-strategies-for-developing-a-more-equitable-world-for-our-clients","status":"publish","type":"post","link":"https:\/\/ceric.ca\/fr\/2023\/09\/decent-work-on-a-changing-planet-practical-strategies-for-developing-a-more-equitable-world-for-our-clients\/","title":{"rendered":"(En anglais) Decent Work on a Changing Planet: Practical Strategies for Developing a More Equitable World for Our Clients"},"content":{"rendered":"<div class=\"wpb-content-wrapper\"><p>[vc_row][vc_column]<div class=\"wprt-feature-box clearfix \">\r\n\t\t<div class=\"inner clearfix\" style=\"padding:5px;background-color:#89ddd9;\">\r\n\t\t\t\r\n\t\t\t<div class=\"content-wrap\" style=\"\">\r\n\t\t\t  <div class=\"content-inner\"><p style=\"text-align: center;\"><strong><span style=\"color: #000000;\">FREE SIMULIVE* SERIES<\/span><\/strong><\/p>\n<\/div> \r\n\t\t\t<\/div>\r\n\t\t<\/div>\r\n\t<\/div>\r\n\t<div class=\"wprt-spacer clearfix\" data-desktop=\"35\" data-mobi=\"25\" data-smobi=\"10\"><\/div>[\/vc_column][\/vc_row][vc_row][vc_column width=\u00a0\u00bb1\/2&Prime;][vc_column_text]<\/p>\n<div>\n<table>\n<tbody>\n<tr>\n<td><img decoding=\"async\" class=\"alignnone wp-image-56301\" src=\"https:\/\/ceric.ca\/wp-content\/uploads\/2022\/08\/Webinar-headshot-480-\u00d7-480-px-2-300x300.png\" alt=\"person\" width=\"20\" height=\"20\" \/>\u00a0 \u00a0<strong>Presenters<\/strong><\/p>\n<ul>\n<li><span class=\"TextRun SCXW168257096 BCX0\" lang=\"EN-US\" xml:lang=\"EN-US\" data-contrast=\"none\"><span class=\"NormalTextRun SCXW168257096 BCX0\"><span class=\"NormalTextRun SCXW207685770 BCX0\"><b>Trevor Lehmann<\/b><span class=\"TextRun SCXW206212502 BCX0\" lang=\"EN-US\" xml:lang=\"EN-US\" data-contrast=\"auto\"><span class=\"NormalTextRun CommentHighlightRest SCXW206212502 BCX0\">, Career Consultant, University of Manitoba<\/span><\/span><\/span><\/span><\/span><\/li>\n<li><strong><span class=\"NormalTextRun SCXW197061497 BCX0\">Brian Malott<\/span><\/strong><span class=\"NormalTextRun SCXW197061497 BCX0\">, <span class=\"TextRun SCXW50342286 BCX0\" lang=\"EN-US\" xml:lang=\"EN-US\" data-contrast=\"none\"><span class=\"NormalTextRun TrackChangeHoverSelectHighlightPurple SCXW50342286 BCX0\">Indigenous Carer Consultant, <span class=\"TextRun SCXW68086309 BCX0\" lang=\"EN-US\" xml:lang=\"EN-US\" data-contrast=\"none\"><span class=\"NormalTextRun TrackChangeHoverSelectHighlightPurple SCXW68086309 BCX0\">Fanshawe College<\/span><\/span><\/span><\/span><\/span><\/li>\n<\/ul>\n<p><img decoding=\"async\" class=\"alignnone wp-image-56303\" src=\"https:\/\/ceric.ca\/wp-content\/uploads\/2022\/08\/Webinar-headshot-480-\u00d7-480-px-4.png\" alt=\"calendar icon\" width=\"20\" height=\"20\" srcset=\"https:\/\/ceric.ca\/wp-content\/uploads\/2022\/08\/Webinar-headshot-480-\u00d7-480-px-4.png 240w, https:\/\/ceric.ca\/wp-content\/uploads\/2022\/08\/Webinar-headshot-480-\u00d7-480-px-4-150x150.png 150w, https:\/\/ceric.ca\/wp-content\/uploads\/2022\/08\/Webinar-headshot-480-\u00d7-480-px-4-160x160.png 160w\" sizes=\"(max-width:767px) 20px, 20px\" \/>\u00a0 <strong>\u00a0Date and time of the simulive series:<\/strong><\/p>\n<ul>\n<li>Wednesday, November 29, 2023<\/li>\n<li>Wednesday, December 6, 2023<\/li>\n<\/ul>\n<p>12:00 pm &#8211; 1:00 pm ET (<a class=\"PrimaryLink BaseLink\" style=\"font-family: inherit; font-size: inherit;\" href=\"https:\/\/www.timeanddate.com\/worldclock\/converter.html?iso=20231129T170000&amp;p1=250\" target=\"_blank\" rel=\"noreferrer noopener\">Check your time zone<\/a><span style=\"font-family: inherit; font-size: inherit;\">)<\/span><\/p>\n<p><strong><img decoding=\"async\" class=\"alignnone wp-image-59172\" src=\"https:\/\/ceric.ca\/wp-content\/uploads\/2023\/03\/Cost-tag.png\" alt=\"\" width=\"20\" height=\"20\" \/> Cost<\/strong><\/p>\n<ul>\n<li>FREE Simulive* Series<\/li>\n<\/ul>\n<p><strong><img loading=\"lazy\" decoding=\"async\" class=\"alignnone wp-image-59172\" src=\"https:\/\/ceric.ca\/wp-content\/uploads\/2023\/03\/484633.png\" alt=\"\" width=\"20\" height=\"20\" \/> Language<\/strong><\/p>\n<ul>\n<li>This webinar is presented in English<\/li>\n<\/ul>\n<\/td>\n<\/tr>\n<\/tbody>\n<\/table>\n<\/div>\n<p>[\/vc_column_text]\r\n\t<div class=\"wprt-spacer clearfix\" data-desktop=\"20\" data-mobi=\"0\" data-smobi=\"0\"><\/div>[\/vc_column][vc_column width=\u00a0\u00bb1\/2&Prime;]\r\n\t<div class=\"wprt-spacer clearfix\" data-desktop=\"35\" data-mobi=\"25\" data-smobi=\"10\"><\/div>\r\n\t<div class=\"wprt-spacer clearfix\" data-desktop=\"15\" data-mobi=\"8\" data-smobi=\"8\"><\/div>[vc_single_image image=\u00a0\u00bb60943&Prime; img_size=\u00a0\u00bbmedium\u00a0\u00bb alignment=\u00a0\u00bbcenter\u00a0\u00bb]\r\n\t<div class=\"wprt-spacer clearfix\" data-desktop=\"45\" data-mobi=\"25\" data-smobi=\"10\"><\/div>[vc_message icon_fontawesome=\u00a0\u00bbfas fa-laptop-medical\u00a0\u00bb]<em>* A simulive session is a pre-recorded session in which presenters join only for a live Q&amp;A session towards the end, interacting with the audience through live chat.<\/em>[\/vc_message]\r\n\t<div class=\"wprt-spacer clearfix\" data-desktop=\"45\" data-mobi=\"25\" data-smobi=\"10\"><\/div>\r\n\t<div class=\"wprt-spacer clearfix\" data-desktop=\"10\" data-mobi=\"15\" data-smobi=\"10\"><\/div>[\/vc_column][\/vc_row][vc_row][vc_column][vc_message message_box_color=\u00a0\u00bbwarning\u00a0\u00bb icon_fontawesome=\u00a0\u00bbfas fa-calendar-alt\u00a0\u00bb]<\/p>\n<p class=\"null\"><strong><em>Dates\/times don&rsquo;t work for you?\u00a0<\/em><\/strong><em>Make sure to register, and you will receive the recording of the session you missed!<\/em><\/p>\n<p>[\/vc_message][\/vc_column][\/vc_row][vc_row][vc_column]\r\n\t<div class=\"wprt-spacer clearfix\" data-desktop=\"20\" data-mobi=\"0\" data-smobi=\"0\"><\/div><div class=\"wprt-headings clearfix \"  style=\"\"><h2 class=\"heading clearfix\" style=\"color:#568caf;\">\r\n\t\tOverview\r\n\t<\/h2><\/div>\r\n\t<div class=\"wprt-spacer clearfix\" data-desktop=\"20\" data-mobi=\"0\" data-smobi=\"0\"><\/div>[vc_column_text]<span data-contrast=\"auto\">The climate crisis not only <\/span><span data-contrast=\"auto\">creates<\/span><span data-contrast=\"auto\"> new environmental<\/span><span data-contrast=\"auto\">, economic and societal<\/span><span data-contrast=\"auto\"> problems<\/span><span data-contrast=\"auto\">, but<\/span><span data-contrast=\"auto\">\u00a0<\/span><span data-contrast=\"auto\">exacerbates<\/span><span data-contrast=\"auto\">\u00a0<\/span> <span data-contrast=\"auto\">pre-existing inequalities and inequities of our present world. To address this pressing issue, there is a growing demand for a just transition that can effectively tackle the evolving challenges of our changing world while leaving no one behind.<\/span><span data-ccp-props=\"{&quot;201341983&quot;:0,&quot;335559740&quot;:259}\">\u00a0<\/span><\/p>\n<p><span data-contrast=\"auto\">A just transition requires that all individuals have access to <\/span><span data-contrast=\"auto\">d<\/span><span data-contrast=\"auto\">ecent <\/span><span data-contrast=\"auto\">w<\/span><span data-contrast=\"auto\">ork, regardless of their station in life. Presently some jobs are celebrated while others result in physical and emotional harm, leaving those workers disengaged from society and despairing.\u00a0<\/span><span data-ccp-props=\"{&quot;201341983&quot;:0,&quot;335559740&quot;:259}\">\u00a0<\/span><\/p>\n<p><span data-contrast=\"auto\">Career development professionals can play a key role in changing this narrative and working collectively towards a more sustainable future and a just transition. By advocating for and empowering clients to pursue decent work from their employers and their society, they can contribute to a more equitable future for all.\u00a0<\/span><span data-ccp-props=\"{&quot;201341983&quot;:0,&quot;335559740&quot;:259}\">\u00a0<\/span>[\/vc_column_text]\r\n\t<div class=\"wprt-spacer clearfix\" data-desktop=\"35\" data-mobi=\"25\" data-smobi=\"10\"><\/div><div class=\"wprt-headings clearfix \"  style=\"\"><h2 class=\"heading clearfix\" style=\"color:#568caf;\">\r\n\t\tWhy Career Practitioners Should Attend\r\n\t<\/h2><\/div>\r\n\t<div class=\"wprt-spacer clearfix\" data-desktop=\"20\" data-mobi=\"0\" data-smobi=\"0\"><\/div>[vc_column_text]<span data-contrast=\"auto\">Career development professionals traditionally provide career management and self-exploration skills, helping the client better adapt to the social structures around them. There is also an acknowledgement of <\/span><span data-contrast=\"auto\">e<\/span><span data-contrast=\"auto\">quity\/<\/span><span data-contrast=\"auto\">d<\/span><span data-contrast=\"auto\">iversity\/<\/span><span data-contrast=\"auto\">i<\/span><span data-contrast=\"auto\">nclusion, but rarely do we discuss how to empower <\/span><span data-contrast=\"auto\">client-centered <\/span><span data-contrast=\"auto\">change in employers.\u00a0<\/span><span data-ccp-props=\"{&quot;201341983&quot;:0,&quot;335559740&quot;:259}\">\u00a0<\/span><\/p>\n<p><span data-contrast=\"auto\">In the <\/span><span data-contrast=\"auto\">webinar series<\/span><span data-contrast=\"auto\">,<\/span> <span data-contrast=\"auto\">we will discuss the intersections between decent work and climate\/sustainability, and explore how these issues <\/span><span data-contrast=\"auto\">disproportionately impact vulnerable groups, including refugees, Indigenous<\/span><span data-contrast=\"auto\">\u00a0communities<\/span><span data-contrast=\"auto\"> and students \u2013 often the most affected by the rapidly changing dynamics of our world. <\/span><span data-contrast=\"auto\">This practical <\/span><span data-contrast=\"auto\">two<\/span><span data-contrast=\"auto\">-part webinar series will go through concrete strategies to empower clients through consciousness raising, negotiation skills<\/span><span data-contrast=\"auto\"> and awareness of labour law<\/span><span data-contrast=\"auto\">, <\/span><span data-contrast=\"auto\">while <\/span><span data-contrast=\"auto\">fostering a<\/span><span data-contrast=\"auto\"> collaboration<\/span><span data-contrast=\"auto\">\u00a0<\/span><span data-contrast=\"auto\">between employers and employees<\/span><span data-contrast=\"auto\">.<\/span><\/p>\n<p><span data-contrast=\"auto\">Cross-cultural approaches will be highlighted along with <\/span><span data-contrast=\"auto\">real-life <\/span><span data-contrast=\"auto\">case examples of how CDPs can effectively support their clients to pursue decent work and improve the quality of their lives<\/span><span data-contrast=\"auto\">. <\/span><span data-contrast=\"auto\">This will<\/span><span data-contrast=\"auto\"> involve the application of <\/span><span data-contrast=\"auto\">various social justice principles including th<\/span><span data-contrast=\"auto\">ose from the<\/span><span data-contrast=\"auto\"> Truth and Reconciliation Commission&rsquo;s Calls to Action<\/span><span data-contrast=\"auto\">,<\/span><span data-contrast=\"auto\"> in the work of career development <\/span><span data-contrast=\"auto\">professionals.<\/span><span data-ccp-props=\"{&quot;201341983&quot;:0,&quot;335559740&quot;:259}\">\u00a0<\/span><\/p>\n<p><span data-contrast=\"auto\">By the end of the webinar series,<\/span><span data-contrast=\"auto\">\u00a0<\/span><span data-contrast=\"auto\">participants<\/span> <span data-contrast=\"auto\">will feel better equipped and will leave with a list of resources, strategies and techniques to create positive impacts i<\/span><span data-contrast=\"auto\">n your clients\u2019 lives amidst a changing planet.\u00a0<\/span><span data-ccp-props=\"{&quot;201341983&quot;:0,&quot;335559740&quot;:259}\">\u00a0<\/span>[\/vc_column_text]\r\n\t<div class=\"wprt-spacer clearfix\" data-desktop=\"35\" data-mobi=\"25\" data-smobi=\"10\"><\/div>[\/vc_column][\/vc_row][vc_row][vc_column width=\u00a0\u00bb2\/3&Prime;]<div class=\"wprt-headings clearfix \"  style=\"\"><h1 class=\"heading clearfix\" style=\"color:#568caf;\">\r\n\t\tWebinar #1: Decent Work \u2013 Defining and developing a more equitable world\r\n\t<\/h1><\/div>\r\n\t<div class=\"wprt-spacer clearfix\" data-desktop=\"10\" data-mobi=\"5\" data-smobi=\"2\"><\/div><div class=\"wprt-headings clearfix \"  style=\"\"><h6 class=\"heading clearfix\" style=\"color:#0f0602;\">\r\n\t\tWednesday, November 29, 2023 \u2013 12:00 pm to 1:00 pm ET\r\n\t<\/h6><\/div>\r\n\t<div class=\"wprt-spacer clearfix\" data-desktop=\"20\" data-mobi=\"5\" data-smobi=\"2\"><\/div>[vc_video link=\u00a0\u00bbhttps:\/\/youtu.be\/qkPqFQGMYFE\u00a0\u00bb]\r\n\t<div class=\"wprt-spacer clearfix\" data-desktop=\"20\" data-mobi=\"5\" data-smobi=\"2\"><\/div>[vc_column_text]<\/p>\n<ul>\n<li><span data-contrast=\"none\">Defining <\/span><span data-contrast=\"none\">d<\/span><span data-contrast=\"none\">ecent work as a <\/span><span data-contrast=\"none\">j<\/span><span data-contrast=\"none\">ustice issue and how it relates to various theories<\/span><span data-ccp-props=\"{&quot;201341983&quot;:0,&quot;335559740&quot;:259}\">\u00a0<\/span><\/li>\n<li><span data-contrast=\"none\">Raising awareness among clients of inequities in employment<\/span><span data-ccp-props=\"{&quot;201341983&quot;:0,&quot;335559740&quot;:259}\">\u00a0<\/span><\/li>\n<li><span data-contrast=\"none\">Principles of labour and strategies for creating change within the workplace<\/span><span data-ccp-props=\"{&quot;201341983&quot;:0,&quot;335559740&quot;:259}\">\u00a0<\/span><\/li>\n<li><span data-contrast=\"auto\">Considering a holistic approach to decent work from Heart, Mind, Body, Spirit<\/span><span data-ccp-props=\"{&quot;201341983&quot;:0,&quot;335559740&quot;:259}\">\u00a0<\/span><\/li>\n<li><span data-contrast=\"none\">Case studies in cross-cultural and <\/span><span data-contrast=\"none\">I<\/span><span data-contrast=\"none\">ndigenous contexts<\/span><span data-ccp-props=\"{&quot;201341983&quot;:0,&quot;335559740&quot;:259}\">\u00a0<\/span><\/li>\n<\/ul>\n<p>[\/vc_column_text]\r\n\t<div class=\"wprt-spacer clearfix\" data-desktop=\"35\" data-mobi=\"25\" data-smobi=\"10\"><\/div>[\/vc_column][\/vc_row][vc_row][vc_column width=\u00a0\u00bb2\/3&Prime;]<div class=\"wprt-headings clearfix \"  style=\"\"><h1 class=\"heading clearfix\" style=\"color:#568caf;\">\r\n\t\tWebinar #2: Decent Work - Practical tools for advancing equitable work for our clients\r\n\t<\/h1><\/div>\r\n\t<div class=\"wprt-spacer clearfix\" data-desktop=\"10\" data-mobi=\"5\" data-smobi=\"2\"><\/div><div class=\"wprt-headings clearfix \"  style=\"\"><h6 class=\"heading clearfix\" style=\"color:#0f0602;\">\r\n\t\tWednesday, December 6, 2023 \u2013 12:00 pm to 1:00 pm ET\r\n\t<\/h6><\/div>\r\n\t<div class=\"wprt-spacer clearfix\" data-desktop=\"20\" data-mobi=\"5\" data-smobi=\"2\"><\/div>[vc_video link=\u00a0\u00bbhttps:\/\/www.youtube.com\/watch?v=LWabTrdP0ck\u00a0\u00bb]\r\n\t<div class=\"wprt-spacer clearfix\" data-desktop=\"20\" data-mobi=\"5\" data-smobi=\"2\"><\/div>[vc_column_text]<\/p>\n<ul>\n<li><span data-contrast=\"auto\">Framing our position and responsibilities as <\/span><span data-contrast=\"auto\">c<\/span><span data-contrast=\"auto\">areer <\/span><span data-contrast=\"auto\">p<\/span><span data-contrast=\"auto\">ractitioners<\/span><span data-ccp-props=\"{&quot;201341983&quot;:0,&quot;335559740&quot;:259}\">\u00a0<\/span><\/li>\n<li><span data-contrast=\"auto\">Applying c<\/span><span data-contrast=\"auto\">areer theories to the TRC<\/span><span data-contrast=\"auto\">\u2019<\/span><span data-contrast=\"auto\">s<\/span><span data-contrast=\"auto\">\u00a0<\/span><span data-contrast=\"auto\">Calls to Action\u00a0<\/span><span data-ccp-props=\"{&quot;201341983&quot;:0,&quot;335559740&quot;:259}\">\u00a0<\/span><\/li>\n<li><span data-contrast=\"auto\">Ideas and conversational reframes to explore with clients<\/span><span data-ccp-props=\"{&quot;201341983&quot;:0,&quot;335559740&quot;:259}\">\u00a0<\/span><\/li>\n<li><span data-contrast=\"none\">Additional <\/span><span data-contrast=\"none\">c<\/span><span data-contrast=\"none\">ase studies in cross-cultural and Indigenous contexts<\/span><span data-ccp-props=\"{&quot;201341983&quot;:0,&quot;335559740&quot;:259}\">\u00a0<\/span><\/li>\n<\/ul>\n<p>[\/vc_column_text]\r\n\t<div class=\"wprt-spacer clearfix\" data-desktop=\"35\" data-mobi=\"25\" data-smobi=\"10\"><\/div>[\/vc_column][vc_column width=\u00a0\u00bb1\/3&Prime;][\/vc_column][\/vc_row][vc_row][vc_column]\r\n\t<div class=\"wprt-spacer clearfix\" data-desktop=\"25\" data-mobi=\"25\" data-smobi=\"10\"><\/div>\r\n\t<div class=\"wprt-spacer clearfix\" data-desktop=\"25\" data-mobi=\"25\" data-smobi=\"10\"><\/div>[\/vc_column][\/vc_row][vc_row disable_element=\u00a0\u00bbyes\u00a0\u00bb][vc_column width=\u00a0\u00bb1\/2&Prime;]<div class=\"wprt-headings clearfix \"  style=\"\"><h1 class=\"heading clearfix\" style=\"color:#568caf;\">\r\n\t\tWebinar #1: Understanding Historical Context and Indigenous Perspectives\r\n\t<\/h1><\/div>\r\n\t<div class=\"wprt-spacer clearfix\" data-desktop=\"10\" data-mobi=\"5\" data-smobi=\"2\"><\/div><div class=\"wprt-headings clearfix \"  style=\"\"><h6 class=\"heading clearfix\" style=\"color:#0f0602;\">\r\n\t\tMonday, September 18, 2023 \u2013 5:00 pm to 6:00 pm ET (Tuesday, September 19, 2023 \u2013 9:00 am NZDT)\r\n\t<\/h6><\/div>\r\n\t<div class=\"wprt-spacer clearfix\" data-desktop=\"20\" data-mobi=\"5\" data-smobi=\"2\"><\/div>[vc_column_text]<\/p>\n<ul style=\"font-weight: 400;\">\n<li data-leveltext=\"\uf0b7\" data-font=\"Symbol\" data-listid=\"14\" data-list-defn-props=\"{&quot;335552541&quot;:1,&quot;335559684&quot;:-2,&quot;335559685&quot;:1635,&quot;335559991&quot;:360,&quot;469769226&quot;:&quot;Symbol&quot;,&quot;469769242&quot;:[8226],&quot;469777803&quot;:&quot;left&quot;,&quot;469777804&quot;:&quot;\uf0b7&quot;,&quot;469777815&quot;:&quot;hybridMultilevel&quot;}\" aria-setsize=\"-1\" data-aria-posinset=\"1\" data-aria-level=\"1\"><span data-contrast=\"none\"><span data-ccp-charstyle=\"normaltextrun\" data-ccp-charstyle-defn=\"{&quot;ObjectId&quot;:&quot;8d49b93e-dcd2-4e4e-81bb-70a88c55e58e|255&quot;,&quot;ClassId&quot;:1073872969,&quot;Properties&quot;:[469775450,&quot;normaltextrun&quot;,201340122,&quot;1&quot;,134233614,&quot;true&quot;,469778129,&quot;normaltextrun&quot;,335572020,&quot;1&quot;,469778324,&quot;Default Paragraph Font&quot;]}\">Understand the importance of reciprocity and interconnectedness in mind, body, <\/span><span data-ccp-charstyle=\"normaltextrun\">spirit<\/span><span data-ccp-charstyle=\"normaltextrun\"> and emotions when building relationships with your <\/span><span data-ccp-charstyle=\"normaltextrun\">clients<\/span><\/span><span data-ccp-props=\"{&quot;134233117&quot;:false,&quot;134233118&quot;:false,&quot;201341983&quot;:0,&quot;335551550&quot;:6,&quot;335551620&quot;:6,&quot;335559685&quot;:851,&quot;335559738&quot;:0,&quot;335559739&quot;:0,&quot;335559740&quot;:240}\">\u00a0<\/span><\/li>\n<li data-leveltext=\"\uf0b7\" data-font=\"Symbol\" data-listid=\"14\" data-list-defn-props=\"{&quot;335552541&quot;:1,&quot;335559684&quot;:-2,&quot;335559685&quot;:1635,&quot;335559991&quot;:360,&quot;469769226&quot;:&quot;Symbol&quot;,&quot;469769242&quot;:[8226],&quot;469777803&quot;:&quot;left&quot;,&quot;469777804&quot;:&quot;\uf0b7&quot;,&quot;469777815&quot;:&quot;hybridMultilevel&quot;}\" aria-setsize=\"-1\" data-aria-posinset=\"2\" data-aria-level=\"1\"><span data-contrast=\"none\"><span data-ccp-charstyle=\"normaltextrun\">Gain strategies for how you can s<\/span><span data-ccp-charstyle=\"normaltextrun\">upport <\/span><span data-ccp-charstyle=\"normaltextrun\">I<\/span><span data-ccp-charstyle=\"normaltextrun\">ndigenous voices and self-<\/span><span data-ccp-charstyle=\"normaltextrun\">advocacy<\/span><\/span><span data-ccp-props=\"{&quot;134233117&quot;:false,&quot;134233118&quot;:false,&quot;201341983&quot;:0,&quot;335551550&quot;:6,&quot;335551620&quot;:6,&quot;335559685&quot;:851,&quot;335559738&quot;:0,&quot;335559739&quot;:0,&quot;335559740&quot;:240}\">\u00a0<\/span><\/li>\n<li data-leveltext=\"\uf0b7\" data-font=\"Symbol\" data-listid=\"14\" data-list-defn-props=\"{&quot;335552541&quot;:1,&quot;335559684&quot;:-2,&quot;335559685&quot;:1635,&quot;335559991&quot;:360,&quot;469769226&quot;:&quot;Symbol&quot;,&quot;469769242&quot;:[8226],&quot;469777803&quot;:&quot;left&quot;,&quot;469777804&quot;:&quot;\uf0b7&quot;,&quot;469777815&quot;:&quot;hybridMultilevel&quot;}\" aria-setsize=\"-1\" data-aria-posinset=\"3\" data-aria-level=\"1\"><span data-contrast=\"none\"><span data-ccp-charstyle=\"normaltextrun\">Learn how to effectively e<\/span><span data-ccp-charstyle=\"normaltextrun\">ngage in responsible dialogue and <\/span><span data-ccp-charstyle=\"normaltextrun\">relationship<\/span><span data-ccp-charstyle=\"normaltextrun\">s<\/span><span data-ccp-charstyle=\"normaltextrun\"> to promote an inclusive <\/span><span data-ccp-charstyle=\"normaltextrun\">practice<\/span><\/span><span data-ccp-props=\"{&quot;134233117&quot;:false,&quot;134233118&quot;:false,&quot;201341983&quot;:0,&quot;335551550&quot;:6,&quot;335551620&quot;:6,&quot;335559685&quot;:851,&quot;335559738&quot;:0,&quot;335559739&quot;:0,&quot;335559740&quot;:240}\">\u00a0<\/span><\/li>\n<\/ul>\n<p>[\/vc_column_text]\r\n\t<div class=\"wprt-spacer clearfix\" data-desktop=\"35\" data-mobi=\"25\" data-smobi=\"10\"><\/div>[\/vc_column][vc_column width=\u00a0\u00bb1\/2&Prime;]<div class=\"wprt-headings clearfix \"  style=\"\"><h1 class=\"heading clearfix\" style=\"color:#568caf;\">\r\n\t\tWebinar #2: Understanding Historical Context and Indigenous Perspectives\r\n\t<\/h1><\/div>\r\n\t<div class=\"wprt-spacer clearfix\" data-desktop=\"10\" data-mobi=\"5\" data-smobi=\"2\"><\/div><div class=\"wprt-headings clearfix \"  style=\"\"><h6 class=\"heading clearfix\" style=\"color:#0f0602;\">\r\n\t\tMonday, September 25, 2023 \u2013 5:00 pm to 6:00 pm ET (Tuesday, September 26, 2023 \u2013 9:00 am NZDT)\r\n\t<\/h6><\/div>\r\n\t<div class=\"wprt-spacer clearfix\" data-desktop=\"20\" data-mobi=\"5\" data-smobi=\"2\"><\/div>[vc_column_text]<\/p>\n<ul style=\"font-weight: 400;\">\n<li data-leveltext=\"\uf0b7\" data-font=\"Symbol\" data-listid=\"14\" data-list-defn-props=\"{&quot;335552541&quot;:1,&quot;335559684&quot;:-2,&quot;335559685&quot;:1635,&quot;335559991&quot;:360,&quot;469769226&quot;:&quot;Symbol&quot;,&quot;469769242&quot;:[8226],&quot;469777803&quot;:&quot;left&quot;,&quot;469777804&quot;:&quot;\uf0b7&quot;,&quot;469777815&quot;:&quot;hybridMultilevel&quot;}\" aria-setsize=\"-1\" data-aria-posinset=\"1\" data-aria-level=\"1\"><span data-contrast=\"none\">Understand how Indigenous worldviews and cultural understanding h<\/span><span data-contrast=\"none\">ave the potential to overcome the <\/span><span data-contrast=\"none\">impact of historical p<\/span><span data-contrast=\"none\">olices and practices, and continue to play an important role in<\/span><span data-contrast=\"none\">\u00a0 Indigenous career development<\/span><span data-ccp-props=\"{&quot;134233117&quot;:false,&quot;134233118&quot;:false,&quot;201341983&quot;:0,&quot;335551550&quot;:6,&quot;335551620&quot;:6,&quot;335559685&quot;:851,&quot;335559738&quot;:0,&quot;335559739&quot;:0,&quot;335559740&quot;:240}\">\u00a0<\/span><\/li>\n<li data-leveltext=\"\uf0b7\" data-font=\"Symbol\" data-listid=\"14\" data-list-defn-props=\"{&quot;335552541&quot;:1,&quot;335559684&quot;:-2,&quot;335559685&quot;:1635,&quot;335559991&quot;:360,&quot;469769226&quot;:&quot;Symbol&quot;,&quot;469769242&quot;:[8226],&quot;469777803&quot;:&quot;left&quot;,&quot;469777804&quot;:&quot;\uf0b7&quot;,&quot;469777815&quot;:&quot;hybridMultilevel&quot;}\" aria-setsize=\"-1\" data-aria-posinset=\"2\" data-aria-level=\"1\"><span data-contrast=\"none\">Listen and learn how Indigenous career practitioners are integrating Indigenous ways of knowing and being into t<\/span><span data-contrast=\"none\">heir <\/span><span data-contrast=\"none\">career practices<\/span><span data-ccp-props=\"{&quot;134233117&quot;:false,&quot;134233118&quot;:false,&quot;201341983&quot;:0,&quot;335551550&quot;:6,&quot;335551620&quot;:6,&quot;335559685&quot;:851,&quot;335559738&quot;:0,&quot;335559739&quot;:0,&quot;335559740&quot;:240}\">\u00a0<\/span><\/li>\n<li data-leveltext=\"\uf0b7\" data-font=\"Symbol\" data-listid=\"14\" data-list-defn-props=\"{&quot;335552541&quot;:1,&quot;335559684&quot;:-2,&quot;335559685&quot;:1635,&quot;335559991&quot;:360,&quot;469769226&quot;:&quot;Symbol&quot;,&quot;469769242&quot;:[8226],&quot;469777803&quot;:&quot;left&quot;,&quot;469777804&quot;:&quot;\uf0b7&quot;,&quot;469777815&quot;:&quot;hybridMultilevel&quot;}\" aria-setsize=\"-1\" data-aria-posinset=\"3\" data-aria-level=\"1\"><span data-contrast=\"none\">Discover\u00a0 how greater knowledge of Indigenous perspectives can assist non-Indigenous career practitioners in better supporting their Indigenous clients<\/span><span data-ccp-props=\"{&quot;134233117&quot;:false,&quot;134233118&quot;:false,&quot;201341983&quot;:0,&quot;335551550&quot;:6,&quot;335551620&quot;:6,&quot;335559685&quot;:851,&quot;335559738&quot;:0,&quot;335559739&quot;:0,&quot;335559740&quot;:240}\">\u00a0<\/span><\/li>\n<\/ul>\n<p>[\/vc_column_text]\r\n\t<div class=\"wprt-spacer clearfix\" data-desktop=\"35\" data-mobi=\"25\" data-smobi=\"10\"><\/div>[\/vc_column][\/vc_row][vc_row][vc_column][vc_message]CERIC webinars are hosted on the Zoom Events platform! <a title=\"mailto:webinars@ceric.ca\" href=\"https:\/\/ceric.ca\/fr\/evenements\/webinaires\/faq-webinaires\/\">Learn about it in our FAQ<\/a>.[\/vc_message][\/vc_column][\/vc_row][vc_row][vc_column]\r\n\t<div class=\"wprt-spacer clearfix\" data-desktop=\"35\" data-mobi=\"30\" data-smobi=\"25\"><\/div>[\/vc_column][\/vc_row][vc_row][vc_column width=\u00a0\u00bb1\/4&Prime;][vc_single_image image=\u00a0\u00bb61429&Prime; alignment=\u00a0\u00bbcenter\u00a0\u00bb]\r\n\t<div class=\"wprt-spacer clearfix\" data-desktop=\"30\" data-mobi=\"0\" data-smobi=\"0\"><\/div>[\/vc_column][vc_column width=\u00a0\u00bb3\/4&Prime;][vc_column_text]<span class=\"TrackChangeTextInsertion TrackedChange SCXW14775282 BCX0\"><span class=\"TextRun SCXW14775282 BCX0\" lang=\"EN-US\" xml:lang=\"EN-US\" data-contrast=\"auto\"><span class=\"NormalTextRun CommentHighlightRest SCXW14775282 BCX0\"><strong>Trevor Lehmann<\/strong> (MEd, CCC) is President of the Climate-Informed Counsellors Chapter of <\/span><\/span><\/span><span class=\"TrackChangeTextInsertion TrackedChange SCXW14775282 BCX0\"><span class=\"TextRun SCXW14775282 BCX0\" lang=\"EN-US\" xml:lang=\"EN-US\" data-contrast=\"auto\"><span class=\"NormalTextRun CommentHighlightRest SCXW14775282 BCX0\">the Canadian Counselling and Psychotherapy Association (<\/span><\/span><\/span><span class=\"TrackChangeTextInsertion TrackedChange SCXW14775282 BCX0\"><span class=\"TextRun SCXW14775282 BCX0\" lang=\"EN-US\" xml:lang=\"EN-US\" data-contrast=\"auto\"><span class=\"NormalTextRun CommentHighlightRest SCXW14775282 BCX0\">CCPA<\/span><\/span><\/span><span class=\"TrackChangeTextInsertion TrackedChange SCXW14775282 BCX0\"><span class=\"TextRun SCXW14775282 BCX0\" lang=\"EN-US\" xml:lang=\"EN-US\" data-contrast=\"auto\"><span class=\"NormalTextRun CommentHighlightRest SCXW14775282 BCX0\">)<\/span><\/span><\/span><span class=\"TrackChangeTextInsertion TrackedChange SCXW14775282 BCX0\"><span class=\"TextRun SCXW14775282 BCX0\" lang=\"EN-US\" xml:lang=\"EN-US\" data-contrast=\"auto\"><span class=\"NormalTextRun CommentHighlightRest SCXW14775282 BCX0\"> and <\/span><\/span><\/span><span class=\"TrackChangeTextInsertion TrackedChange SCXW14775282 BCX0\"><span class=\"TextRun SCXW14775282 BCX0\" lang=\"EN-US\" xml:lang=\"EN-US\" data-contrast=\"auto\"><span class=\"NormalTextRun CommentHighlightRest SCXW14775282 BCX0\">a Career Consultant with the University of Manitoba. You can read his open-access Imperfect Guide to Career and Climate and other writings at <\/span><\/span><\/span><a class=\"Hyperlink SCXW14775282 BCX0\" href=\"https:\/\/trevorlehmann.ca\/\" target=\"_blank\" rel=\"noreferrer noopener\"><span class=\"FieldRange SCXW14775282 BCX0\"><span class=\"TrackChangeTextInsertion TrackedChange SCXW14775282 BCX0\"><span class=\"TextRun Underlined SCXW14775282 BCX0\" lang=\"EN-US\" xml:lang=\"EN-US\" data-contrast=\"none\"><span class=\"NormalTextRun CommentHighlightRest SCXW14775282 BCX0\" data-ccp-charstyle=\"Hyperlink\">https:\/\/trevorlehmann.ca.\u00a0<\/span><\/span><\/span><\/span><\/a>[\/vc_column_text]\r\n\t<div class=\"wprt-spacer clearfix\" data-desktop=\"20\" data-mobi=\"0\" data-smobi=\"0\"><\/div>[vc_row_inner][vc_column_inner width=\u00a0\u00bb1\/3&Prime;][vc_icon icon_fontawesome=\u00a0\u00bbfab fa-linkedin\u00a0\u00bb color=\u00a0\u00bbblack\u00a0\u00bb align=\u00a0\u00bbcenter\u00a0\u00bb link=\u00a0\u00bburl:https%3A%2F%2Fwww.linkedin.com%2Fin%2Ftrevorlehmann%2F|target:_blank\u00a0\u00bb][\/vc_column_inner][\/vc_row_inner][\/vc_column][\/vc_row][vc_row][vc_column width=\u00a0\u00bb1\/4&Prime;][vc_single_image image=\u00a0\u00bb61431&Prime; alignment=\u00a0\u00bbcenter\u00a0\u00bb]\r\n\t<div class=\"wprt-spacer clearfix\" data-desktop=\"30\" data-mobi=\"0\" data-smobi=\"0\"><\/div>[\/vc_column][vc_column width=\u00a0\u00bb3\/4&Prime;][vc_column_text]<span class=\"TrackChangeTextInsertion TrackedChange TrackChangeHoverSelectColorPurple SCXW126485893 BCX0\"><span class=\"TextRun SCXW126485893 BCX0\" lang=\"EN-US\" xml:lang=\"EN-US\" data-contrast=\"none\"><span class=\"NormalTextRun TrackChangeHoverSelectHighlightPurple SCXW126485893 BCX0\"><strong>Brian Malott<\/strong> (CHRL, BGS) is the Indigenous Carer Consultant\u202fwith Fanshawe College and a Designing Your Life Certified Coach.\u202f<\/span><\/span><\/span> <span class=\"TrackChangeTextInsertion TrackedChange SCXW126485893 BCX0\"><span class=\"TextRun SCXW126485893 BCX0\" lang=\"EN-US\" xml:lang=\"EN-US\" data-contrast=\"none\"><span class=\"NormalTextRun SCXW126485893 BCX0\">You can learn more at <\/span><\/span><\/span><span class=\"TrackChangeTextInsertion TrackedChange SCXW126485893 BCX0\"><span class=\"TextRun SCXW126485893 BCX0\" lang=\"EN-US\" xml:lang=\"EN-US\" data-contrast=\"none\"><span class=\"NormalTextRun SCXW126485893 BCX0\" data-ccp-charstyle=\"apple-converted-space\">\u202f<\/span><\/span><\/span><a class=\"Hyperlink SCXW126485893 BCX0\" href=\"http:\/\/chasingdreams.ca%22%20\/o%20%22http:\/\/chasingdreams.ca\" target=\"_blank\" rel=\"noreferrer noopener\"><span class=\"FieldRange SCXW126485893 BCX0\"><span class=\"TrackChangeTextInsertion TrackedChange SCXW126485893 BCX0\"><span class=\"TextRun Underlined SCXW126485893 BCX0\" lang=\"EN-US\" xml:lang=\"EN-US\" data-contrast=\"none\"><span class=\"NormalTextRun SCXW126485893 BCX0\" data-ccp-charstyle=\"Hyperlink\">chasingdreams.ca.<\/span><\/span><\/span><\/span><\/a>[\/vc_column_text]\r\n\t<div class=\"wprt-spacer clearfix\" data-desktop=\"20\" data-mobi=\"0\" data-smobi=\"0\"><\/div>[vc_row_inner][vc_column_inner width=\u00a0\u00bb1\/3&Prime;][vc_icon icon_fontawesome=\u00a0\u00bbfab fa-linkedin\u00a0\u00bb color=\u00a0\u00bbblack\u00a0\u00bb align=\u00a0\u00bbcenter\u00a0\u00bb link=\u00a0\u00bburl:https%3A%2F%2Fwww.linkedin.com%2Fin%2Fbrianmalott%2F|target:_blank\u00a0\u00bb][\/vc_column_inner][\/vc_row_inner][\/vc_column][\/vc_row][vc_row][vc_column][\/vc_column][\/vc_row][vc_row][vc_column][\/vc_column][\/vc_row][vc_row][vc_column][vc_column_text]<\/p>\n<p style=\"text-align: right;\"><a href=\"https:\/\/ceric.ca\/fr\/evenements\/webinaires\/\">Return to the upcoming webinars page<\/a><\/p>\n<p>[\/vc_column_text][vc_column_text]<\/p>\n<p style=\"text-align: right;\"><a href=\"https:\/\/ceric.ca\/fr\/evenements\/webinaires-passes\/\">Return to the Past webinars page<\/a><\/p>\n<p>[\/vc_column_text][\/vc_column][\/vc_row]<\/p>\n<\/div>","protected":false},"excerpt":{"rendered":"<p>[vc_row][vc_column][\/vc_column][\/vc_row][vc_row][vc_column width=\u00a0\u00bb1\/2&Prime;][vc_column_text] \u00a0 \u00a0Presenters Trevor Lehmann, Career Consultant, University of Manitoba Brian Malott, Indigenous Carer Consultant, Fanshawe College \u00a0 \u00a0Date and time of the simulive series:<span class=\"excerpt-hellip\"> [\u2026]<\/span><\/p>\n","protected":false},"author":30,"featured_media":0,"comment_status":"closed","ping_status":"closed","sticky":false,"template":"","format":"standard","meta":{"h5ap_radio_sources":[],"footnotes":""},"categories":[1173],"tags":[],"class_list":["post-61649","post","type-post","status-publish","format-standard","hentry","category-2023-2-fr"],"yoast_head":"<!-- This site is optimized with the Yoast SEO Premium plugin v27.4 (Yoast SEO v27.4) - https:\/\/yoast.com\/product\/yoast-seo-premium-wordpress\/ -->\n<title>(En anglais) Decent Work on a Changing Planet: Practical Strategies for Developing a More Equitable World for Our Clients - CERIC<\/title>\n<meta name=\"robots\" content=\"index, follow, max-snippet:-1, max-image-preview:large, max-video-preview:-1\" \/>\n<link rel=\"canonical\" href=\"https:\/\/ceric.ca\/fr\/2023\/09\/decent-work-on-a-changing-planet-practical-strategies-for-developing-a-more-equitable-world-for-our-clients\/\" \/>\n<meta property=\"og:locale\" content=\"fr_FR\" \/>\n<meta property=\"og:type\" content=\"article\" \/>\n<meta property=\"og:title\" content=\"(En anglais) Decent Work on a Changing Planet: Practical Strategies for Developing a More Equitable World for Our Clients\" \/>\n<meta property=\"og:description\" content=\"[vc_row][vc_column][\/vc_column][\/vc_row][vc_row][vc_column width=\u00a0\u00bb1\/2&Prime;][vc_column_text] \u00a0 \u00a0Presenters Trevor Lehmann, Career Consultant, University of Manitoba Brian Malott, Indigenous Carer Consultant, Fanshawe College \u00a0 \u00a0Date and time of the simulive series: [\u2026]\" \/>\n<meta property=\"og:url\" content=\"https:\/\/ceric.ca\/fr\/2023\/09\/decent-work-on-a-changing-planet-practical-strategies-for-developing-a-more-equitable-world-for-our-clients\/\" \/>\n<meta property=\"og:site_name\" content=\"CERIC\" \/>\n<meta property=\"article:published_time\" content=\"2023-09-26T14:57:24+00:00\" \/>\n<meta property=\"article:modified_time\" content=\"2023-12-07T18:01:18+00:00\" \/>\n<meta property=\"og:image\" content=\"https:\/\/ceric.ca\/wp-content\/uploads\/2023\/03\/Cost-tag.png\" \/>\n<meta name=\"author\" content=\"Rachel So\" \/>\n<meta name=\"twitter:card\" content=\"summary_large_image\" \/>\n<meta name=\"twitter:label1\" content=\"\u00c9crit par\" \/>\n\t<meta name=\"twitter:data1\" content=\"Rachel So\" \/>\n\t<meta name=\"twitter:label2\" content=\"Dur\u00e9e de lecture estim\u00e9e\" \/>\n\t<meta name=\"twitter:data2\" content=\"6 minutes\" \/>\n<script type=\"application\/ld+json\" class=\"yoast-schema-graph\">{\"@context\":\"https:\\\/\\\/schema.org\",\"@graph\":[{\"@type\":\"Article\",\"@id\":\"https:\\\/\\\/ceric.ca\\\/fr\\\/2023\\\/09\\\/decent-work-on-a-changing-planet-practical-strategies-for-developing-a-more-equitable-world-for-our-clients\\\/#article\",\"isPartOf\":{\"@id\":\"https:\\\/\\\/ceric.ca\\\/fr\\\/2023\\\/09\\\/decent-work-on-a-changing-planet-practical-strategies-for-developing-a-more-equitable-world-for-our-clients\\\/\"},\"author\":{\"name\":\"Rachel So\",\"@id\":\"https:\\\/\\\/ceric.ca\\\/#\\\/schema\\\/person\\\/2e3faddf54acfac0d88b9ce185094d00\"},\"headline\":\"(En anglais) Decent Work on a Changing Planet: Practical Strategies for Developing a More Equitable World for Our Clients\",\"datePublished\":\"2023-09-26T14:57:24+00:00\",\"dateModified\":\"2023-12-07T18:01:18+00:00\",\"mainEntityOfPage\":{\"@id\":\"https:\\\/\\\/ceric.ca\\\/fr\\\/2023\\\/09\\\/decent-work-on-a-changing-planet-practical-strategies-for-developing-a-more-equitable-world-for-our-clients\\\/\"},\"wordCount\":1503,\"publisher\":{\"@id\":\"https:\\\/\\\/ceric.ca\\\/#organization\"},\"image\":{\"@id\":\"https:\\\/\\\/ceric.ca\\\/fr\\\/2023\\\/09\\\/decent-work-on-a-changing-planet-practical-strategies-for-developing-a-more-equitable-world-for-our-clients\\\/#primaryimage\"},\"thumbnailUrl\":\"https:\\\/\\\/ceric.ca\\\/wp-content\\\/uploads\\\/2023\\\/03\\\/Cost-tag.png\",\"articleSection\":[\"2023\"],\"inLanguage\":\"fr-FR\"},{\"@type\":\"WebPage\",\"@id\":\"https:\\\/\\\/ceric.ca\\\/fr\\\/2023\\\/09\\\/decent-work-on-a-changing-planet-practical-strategies-for-developing-a-more-equitable-world-for-our-clients\\\/\",\"url\":\"https:\\\/\\\/ceric.ca\\\/fr\\\/2023\\\/09\\\/decent-work-on-a-changing-planet-practical-strategies-for-developing-a-more-equitable-world-for-our-clients\\\/\",\"name\":\"(En anglais) Decent Work on a Changing Planet: Practical Strategies for Developing a More Equitable World for Our Clients - CERIC\",\"isPartOf\":{\"@id\":\"https:\\\/\\\/ceric.ca\\\/#website\"},\"primaryImageOfPage\":{\"@id\":\"https:\\\/\\\/ceric.ca\\\/fr\\\/2023\\\/09\\\/decent-work-on-a-changing-planet-practical-strategies-for-developing-a-more-equitable-world-for-our-clients\\\/#primaryimage\"},\"image\":{\"@id\":\"https:\\\/\\\/ceric.ca\\\/fr\\\/2023\\\/09\\\/decent-work-on-a-changing-planet-practical-strategies-for-developing-a-more-equitable-world-for-our-clients\\\/#primaryimage\"},\"thumbnailUrl\":\"https:\\\/\\\/ceric.ca\\\/wp-content\\\/uploads\\\/2023\\\/03\\\/Cost-tag.png\",\"datePublished\":\"2023-09-26T14:57:24+00:00\",\"dateModified\":\"2023-12-07T18:01:18+00:00\",\"breadcrumb\":{\"@id\":\"https:\\\/\\\/ceric.ca\\\/fr\\\/2023\\\/09\\\/decent-work-on-a-changing-planet-practical-strategies-for-developing-a-more-equitable-world-for-our-clients\\\/#breadcrumb\"},\"inLanguage\":\"fr-FR\",\"potentialAction\":[{\"@type\":\"ReadAction\",\"target\":[\"https:\\\/\\\/ceric.ca\\\/fr\\\/2023\\\/09\\\/decent-work-on-a-changing-planet-practical-strategies-for-developing-a-more-equitable-world-for-our-clients\\\/\"]}]},{\"@type\":\"ImageObject\",\"inLanguage\":\"fr-FR\",\"@id\":\"https:\\\/\\\/ceric.ca\\\/fr\\\/2023\\\/09\\\/decent-work-on-a-changing-planet-practical-strategies-for-developing-a-more-equitable-world-for-our-clients\\\/#primaryimage\",\"url\":\"https:\\\/\\\/ceric.ca\\\/wp-content\\\/uploads\\\/2023\\\/03\\\/Cost-tag.png\",\"contentUrl\":\"https:\\\/\\\/ceric.ca\\\/wp-content\\\/uploads\\\/2023\\\/03\\\/Cost-tag.png\"},{\"@type\":\"BreadcrumbList\",\"@id\":\"https:\\\/\\\/ceric.ca\\\/fr\\\/2023\\\/09\\\/decent-work-on-a-changing-planet-practical-strategies-for-developing-a-more-equitable-world-for-our-clients\\\/#breadcrumb\",\"itemListElement\":[{\"@type\":\"ListItem\",\"position\":1,\"name\":\"Home\",\"item\":\"https:\\\/\\\/ceric.ca\\\/fr\\\/ceric-homepage-2025\\\/\"},{\"@type\":\"ListItem\",\"position\":2,\"name\":\"(En anglais) Decent Work on a Changing Planet: Practical Strategies for Developing a More Equitable World for Our Clients\"}]},{\"@type\":\"WebSite\",\"@id\":\"https:\\\/\\\/ceric.ca\\\/#website\",\"url\":\"https:\\\/\\\/ceric.ca\\\/\",\"name\":\"CERIC\",\"description\":\"\",\"publisher\":{\"@id\":\"https:\\\/\\\/ceric.ca\\\/#organization\"},\"potentialAction\":[{\"@type\":\"SearchAction\",\"target\":{\"@type\":\"EntryPoint\",\"urlTemplate\":\"https:\\\/\\\/ceric.ca\\\/?s={search_term_string}\"},\"query-input\":{\"@type\":\"PropertyValueSpecification\",\"valueRequired\":true,\"valueName\":\"search_term_string\"}}],\"inLanguage\":\"fr-FR\"},{\"@type\":\"Organization\",\"@id\":\"https:\\\/\\\/ceric.ca\\\/#organization\",\"name\":\"CERIC\",\"url\":\"https:\\\/\\\/ceric.ca\\\/\",\"logo\":{\"@type\":\"ImageObject\",\"inLanguage\":\"fr-FR\",\"@id\":\"https:\\\/\\\/ceric.ca\\\/#\\\/schema\\\/logo\\\/image\\\/\",\"url\":\"\",\"contentUrl\":\"\",\"caption\":\"CERIC\"},\"image\":{\"@id\":\"https:\\\/\\\/ceric.ca\\\/#\\\/schema\\\/logo\\\/image\\\/\"}},{\"@type\":\"Person\",\"@id\":\"https:\\\/\\\/ceric.ca\\\/#\\\/schema\\\/person\\\/2e3faddf54acfac0d88b9ce185094d00\",\"name\":\"Rachel So\",\"image\":{\"@type\":\"ImageObject\",\"inLanguage\":\"fr-FR\",\"@id\":\"https:\\\/\\\/secure.gravatar.com\\\/avatar\\\/4c40c9aaacb6f176dbd977bdf43366708b68bdf16dc927d1e222e96783b5a9bc?s=96&d=blank&r=g\",\"url\":\"https:\\\/\\\/secure.gravatar.com\\\/avatar\\\/4c40c9aaacb6f176dbd977bdf43366708b68bdf16dc927d1e222e96783b5a9bc?s=96&d=blank&r=g\",\"contentUrl\":\"https:\\\/\\\/secure.gravatar.com\\\/avatar\\\/4c40c9aaacb6f176dbd977bdf43366708b68bdf16dc927d1e222e96783b5a9bc?s=96&d=blank&r=g\",\"caption\":\"Rachel So\"},\"url\":\"https:\\\/\\\/ceric.ca\\\/fr\\\/author\\\/rachel\\\/\"}]}<\/script>\n<!-- \/ Yoast SEO Premium plugin. -->","yoast_head_json":{"title":"(En anglais) Decent Work on a Changing Planet: Practical Strategies for Developing a More Equitable World for Our Clients - CERIC","robots":{"index":"index","follow":"follow","max-snippet":"max-snippet:-1","max-image-preview":"max-image-preview:large","max-video-preview":"max-video-preview:-1"},"canonical":"https:\/\/ceric.ca\/fr\/2023\/09\/decent-work-on-a-changing-planet-practical-strategies-for-developing-a-more-equitable-world-for-our-clients\/","og_locale":"fr_FR","og_type":"article","og_title":"(En anglais) Decent Work on a Changing Planet: Practical Strategies for Developing a More Equitable World for Our Clients","og_description":"[vc_row][vc_column][\/vc_column][\/vc_row][vc_row][vc_column width=\u00a0\u00bb1\/2&Prime;][vc_column_text] \u00a0 \u00a0Presenters Trevor Lehmann, Career Consultant, University of Manitoba Brian Malott, Indigenous Carer Consultant, Fanshawe College \u00a0 \u00a0Date and time of the simulive series: [\u2026]","og_url":"https:\/\/ceric.ca\/fr\/2023\/09\/decent-work-on-a-changing-planet-practical-strategies-for-developing-a-more-equitable-world-for-our-clients\/","og_site_name":"CERIC","article_published_time":"2023-09-26T14:57:24+00:00","article_modified_time":"2023-12-07T18:01:18+00:00","og_image":[{"url":"https:\/\/ceric.ca\/wp-content\/uploads\/2023\/03\/Cost-tag.png","type":"","width":"","height":""}],"author":"Rachel So","twitter_card":"summary_large_image","twitter_misc":{"\u00c9crit par":"Rachel So","Dur\u00e9e de lecture estim\u00e9e":"6 minutes"},"schema":{"@context":"https:\/\/schema.org","@graph":[{"@type":"Article","@id":"https:\/\/ceric.ca\/fr\/2023\/09\/decent-work-on-a-changing-planet-practical-strategies-for-developing-a-more-equitable-world-for-our-clients\/#article","isPartOf":{"@id":"https:\/\/ceric.ca\/fr\/2023\/09\/decent-work-on-a-changing-planet-practical-strategies-for-developing-a-more-equitable-world-for-our-clients\/"},"author":{"name":"Rachel So","@id":"https:\/\/ceric.ca\/#\/schema\/person\/2e3faddf54acfac0d88b9ce185094d00"},"headline":"(En anglais) Decent Work on a Changing Planet: Practical Strategies for Developing a More Equitable World for Our Clients","datePublished":"2023-09-26T14:57:24+00:00","dateModified":"2023-12-07T18:01:18+00:00","mainEntityOfPage":{"@id":"https:\/\/ceric.ca\/fr\/2023\/09\/decent-work-on-a-changing-planet-practical-strategies-for-developing-a-more-equitable-world-for-our-clients\/"},"wordCount":1503,"publisher":{"@id":"https:\/\/ceric.ca\/#organization"},"image":{"@id":"https:\/\/ceric.ca\/fr\/2023\/09\/decent-work-on-a-changing-planet-practical-strategies-for-developing-a-more-equitable-world-for-our-clients\/#primaryimage"},"thumbnailUrl":"https:\/\/ceric.ca\/wp-content\/uploads\/2023\/03\/Cost-tag.png","articleSection":["2023"],"inLanguage":"fr-FR"},{"@type":"WebPage","@id":"https:\/\/ceric.ca\/fr\/2023\/09\/decent-work-on-a-changing-planet-practical-strategies-for-developing-a-more-equitable-world-for-our-clients\/","url":"https:\/\/ceric.ca\/fr\/2023\/09\/decent-work-on-a-changing-planet-practical-strategies-for-developing-a-more-equitable-world-for-our-clients\/","name":"(En anglais) Decent Work on a Changing Planet: Practical Strategies for Developing a More Equitable World for Our Clients - CERIC","isPartOf":{"@id":"https:\/\/ceric.ca\/#website"},"primaryImageOfPage":{"@id":"https:\/\/ceric.ca\/fr\/2023\/09\/decent-work-on-a-changing-planet-practical-strategies-for-developing-a-more-equitable-world-for-our-clients\/#primaryimage"},"image":{"@id":"https:\/\/ceric.ca\/fr\/2023\/09\/decent-work-on-a-changing-planet-practical-strategies-for-developing-a-more-equitable-world-for-our-clients\/#primaryimage"},"thumbnailUrl":"https:\/\/ceric.ca\/wp-content\/uploads\/2023\/03\/Cost-tag.png","datePublished":"2023-09-26T14:57:24+00:00","dateModified":"2023-12-07T18:01:18+00:00","breadcrumb":{"@id":"https:\/\/ceric.ca\/fr\/2023\/09\/decent-work-on-a-changing-planet-practical-strategies-for-developing-a-more-equitable-world-for-our-clients\/#breadcrumb"},"inLanguage":"fr-FR","potentialAction":[{"@type":"ReadAction","target":["https:\/\/ceric.ca\/fr\/2023\/09\/decent-work-on-a-changing-planet-practical-strategies-for-developing-a-more-equitable-world-for-our-clients\/"]}]},{"@type":"ImageObject","inLanguage":"fr-FR","@id":"https:\/\/ceric.ca\/fr\/2023\/09\/decent-work-on-a-changing-planet-practical-strategies-for-developing-a-more-equitable-world-for-our-clients\/#primaryimage","url":"https:\/\/ceric.ca\/wp-content\/uploads\/2023\/03\/Cost-tag.png","contentUrl":"https:\/\/ceric.ca\/wp-content\/uploads\/2023\/03\/Cost-tag.png"},{"@type":"BreadcrumbList","@id":"https:\/\/ceric.ca\/fr\/2023\/09\/decent-work-on-a-changing-planet-practical-strategies-for-developing-a-more-equitable-world-for-our-clients\/#breadcrumb","itemListElement":[{"@type":"ListItem","position":1,"name":"Home","item":"https:\/\/ceric.ca\/fr\/ceric-homepage-2025\/"},{"@type":"ListItem","position":2,"name":"(En anglais) Decent Work on a Changing Planet: Practical Strategies for Developing a More Equitable World for Our Clients"}]},{"@type":"WebSite","@id":"https:\/\/ceric.ca\/#website","url":"https:\/\/ceric.ca\/","name":"CERIC","description":"","publisher":{"@id":"https:\/\/ceric.ca\/#organization"},"potentialAction":[{"@type":"SearchAction","target":{"@type":"EntryPoint","urlTemplate":"https:\/\/ceric.ca\/?s={search_term_string}"},"query-input":{"@type":"PropertyValueSpecification","valueRequired":true,"valueName":"search_term_string"}}],"inLanguage":"fr-FR"},{"@type":"Organization","@id":"https:\/\/ceric.ca\/#organization","name":"CERIC","url":"https:\/\/ceric.ca\/","logo":{"@type":"ImageObject","inLanguage":"fr-FR","@id":"https:\/\/ceric.ca\/#\/schema\/logo\/image\/","url":"","contentUrl":"","caption":"CERIC"},"image":{"@id":"https:\/\/ceric.ca\/#\/schema\/logo\/image\/"}},{"@type":"Person","@id":"https:\/\/ceric.ca\/#\/schema\/person\/2e3faddf54acfac0d88b9ce185094d00","name":"Rachel So","image":{"@type":"ImageObject","inLanguage":"fr-FR","@id":"https:\/\/secure.gravatar.com\/avatar\/4c40c9aaacb6f176dbd977bdf43366708b68bdf16dc927d1e222e96783b5a9bc?s=96&d=blank&r=g","url":"https:\/\/secure.gravatar.com\/avatar\/4c40c9aaacb6f176dbd977bdf43366708b68bdf16dc927d1e222e96783b5a9bc?s=96&d=blank&r=g","contentUrl":"https:\/\/secure.gravatar.com\/avatar\/4c40c9aaacb6f176dbd977bdf43366708b68bdf16dc927d1e222e96783b5a9bc?s=96&d=blank&r=g","caption":"Rachel So"},"url":"https:\/\/ceric.ca\/fr\/author\/rachel\/"}]}},"_links":{"self":[{"href":"https:\/\/ceric.ca\/fr\/wp-json\/wp\/v2\/posts\/61649","targetHints":{"allow":["GET"]}}],"collection":[{"href":"https:\/\/ceric.ca\/fr\/wp-json\/wp\/v2\/posts"}],"about":[{"href":"https:\/\/ceric.ca\/fr\/wp-json\/wp\/v2\/types\/post"}],"author":[{"embeddable":true,"href":"https:\/\/ceric.ca\/fr\/wp-json\/wp\/v2\/users\/30"}],"replies":[{"embeddable":true,"href":"https:\/\/ceric.ca\/fr\/wp-json\/wp\/v2\/comments?post=61649"}],"version-history":[{"count":0,"href":"https:\/\/ceric.ca\/fr\/wp-json\/wp\/v2\/posts\/61649\/revisions"}],"wp:attachment":[{"href":"https:\/\/ceric.ca\/fr\/wp-json\/wp\/v2\/media?parent=61649"}],"wp:term":[{"taxonomy":"category","embeddable":true,"href":"https:\/\/ceric.ca\/fr\/wp-json\/wp\/v2\/categories?post=61649"},{"taxonomy":"post_tag","embeddable":true,"href":"https:\/\/ceric.ca\/fr\/wp-json\/wp\/v2\/tags?post=61649"}],"curies":[{"name":"wp","href":"https:\/\/api.w.org\/{rel}","templated":true}]}}