{"id":63302,"date":"2024-01-19T17:07:41","date_gmt":"2024-01-19T22:07:41","guid":{"rendered":"https:\/\/ceric.ca\/?p=63302"},"modified":"2024-03-25T11:06:23","modified_gmt":"2024-03-25T15:06:23","slug":"webinaire-carriere-enfants-guide-pratique","status":"publish","type":"post","link":"https:\/\/ceric.ca\/fr\/2024\/01\/webinaire-carriere-enfants-guide-pratique\/","title":{"rendered":"Habiliter les \u00e9ducateurs\u202f: explorer les possibilit\u00e9s d\u2019apprentissage sur la carri\u00e8re pour les enfants de la 4e \u00e0 la 6e\u202fann\u00e9e (en anglais avec sous-titres)"},"content":{"rendered":"<div class=\"wpb-content-wrapper\"><p>[vc_row][vc_column]<div class=\"wprt-feature-box clearfix \">\r\n\t\t<div class=\"inner clearfix\" style=\"padding:5px;background-color:#c1c1c1;\">\r\n\t\t\t\r\n\t\t\t<div class=\"content-wrap\" style=\"\">\r\n\t\t\t  <div class=\"content-inner\"><p style=\"text-align: center;\"><strong>WEBINAIRE GRATUIT (en anglais avec sous-titres sur l&rsquo;enregistrement)<\/strong><\/p>\n<\/div> \r\n\t\t\t<\/div>\r\n\t\t<\/div>\r\n\t<\/div>\r\n\t<div class=\"wprt-spacer clearfix\" data-desktop=\"35\" data-mobi=\"25\" data-smobi=\"10\"><\/div>[\/vc_column][\/vc_row][vc_row][vc_column width=\u00a0\u00bb1\/2&Prime;][vc_column_text]<\/p>\n<table>\n<tbody>\n<tr>\n<td><img decoding=\"async\" class=\"alignnone wp-image-56301\" src=\"https:\/\/ceric.ca\/wp-content\/uploads\/2022\/08\/Webinar-headshot-480-\u00d7-480-px-2-300x300.png\" alt=\"person\" width=\"20\" height=\"20\" \/>\u00a0 \u00a0<strong> Pr\u00e9sentateurs<\/strong><\/p>\n<p><strong>Dr Lorraine Godden<\/strong>, E<span class=\"TextRun SCXW169993199 BCX0\" lang=\"FR-CA\" xml:lang=\"FR-CA\" data-contrast=\"none\"><span class=\"NormalTextRun SCXW169993199 BCX0\">nseignante et chercheuse en \u00e9ducation<\/span><\/span>, Universit\u00e9 Carleton<\/p>\n<p><strong><span class=\"NormalTextRun SCXW36667981 BCX0\">Nicki Moore<\/span><\/strong><span class=\"NormalTextRun SCXW36667981 BCX0\">, C<span class=\"TextRun SCXW105300853 BCX0\" lang=\"FR-CA\" xml:lang=\"FR-CA\" data-contrast=\"none\"><span class=\"NormalTextRun SCXW105300853 BCX0\">harg\u00e9e de cours principale<\/span><\/span>, Universit\u00e9 de Derby (UK)<\/span><\/p>\n<p><strong>Dr Stefan Merchant<\/strong>, P<span class=\"TextRun SCXW105036949 BCX0\" lang=\"FR-CA\" xml:lang=\"FR-CA\" data-contrast=\"none\"><span class=\"NormalTextRun SCXW105036949 BCX0\">rofesseur adjoint auxiliaire<\/span><\/span>, Universit\u00e9 de Queen<\/p>\n<p><strong>Dr Heather Nesbitt<\/strong>, \u00c9<span class=\"TextRun SCXW84717592 BCX0\" lang=\"FR-CA\" xml:lang=\"FR-CA\" data-contrast=\"none\"><span class=\"NormalTextRun SCXW84717592 BCX0\">ducatrice et chercheuse<\/span><\/span>, Universit\u00e9 de Queen<\/p>\n<p><img decoding=\"async\" class=\"alignnone wp-image-56303\" src=\"https:\/\/ceric.ca\/wp-content\/uploads\/2022\/08\/Webinar-headshot-480-\u00d7-480-px-4.png\" alt=\"calendar icon\" width=\"20\" height=\"20\" srcset=\"https:\/\/ceric.ca\/wp-content\/uploads\/2022\/08\/Webinar-headshot-480-\u00d7-480-px-4.png 240w, https:\/\/ceric.ca\/wp-content\/uploads\/2022\/08\/Webinar-headshot-480-\u00d7-480-px-4-150x150.png 150w, https:\/\/ceric.ca\/wp-content\/uploads\/2022\/08\/Webinar-headshot-480-\u00d7-480-px-4-160x160.png 160w\" sizes=\"(max-width:767px) 20px, 20px\" \/>\u00a0 <strong>Date et horaire<\/strong><\/p>\n<ul>\n<li>Vendredi 22 mars 2024 \u2013 12h00 \u2013 13h00 HE (<a class=\"PrimaryLink BaseLink\" style=\"font-family: inherit; font-size: inherit;\" href=\"https:\/\/www.timeanddate.com\/worldclock\/converter.html?iso=20240322T160000&amp;p1=250\" target=\"_blank\" rel=\"noreferrer noopener\">V\u00e9rifiez votre fuseau horaire<\/a><span style=\"font-family: inherit; font-size: inherit;\">)<\/span><\/li>\n<\/ul>\n<p><strong><img decoding=\"async\" class=\"alignnone wp-image-59172\" src=\"https:\/\/ceric.ca\/wp-content\/uploads\/2023\/03\/Cost-tag.png\" alt=\"\" width=\"20\" height=\"20\" \/> Prix<\/strong><\/p>\n<ul>\n<li>Webinaire GRATUIT<\/li>\n<\/ul>\n<p><strong><img loading=\"lazy\" decoding=\"async\" class=\"alignnone wp-image-59172\" src=\"https:\/\/ceric.ca\/wp-content\/uploads\/2023\/03\/484633.png\" alt=\"\" width=\"20\" height=\"20\" \/> Langue<\/strong><\/p>\n<ul>\n<li>Ce webinaire est pr\u00e9sent\u00e9\u00a0<strong>en anglais<\/strong> avec des sous-titres en fran\u00e7ais disponibles <strong>sur l\u2019enregistrement.<\/strong><\/li>\n<\/ul>\n<p><strong><img loading=\"lazy\" decoding=\"async\" class=\"alignnone size-medium wp-image-60816\" src=\"https:\/\/ceric.ca\/wp-content\/uploads\/2023\/07\/accessibility-300x300.png\" alt=\"\" width=\"20\" height=\"20\" srcset=\"https:\/\/ceric.ca\/wp-content\/uploads\/2023\/07\/accessibility-300x300.png 300w, https:\/\/ceric.ca\/wp-content\/uploads\/2023\/07\/accessibility-150x150.png 150w, https:\/\/ceric.ca\/wp-content\/uploads\/2023\/07\/accessibility-400x400.png 400w, https:\/\/ceric.ca\/wp-content\/uploads\/2023\/07\/accessibility.png 512w, https:\/\/ceric.ca\/wp-content\/uploads\/2023\/07\/accessibility-480x480.png 480w, https:\/\/ceric.ca\/wp-content\/uploads\/2023\/07\/accessibility-160x160.png 160w\" sizes=\"(max-width:767px) 20px, 20px\" \/> <\/strong><strong>Accessibilit\u00e9<\/strong><\/p>\n<ul>\n<li>Des sous-titres cod\u00e9s en direct g\u00e9n\u00e9r\u00e9s par l\u2019IA Zoom sont disponibles en plusieurs langues, dont l\u2019anglais et le fran\u00e7ais<\/li>\n<\/ul>\n<ul>\n<li style=\"list-style-type: none;\"><\/li>\n<\/ul>\n<\/td>\n<\/tr>\n<\/tbody>\n<\/table>\n<p>[\/vc_column_text]\r\n\t<div class=\"wprt-spacer clearfix\" data-desktop=\"20\" data-mobi=\"0\" data-smobi=\"0\"><\/div>[\/vc_column][vc_column width=\u00a0\u00bb1\/2&Prime;][vc_single_image image=\u00a0\u00bb62360&Prime;]\r\n\t<div class=\"wprt-spacer clearfix\" data-desktop=\"35\" data-mobi=\"7\" data-smobi=\"7\"><\/div>\r\n\t<div class=\"wprt-spacer clearfix\" data-desktop=\"35\" data-mobi=\"25\" data-smobi=\"10\"><\/div>[\/vc_column][\/vc_row][vc_row][vc_column][vc_message message_box_color=\u00a0\u00bbsuccess\u00a0\u00bb icon_fontawesome=\u00a0\u00bbfas fa-language\u00a0\u00bb]Des sous-titres en fran\u00e7ais seront disponibles sur<strong>\u00a0l\u2019enregistrement\u00a0<\/strong>de ce webinaire.[\/vc_message]\r\n\t<div class=\"wprt-spacer clearfix\" data-desktop=\"35\" data-mobi=\"25\" data-smobi=\"10\"><\/div>[\/vc_column][\/vc_row][vc_row][vc_column]\r\n\t<div class=\"wprt-spacer clearfix\" data-desktop=\"20\" data-mobi=\"0\" data-smobi=\"0\"><\/div><div class=\"wprt-headings clearfix \"  style=\"\"><h2 class=\"heading clearfix\" style=\"color:#568caf;\">\r\n\t\tVue d\u2019ensemble du webinaire\r\n\t<\/h2><\/div>\r\n\t<div class=\"wprt-spacer clearfix\" data-desktop=\"20\" data-mobi=\"0\" data-smobi=\"0\"><\/div>[vc_column_text]<span class=\"TextRun SCXW240418411 BCX0\" lang=\"FR-CA\" xml:lang=\"FR-CA\" data-contrast=\"none\"><span class=\"NormalTextRun SCXW240418411 BCX0\">Ce webinaire <\/span><span class=\"NormalTextRun SCXW240418411 BCX0\">partage<\/span><span class=\"NormalTextRun SCXW240418411 BCX0\"> les r\u00e9sultats d\u2019un <a href=\"https:\/\/ceric.ca\/fr\/projets\/le-developpement-de-carriere-chez-les-enfants-determiner-les-conditions-et-les-strategies-essentielles-a-la-reussite\/\">project financ\u00e9 par le CERIC<\/a> qui a r\u00e9pondu \u00e0 une question importante\u202f: pourquoi l\u2019enseignement au primaire <\/span><span class=\"NormalTextRun SCXW240418411 BCX0\">devrait-il se pr\u00e9occuper de la c<\/span><span class=\"NormalTextRun SCXW240418411 BCX0\">arri\u00e8re? En sachant que la carri\u00e8re concerne la vie, l\u2019apprentissage <\/span><\/span><em><span class=\"TextRun SCXW240418411 BCX0\" lang=\"FR-CA\" xml:lang=\"FR-CA\" data-contrast=\"none\"><span class=\"NormalTextRun SCXW240418411 BCX0\">et <\/span><\/span><\/em><span class=\"TextRun SCXW240418411 BCX0\" lang=\"FR-CA\" xml:lang=\"FR-CA\" data-contrast=\"none\"><span class=\"NormalTextRun SCXW240418411 BCX0\">le travail, nous <\/span><span class=\"NormalTextRun SCXW240418411 BCX0\">comprenons qu\u2019elle<\/span><span class=\"NormalTextRun SCXW240418411 BCX0\"> concerne tout le monde, s\u2019adresse \u00e0 tout le monde et <\/span><span class=\"NormalTextRun SCXW240418411 BCX0\">touche l\u2019ensemble de notre apprentissage<\/span><span class=\"NormalTextRun SCXW240418411 BCX0\">, d\u00e8s la naissance et tout au long de notre vie. <\/span><span class=\"NormalTextRun SCXW240418411 BCX0\">En ayant<\/span><span class=\"NormalTextRun SCXW240418411 BCX0\"> cette optique, il est plus facile de comprendre pourquoi il faut penser \u00e0 la <\/span><\/span><em><span class=\"TextRun SCXW240418411 BCX0\" lang=\"FR-CA\" xml:lang=\"FR-CA\" data-contrast=\"none\"><span class=\"NormalTextRun SCXW240418411 BCX0\">carri\u00e8re<\/span><\/span><\/em><span class=\"TextRun SCXW240418411 BCX0\" lang=\"FR-CA\" xml:lang=\"FR-CA\" data-contrast=\"none\"><span class=\"NormalTextRun SCXW240418411 BCX0\"> au primaire. Gr\u00e2ce \u00e0 une analyse documentaire approfondie et \u00e0 des donn\u00e9es empiriques, nous avons \u00e9tudi\u00e9 ce qui permet aux enfants \u00e2g\u00e9s de 8 \u00e0 12\u202fans de s\u2019\u00e9panouir (en d\u00e9veloppant la ma\u00eetrise de soi, un sentiment d\u2019efficacit\u00e9 personnelle et la confiance en soi<\/span><span class=\"NormalTextRun SCXW240418411 BCX0\">, par exemple<\/span><span class=\"NormalTextRun SCXW240418411 BCX0\">). \u00c0 partir de ces donn\u00e9es, nous avons cr\u00e9\u00e9 une <a href=\"https:\/\/ceric.ca\/fr\/publications\/explorer-les-possibilites-examiner-les-apprentissages-lies-a-la-carriere-de-la-4e-a-la-6e-annee-une-boite-a-outils-pedagogiques\/\">bo\u00eete \u00e0 outils<\/a> pour <\/span><\/span><span class=\"TextRun SCXW240418411 BCX0\" lang=\"FR-CA\" xml:lang=\"FR-CA\" data-contrast=\"none\"><span class=\"NormalTextRun SCXW240418411 BCX0\">l\u2019apprentissage li\u00e9 \u00e0 la carri\u00e8re<\/span><\/span><span class=\"TextRun SCXW240418411 BCX0\" lang=\"FR-CA\" xml:lang=\"FR-CA\" data-contrast=\"none\"><span class=\"NormalTextRun SCXW240418411 BCX0\">. <\/span><span class=\"NormalTextRun SCXW240418411 BCX0\">Cette bo\u00eete<\/span><span class=\"NormalTextRun SCXW240418411 BCX0\">\u00a0aborde pour le lecteur des sujets comme l\u2019analyse de la carri\u00e8re, le d\u00e9veloppement d\u2019aptitudes essentielles, la compr\u00e9hension de la valeur d\u2019une approche ax\u00e9e sur la collectivit\u00e9 et les fa\u00e7ons de puiser du soutien aupr\u00e8s du programme d\u2019\u00e9tudes et du secteur du d\u00e9veloppement de carri\u00e8re dans son ensemble.<\/span><\/span><span class=\"EOP SCXW240418411 BCX0\" data-ccp-props=\"{&quot;201341983&quot;:0,&quot;335559740&quot;:259}\">\u00a0<\/span>[\/vc_column_text]\r\n\t<div class=\"wprt-spacer clearfix\" data-desktop=\"35\" data-mobi=\"25\" data-smobi=\"10\"><\/div><div class=\"wprt-headings clearfix \"  style=\"\"><h2 class=\"heading clearfix\" style=\"color:#568caf;\">\r\n\t\tPourquoi les professionnels de carri\u00e8re devraient participer\r\n\t<\/h2><\/div>\r\n\t<div class=\"wprt-spacer clearfix\" data-desktop=\"20\" data-mobi=\"0\" data-smobi=\"0\"><\/div>[vc_column_text]<span class=\"TextRun SCXW51110990 BCX0\" lang=\"FR-CA\" xml:lang=\"FR-CA\" data-contrast=\"none\"><span class=\"NormalTextRun SCXW51110990 BCX0\">Ce webinaire GRATUIT s\u2019adresse \u00e0 toute personne soucieuse d\u2019aider les enfants \u00e0 apprendre et \u00e0 d\u00e9velopper les diverses comp\u00e9tences n\u00e9cessaires pour r\u00e9ussir leur apprentissage \u00e0 l\u2019\u00e9cole et en dehors de celle-ci.\u00a0 Que vous soyez enseignant, conseiller d\u2019orientation, \u00e9ducateur au choix de carri\u00e8re, membre de la direction d\u2019une \u00e9cole, concepteur de programmes d\u2019enseignement, d\u00e9cideur ou parent, vous obtiendrez des pratiques et des renseignements pr\u00e9cieux pour soutenir et fa\u00e7onner l\u2019apprentissage li\u00e9 \u00e0 la carri\u00e8re dans les \u00e9coles primaires et <\/span><span class=\"NormalTextRun SCXW51110990 BCX0\">secondaires. Le webinaire pr\u00e9sente aussi une excellente occasion pour les participants de se familiariser avec la nouvelle trousse d\u2019outils pour l\u2019enseignement. Celle-ci comprend un \u00e9ventail d\u2019activit\u00e9s qui s\u2019adaptent \u00e0 <\/span><span class=\"NormalTextRun SCXW51110990 BCX0\">des <\/span><span class=\"NormalTextRun SCXW51110990 BCX0\">contextes et milieux<\/span><span class=\"NormalTextRun SCXW51110990 BCX0\"> uniques<\/span><span class=\"NormalTextRun SCXW51110990 BCX0\">, ainsi que des liens vers des ressources et des adresses de sites Web pour orienter les lecteurs vers une vue d\u2019ensemble des ressources offertes gratuitement pour soutenir un apprentissage efficace li\u00e9 \u00e0 la carri\u00e8re au primaire.<\/span><\/span><span class=\"EOP SCXW51110990 BCX0\" data-ccp-props=\"{&quot;201341983&quot;:0,&quot;335559740&quot;:276}\">\u00a0<\/span>[\/vc_column_text]\r\n\t<div class=\"wprt-spacer clearfix\" data-desktop=\"35\" data-mobi=\"0\" data-smobi=\"0\"><\/div><div class=\"wprt-headings clearfix \"  style=\"\"><h2 class=\"heading clearfix\" style=\"color:#568caf;\">\r\n\t\tPrincipaux objectifs d\u2019apprentissage\u202f du webinaire\r\n\t<\/h2><\/div>[vc_column_text]<\/p>\n<ul style=\"font-weight: 400;\">\n<li data-leveltext=\"\uf0b7\" data-font=\"Symbol\" data-listid=\"4\" data-list-defn-props=\"{&quot;335552541&quot;:1,&quot;335559684&quot;:-2,&quot;335559685&quot;:720,&quot;335559991&quot;:360,&quot;469769226&quot;:&quot;Symbol&quot;,&quot;469769242&quot;:[8226],&quot;469777803&quot;:&quot;left&quot;,&quot;469777804&quot;:&quot;\uf0b7&quot;,&quot;469777815&quot;:&quot;hybridMultilevel&quot;}\" aria-setsize=\"-1\" data-aria-posinset=\"1\" data-aria-level=\"1\"><span data-contrast=\"none\">D\u00e9couvrir comment le d\u00e9veloppement d\u2019aptitudes essentielles favorise le d\u00e9veloppement de carri\u00e8re en continu<\/span><span data-ccp-props=\"{&quot;201341983&quot;:0,&quot;335559740&quot;:259}\">\u00a0<\/span><\/li>\n<li data-leveltext=\"\uf0b7\" data-font=\"Symbol\" data-listid=\"4\" data-list-defn-props=\"{&quot;335552541&quot;:1,&quot;335559684&quot;:-2,&quot;335559685&quot;:720,&quot;335559991&quot;:360,&quot;469769226&quot;:&quot;Symbol&quot;,&quot;469769242&quot;:[8226],&quot;469777803&quot;:&quot;left&quot;,&quot;469777804&quot;:&quot;\uf0b7&quot;,&quot;469777815&quot;:&quot;hybridMultilevel&quot;}\" aria-setsize=\"-1\" data-aria-posinset=\"2\" data-aria-level=\"1\"><span data-contrast=\"none\">Comprendre la pertinence du d\u00e9veloppement de carri\u00e8re dans le contexte de l\u2019\u00e9cole primaire au Canada en se basant sur la documentation et sur nos propres recherches<\/span><\/li>\n<li data-leveltext=\"\uf0b7\" data-font=\"Symbol\" data-listid=\"4\" data-list-defn-props=\"{&quot;335552541&quot;:1,&quot;335559684&quot;:-2,&quot;335559685&quot;:720,&quot;335559991&quot;:360,&quot;469769226&quot;:&quot;Symbol&quot;,&quot;469769242&quot;:[8226],&quot;469777803&quot;:&quot;left&quot;,&quot;469777804&quot;:&quot;\uf0b7&quot;,&quot;469777815&quot;:&quot;hybridMultilevel&quot;}\" aria-setsize=\"-1\" data-aria-posinset=\"3\" data-aria-level=\"1\"><span data-contrast=\"none\">Explorer comment les \u00e9ducateurs et les autres parties prenantes soutiennent d\u00e9j\u00e0 le d\u00e9veloppement de carri\u00e8re chez les enfants et comment ils peuvent \u00e9largir leur pratique<\/span><\/li>\n<li data-leveltext=\"\uf0b7\" data-font=\"Symbol\" data-listid=\"4\" data-list-defn-props=\"{&quot;335552541&quot;:1,&quot;335559684&quot;:-2,&quot;335559685&quot;:720,&quot;335559991&quot;:360,&quot;469769226&quot;:&quot;Symbol&quot;,&quot;469769242&quot;:[8226],&quot;469777803&quot;:&quot;left&quot;,&quot;469777804&quot;:&quot;\uf0b7&quot;,&quot;469777815&quot;:&quot;hybridMultilevel&quot;}\" aria-setsize=\"-1\" data-aria-posinset=\"4\" data-aria-level=\"1\"><span data-contrast=\"none\">D\u00e9couvrir les r\u00e9sultats de notre analyse de la documentation internationale.<\/span><span data-ccp-props=\"{&quot;201341983&quot;:0,&quot;335559740&quot;:259}\">\u00a0<\/span><\/li>\n<li data-leveltext=\"\uf0b7\" data-font=\"Symbol\" data-listid=\"4\" data-list-defn-props=\"{&quot;335552541&quot;:1,&quot;335559684&quot;:-2,&quot;335559685&quot;:720,&quot;335559991&quot;:360,&quot;469769226&quot;:&quot;Symbol&quot;,&quot;469769242&quot;:[8226],&quot;469777803&quot;:&quot;left&quot;,&quot;469777804&quot;:&quot;\uf0b7&quot;,&quot;469777815&quot;:&quot;hybridMultilevel&quot;}\" aria-setsize=\"-1\" data-aria-posinset=\"5\" data-aria-level=\"1\"><span data-contrast=\"none\">Comprendre comment b\u00e2tir des r\u00e9seaux qui soutiennent le d\u00e9veloppement de l\u2019apprentissage li\u00e9 \u00e0 la carri\u00e8re au primaire<\/span><\/li>\n<\/ul>\n<p>[\/vc_column_text]\r\n\t<div class=\"wprt-spacer clearfix\" data-desktop=\"35\" data-mobi=\"25\" data-smobi=\"10\"><\/div>[vc_video link=\u00a0\u00bbhttps:\/\/youtu.be\/0dJ-KxH1Yo0&Prime; align=\u00a0\u00bbcenter\u00a0\u00bb]\r\n\t<div class=\"wprt-spacer clearfix\" data-desktop=\"35\" data-mobi=\"25\" data-smobi=\"10\"><\/div>[\/vc_column][\/vc_row][vc_row disable_element=\u00a0\u00bbyes\u00a0\u00bb][vc_column width=\u00a0\u00bb1\/3&Prime;]<div class=\"wprt-headings clearfix \"  style=\"\"><h3 class=\"heading clearfix\" style=\"color:#568caf;\">\r\n\t\tWebinaire N\u00b01 : Assises, objectif et leviers d\u2019intervention de l\u2019ACT\r\n\t<\/h3><\/div>\r\n\t<div class=\"wprt-spacer clearfix\" data-desktop=\"10\" data-mobi=\"5\" data-smobi=\"2\"><\/div><div class=\"wprt-headings clearfix \"  style=\"\"><h6 class=\"heading clearfix\" style=\"font-weight:600;color:#000000;\">\r\n\t\tJeudi 16 novembre, de 12h \u00e0 13h, HE\r\n\t<\/h6><\/div>\r\n\t<div class=\"wprt-spacer clearfix\" data-desktop=\"20\" data-mobi=\"0\" data-smobi=\"0\"><\/div>[vc_column_text]<\/p>\n<ul>\n<li>Cerner les enjeux sous-jacents \u00e0 la d\u00e9mobilisation de nos clients<\/li>\n<li>Saisir la pertinence de les aider \u00e0 cultiver leur souplesse comportementale<\/li>\n<li>Prendre connaissance du paradigme cognitif &amp; comportemental et des deux principaux fondements de l\u2019ACT<\/li>\n<li>Survoler les 6 leviers d\u2019intervention de cette approche<\/li>\n<li>D\u00e9couvrir un outil d\u2019analyse et de conceptualisation : la matrice<\/li>\n<\/ul>\n<p>[\/vc_column_text][\/vc_column][vc_column width=\u00a0\u00bb1\/3&Prime;]<div class=\"wprt-headings clearfix \"  style=\"\"><h3 class=\"heading clearfix\" style=\"color:#568caf;\">\r\n\t\tWebinaire N\u00b02 : Prise en main de la matrice de carri\u00e8re\r\n\t<\/h3><\/div>\r\n\t<div class=\"wprt-spacer clearfix\" data-desktop=\"10\" data-mobi=\"5\" data-smobi=\"2\"><\/div><div class=\"wprt-headings clearfix \"  style=\"\"><h6 class=\"heading clearfix\" style=\"font-weight:600;color:#000000;\">\r\n\t\tJeudi 23 novembre, de 12h \u00e0 13h, HE\r\n\t<\/h6><\/div>\r\n\t<div class=\"wprt-spacer clearfix\" data-desktop=\"20\" data-mobi=\"0\" data-smobi=\"0\"><\/div>[vc_column_text]<\/p>\n<ul>\n<li>Comprendre comment contextualiser cette matrice aux enjeux du counseling de carri\u00e8re et selon des \u00e9tapes organis\u00e9es et progressives<\/li>\n<li>Favoriser la connaissance de soi de nos clients \u00e0 travers la mise en lumi\u00e8re du dialogue int\u00e9rieur et de son influence sur les comportements qui en d\u00e9coulent<\/li>\n<li>Prendre conscience du r\u00f4le et de l\u2019impact des comportements d\u2019\u00e9vitement sur la capacit\u00e9 d\u2019adaptation et de mobilisation<\/li>\n<li>Comprendre comment soutenir les clients et les amener \u00e0 pers\u00e9v\u00e9rer dans leurs actions engag\u00e9es<\/li>\n<li>D\u00e9couvrir comment cultiver la souplesse de l\u2019observateur de soi en action<\/li>\n<\/ul>\n<p>[\/vc_column_text][\/vc_column][vc_column width=\u00a0\u00bb1\/3&Prime;]<div class=\"wprt-headings clearfix \"  style=\"\"><h3 class=\"heading clearfix\" style=\"color:#568caf;\">\r\n\t\tWebinaire N\u00b03 : Application de la matrice sur les intervenants en counseling de carri\u00e8re\r\n\t<\/h3><\/div>\r\n\t<div class=\"wprt-spacer clearfix\" data-desktop=\"10\" data-mobi=\"5\" data-smobi=\"2\"><\/div><div class=\"wprt-headings clearfix \"  style=\"\"><h6 class=\"heading clearfix\" style=\"font-weight:600;color:#000000;\">\r\n\t\tJeudi 30 novembre, de 12h \u00e0 13h, HE\r\n\t<\/h6><\/div>\r\n\t<div class=\"wprt-spacer clearfix\" data-desktop=\"20\" data-mobi=\"0\" data-smobi=\"0\"><\/div>[vc_column_text]<\/p>\n<ul>\n<li>Cerner comment la matrice de carri\u00e8re peut aussi \u00eatre utile pour prendre soin de son r\u00f4le d\u2019intervenant en relation d\u2019aide<\/li>\n<li>Saisir l\u2019importance de renforcer le savoir-\u00eatre en cultivant le d\u00e9veloppement du soi authentique et r\u00e9flexif en intervention<\/li>\n<li>Int\u00e9grer la matrice de carri\u00e8re \u00e0 ses propres d\u00e9fis et en particulier aupr\u00e8s des clients les plus difficiles<\/li>\n<li>Apprendre \u00e0 se d\u00e9coincer en testant des actions valoris\u00e9es<\/li>\n<\/ul>\n<p>[\/vc_column_text][\/vc_column][\/vc_row][vc_row disable_element=\u00a0\u00bbyes\u00a0\u00bb][vc_column width=\u00a0\u00bb1\/2&Prime;][\/vc_column][vc_column width=\u00a0\u00bb1\/2&Prime;]\r\n\t<div class=\"wprt-spacer clearfix\" data-desktop=\"20\" data-mobi=\"0\" data-smobi=\"0\"><\/div>[\/vc_column][\/vc_row][vc_row][vc_column][vc_row_inner][vc_column_inner width=\u00a0\u00bb1\/4&Prime;][vc_single_image image=\u00a0\u00bb63243&Prime;][\/vc_column_inner][vc_column_inner width=\u00a0\u00bb3\/4&Prime;][vc_message message_box_color=\u00a0\u00bbchino\u00a0\u00bb icon_fontawesome=\u00a0\u00bbfas fa-graduation-cap\u00a0\u00bb]<b><span data-contrast=\"none\">Aper\u00e7u du projet de recherche\u00a0<\/span><\/b><\/p>\n<p>Les apprentissages li\u00e9s \u00e0 la carri\u00e8re aident les enfants \u00e0 comprendre ce qu\u2019ils pourraient devenir. Nous savons que les enseignants organisent diverses activit\u00e9s d\u2019apprentissage et de jeu qui introduisent ou d\u00e9veloppent des aptitudes et concepts essentiels, comme les habitudes saines, les comp\u00e9tences sociales et affectives, l\u2019empathie et le travail d\u2019\u00e9quipe. Ces concepts et aptitudes joueront un r\u00f4le crucial dans le d\u00e9veloppement de carri\u00e8re ult\u00e9rieur des enfants, mais ils ne sont g\u00e9n\u00e9ralement pas abord\u00e9s sous l\u2019optique du <em>d\u00e9veloppement de carri\u00e8re<\/em> par les enseignants de la 4e \u00e0 la 6e ann\u00e9e. Ce projet de recherche met en lumi\u00e8re l\u2019interrelation de ces aptitudes et concepts essentiels, introduits et \u00e9labor\u00e9s par les enseignants, avec le d\u00e9veloppement de carri\u00e8re, et la fa\u00e7on dont ils s\u2019int\u00e8grent dans un apprentissage li\u00e9 \u00e0 la carri\u00e8re au sein des \u00e9coles primaires canadiennes.<\/p>\n<p><a href=\"https:\/\/ceric.ca\/fr\/projets\/le-developpement-de-carriere-chez-les-enfants-determiner-les-conditions-et-les-strategies-essentielles-a-la-reussite\/\">En savoir plus sur le projet et le guide<\/a>[\/vc_message][\/vc_column_inner][\/vc_row_inner][\/vc_column][\/vc_row][vc_row][vc_column]\r\n\t<div class=\"wprt-spacer clearfix\" data-desktop=\"35\" data-mobi=\"30\" data-smobi=\"25\"><\/div>[vc_row_inner][vc_column_inner][vc_btn title=\u00a0\u00bbS&rsquo;INSCRIRE\u00a0\u00bb color=\u00a0\u00bbwarning\u00a0\u00bb align=\u00a0\u00bbcenter\u00a0\u00bb link=\u00a0\u00bburl:https%3A%2F%2Fwww.eventbrite.ca%2Fe%2Fempowering-educators-exploring-childrens-career-learning-in-grades-4-6-registration-803766004757%3Faff%3DCERICwebpage|target:_blank\u00a0\u00bb][\/vc_column_inner][\/vc_row_inner]\r\n\t<div class=\"wprt-spacer clearfix\" data-desktop=\"20\" data-mobi=\"25\" data-smobi=\"0\"><\/div>[\/vc_column][\/vc_row][vc_row disable_element=\u00a0\u00bbyes\u00a0\u00bb][vc_column width=\u00a0\u00bb1\/2&Prime;][vc_message message_box_color=\u00a0\u00bbsuccess\u00a0\u00bb icon_fontawesome=\u00a0\u00bbfas fa-stamp\u00a0\u00bb]Des certificats individuels de participation seront fournis pour chaque webinaire de la s\u00e9rie. Veuillez noter que les certificats sont fournis UNIQUEMENT aux participants inscrits qui assistent aux webinaires <strong>EN DIRECT<\/strong>.[\/vc_message][vc_btn title=\u00a0\u00bb<b>INSCRIVEZ-VOUS MAINTENANT<\/b>\u00a0\u00bb color=\u00a0\u00bbwarning\u00a0\u00bb align=\u00a0\u00bbcenter\u00a0\u00bb link=\u00a0\u00bburl:https%3A%2F%2Fwww.eventbrite.ca%2Fe%2Finscription-integrer-la-matrice-de-lact-pour-mobiliser-et-soutenir-vos-clients-619974820377%3Faff%3DCERICwebpage\u00a0\u00bb][\/vc_column][vc_column width=\u00a0\u00bb1\/2&Prime;][vc_column_text]<\/p>\n<table>\n<tbody>\n<tr>\n<td style=\"text-align: center;\"><strong>TARIFS<\/strong><\/td>\n<td style=\"text-align: center;\"><strong>Non-membres de l&rsquo;OCCOQ<\/strong><\/td>\n<td>\n<p style=\"text-align: center;\"><strong>Membres de l&rsquo;OCCOQ<\/strong><\/p>\n<\/td>\n<\/tr>\n<tr>\n<td>\n<p style=\"text-align: center;\"><strong>Tarif individuel<\/strong><\/p>\n<\/td>\n<td>\n<p style=\"text-align: center;\">159 $<\/p>\n<\/td>\n<td>\n<p style=\"text-align: center;\">119 $<\/p>\n<\/td>\n<\/tr>\n<tr>\n<td>\n<p style=\"text-align: center;\"><strong>Tarif de groupe*<\/strong><\/p>\n<\/td>\n<td>\n<p style=\"text-align: center;\">119,25$ par personne<\/p>\n<\/td>\n<td>\n<p style=\"text-align: center;\">89,25$ par personne<\/p>\n<\/td>\n<\/tr>\n<\/tbody>\n<\/table>\n<p>[\/vc_column_text][\/vc_column][\/vc_row][vc_row][vc_column]\r\n\t<div class=\"wprt-spacer clearfix\" data-desktop=\"20\" data-mobi=\"0\" data-smobi=\"0\"><\/div>[vc_message]Les webinaires du CERIC sont h\u00e9berg\u00e9s sur Zoom. Pour en savoir plus, <a href=\"https:\/\/ceric.ca\/fr\/evenements\/webinaires\/faq-webinaires\/\">consultez notre FAQ<\/a>.[\/vc_message]\r\n\t<div class=\"wprt-spacer clearfix\" data-desktop=\"35\" data-mobi=\"25\" data-smobi=\"10\"><\/div>[\/vc_column][\/vc_row][vc_row][vc_column width=\u00a0\u00bb1\/4&Prime;][vc_single_image image=\u00a0\u00bb63253&Prime; img_size=\u00a0\u00bb240&#215;240&Prime; alignment=\u00a0\u00bbcenter\u00a0\u00bb]\r\n\t<div class=\"wprt-spacer clearfix\" data-desktop=\"30\" data-mobi=\"0\" data-smobi=\"0\"><\/div>[\/vc_column][vc_column width=\u00a0\u00bb3\/4&Prime;][vc_column_text]<span class=\"TextRun SCXW153200283 BCX0\" lang=\"EN-US\" xml:lang=\"EN-US\" data-contrast=\"none\"><span class=\"NormalTextRun SCXW153200283 BCX0\"><span class=\"TextRun SCXW225045884 BCX0\" lang=\"FR-CA\" xml:lang=\"FR-CA\" data-contrast=\"none\"><strong><span class=\"NormalTextRun SCXW225045884 BCX0\">Lorraine\u202f<\/span><span class=\"NormalTextRun SpellingErrorV2Themed SCXW225045884 BCX0\">Godden<\/span><\/strong><span class=\"NormalTextRun SCXW225045884 BCX0\"> est une enseignante qualifi\u00e9e et une chercheuse en \u00e9ducation. Elle est responsable nationale du programme <\/span><\/span><span class=\"TextRun SCXW225045884 BCX0\" lang=\"FR-CA\" xml:lang=\"FR-CA\" data-contrast=\"none\"><span class=\"NormalTextRun SCXW225045884 BCX0\">FUSION <\/span><span class=\"NormalTextRun SpellingErrorV2Themed SCXW225045884 BCX0\">Skills<\/span> <span class=\"NormalTextRun SpellingErrorV2Themed SCXW225045884 BCX0\">Development<\/span> <\/span><span class=\"TextRun SCXW225045884 BCX0\" lang=\"FR-CA\" xml:lang=\"FR-CA\" data-contrast=\"none\"><span class=\"NormalTextRun SCXW225045884 BCX0\">\u00e0 l\u2019Universit\u00e9 Carleton et chef \u00e0 temps partiel du corps professoral \u00e0 l\u2019Universit\u00e9 <\/span><span class=\"NormalTextRun SpellingErrorV2Themed SCXW225045884 BCX0\">Yorkvill<\/span><span class=\"NormalTextRun SpellingErrorV2Themed SCXW225045884 BCX0\">e<\/span><span class=\"NormalTextRun SCXW225045884 BCX0\">. Elle est membre de la <\/span><\/span><span class=\"TextRun SCXW225045884 BCX0\" lang=\"FR-CA\" xml:lang=\"FR-CA\" data-contrast=\"none\"><span class=\"NormalTextRun SpellingErrorV2Themed SCXW225045884 BCX0\">Higher<\/span><span class=\"NormalTextRun SCXW225045884 BCX0\">\u202f<\/span><span class=\"NormalTextRun SpellingErrorV2Themed SCXW225045884 BCX0\">Education<\/span> <span class=\"NormalTextRun SpellingErrorV2Themed SCXW225045884 BCX0\">Academy<\/span><\/span><span class=\"TextRun SCXW225045884 BCX0\" lang=\"FR-CA\" xml:lang=\"FR-CA\" data-contrast=\"none\"><span class=\"NormalTextRun SCXW225045884 BCX0\"> du Royaume-Uni et si\u00e8ge au conseil d\u2019administration de l\u2019<\/span><\/span><span class=\"TextRun SCXW225045884 BCX0\" lang=\"FR-CA\" xml:lang=\"FR-CA\" data-contrast=\"none\"><span class=\"NormalTextRun SCXW225045884 BCX0\">Asia Pacific <\/span><span class=\"NormalTextRun SpellingErrorV2Themed SCXW225045884 BCX0\">Career<\/span> <span class=\"NormalTextRun SpellingErrorV2Themed SCXW225045884 BCX0\">Development<\/span><span class=\"NormalTextRun SCXW225045884 BCX0\">\u202fAssociation.\u00a0<\/span><\/span><span class=\"EOP SCXW225045884 BCX0\" data-ccp-props=\"{&quot;201341983&quot;:0,&quot;335559740&quot;:259}\">\u00a0<\/span> <\/span><\/span><span class=\"EOP SCXW153200283 BCX0\" data-ccp-props=\"{&quot;201341983&quot;:0,&quot;335559740&quot;:259}\">\u00a0<\/span>[\/vc_column_text]\r\n\t<div class=\"wprt-spacer clearfix\" data-desktop=\"20\" data-mobi=\"0\" data-smobi=\"0\"><\/div>[vc_row_inner][vc_column_inner width=\u00a0\u00bb1\/2&Prime;][vc_icon icon_fontawesome=\u00a0\u00bbfab fa-linkedin\u00a0\u00bb color=\u00a0\u00bbblack\u00a0\u00bb size=\u00a0\u00bblg\u00a0\u00bb align=\u00a0\u00bbcenter\u00a0\u00bb link=\u00a0\u00bburl:https%3A%2F%2Fwww.linkedin.com%2Fin%2Florrainegodden%2F%20|target:_blank\u00a0\u00bb][\/vc_column_inner][\/vc_row_inner][\/vc_column][\/vc_row][vc_row][vc_column width=\u00a0\u00bb1\/4&Prime;][vc_single_image image=\u00a0\u00bb63287&Prime; img_size=\u00a0\u00bb240&#215;240&Prime; alignment=\u00a0\u00bbcenter\u00a0\u00bb]\r\n\t<div class=\"wprt-spacer clearfix\" data-desktop=\"30\" data-mobi=\"0\" data-smobi=\"0\"><\/div>[\/vc_column][vc_column width=\u00a0\u00bb3\/4&Prime;][vc_column_text]<span class=\"TextRun SCXW9713785 BCX0\" lang=\"FR-CA\" xml:lang=\"FR-CA\" data-contrast=\"none\"><span class=\"NormalTextRun SCXW9713785 BCX0\"><strong>Nicki Moore<\/strong> est charg\u00e9e de cours principale en d\u00e9veloppement de carri\u00e8re <\/span><span class=\"NormalTextRun SCXW9713785 BCX0\">au <\/span><\/span><span class=\"TextRun SCXW9713785 BCX0\" lang=\"FR-CA\" xml:lang=\"FR-CA\" data-contrast=\"none\"><span class=\"NormalTextRun SCXW9713785 BCX0\">International Centre for Guidance <\/span><span class=\"NormalTextRun SpellingErrorV2Themed SCXW9713785 BCX0\">Studies<\/span><\/span><span class=\"TextRun SCXW9713785 BCX0\" lang=\"FR-CA\" xml:lang=\"FR-CA\" data-contrast=\"none\"><span class=\"NormalTextRun SCXW9713785 BCX0\"> de l\u2019Universit\u00e9 de Derby au Royaume-Uni.\u00a0 Elle est membre du <\/span><\/span><span class=\"TextRun SCXW9713785 BCX0\" lang=\"FR-CA\" xml:lang=\"FR-CA\" data-contrast=\"none\"><span class=\"NormalTextRun SpellingErrorV2Themed SCXW9713785 BCX0\">Career<\/span> <span class=\"NormalTextRun SpellingErrorV2Themed SCXW9713785 BCX0\">Development<\/span><span class=\"NormalTextRun SCXW9713785 BCX0\"> Institute <\/span><\/span><span class=\"TextRun SCXW9713785 BCX0\" lang=\"FR-CA\" xml:lang=\"FR-CA\" data-contrast=\"none\"><span class=\"NormalTextRun SCXW9713785 BCX0\">du Royaume-Uni, membre du <\/span><\/span><span class=\"TextRun SCXW9713785 BCX0\" lang=\"FR-CA\" xml:lang=\"FR-CA\" data-contrast=\"none\"><span class=\"NormalTextRun SCXW9713785 BCX0\">National Institute for <\/span><span class=\"NormalTextRun SpellingErrorV2Themed SCXW9713785 BCX0\">Careers<\/span> <span class=\"NormalTextRun SpellingErrorV2Themed SCXW9713785 BCX0\">Education<\/span><span class=\"NormalTextRun SCXW9713785 BCX0\"> and <\/span><span class=\"NormalTextRun SpellingErrorV2Themed SCXW9713785 BCX0\">Cou<\/span><span class=\"NormalTextRun SpellingErrorV2Themed SCXW9713785 BCX0\">nselling<\/span><\/span><span class=\"TextRun SCXW9713785 BCX0\" lang=\"FR-CA\" xml:lang=\"FR-CA\" data-contrast=\"none\"><span class=\"NormalTextRun SCXW9713785 BCX0\"> et membre principale de la <\/span><\/span><span class=\"TextRun SCXW9713785 BCX0\" lang=\"FR-CA\" xml:lang=\"FR-CA\" data-contrast=\"none\"><span class=\"NormalTextRun SpellingErrorV2Themed SCXW9713785 BCX0\">Higher<\/span><span class=\"NormalTextRun SCXW9713785 BCX0\">\u202f<\/span><span class=\"NormalTextRun SpellingErrorV2Themed SCXW9713785 BCX0\">Education<\/span> <span class=\"NormalTextRun SpellingErrorV2Themed SCXW9713785 BCX0\">Academy<\/span><span class=\"NormalTextRun SCXW9713785 BCX0\">.<\/span><\/span><span class=\"EOP SCXW9713785 BCX0\" data-ccp-props=\"{&quot;201341983&quot;:0,&quot;335559740&quot;:259}\">\u00a0<\/span>[\/vc_column_text]\r\n\t<div class=\"wprt-spacer clearfix\" data-desktop=\"20\" data-mobi=\"0\" data-smobi=\"0\"><\/div>[vc_row_inner][vc_column_inner width=\u00a0\u00bb1\/2&Prime;][vc_icon icon_fontawesome=\u00a0\u00bbfab fa-linkedin\u00a0\u00bb color=\u00a0\u00bbblack\u00a0\u00bb size=\u00a0\u00bblg\u00a0\u00bb align=\u00a0\u00bbcenter\u00a0\u00bb link=\u00a0\u00bburl:https%3A%2F%2Fwww.linkedin.com%2Fin%2Fnicki-moore-64573127%2F%20|target:_blank\u00a0\u00bb][\/vc_column_inner][\/vc_row_inner][\/vc_column][\/vc_row][vc_row][vc_column width=\u00a0\u00bb1\/4&Prime;][vc_single_image image=\u00a0\u00bb63249&Prime; img_size=\u00a0\u00bb240&#215;240&Prime; alignment=\u00a0\u00bbcenter\u00a0\u00bb]\r\n\t<div class=\"wprt-spacer clearfix\" data-desktop=\"30\" data-mobi=\"0\" data-smobi=\"0\"><\/div>[\/vc_column][vc_column width=\u00a0\u00bb3\/4&Prime;][vc_column_text]<span class=\"TextRun SCXW249738434 BCX0\" lang=\"EN-US\" xml:lang=\"EN-US\" data-contrast=\"none\"><strong><span class=\"NormalTextRun SCXW249738434 BCX0\">Stefan <\/span><span class=\"NormalTextRun SCXW249738434 BCX0\">Merchant <\/span><\/strong><span class=\"NormalTextRun SCXW249738434 BCX0\"><span class=\"NormalTextRun SCXW191506586 BCX0\">est professeur adjoint auxiliaire \u00e0 la Facult\u00e9 de l\u2019\u00e9ducation de l\u2019Universit\u00e9 <\/span><span class=\"NormalTextRun SpellingErrorV2Themed SCXW191506586 BCX0\">Queen\u2019s<\/span><span class=\"NormalTextRun SCXW191506586 BCX0\"> en Ontario, au Canada. Ancien enseignant et administrateur scolaire, ce p\u00e8re de famille \u00e9tudie le d\u00e9veloppement et l\u2019\u00e9valuation des aptitudes essentielles telles que la collaboration, la ma\u00eetrise de soi et les habitudes de travail.<\/span><\/span><\/span>[\/vc_column_text]\r\n\t<div class=\"wprt-spacer clearfix\" data-desktop=\"20\" data-mobi=\"0\" data-smobi=\"0\"><\/div>[vc_row_inner rtl_reverse=\u00a0\u00bbyes\u00a0\u00bb][vc_column_inner width=\u00a0\u00bb1\/2&Prime;][vc_icon icon_fontawesome=\u00a0\u00bbfab fa-linkedin\u00a0\u00bb color=\u00a0\u00bbblack\u00a0\u00bb size=\u00a0\u00bblg\u00a0\u00bb align=\u00a0\u00bbcenter\u00a0\u00bb link=\u00a0\u00bburl:http%3A%2F%2Fwww.linkedin.com%2Fin%2Fstefan-merchant-b9379080|target:_blank\u00a0\u00bb][\/vc_column_inner][vc_column_inner width=\u00a0\u00bb1\/2&Prime;][\/vc_column_inner][\/vc_row_inner][\/vc_column][\/vc_row][vc_row][vc_column width=\u00a0\u00bb1\/4&Prime;][vc_single_image image=\u00a0\u00bb63251&Prime; img_size=\u00a0\u00bb240&#215;240&Prime; alignment=\u00a0\u00bbcenter\u00a0\u00bb]\r\n\t<div class=\"wprt-spacer clearfix\" data-desktop=\"30\" data-mobi=\"0\" data-smobi=\"0\"><\/div>[\/vc_column][vc_column width=\u00a0\u00bb3\/4&Prime;][vc_column_text]<span class=\"TextRun SCXW239038844 BCX0\" lang=\"EN-US\" xml:lang=\"EN-US\" data-contrast=\"none\"><strong><span class=\"NormalTextRun SCXW239038844 BCX0\">Heather<\/span><span class=\"NormalTextRun SCXW239038844 BCX0\"> Nesbitt<\/span><\/strong><span class=\"NormalTextRun SCXW239038844 BCX0\"> <span class=\"NormalTextRun SCXW94285696 BCX0\">est \u00e9ducatrice, chercheuse et m\u00e8re de famille. Enseignante qualifi\u00e9e pour les niveaux primaire et interm\u00e9diaire en Ontario, elle poss\u00e8de plus de 15\u202fans d\u2019exp\u00e9rience aux niveaux primaire et postsecondaire. Elle est professeur adjointe auxiliaire \u00e0 la Facult\u00e9 de <\/span><span class=\"NormalTextRun SCXW94285696 BCX0\">l\u2019\u00e9ducation de l\u2019Universit\u00e9 <\/span><span class=\"NormalTextRun SpellingErrorV2Themed SCXW94285696 BCX0\">Queen\u2019s<\/span><span class=\"NormalTextRun SCXW94285696 BCX0\"> et charg\u00e9e de cours membre du corps professoral de l\u2019\u00c9cole de l\u2019\u00e9ducation de l\u2019Universit\u00e9 Trent.\u00a0<\/span><\/span><\/span><span class=\"EOP SCXW239038844 BCX0\" data-ccp-props=\"{&quot;201341983&quot;:0,&quot;335559740&quot;:259}\">\u00a0<\/span>[\/vc_column_text]\r\n\t<div class=\"wprt-spacer clearfix\" data-desktop=\"20\" data-mobi=\"0\" data-smobi=\"0\"><\/div>[vc_row_inner rtl_reverse=\u00a0\u00bbyes\u00a0\u00bb][vc_column_inner width=\u00a0\u00bb1\/2&Prime;][vc_icon icon_fontawesome=\u00a0\u00bbfab fa-linkedin\u00a0\u00bb color=\u00a0\u00bbblack\u00a0\u00bb size=\u00a0\u00bblg\u00a0\u00bb align=\u00a0\u00bbcenter\u00a0\u00bb link=\u00a0\u00bburl:https%3A%2F%2Fwww.linkedin.com%2Fin%2Fheathercoenesbitt%2F%20|target:_blank\u00a0\u00bb][\/vc_column_inner][vc_column_inner width=\u00a0\u00bb1\/2&Prime;][\/vc_column_inner][\/vc_row_inner][\/vc_column][\/vc_row][vc_row disable_element=\u00a0\u00bbyes\u00a0\u00bb][vc_column width=\u00a0\u00bb1\/4&Prime;][vc_single_image image=\u00a0\u00bb63253&Prime; img_size=\u00a0\u00bb240&#215;240&Prime; alignment=\u00a0\u00bbcenter\u00a0\u00bb]\r\n\t<div class=\"wprt-spacer clearfix\" data-desktop=\"30\" data-mobi=\"0\" data-smobi=\"0\"><\/div>[\/vc_column][vc_column width=\u00a0\u00bb3\/4&Prime;][vc_column_text]<span class=\"TextRun SCXW153200283 BCX0\" lang=\"EN-US\" xml:lang=\"EN-US\" data-contrast=\"none\"><strong><span class=\"NormalTextRun SCXW153200283 BCX0\">Lorraine <\/span><span class=\"NormalTextRun SCXW153200283 BCX0\">Godden <\/span><\/strong><span class=\"NormalTextRun SCXW153200283 BCX0\">is a qualified teacher and educational researcher. <\/span><span class=\"NormalTextRun SCXW153200283 BCX0\">She is the FUSION Skills Development National lead at Carleton University, <\/span><span class=\"NormalTextRun SCXW153200283 BCX0\">and <\/span><span class=\"NormalTextRun SCXW153200283 BCX0\">a part-time Faculty Lead at Yorkville University. <\/span><span class=\"NormalTextRun SCXW153200283 BCX0\">She is a <\/span><span class=\"NormalTextRun SCXW153200283 BCX0\">Fellow of the Higher Education Academy<\/span><span class=\"NormalTextRun SCXW153200283 BCX0\"> (UK)<\/span><span class=\"NormalTextRun SCXW153200283 BCX0\"> and serves on the Board of Directors<\/span><span class=\"NormalTextRun SCXW153200283 BCX0\"> of the<\/span><span class=\"NormalTextRun SCXW153200283 BCX0\"> Asia Pacific Career Development Association.\u00a0<\/span><\/span><span class=\"EOP SCXW153200283 BCX0\" data-ccp-props=\"{&quot;201341983&quot;:0,&quot;335559740&quot;:259}\">\u00a0<\/span>[\/vc_column_text]\r\n\t<div class=\"wprt-spacer clearfix\" data-desktop=\"20\" data-mobi=\"0\" data-smobi=\"0\"><\/div>[vc_row_inner rtl_reverse=\u00a0\u00bbyes\u00a0\u00bb][vc_column_inner width=\u00a0\u00bb1\/2&Prime;][vc_icon icon_fontawesome=\u00a0\u00bbfab fa-linkedin\u00a0\u00bb color=\u00a0\u00bbblack\u00a0\u00bb size=\u00a0\u00bblg\u00a0\u00bb align=\u00a0\u00bbcenter\u00a0\u00bb link=\u00a0\u00bburl:https%3A%2F%2Fwww.linkedin.com%2Fin%2Florrainegodden%2F%20|target:_blank\u00a0\u00bb][\/vc_column_inner][vc_column_inner width=\u00a0\u00bb1\/2&Prime;][\/vc_column_inner][\/vc_row_inner][\/vc_column][\/vc_row][vc_row disable_element=\u00a0\u00bbyes\u00a0\u00bb][vc_column]\r\n\t<div class=\"wprt-spacer clearfix\" data-desktop=\"35\" data-mobi=\"25\" data-smobi=\"10\"><\/div><div class=\"wprt-headings clearfix \"  style=\"\"><h3 class=\"heading clearfix\" style=\"color:#568caf;\">\r\n\t\tQue nous disent les participants du webinaire de Fr\u00e9d\u00e9ric?\r\n\t<\/h3><\/div>\r\n\t<div class=\"wprt-spacer clearfix\" data-desktop=\"35\" data-mobi=\"25\" data-smobi=\"10\"><\/div>\r\n\t<div class=\"wprt-accordions style-1\"><div class=\"accordion\"><div class=\"mfn-acc accordion_wrapper \"><em>J&rsquo;ai appr\u00e9ci\u00e9 que ce soient contextualis\u00e9s et adapt\u00e9s \u00e0 un contexte de d\u00e9veloppement de carri\u00e8re. L&rsquo;ACT peut \u00e0 premi\u00e8re vue avoir l&rsquo;air d&rsquo;appartenir \u00e0 la psychoth\u00e9rapie, mais je trouve valorisant que les c.o. reconnaissent et utilisent leurs comp\u00e9tences en s&rsquo;int\u00e9ressant et en appliquant \u00ab haut et fort \u00bb une approche qui demande une compr\u00e9hension pouss\u00e9e de la psychologie humaine. <\/em><\/div><\/div>\n<div class=\"accordion\"><div class=\"mfn-acc accordion_wrapper \"><em>Merci. Belle pr\u00e9sentation, claire et pertinente. Bon dosage th\u00e9orie vs pratique.<\/em><\/div><\/div>\n<div class=\"accordion\"><div class=\"mfn-acc accordion_wrapper \"><em>Une tr\u00e8s bonne introduction \u00e0 l&rsquo;approche ACT en orientation avec des exemples d&rsquo;applications dans la pratique. <\/em><\/div><\/div>\n<div class=\"accordion\"><div class=\"mfn-acc accordion_wrapper \"><em>Un gros merci \u00e0 monsieur Piot pour cette formation. Vous m&rsquo;avez donn\u00e9 le go\u00fbt d&rsquo;aller chercher plus d&rsquo;information au sujet de cette approche.<\/em><\/div><\/div>\n<div class=\"accordion\"><div class=\"mfn-acc accordion_wrapper \"><em>Belle pr\u00e9sentation, les exemples et les capsules aident \u00e0 bien concr\u00e9tiser la th\u00e9orie. merci, tr\u00e8s clair et fluide.<\/em><\/div><\/div>\n<\/div>[\/vc_column][\/vc_row][vc_row][vc_column][vc_column_text]<\/p>\n<p style=\"text-align: right;\"><a style=\"font-size: 1.5rem;\" href=\"https:\/\/ceric.ca\/fr\/evenements\/webinaires\/\">Retour \u00e0 la liste de webinaires<\/a><\/p>\n<p>[\/vc_column_text][vc_column_text]<\/p>\n<p style=\"text-align: right;\"><a style=\"font-size: 1.5rem;\" href=\"https:\/\/ceric.ca\/fr\/evenements\/webinaires-passes\/\">Retour \u00e0 la liste de webinaires pr\u00e9c\u00e9dents<\/a><\/p>\n<p>[\/vc_column_text][\/vc_column][\/vc_row]<\/p>\n<\/div>","protected":false},"excerpt":{"rendered":"<p>[vc_row][vc_column][\/vc_column][\/vc_row][vc_row][vc_column width=\u00a0\u00bb1\/2&Prime;][vc_column_text] \u00a0 \u00a0 Pr\u00e9sentateurs Dr Lorraine Godden, Enseignante et chercheuse en \u00e9ducation, Universit\u00e9 Carleton Nicki Moore, Charg\u00e9e de cours principale, Universit\u00e9 de Derby (UK) Dr<span class=\"excerpt-hellip\"> [\u2026]<\/span><\/p>\n","protected":false},"author":30,"featured_media":0,"comment_status":"closed","ping_status":"closed","sticky":false,"template":"","format":"standard","meta":{"h5ap_radio_sources":[],"footnotes":""},"categories":[951,952],"tags":[],"class_list":["post-63302","post","type-post","status-publish","format-standard","hentry","category-evenements","category-webinaires"],"yoast_head":"<!-- This site is optimized with the Yoast SEO Premium plugin v27.4 (Yoast SEO v27.4) - https:\/\/yoast.com\/product\/yoast-seo-premium-wordpress\/ -->\n<title>Habiliter les \u00e9ducateurs\u202f: explorer les possibilit\u00e9s d\u2019apprentissage sur la carri\u00e8re pour les enfants de la 4e \u00e0 la 6e\u202fann\u00e9e (en anglais avec sous-titres) - CERIC<\/title>\n<meta name=\"description\" content=\"Participez \u00e0 notre webinaire gratuit explorant l&#039;importance du d\u00e9veloppement de carri\u00e8re au primaire. D\u00e9couvrez les r\u00e9sultats d&#039;un projet financ\u00e9 par le CERIC, pr\u00e9sentant une trousse d&#039;outils pour l&#039;apprentissage li\u00e9 \u00e0 la carri\u00e8re pour les enfants de la 4e \u00e0 la 6e ann\u00e9e. Enrichissez vos pratiques \u00e9ducatives et soutenez le d\u00e9veloppement continu des enfants.\" \/>\n<meta name=\"robots\" content=\"index, follow, max-snippet:-1, max-image-preview:large, max-video-preview:-1\" \/>\n<link rel=\"canonical\" href=\"https:\/\/ceric.ca\/fr\/2024\/01\/webinaire-carriere-enfants-guide-pratique\/\" \/>\n<meta property=\"og:locale\" content=\"fr_FR\" \/>\n<meta property=\"og:type\" content=\"article\" \/>\n<meta property=\"og:title\" content=\"Habiliter les \u00e9ducateurs\u202f: explorer les possibilit\u00e9s d\u2019apprentissage sur la carri\u00e8re pour les enfants de la 4e \u00e0 la 6e\u202fann\u00e9e (en anglais avec sous-titres)\" \/>\n<meta property=\"og:description\" content=\"Participez \u00e0 notre webinaire gratuit explorant l&#039;importance du d\u00e9veloppement de carri\u00e8re au primaire. D\u00e9couvrez les r\u00e9sultats d&#039;un projet financ\u00e9 par le CERIC, pr\u00e9sentant une trousse d&#039;outils pour l&#039;apprentissage li\u00e9 \u00e0 la carri\u00e8re pour les enfants de la 4e \u00e0 la 6e ann\u00e9e. Enrichissez vos pratiques \u00e9ducatives et soutenez le d\u00e9veloppement continu des enfants.\" \/>\n<meta property=\"og:url\" content=\"https:\/\/ceric.ca\/fr\/2024\/01\/webinaire-carriere-enfants-guide-pratique\/\" \/>\n<meta property=\"og:site_name\" content=\"CERIC\" \/>\n<meta property=\"article:published_time\" content=\"2024-01-19T22:07:41+00:00\" \/>\n<meta property=\"article:modified_time\" content=\"2024-03-25T15:06:23+00:00\" \/>\n<meta property=\"og:image\" content=\"https:\/\/ceric.ca\/wp-content\/uploads\/2023\/03\/Cost-tag.png\" \/>\n<meta name=\"author\" content=\"Rachel So\" \/>\n<meta name=\"twitter:card\" content=\"summary_large_image\" \/>\n<meta name=\"twitter:label1\" content=\"\u00c9crit par\" \/>\n\t<meta name=\"twitter:data1\" content=\"Rachel So\" \/>\n\t<meta name=\"twitter:label2\" content=\"Dur\u00e9e de lecture estim\u00e9e\" \/>\n\t<meta name=\"twitter:data2\" content=\"9 minutes\" \/>\n<script type=\"application\/ld+json\" class=\"yoast-schema-graph\">{\"@context\":\"https:\\\/\\\/schema.org\",\"@graph\":[{\"@type\":\"Article\",\"@id\":\"https:\\\/\\\/ceric.ca\\\/fr\\\/2024\\\/01\\\/webinaire-carriere-enfants-guide-pratique\\\/#article\",\"isPartOf\":{\"@id\":\"https:\\\/\\\/ceric.ca\\\/fr\\\/2024\\\/01\\\/webinaire-carriere-enfants-guide-pratique\\\/\"},\"author\":{\"name\":\"Rachel So\",\"@id\":\"https:\\\/\\\/ceric.ca\\\/#\\\/schema\\\/person\\\/2e3faddf54acfac0d88b9ce185094d00\"},\"headline\":\"Habiliter les \u00e9ducateurs\u202f: explorer les possibilit\u00e9s d\u2019apprentissage sur la carri\u00e8re pour les enfants de la 4e \u00e0 la 6e\u202fann\u00e9e (en anglais avec sous-titres)\",\"datePublished\":\"2024-01-19T22:07:41+00:00\",\"dateModified\":\"2024-03-25T15:06:23+00:00\",\"mainEntityOfPage\":{\"@id\":\"https:\\\/\\\/ceric.ca\\\/fr\\\/2024\\\/01\\\/webinaire-carriere-enfants-guide-pratique\\\/\"},\"wordCount\":2685,\"publisher\":{\"@id\":\"https:\\\/\\\/ceric.ca\\\/#organization\"},\"image\":{\"@id\":\"https:\\\/\\\/ceric.ca\\\/fr\\\/2024\\\/01\\\/webinaire-carriere-enfants-guide-pratique\\\/#primaryimage\"},\"thumbnailUrl\":\"https:\\\/\\\/ceric.ca\\\/wp-content\\\/uploads\\\/2023\\\/03\\\/Cost-tag.png\",\"articleSection\":[\"Apprentissage\",\"Webinaires\"],\"inLanguage\":\"fr-FR\"},{\"@type\":\"WebPage\",\"@id\":\"https:\\\/\\\/ceric.ca\\\/fr\\\/2024\\\/01\\\/webinaire-carriere-enfants-guide-pratique\\\/\",\"url\":\"https:\\\/\\\/ceric.ca\\\/fr\\\/2024\\\/01\\\/webinaire-carriere-enfants-guide-pratique\\\/\",\"name\":\"Habiliter les \u00e9ducateurs\u202f: explorer les possibilit\u00e9s d\u2019apprentissage sur la carri\u00e8re pour les enfants de la 4e \u00e0 la 6e\u202fann\u00e9e (en anglais avec sous-titres) - CERIC\",\"isPartOf\":{\"@id\":\"https:\\\/\\\/ceric.ca\\\/#website\"},\"primaryImageOfPage\":{\"@id\":\"https:\\\/\\\/ceric.ca\\\/fr\\\/2024\\\/01\\\/webinaire-carriere-enfants-guide-pratique\\\/#primaryimage\"},\"image\":{\"@id\":\"https:\\\/\\\/ceric.ca\\\/fr\\\/2024\\\/01\\\/webinaire-carriere-enfants-guide-pratique\\\/#primaryimage\"},\"thumbnailUrl\":\"https:\\\/\\\/ceric.ca\\\/wp-content\\\/uploads\\\/2023\\\/03\\\/Cost-tag.png\",\"datePublished\":\"2024-01-19T22:07:41+00:00\",\"dateModified\":\"2024-03-25T15:06:23+00:00\",\"description\":\"Participez \u00e0 notre webinaire gratuit explorant l'importance du d\u00e9veloppement de carri\u00e8re au primaire. D\u00e9couvrez les r\u00e9sultats d'un projet financ\u00e9 par le CERIC, pr\u00e9sentant une trousse d'outils pour l'apprentissage li\u00e9 \u00e0 la carri\u00e8re pour les enfants de la 4e \u00e0 la 6e ann\u00e9e. Enrichissez vos pratiques \u00e9ducatives et soutenez le d\u00e9veloppement continu des enfants.\",\"breadcrumb\":{\"@id\":\"https:\\\/\\\/ceric.ca\\\/fr\\\/2024\\\/01\\\/webinaire-carriere-enfants-guide-pratique\\\/#breadcrumb\"},\"inLanguage\":\"fr-FR\",\"potentialAction\":[{\"@type\":\"ReadAction\",\"target\":[\"https:\\\/\\\/ceric.ca\\\/fr\\\/2024\\\/01\\\/webinaire-carriere-enfants-guide-pratique\\\/\"]}]},{\"@type\":\"ImageObject\",\"inLanguage\":\"fr-FR\",\"@id\":\"https:\\\/\\\/ceric.ca\\\/fr\\\/2024\\\/01\\\/webinaire-carriere-enfants-guide-pratique\\\/#primaryimage\",\"url\":\"https:\\\/\\\/ceric.ca\\\/wp-content\\\/uploads\\\/2023\\\/03\\\/Cost-tag.png\",\"contentUrl\":\"https:\\\/\\\/ceric.ca\\\/wp-content\\\/uploads\\\/2023\\\/03\\\/Cost-tag.png\"},{\"@type\":\"BreadcrumbList\",\"@id\":\"https:\\\/\\\/ceric.ca\\\/fr\\\/2024\\\/01\\\/webinaire-carriere-enfants-guide-pratique\\\/#breadcrumb\",\"itemListElement\":[{\"@type\":\"ListItem\",\"position\":1,\"name\":\"Home\",\"item\":\"https:\\\/\\\/ceric.ca\\\/fr\\\/ceric-homepage-2025\\\/\"},{\"@type\":\"ListItem\",\"position\":2,\"name\":\"Habiliter les \u00e9ducateurs\u202f: explorer les possibilit\u00e9s d\u2019apprentissage sur la carri\u00e8re pour les enfants de la 4e \u00e0 la 6e\u202fann\u00e9e (en anglais avec sous-titres)\"}]},{\"@type\":\"WebSite\",\"@id\":\"https:\\\/\\\/ceric.ca\\\/#website\",\"url\":\"https:\\\/\\\/ceric.ca\\\/\",\"name\":\"CERIC\",\"description\":\"\",\"publisher\":{\"@id\":\"https:\\\/\\\/ceric.ca\\\/#organization\"},\"potentialAction\":[{\"@type\":\"SearchAction\",\"target\":{\"@type\":\"EntryPoint\",\"urlTemplate\":\"https:\\\/\\\/ceric.ca\\\/?s={search_term_string}\"},\"query-input\":{\"@type\":\"PropertyValueSpecification\",\"valueRequired\":true,\"valueName\":\"search_term_string\"}}],\"inLanguage\":\"fr-FR\"},{\"@type\":\"Organization\",\"@id\":\"https:\\\/\\\/ceric.ca\\\/#organization\",\"name\":\"CERIC\",\"url\":\"https:\\\/\\\/ceric.ca\\\/\",\"logo\":{\"@type\":\"ImageObject\",\"inLanguage\":\"fr-FR\",\"@id\":\"https:\\\/\\\/ceric.ca\\\/#\\\/schema\\\/logo\\\/image\\\/\",\"url\":\"\",\"contentUrl\":\"\",\"caption\":\"CERIC\"},\"image\":{\"@id\":\"https:\\\/\\\/ceric.ca\\\/#\\\/schema\\\/logo\\\/image\\\/\"}},{\"@type\":\"Person\",\"@id\":\"https:\\\/\\\/ceric.ca\\\/#\\\/schema\\\/person\\\/2e3faddf54acfac0d88b9ce185094d00\",\"name\":\"Rachel So\",\"image\":{\"@type\":\"ImageObject\",\"inLanguage\":\"fr-FR\",\"@id\":\"https:\\\/\\\/secure.gravatar.com\\\/avatar\\\/4c40c9aaacb6f176dbd977bdf43366708b68bdf16dc927d1e222e96783b5a9bc?s=96&d=blank&r=g\",\"url\":\"https:\\\/\\\/secure.gravatar.com\\\/avatar\\\/4c40c9aaacb6f176dbd977bdf43366708b68bdf16dc927d1e222e96783b5a9bc?s=96&d=blank&r=g\",\"contentUrl\":\"https:\\\/\\\/secure.gravatar.com\\\/avatar\\\/4c40c9aaacb6f176dbd977bdf43366708b68bdf16dc927d1e222e96783b5a9bc?s=96&d=blank&r=g\",\"caption\":\"Rachel So\"},\"url\":\"https:\\\/\\\/ceric.ca\\\/fr\\\/author\\\/rachel\\\/\"}]}<\/script>\n<!-- \/ Yoast SEO Premium plugin. -->","yoast_head_json":{"title":"Habiliter les \u00e9ducateurs\u202f: explorer les possibilit\u00e9s d\u2019apprentissage sur la carri\u00e8re pour les enfants de la 4e \u00e0 la 6e\u202fann\u00e9e (en anglais avec sous-titres) - CERIC","description":"Participez \u00e0 notre webinaire gratuit explorant l'importance du d\u00e9veloppement de carri\u00e8re au primaire. D\u00e9couvrez les r\u00e9sultats d'un projet financ\u00e9 par le CERIC, pr\u00e9sentant une trousse d'outils pour l'apprentissage li\u00e9 \u00e0 la carri\u00e8re pour les enfants de la 4e \u00e0 la 6e ann\u00e9e. Enrichissez vos pratiques \u00e9ducatives et soutenez le d\u00e9veloppement continu des enfants.","robots":{"index":"index","follow":"follow","max-snippet":"max-snippet:-1","max-image-preview":"max-image-preview:large","max-video-preview":"max-video-preview:-1"},"canonical":"https:\/\/ceric.ca\/fr\/2024\/01\/webinaire-carriere-enfants-guide-pratique\/","og_locale":"fr_FR","og_type":"article","og_title":"Habiliter les \u00e9ducateurs\u202f: explorer les possibilit\u00e9s d\u2019apprentissage sur la carri\u00e8re pour les enfants de la 4e \u00e0 la 6e\u202fann\u00e9e (en anglais avec sous-titres)","og_description":"Participez \u00e0 notre webinaire gratuit explorant l'importance du d\u00e9veloppement de carri\u00e8re au primaire. D\u00e9couvrez les r\u00e9sultats d'un projet financ\u00e9 par le CERIC, pr\u00e9sentant une trousse d'outils pour l'apprentissage li\u00e9 \u00e0 la carri\u00e8re pour les enfants de la 4e \u00e0 la 6e ann\u00e9e. Enrichissez vos pratiques \u00e9ducatives et soutenez le d\u00e9veloppement continu des enfants.","og_url":"https:\/\/ceric.ca\/fr\/2024\/01\/webinaire-carriere-enfants-guide-pratique\/","og_site_name":"CERIC","article_published_time":"2024-01-19T22:07:41+00:00","article_modified_time":"2024-03-25T15:06:23+00:00","og_image":[{"url":"https:\/\/ceric.ca\/wp-content\/uploads\/2023\/03\/Cost-tag.png","type":"","width":"","height":""}],"author":"Rachel So","twitter_card":"summary_large_image","twitter_misc":{"\u00c9crit par":"Rachel So","Dur\u00e9e de lecture estim\u00e9e":"9 minutes"},"schema":{"@context":"https:\/\/schema.org","@graph":[{"@type":"Article","@id":"https:\/\/ceric.ca\/fr\/2024\/01\/webinaire-carriere-enfants-guide-pratique\/#article","isPartOf":{"@id":"https:\/\/ceric.ca\/fr\/2024\/01\/webinaire-carriere-enfants-guide-pratique\/"},"author":{"name":"Rachel So","@id":"https:\/\/ceric.ca\/#\/schema\/person\/2e3faddf54acfac0d88b9ce185094d00"},"headline":"Habiliter les \u00e9ducateurs\u202f: explorer les possibilit\u00e9s d\u2019apprentissage sur la carri\u00e8re pour les enfants de la 4e \u00e0 la 6e\u202fann\u00e9e (en anglais avec sous-titres)","datePublished":"2024-01-19T22:07:41+00:00","dateModified":"2024-03-25T15:06:23+00:00","mainEntityOfPage":{"@id":"https:\/\/ceric.ca\/fr\/2024\/01\/webinaire-carriere-enfants-guide-pratique\/"},"wordCount":2685,"publisher":{"@id":"https:\/\/ceric.ca\/#organization"},"image":{"@id":"https:\/\/ceric.ca\/fr\/2024\/01\/webinaire-carriere-enfants-guide-pratique\/#primaryimage"},"thumbnailUrl":"https:\/\/ceric.ca\/wp-content\/uploads\/2023\/03\/Cost-tag.png","articleSection":["Apprentissage","Webinaires"],"inLanguage":"fr-FR"},{"@type":"WebPage","@id":"https:\/\/ceric.ca\/fr\/2024\/01\/webinaire-carriere-enfants-guide-pratique\/","url":"https:\/\/ceric.ca\/fr\/2024\/01\/webinaire-carriere-enfants-guide-pratique\/","name":"Habiliter les \u00e9ducateurs\u202f: explorer les possibilit\u00e9s d\u2019apprentissage sur la carri\u00e8re pour les enfants de la 4e \u00e0 la 6e\u202fann\u00e9e (en anglais avec sous-titres) - CERIC","isPartOf":{"@id":"https:\/\/ceric.ca\/#website"},"primaryImageOfPage":{"@id":"https:\/\/ceric.ca\/fr\/2024\/01\/webinaire-carriere-enfants-guide-pratique\/#primaryimage"},"image":{"@id":"https:\/\/ceric.ca\/fr\/2024\/01\/webinaire-carriere-enfants-guide-pratique\/#primaryimage"},"thumbnailUrl":"https:\/\/ceric.ca\/wp-content\/uploads\/2023\/03\/Cost-tag.png","datePublished":"2024-01-19T22:07:41+00:00","dateModified":"2024-03-25T15:06:23+00:00","description":"Participez \u00e0 notre webinaire gratuit explorant l'importance du d\u00e9veloppement de carri\u00e8re au primaire. D\u00e9couvrez les r\u00e9sultats d'un projet financ\u00e9 par le CERIC, pr\u00e9sentant une trousse d'outils pour l'apprentissage li\u00e9 \u00e0 la carri\u00e8re pour les enfants de la 4e \u00e0 la 6e ann\u00e9e. Enrichissez vos pratiques \u00e9ducatives et soutenez le d\u00e9veloppement continu des enfants.","breadcrumb":{"@id":"https:\/\/ceric.ca\/fr\/2024\/01\/webinaire-carriere-enfants-guide-pratique\/#breadcrumb"},"inLanguage":"fr-FR","potentialAction":[{"@type":"ReadAction","target":["https:\/\/ceric.ca\/fr\/2024\/01\/webinaire-carriere-enfants-guide-pratique\/"]}]},{"@type":"ImageObject","inLanguage":"fr-FR","@id":"https:\/\/ceric.ca\/fr\/2024\/01\/webinaire-carriere-enfants-guide-pratique\/#primaryimage","url":"https:\/\/ceric.ca\/wp-content\/uploads\/2023\/03\/Cost-tag.png","contentUrl":"https:\/\/ceric.ca\/wp-content\/uploads\/2023\/03\/Cost-tag.png"},{"@type":"BreadcrumbList","@id":"https:\/\/ceric.ca\/fr\/2024\/01\/webinaire-carriere-enfants-guide-pratique\/#breadcrumb","itemListElement":[{"@type":"ListItem","position":1,"name":"Home","item":"https:\/\/ceric.ca\/fr\/ceric-homepage-2025\/"},{"@type":"ListItem","position":2,"name":"Habiliter les \u00e9ducateurs\u202f: explorer les possibilit\u00e9s d\u2019apprentissage sur la carri\u00e8re pour les enfants de la 4e \u00e0 la 6e\u202fann\u00e9e (en anglais avec sous-titres)"}]},{"@type":"WebSite","@id":"https:\/\/ceric.ca\/#website","url":"https:\/\/ceric.ca\/","name":"CERIC","description":"","publisher":{"@id":"https:\/\/ceric.ca\/#organization"},"potentialAction":[{"@type":"SearchAction","target":{"@type":"EntryPoint","urlTemplate":"https:\/\/ceric.ca\/?s={search_term_string}"},"query-input":{"@type":"PropertyValueSpecification","valueRequired":true,"valueName":"search_term_string"}}],"inLanguage":"fr-FR"},{"@type":"Organization","@id":"https:\/\/ceric.ca\/#organization","name":"CERIC","url":"https:\/\/ceric.ca\/","logo":{"@type":"ImageObject","inLanguage":"fr-FR","@id":"https:\/\/ceric.ca\/#\/schema\/logo\/image\/","url":"","contentUrl":"","caption":"CERIC"},"image":{"@id":"https:\/\/ceric.ca\/#\/schema\/logo\/image\/"}},{"@type":"Person","@id":"https:\/\/ceric.ca\/#\/schema\/person\/2e3faddf54acfac0d88b9ce185094d00","name":"Rachel So","image":{"@type":"ImageObject","inLanguage":"fr-FR","@id":"https:\/\/secure.gravatar.com\/avatar\/4c40c9aaacb6f176dbd977bdf43366708b68bdf16dc927d1e222e96783b5a9bc?s=96&d=blank&r=g","url":"https:\/\/secure.gravatar.com\/avatar\/4c40c9aaacb6f176dbd977bdf43366708b68bdf16dc927d1e222e96783b5a9bc?s=96&d=blank&r=g","contentUrl":"https:\/\/secure.gravatar.com\/avatar\/4c40c9aaacb6f176dbd977bdf43366708b68bdf16dc927d1e222e96783b5a9bc?s=96&d=blank&r=g","caption":"Rachel So"},"url":"https:\/\/ceric.ca\/fr\/author\/rachel\/"}]}},"_links":{"self":[{"href":"https:\/\/ceric.ca\/fr\/wp-json\/wp\/v2\/posts\/63302","targetHints":{"allow":["GET"]}}],"collection":[{"href":"https:\/\/ceric.ca\/fr\/wp-json\/wp\/v2\/posts"}],"about":[{"href":"https:\/\/ceric.ca\/fr\/wp-json\/wp\/v2\/types\/post"}],"author":[{"embeddable":true,"href":"https:\/\/ceric.ca\/fr\/wp-json\/wp\/v2\/users\/30"}],"replies":[{"embeddable":true,"href":"https:\/\/ceric.ca\/fr\/wp-json\/wp\/v2\/comments?post=63302"}],"version-history":[{"count":0,"href":"https:\/\/ceric.ca\/fr\/wp-json\/wp\/v2\/posts\/63302\/revisions"}],"wp:attachment":[{"href":"https:\/\/ceric.ca\/fr\/wp-json\/wp\/v2\/media?parent=63302"}],"wp:term":[{"taxonomy":"category","embeddable":true,"href":"https:\/\/ceric.ca\/fr\/wp-json\/wp\/v2\/categories?post=63302"},{"taxonomy":"post_tag","embeddable":true,"href":"https:\/\/ceric.ca\/fr\/wp-json\/wp\/v2\/tags?post=63302"}],"curies":[{"name":"wp","href":"https:\/\/api.w.org\/{rel}","templated":true}]}}