{"id":64625,"date":"2024-02-21T17:16:37","date_gmt":"2024-02-21T22:16:37","guid":{"rendered":"https:\/\/ceric.ca\/?p=64625"},"modified":"2024-02-21T17:16:37","modified_gmt":"2024-02-21T22:16:37","slug":"programme-certification-de-developpement-de-carriere-intersectionnel-ceric","status":"publish","type":"post","link":"https:\/\/ceric.ca\/fr\/2024\/02\/programme-certification-de-developpement-de-carriere-intersectionnel-ceric\/","title":{"rendered":"Le CERIC et l&rsquo;ACSE s&rsquo;associent pour offrir le premier programme de certification en ligne sur le d\u00e9veloppement de carri\u00e8re intersectionnel"},"content":{"rendered":"<p>Dans le cadre d&rsquo;une avanc\u00e9e significative dans le domaine du d\u00e9veloppement de carri\u00e8re, le CERIC et l&rsquo;<a href=\"https:\/\/www.supportedemployment.ca\/fr\/\">Association canadienne de soutien \u00e0 l&#8217;emploi (ACSE)<\/a> sont fiers d&rsquo;annoncer le lancement de leur premier cours en ligne, <a href=\"https:\/\/ceric.ca\/fr\/evenements-formation\/en-anglais-une-approche-intersectionnelle-pour-soutenir-lavancement-professionnel\/\">Une approche intersectionnelle pour soutenir l&rsquo;avancement professionnel<\/a>, qui va dans le sens d&rsquo;une plus grande \u00e9quit\u00e9 et d&rsquo;un renforcement de l&rsquo;autonomie des clients.<\/p>\n<p><span class=\"NormalTextRun SCXW105681391 BCX0\">La force de la main-d\u2019\u0153uvre canadienne r\u00e9side dans sa diversit\u00e9. Chaque chercheur d\u2019emploi poss\u00e8de des identit\u00e9s sociales, des exp\u00e9riences et des atouts uniques.\u00a0<\/span><span class=\"NormalTextRun SCXW105681391 BCX0\">En reconnaissant cette diversit\u00e9, i<\/span><span class=\"NormalTextRun SCXW105681391 BCX0\">l est important que les professionnels de\u00a0<\/span><span class=\"NormalTextRun SCXW105681391 BCX0\">carri\u00e8re\u00a0<\/span><span class=\"NormalTextRun SCXW105681391 BCX0\">et de l\u2019emploi comprennent ces identit\u00e9s et leurs intersections<\/span><span class=\"NormalTextRun SCXW105681391 BCX0\">\u00a0en particulier celles des\u00a0<\/span><span class=\"NormalTextRun SCXW105681391 BCX0\">personnes noires, autochtones et de couleur qui vivent avec un handicap (PAN<\/span><span class=\"NormalTextRun SCXW105681391 BCX0\">D<\/span><span class=\"NormalTextRun SCXW105681391 BCX0\">C-H)<\/span><span class=\"NormalTextRun SCXW105681391 BCX0\">. <\/span>Le <a href=\"https:\/\/www.supportedemployment.ca\/initiatives\/research\/diversity-works\/\" target=\"_blank\" rel=\"noopener\">rapport Diversity Works<\/a> de l&rsquo;ACSE souligne que les Canadiens racialis\u00e9s handicap\u00e9s sont souvent confront\u00e9s \u00e0 des conditions de travail instables, m\u00eame s&rsquo;ils sont qualifi\u00e9s. \u00c9tant donn\u00e9 que 14,3 % des Canadiens handicap\u00e9s de plus de 15 ans appartiennent \u00e0 des minorit\u00e9s visibles, une approche intersectionnelle est essentielle pour que les professionnels de l&#8217;emploi puissent soutenir efficacement leur recherche d&#8217;emploi.<\/p>\n<p>Con\u00e7u avec une compr\u00e9hension aigu\u00eb des d\u00e9fis nuanc\u00e9s auxquels sont confront\u00e9es les communaut\u00e9s noires, autochtones et de couleur qui vivent avec un handicap (<span class=\"NormalTextRun SCXW105681391 BCX0\">PAN<\/span><span class=\"NormalTextRun SCXW105681391 BCX0\">D<\/span><span class=\"NormalTextRun SCXW105681391 BCX0\">C-H<\/span>), ce programme de certification de 6 semaines permettra aux professionnels de l&#8217;emploi de prendre conscience de nos exp\u00e9riences complexes et personnelles li\u00e9es au pouvoir, aux privil\u00e8ges et \u00e0 l&rsquo;oppression, afin de mieux comprendre leur influence et leur impact sur la prestation de services, les tendances de la main-d&rsquo;\u0153uvre et les obstacles.<\/p>\n<p>Les participants peuvent s&rsquo;attendre \u00e0 :<\/p>\n<ul>\n<li>R\u00e9fl\u00e9chir \u00e0 leurs propres privil\u00e8ges et pr\u00e9jug\u00e9s pour explorer comment ils influencent les services qu&rsquo;ils fournissent aux personnes racialis\u00e9es, autochtones et noires en situation de handicap.<\/li>\n<li>Approfondir leur conscience et compr\u00e9hension des diff\u00e9rentes identit\u00e9s sociales et de leur interconnexion en ce qui concerne le d\u00e9veloppement de carri\u00e8re.<\/li>\n<li>Aborder l&rsquo;oppression syst\u00e9mique en appliquant des strat\u00e9gies dans leur pratique quotidienne de travail<\/li>\n<\/ul>\n<p>L&rsquo;inscription \u00e0 <a href=\"https:\/\/ceric.ca\/fr\/evenements-formation\/en-anglais-une-approche-intersectionnelle-pour-soutenir-lavancement-professionnel\/\">Une approche intersectionnelle pour soutenir l&rsquo;avancement professionnel<\/a> est maintenant ouverte et la premi\u00e8re cohorte <strong>commencera le 4 mars 2024<\/strong>. Il est recommand\u00e9 de s&rsquo;inscrire rapidement car le nombre de places est limit\u00e9.<\/p>\n","protected":false},"excerpt":{"rendered":"<p>Dans le cadre d&rsquo;une avanc\u00e9e significative dans le domaine du d\u00e9veloppement de carri\u00e8re, le CERIC et l&rsquo;Association canadienne de soutien \u00e0 l&#8217;emploi (ACSE) sont fiers d&rsquo;annoncer<span class=\"excerpt-hellip\"> [\u2026]<\/span><\/p>\n","protected":false},"author":30,"featured_media":64623,"comment_status":"closed","ping_status":"closed","sticky":false,"template":"","format":"standard","meta":{"h5ap_radio_sources":[],"footnotes":""},"categories":[32],"tags":[],"class_list":["post-64625","post","type-post","status-publish","format-standard","has-post-thumbnail","hentry","category-nouvelles"],"yoast_head":"<!-- This site is optimized with the Yoast SEO Premium plugin v27.4 (Yoast SEO v27.4) - https:\/\/yoast.com\/product\/yoast-seo-premium-wordpress\/ -->\n<title>Le CERIC et l&#039;ACSE s&#039;associent pour offrir le premier programme de certification en ligne sur le d\u00e9veloppement de carri\u00e8re intersectionnel - CERIC<\/title>\n<meta name=\"description\" content=\"Inscrivez-vous au premier programme de certification en ligne offert par le CERIC et l&#039;ACSE, ax\u00e9 sur le d\u00e9veloppement de carri\u00e8re intersectionnel. R\u00e9fl\u00e9chissez aux privil\u00e8ges et aux pr\u00e9jug\u00e9s, approfondissez la compr\u00e9hension des identit\u00e9s sociales et abordez l&#039;oppression syst\u00e9mique. Inscrivez-vous d\u00e8s maintenant \u00e0 &quot;Une approche intersectionnelle pour soutenir l&#039;avancement professionnel&quot; \u00e0 partir du 4 mars 2024. Le nombre de places \u00e9tant limit\u00e9, il est conseill\u00e9 de s&#039;inscrire \u00e0 l&#039;avance.\" \/>\n<meta name=\"robots\" content=\"index, follow, max-snippet:-1, max-image-preview:large, max-video-preview:-1\" \/>\n<link rel=\"canonical\" href=\"https:\/\/ceric.ca\/fr\/2024\/02\/programme-certification-de-developpement-de-carriere-intersectionnel-ceric\/\" \/>\n<meta property=\"og:locale\" content=\"fr_FR\" \/>\n<meta property=\"og:type\" content=\"article\" \/>\n<meta property=\"og:title\" content=\"Le CERIC et l&#039;ACSE s&#039;associent pour offrir le premier programme de certification en ligne sur le d\u00e9veloppement de carri\u00e8re intersectionnel\" \/>\n<meta property=\"og:description\" content=\"Inscrivez-vous au premier programme de certification en ligne offert par le CERIC et l&#039;ACSE, ax\u00e9 sur le d\u00e9veloppement de carri\u00e8re intersectionnel. R\u00e9fl\u00e9chissez aux privil\u00e8ges et aux pr\u00e9jug\u00e9s, approfondissez la compr\u00e9hension des identit\u00e9s sociales et abordez l&#039;oppression syst\u00e9mique. Inscrivez-vous d\u00e8s maintenant \u00e0 &quot;Une approche intersectionnelle pour soutenir l&#039;avancement professionnel&quot; \u00e0 partir du 4 mars 2024. Le nombre de places \u00e9tant limit\u00e9, il est conseill\u00e9 de s&#039;inscrire \u00e0 l&#039;avance.\" \/>\n<meta property=\"og:url\" content=\"https:\/\/ceric.ca\/fr\/2024\/02\/programme-certification-de-developpement-de-carriere-intersectionnel-ceric\/\" \/>\n<meta property=\"og:site_name\" content=\"CERIC\" \/>\n<meta property=\"article:published_time\" content=\"2024-02-21T22:16:37+00:00\" \/>\n<meta property=\"og:image\" content=\"https:\/\/ceric.ca\/wp-content\/uploads\/2024\/02\/Certificate-program-News-Visual-1024x512.png\" \/>\n\t<meta property=\"og:image:width\" content=\"1024\" \/>\n\t<meta property=\"og:image:height\" content=\"512\" \/>\n\t<meta property=\"og:image:type\" content=\"image\/png\" \/>\n<meta name=\"author\" content=\"Rachel So\" \/>\n<meta name=\"twitter:card\" content=\"summary_large_image\" \/>\n<meta name=\"twitter:label1\" content=\"\u00c9crit par\" \/>\n\t<meta name=\"twitter:data1\" content=\"Rachel So\" \/>\n\t<meta name=\"twitter:label2\" content=\"Dur\u00e9e de lecture estim\u00e9e\" \/>\n\t<meta name=\"twitter:data2\" content=\"2 minutes\" \/>\n<script type=\"application\/ld+json\" class=\"yoast-schema-graph\">{\"@context\":\"https:\\\/\\\/schema.org\",\"@graph\":[{\"@type\":\"Article\",\"@id\":\"https:\\\/\\\/ceric.ca\\\/fr\\\/2024\\\/02\\\/programme-certification-de-developpement-de-carriere-intersectionnel-ceric\\\/#article\",\"isPartOf\":{\"@id\":\"https:\\\/\\\/ceric.ca\\\/fr\\\/2024\\\/02\\\/programme-certification-de-developpement-de-carriere-intersectionnel-ceric\\\/\"},\"author\":{\"name\":\"Rachel So\",\"@id\":\"https:\\\/\\\/ceric.ca\\\/#\\\/schema\\\/person\\\/2e3faddf54acfac0d88b9ce185094d00\"},\"headline\":\"Le CERIC et l&rsquo;ACSE s&rsquo;associent pour offrir le premier programme de certification en ligne sur le d\u00e9veloppement de carri\u00e8re intersectionnel\",\"datePublished\":\"2024-02-21T22:16:37+00:00\",\"mainEntityOfPage\":{\"@id\":\"https:\\\/\\\/ceric.ca\\\/fr\\\/2024\\\/02\\\/programme-certification-de-developpement-de-carriere-intersectionnel-ceric\\\/\"},\"wordCount\":430,\"publisher\":{\"@id\":\"https:\\\/\\\/ceric.ca\\\/#organization\"},\"image\":{\"@id\":\"https:\\\/\\\/ceric.ca\\\/fr\\\/2024\\\/02\\\/programme-certification-de-developpement-de-carriere-intersectionnel-ceric\\\/#primaryimage\"},\"thumbnailUrl\":\"https:\\\/\\\/ceric.ca\\\/wp-content\\\/uploads\\\/2024\\\/02\\\/Certificate-program-News-Visual.png\",\"articleSection\":[\"Nouvelles\"],\"inLanguage\":\"fr-FR\"},{\"@type\":\"WebPage\",\"@id\":\"https:\\\/\\\/ceric.ca\\\/fr\\\/2024\\\/02\\\/programme-certification-de-developpement-de-carriere-intersectionnel-ceric\\\/\",\"url\":\"https:\\\/\\\/ceric.ca\\\/fr\\\/2024\\\/02\\\/programme-certification-de-developpement-de-carriere-intersectionnel-ceric\\\/\",\"name\":\"Le CERIC et l'ACSE s'associent pour offrir le premier programme de certification en ligne sur le d\u00e9veloppement de carri\u00e8re intersectionnel - CERIC\",\"isPartOf\":{\"@id\":\"https:\\\/\\\/ceric.ca\\\/#website\"},\"primaryImageOfPage\":{\"@id\":\"https:\\\/\\\/ceric.ca\\\/fr\\\/2024\\\/02\\\/programme-certification-de-developpement-de-carriere-intersectionnel-ceric\\\/#primaryimage\"},\"image\":{\"@id\":\"https:\\\/\\\/ceric.ca\\\/fr\\\/2024\\\/02\\\/programme-certification-de-developpement-de-carriere-intersectionnel-ceric\\\/#primaryimage\"},\"thumbnailUrl\":\"https:\\\/\\\/ceric.ca\\\/wp-content\\\/uploads\\\/2024\\\/02\\\/Certificate-program-News-Visual.png\",\"datePublished\":\"2024-02-21T22:16:37+00:00\",\"description\":\"Inscrivez-vous au premier programme de certification en ligne offert par le CERIC et l'ACSE, ax\u00e9 sur le d\u00e9veloppement de carri\u00e8re intersectionnel. R\u00e9fl\u00e9chissez aux privil\u00e8ges et aux pr\u00e9jug\u00e9s, approfondissez la compr\u00e9hension des identit\u00e9s sociales et abordez l'oppression syst\u00e9mique. Inscrivez-vous d\u00e8s maintenant \u00e0 \\\"Une approche intersectionnelle pour soutenir l'avancement professionnel\\\" \u00e0 partir du 4 mars 2024. Le nombre de places \u00e9tant limit\u00e9, il est conseill\u00e9 de s'inscrire \u00e0 l'avance.\",\"breadcrumb\":{\"@id\":\"https:\\\/\\\/ceric.ca\\\/fr\\\/2024\\\/02\\\/programme-certification-de-developpement-de-carriere-intersectionnel-ceric\\\/#breadcrumb\"},\"inLanguage\":\"fr-FR\",\"potentialAction\":[{\"@type\":\"ReadAction\",\"target\":[\"https:\\\/\\\/ceric.ca\\\/fr\\\/2024\\\/02\\\/programme-certification-de-developpement-de-carriere-intersectionnel-ceric\\\/\"]}]},{\"@type\":\"ImageObject\",\"inLanguage\":\"fr-FR\",\"@id\":\"https:\\\/\\\/ceric.ca\\\/fr\\\/2024\\\/02\\\/programme-certification-de-developpement-de-carriere-intersectionnel-ceric\\\/#primaryimage\",\"url\":\"https:\\\/\\\/ceric.ca\\\/wp-content\\\/uploads\\\/2024\\\/02\\\/Certificate-program-News-Visual.png\",\"contentUrl\":\"https:\\\/\\\/ceric.ca\\\/wp-content\\\/uploads\\\/2024\\\/02\\\/Certificate-program-News-Visual.png\",\"width\":2160,\"height\":1080,\"caption\":\"Disabled People of Colour at work\"},{\"@type\":\"BreadcrumbList\",\"@id\":\"https:\\\/\\\/ceric.ca\\\/fr\\\/2024\\\/02\\\/programme-certification-de-developpement-de-carriere-intersectionnel-ceric\\\/#breadcrumb\",\"itemListElement\":[{\"@type\":\"ListItem\",\"position\":1,\"name\":\"Home\",\"item\":\"https:\\\/\\\/ceric.ca\\\/fr\\\/ceric-homepage-2025\\\/\"},{\"@type\":\"ListItem\",\"position\":2,\"name\":\"Le CERIC et l&rsquo;ACSE s&rsquo;associent pour offrir le premier programme de certification en ligne sur le d\u00e9veloppement de carri\u00e8re intersectionnel\"}]},{\"@type\":\"WebSite\",\"@id\":\"https:\\\/\\\/ceric.ca\\\/#website\",\"url\":\"https:\\\/\\\/ceric.ca\\\/\",\"name\":\"CERIC\",\"description\":\"\",\"publisher\":{\"@id\":\"https:\\\/\\\/ceric.ca\\\/#organization\"},\"potentialAction\":[{\"@type\":\"SearchAction\",\"target\":{\"@type\":\"EntryPoint\",\"urlTemplate\":\"https:\\\/\\\/ceric.ca\\\/?s={search_term_string}\"},\"query-input\":{\"@type\":\"PropertyValueSpecification\",\"valueRequired\":true,\"valueName\":\"search_term_string\"}}],\"inLanguage\":\"fr-FR\"},{\"@type\":\"Organization\",\"@id\":\"https:\\\/\\\/ceric.ca\\\/#organization\",\"name\":\"CERIC\",\"url\":\"https:\\\/\\\/ceric.ca\\\/\",\"logo\":{\"@type\":\"ImageObject\",\"inLanguage\":\"fr-FR\",\"@id\":\"https:\\\/\\\/ceric.ca\\\/#\\\/schema\\\/logo\\\/image\\\/\",\"url\":\"\",\"contentUrl\":\"\",\"caption\":\"CERIC\"},\"image\":{\"@id\":\"https:\\\/\\\/ceric.ca\\\/#\\\/schema\\\/logo\\\/image\\\/\"}},{\"@type\":\"Person\",\"@id\":\"https:\\\/\\\/ceric.ca\\\/#\\\/schema\\\/person\\\/2e3faddf54acfac0d88b9ce185094d00\",\"name\":\"Rachel So\",\"image\":{\"@type\":\"ImageObject\",\"inLanguage\":\"fr-FR\",\"@id\":\"https:\\\/\\\/secure.gravatar.com\\\/avatar\\\/4c40c9aaacb6f176dbd977bdf43366708b68bdf16dc927d1e222e96783b5a9bc?s=96&d=blank&r=g\",\"url\":\"https:\\\/\\\/secure.gravatar.com\\\/avatar\\\/4c40c9aaacb6f176dbd977bdf43366708b68bdf16dc927d1e222e96783b5a9bc?s=96&d=blank&r=g\",\"contentUrl\":\"https:\\\/\\\/secure.gravatar.com\\\/avatar\\\/4c40c9aaacb6f176dbd977bdf43366708b68bdf16dc927d1e222e96783b5a9bc?s=96&d=blank&r=g\",\"caption\":\"Rachel So\"},\"url\":\"https:\\\/\\\/ceric.ca\\\/fr\\\/author\\\/rachel\\\/\"}]}<\/script>\n<!-- \/ Yoast SEO Premium plugin. -->","yoast_head_json":{"title":"Le CERIC et l'ACSE s'associent pour offrir le premier programme de certification en ligne sur le d\u00e9veloppement de carri\u00e8re intersectionnel - CERIC","description":"Inscrivez-vous au premier programme de certification en ligne offert par le CERIC et l'ACSE, ax\u00e9 sur le d\u00e9veloppement de carri\u00e8re intersectionnel. R\u00e9fl\u00e9chissez aux privil\u00e8ges et aux pr\u00e9jug\u00e9s, approfondissez la compr\u00e9hension des identit\u00e9s sociales et abordez l'oppression syst\u00e9mique. Inscrivez-vous d\u00e8s maintenant \u00e0 \"Une approche intersectionnelle pour soutenir l'avancement professionnel\" \u00e0 partir du 4 mars 2024. Le nombre de places \u00e9tant limit\u00e9, il est conseill\u00e9 de s'inscrire \u00e0 l'avance.","robots":{"index":"index","follow":"follow","max-snippet":"max-snippet:-1","max-image-preview":"max-image-preview:large","max-video-preview":"max-video-preview:-1"},"canonical":"https:\/\/ceric.ca\/fr\/2024\/02\/programme-certification-de-developpement-de-carriere-intersectionnel-ceric\/","og_locale":"fr_FR","og_type":"article","og_title":"Le CERIC et l'ACSE s'associent pour offrir le premier programme de certification en ligne sur le d\u00e9veloppement de carri\u00e8re intersectionnel","og_description":"Inscrivez-vous au premier programme de certification en ligne offert par le CERIC et l'ACSE, ax\u00e9 sur le d\u00e9veloppement de carri\u00e8re intersectionnel. R\u00e9fl\u00e9chissez aux privil\u00e8ges et aux pr\u00e9jug\u00e9s, approfondissez la compr\u00e9hension des identit\u00e9s sociales et abordez l'oppression syst\u00e9mique. Inscrivez-vous d\u00e8s maintenant \u00e0 \"Une approche intersectionnelle pour soutenir l'avancement professionnel\" \u00e0 partir du 4 mars 2024. Le nombre de places \u00e9tant limit\u00e9, il est conseill\u00e9 de s'inscrire \u00e0 l'avance.","og_url":"https:\/\/ceric.ca\/fr\/2024\/02\/programme-certification-de-developpement-de-carriere-intersectionnel-ceric\/","og_site_name":"CERIC","article_published_time":"2024-02-21T22:16:37+00:00","og_image":[{"width":1024,"height":512,"url":"https:\/\/ceric.ca\/wp-content\/uploads\/2024\/02\/Certificate-program-News-Visual-1024x512.png","type":"image\/png"}],"author":"Rachel So","twitter_card":"summary_large_image","twitter_misc":{"\u00c9crit par":"Rachel So","Dur\u00e9e de lecture estim\u00e9e":"2 minutes"},"schema":{"@context":"https:\/\/schema.org","@graph":[{"@type":"Article","@id":"https:\/\/ceric.ca\/fr\/2024\/02\/programme-certification-de-developpement-de-carriere-intersectionnel-ceric\/#article","isPartOf":{"@id":"https:\/\/ceric.ca\/fr\/2024\/02\/programme-certification-de-developpement-de-carriere-intersectionnel-ceric\/"},"author":{"name":"Rachel So","@id":"https:\/\/ceric.ca\/#\/schema\/person\/2e3faddf54acfac0d88b9ce185094d00"},"headline":"Le CERIC et l&rsquo;ACSE s&rsquo;associent pour offrir le premier programme de certification en ligne sur le d\u00e9veloppement de carri\u00e8re intersectionnel","datePublished":"2024-02-21T22:16:37+00:00","mainEntityOfPage":{"@id":"https:\/\/ceric.ca\/fr\/2024\/02\/programme-certification-de-developpement-de-carriere-intersectionnel-ceric\/"},"wordCount":430,"publisher":{"@id":"https:\/\/ceric.ca\/#organization"},"image":{"@id":"https:\/\/ceric.ca\/fr\/2024\/02\/programme-certification-de-developpement-de-carriere-intersectionnel-ceric\/#primaryimage"},"thumbnailUrl":"https:\/\/ceric.ca\/wp-content\/uploads\/2024\/02\/Certificate-program-News-Visual.png","articleSection":["Nouvelles"],"inLanguage":"fr-FR"},{"@type":"WebPage","@id":"https:\/\/ceric.ca\/fr\/2024\/02\/programme-certification-de-developpement-de-carriere-intersectionnel-ceric\/","url":"https:\/\/ceric.ca\/fr\/2024\/02\/programme-certification-de-developpement-de-carriere-intersectionnel-ceric\/","name":"Le CERIC et l'ACSE s'associent pour offrir le premier programme de certification en ligne sur le d\u00e9veloppement de carri\u00e8re intersectionnel - CERIC","isPartOf":{"@id":"https:\/\/ceric.ca\/#website"},"primaryImageOfPage":{"@id":"https:\/\/ceric.ca\/fr\/2024\/02\/programme-certification-de-developpement-de-carriere-intersectionnel-ceric\/#primaryimage"},"image":{"@id":"https:\/\/ceric.ca\/fr\/2024\/02\/programme-certification-de-developpement-de-carriere-intersectionnel-ceric\/#primaryimage"},"thumbnailUrl":"https:\/\/ceric.ca\/wp-content\/uploads\/2024\/02\/Certificate-program-News-Visual.png","datePublished":"2024-02-21T22:16:37+00:00","description":"Inscrivez-vous au premier programme de certification en ligne offert par le CERIC et l'ACSE, ax\u00e9 sur le d\u00e9veloppement de carri\u00e8re intersectionnel. R\u00e9fl\u00e9chissez aux privil\u00e8ges et aux pr\u00e9jug\u00e9s, approfondissez la compr\u00e9hension des identit\u00e9s sociales et abordez l'oppression syst\u00e9mique. Inscrivez-vous d\u00e8s maintenant \u00e0 \"Une approche intersectionnelle pour soutenir l'avancement professionnel\" \u00e0 partir du 4 mars 2024. Le nombre de places \u00e9tant limit\u00e9, il est conseill\u00e9 de s'inscrire \u00e0 l'avance.","breadcrumb":{"@id":"https:\/\/ceric.ca\/fr\/2024\/02\/programme-certification-de-developpement-de-carriere-intersectionnel-ceric\/#breadcrumb"},"inLanguage":"fr-FR","potentialAction":[{"@type":"ReadAction","target":["https:\/\/ceric.ca\/fr\/2024\/02\/programme-certification-de-developpement-de-carriere-intersectionnel-ceric\/"]}]},{"@type":"ImageObject","inLanguage":"fr-FR","@id":"https:\/\/ceric.ca\/fr\/2024\/02\/programme-certification-de-developpement-de-carriere-intersectionnel-ceric\/#primaryimage","url":"https:\/\/ceric.ca\/wp-content\/uploads\/2024\/02\/Certificate-program-News-Visual.png","contentUrl":"https:\/\/ceric.ca\/wp-content\/uploads\/2024\/02\/Certificate-program-News-Visual.png","width":2160,"height":1080,"caption":"Disabled People of Colour at work"},{"@type":"BreadcrumbList","@id":"https:\/\/ceric.ca\/fr\/2024\/02\/programme-certification-de-developpement-de-carriere-intersectionnel-ceric\/#breadcrumb","itemListElement":[{"@type":"ListItem","position":1,"name":"Home","item":"https:\/\/ceric.ca\/fr\/ceric-homepage-2025\/"},{"@type":"ListItem","position":2,"name":"Le CERIC et l&rsquo;ACSE s&rsquo;associent pour offrir le premier programme de certification en ligne sur le d\u00e9veloppement de carri\u00e8re intersectionnel"}]},{"@type":"WebSite","@id":"https:\/\/ceric.ca\/#website","url":"https:\/\/ceric.ca\/","name":"CERIC","description":"","publisher":{"@id":"https:\/\/ceric.ca\/#organization"},"potentialAction":[{"@type":"SearchAction","target":{"@type":"EntryPoint","urlTemplate":"https:\/\/ceric.ca\/?s={search_term_string}"},"query-input":{"@type":"PropertyValueSpecification","valueRequired":true,"valueName":"search_term_string"}}],"inLanguage":"fr-FR"},{"@type":"Organization","@id":"https:\/\/ceric.ca\/#organization","name":"CERIC","url":"https:\/\/ceric.ca\/","logo":{"@type":"ImageObject","inLanguage":"fr-FR","@id":"https:\/\/ceric.ca\/#\/schema\/logo\/image\/","url":"","contentUrl":"","caption":"CERIC"},"image":{"@id":"https:\/\/ceric.ca\/#\/schema\/logo\/image\/"}},{"@type":"Person","@id":"https:\/\/ceric.ca\/#\/schema\/person\/2e3faddf54acfac0d88b9ce185094d00","name":"Rachel So","image":{"@type":"ImageObject","inLanguage":"fr-FR","@id":"https:\/\/secure.gravatar.com\/avatar\/4c40c9aaacb6f176dbd977bdf43366708b68bdf16dc927d1e222e96783b5a9bc?s=96&d=blank&r=g","url":"https:\/\/secure.gravatar.com\/avatar\/4c40c9aaacb6f176dbd977bdf43366708b68bdf16dc927d1e222e96783b5a9bc?s=96&d=blank&r=g","contentUrl":"https:\/\/secure.gravatar.com\/avatar\/4c40c9aaacb6f176dbd977bdf43366708b68bdf16dc927d1e222e96783b5a9bc?s=96&d=blank&r=g","caption":"Rachel So"},"url":"https:\/\/ceric.ca\/fr\/author\/rachel\/"}]}},"_links":{"self":[{"href":"https:\/\/ceric.ca\/fr\/wp-json\/wp\/v2\/posts\/64625","targetHints":{"allow":["GET"]}}],"collection":[{"href":"https:\/\/ceric.ca\/fr\/wp-json\/wp\/v2\/posts"}],"about":[{"href":"https:\/\/ceric.ca\/fr\/wp-json\/wp\/v2\/types\/post"}],"author":[{"embeddable":true,"href":"https:\/\/ceric.ca\/fr\/wp-json\/wp\/v2\/users\/30"}],"replies":[{"embeddable":true,"href":"https:\/\/ceric.ca\/fr\/wp-json\/wp\/v2\/comments?post=64625"}],"version-history":[{"count":0,"href":"https:\/\/ceric.ca\/fr\/wp-json\/wp\/v2\/posts\/64625\/revisions"}],"wp:featuredmedia":[{"embeddable":true,"href":"https:\/\/ceric.ca\/fr\/wp-json\/wp\/v2\/media\/64623"}],"wp:attachment":[{"href":"https:\/\/ceric.ca\/fr\/wp-json\/wp\/v2\/media?parent=64625"}],"wp:term":[{"taxonomy":"category","embeddable":true,"href":"https:\/\/ceric.ca\/fr\/wp-json\/wp\/v2\/categories?post=64625"},{"taxonomy":"post_tag","embeddable":true,"href":"https:\/\/ceric.ca\/fr\/wp-json\/wp\/v2\/tags?post=64625"}],"curies":[{"name":"wp","href":"https:\/\/api.w.org\/{rel}","templated":true}]}}