{"id":64691,"date":"2024-02-09T00:58:18","date_gmt":"2024-02-09T05:58:18","guid":{"rendered":"https:\/\/ceric.ca\/?p=64691"},"modified":"2024-02-21T14:24:34","modified_gmt":"2024-02-21T19:24:34","slug":"nouveau-numero-cjcd-hhiver-2024-harcelement-travail-orientation-neuro-informee-meres-travaillent","status":"publish","type":"post","link":"https:\/\/ceric.ca\/fr\/2024\/02\/nouveau-numero-cjcd-hhiver-2024-harcelement-travail-orientation-neuro-informee-meres-travaillent\/","title":{"rendered":"Le nouveau num\u00e9ro de CJCD met l\u2019accent sur l&rsquo;harc\u00e8lement au travail, l&rsquo;orientation professionnelle neuro-inform\u00e9 et les m\u00e8res qui travaillent"},"content":{"rendered":"<p>L\u2019\u00e9dition Hiver 2024 de la <a href=\"https:\/\/cjcd-rcdc.ceric.ca\/index.php\/cjcd\" target=\"_blank\" rel=\"noopener\"><em>Revue canadienne de d\u00e9veloppement de carri\u00e8re (RCDC)<\/em><\/a> vient de para\u00eetre. Elle explore les questions actuelles et \u00e9mergentes en mati\u00e8re de d\u00e9veloppement de carri\u00e8re quant \u00e0 la relation entre l&rsquo;auto-efficacit\u00e9 de prise de d\u00e9cision de carri\u00e8re et l&rsquo;intelligence \u00e9motionnelle, la professionnalisation du secteur canadien du d\u00e9veloppement de carri\u00e8re, la relation entre les perceptions de la profession infirmi\u00e8re, un programme de mentorat entre retrait\u00e9s et professeurs, l&rsquo;application de l&rsquo;orientation professionnelle neuro-inform\u00e9e, l&rsquo;orientation professionnelles des personnes victimes de harc\u00e8lement moral au travail ou encore le d\u00e9veloppement de carri\u00e8re des m\u00e8res qui travaillent.<\/p>\n<p><!--more--><\/p>\n<p><strong>Articles<\/strong><\/p>\n<ul>\n<li><a href=\"https:\/\/cjcd-rcdc.ceric.ca\/index.php\/cjcd\/article\/view\/376\" target=\"_blank\" rel=\"noopener\">La relation entre l&rsquo;auto-efficacit\u00e9 en mati\u00e8re de prise de d\u00e9cision de carri\u00e8re et l&rsquo;intelligence \u00e9motionnelle, l&rsquo;optimisme de carri\u00e8re, le locus de contr\u00f4le et la personnalit\u00e9 proactive : Une \u00e9tude de m\u00e9ta-analyse<\/a><em>, Hazel Duru, Osman S\u00f6ner (r\u00e9sum\u00e9 en fran\u00e7ais, article complet en anglais)<\/em><\/li>\n<li><a href=\"https:\/\/cjcd-rcdc.ceric.ca\/index.php\/cjcd\/article\/view\/385\" target=\"_blank\" rel=\"noopener\">La professionnalisation du secteur canadien du d\u00e9veloppement de carri\u00e8re : Une analyse r\u00e9trospective<\/a>,<em> Dr. Lorraine Godden, Dr. Roberta A. Borgen (Neault) (r\u00e9sum\u00e9 en fran\u00e7ais, article complet en anglais)<\/em><\/li>\n<li><a href=\"https:\/\/cjcd-rcdc.ceric.ca\/index.php\/cjcd\/article\/view\/373\" target=\"_blank\" rel=\"noopener\">D\u00e9termination de la relation entre les perceptions de la profession infirmi\u00e8re et les attitudes \u00e0 l&rsquo;\u00e9gard de l&rsquo;avenir professionnel des \u00e9tudiants en soins infirmiers : Une \u00e9tude d&rsquo;observation<\/a>, <em>Kezban Kora\u0219 S\u00f6zen, Tugba Aydemir (r\u00e9sum\u00e9 en fran\u00e7ais, article complet en anglais)<\/em><\/li>\n<li><a href=\"https:\/\/cjcd-rcdc.ceric.ca\/index.php\/cjcd\/article\/view\/372\" target=\"_blank\" rel=\"noopener\">Les retrait\u00e9s paient pour l&rsquo;avenir : un programme de mentorat entre retrait\u00e9s et professeurs<\/a>,<em> Sanne Kaas-Mason, PhD (c), Janice Waddell RN, PhD, Karen Spalding, RN, PhD, Dr. Wendy Freeman, Mary Wheeler (r\u00e9sum\u00e9 en fran\u00e7ais, article complet en anglais)<\/em><\/li>\n<li><a href=\"https:\/\/cjcd-rcdc.ceric.ca\/index.php\/cjcd\/article\/view\/380\" target=\"_blank\" rel=\"noopener\">Application de l&rsquo;orientation professionnelle neuro-inform\u00e9e : Analyse d&rsquo;une \u00e9tude de cas unique<\/a>, <em>Patrick Phillips (r\u00e9sum\u00e9 en fran\u00e7ais, article complet en anglais)<\/em><\/li>\n<li><a href=\"https:\/\/cjcd-rcdc.ceric.ca\/index.php\/cjcd\/article\/view\/382\" target=\"_blank\" rel=\"noopener\">Orientation professionnelle des personnes victimes de harc\u00e8lement moral sur le lieu de travail<\/a>,<em> Charles P. Chen, Michelle Fung (r\u00e9sum\u00e9 en fran\u00e7ais, article complet en anglais)<\/em><\/li>\n<li><a href=\"https:\/\/cjcd-rcdc.ceric.ca\/index.php\/cjcd\/article\/view\/383\" target=\"_blank\" rel=\"noopener\">D\u00e9veloppement de carri\u00e8re des m\u00e8res qui travaillent : Facteurs d&rsquo;aide et d&rsquo;entrave \u00e0 la r\u00e9ussite pendant la pand\u00e9mie de COVID-19<\/a><em>, Larissa Rossen, Esther Oh, Deepak Mathew (r\u00e9sum\u00e9 en fran\u00e7ais, article complet en anglais)<\/em><\/li>\n<\/ul>\n<p><strong>Pratiques exemplaires pour les intervenants et la communaut\u00e9<\/strong><\/p>\n<ul>\n<li><a href=\"https:\/\/cjcd-rcdc.ceric.ca\/index.php\/cjcd\/article\/view\/386\" target=\"_blank\" rel=\"noopener\">Consid\u00e9rations sur l&rsquo;orientation professionnelle pour les personnes souffrant de troubles mentaux<\/a>, <em>Alyssa Cappon, Deepak Mathew (r\u00e9sum\u00e9 en fran\u00e7ais, article complet en anglais)<\/em><\/li>\n<\/ul>\n<p>La RCDC est une publication \u00e9valu\u00e9e par des pairs qui pr\u00e9sente des recherches universitaires multisectorielles sur la carri\u00e8re et les meilleures pratiques du Canada et du monde entier. Les soumissions sont ouvertes aux articles qui ont une port\u00e9e canadienne et internationale et qui traitent du d\u00e9veloppement de carri\u00e8re dans son sens le plus large. En plus des articles \u00e9valu\u00e9s par les pairs sur les recherches termin\u00e9es des professeurs et des \u00e9tudiants dipl\u00f4m\u00e9s, les cat\u00e9gories de publication comprennent \u00e9galement la recherche en cours, les m\u00e9moires de recherche des \u00e9tudiants dipl\u00f4m\u00e9s, les pratiques exemplaires des praticiens et de la communaut\u00e9, et les critiques de livres.\u00a0\u00a0<span data-ccp-props=\"{}\">\u00a0<\/span><\/p>\n<p>La\u202f<a href=\"https:\/\/cjcd-rcdc.ceric.ca\/index.php\/cjcd\" target=\"_blank\" rel=\"noopener\"><i><span data-contrast=\"none\">Revue canadienne de d\u00e9veloppement de carri\u00e8re (RCDC)<\/span><\/i><\/a><span data-contrast=\"none\">\u202fest issue d\u2019un partenariat entre le CERIC et l\u2019<\/span><a href=\"http:\/\/www.mun.ca\/\" target=\"_blank\" rel=\"noopener\"><span data-contrast=\"none\">Universit\u00e9 Memorial de Terre-Neuve<\/span><\/a><span data-contrast=\"none\">\u202favec le soutien de\u202f<\/span><a href=\"https:\/\/counselling.foundation\/\" target=\"_blank\" rel=\"noopener\"><span data-contrast=\"none\">The Counselling Foundation of Canada<\/span><\/a><span data-contrast=\"none\">\u202fainsi que du\u202f<\/span><a href=\"https:\/\/www.sshrc-crsh.gc.ca\/home-accueil-fra.aspx\" target=\"_blank\" rel=\"noopener\"><span data-contrast=\"none\">Conseil de recherches en sciences humaines du Canada<\/span><\/a><span data-contrast=\"none\">. Le RCDC publier deux fois par an en format num\u00e9rique. L\u2019<\/span><a href=\"https:\/\/www.tfaforms.com\/4736209\" target=\"_blank\" rel=\"noopener\"><span data-contrast=\"none\">inscription<\/span><\/a><span data-contrast=\"none\">\u202faux \u00e9ditions num\u00e9riques est gratuite, et toutes les \u00e9ditions en acc\u00e8s libre de la Revue depuis\u202f2002 sont accessibles en ligne.\u00a0<\/span><span data-ccp-props=\"{}\">\u00a0<\/span><\/p>\n","protected":false},"excerpt":{"rendered":"<p>L\u2019\u00e9dition Hiver 2024 de la Revue canadienne de d\u00e9veloppement de carri\u00e8re (RCDC) vient de para\u00eetre. Elle explore les questions actuelles et \u00e9mergentes en mati\u00e8re de d\u00e9veloppement<span class=\"excerpt-hellip\"> [\u2026]<\/span><\/p>\n","protected":false},"author":30,"featured_media":64670,"comment_status":"closed","ping_status":"closed","sticky":false,"template":"","format":"standard","meta":{"h5ap_radio_sources":[],"footnotes":""},"categories":[1194,1256,32],"tags":[],"class_list":["post-64691","post","type-post","status-publish","format-standard","has-post-thumbnail","hentry","category-2024-nouvelles","category-fevrier-2024-nouvelles","category-nouvelles"],"yoast_head":"<!-- This site is optimized with the Yoast SEO Premium plugin v27.4 (Yoast SEO v27.4) - https:\/\/yoast.com\/product\/yoast-seo-premium-wordpress\/ -->\n<title>Le nouveau num\u00e9ro de CJCD met l\u2019accent sur l&#039;harc\u00e8lement au travail, l&#039;orientation professionnelle neuro-inform\u00e9 et les m\u00e8res qui travaillent - CERIC<\/title>\n<meta name=\"description\" content=\"D\u00e9couvrez le dernier num\u00e9ro de la Revue canadienne de d\u00e9veloppement de carri\u00e8re (RCDC) mettant en lumi\u00e8re des sujets d&#039;actualit tels que l&#039;harc\u00e8lement au travail, l&#039;orientation professionnelle neuro-inform\u00e9e et les d\u00e9fis des m\u00e8res qui travaillent. Consultez des \u00e9tudes approfondies et des pratiques exemplaires dans ce domaine crucial du d\u00e9veloppement professionnel.\" \/>\n<meta name=\"robots\" content=\"index, follow, max-snippet:-1, max-image-preview:large, max-video-preview:-1\" \/>\n<link rel=\"canonical\" href=\"https:\/\/ceric.ca\/fr\/2024\/02\/nouveau-numero-cjcd-hhiver-2024-harcelement-travail-orientation-neuro-informee-meres-travaillent\/\" \/>\n<meta property=\"og:locale\" content=\"fr_FR\" \/>\n<meta property=\"og:type\" content=\"article\" \/>\n<meta property=\"og:title\" content=\"Le nouveau num\u00e9ro de CJCD met l\u2019accent sur l&#039;harc\u00e8lement au travail, l&#039;orientation professionnelle neuro-inform\u00e9 et les m\u00e8res qui travaillent\" \/>\n<meta property=\"og:description\" content=\"D\u00e9couvrez le dernier num\u00e9ro de la Revue canadienne de d\u00e9veloppement de carri\u00e8re (RCDC) mettant en lumi\u00e8re des sujets d&#039;actualit tels que l&#039;harc\u00e8lement au travail, l&#039;orientation professionnelle neuro-inform\u00e9e et les d\u00e9fis des m\u00e8res qui travaillent. Consultez des \u00e9tudes approfondies et des pratiques exemplaires dans ce domaine crucial du d\u00e9veloppement professionnel.\" \/>\n<meta property=\"og:url\" content=\"https:\/\/ceric.ca\/fr\/2024\/02\/nouveau-numero-cjcd-hhiver-2024-harcelement-travail-orientation-neuro-informee-meres-travaillent\/\" \/>\n<meta property=\"og:site_name\" content=\"CERIC\" \/>\n<meta property=\"article:published_time\" content=\"2024-02-09T05:58:18+00:00\" \/>\n<meta property=\"article:modified_time\" content=\"2024-02-21T19:24:34+00:00\" \/>\n<meta property=\"og:image\" content=\"https:\/\/ceric.ca\/wp-content\/uploads\/2024\/02\/CJCD-2024-vol1-news.jpeg\" \/>\n\t<meta property=\"og:image:width\" content=\"1920\" \/>\n\t<meta property=\"og:image:height\" content=\"1080\" \/>\n\t<meta property=\"og:image:type\" content=\"image\/jpeg\" \/>\n<meta name=\"author\" content=\"Rachel So\" \/>\n<meta name=\"twitter:card\" content=\"summary_large_image\" \/>\n<meta name=\"twitter:label1\" content=\"\u00c9crit par\" \/>\n\t<meta name=\"twitter:data1\" content=\"Rachel So\" \/>\n\t<meta name=\"twitter:label2\" content=\"Dur\u00e9e de lecture estim\u00e9e\" \/>\n\t<meta name=\"twitter:data2\" content=\"3 minutes\" \/>\n<script type=\"application\/ld+json\" class=\"yoast-schema-graph\">{\"@context\":\"https:\\\/\\\/schema.org\",\"@graph\":[{\"@type\":\"Article\",\"@id\":\"https:\\\/\\\/ceric.ca\\\/fr\\\/2024\\\/02\\\/nouveau-numero-cjcd-hhiver-2024-harcelement-travail-orientation-neuro-informee-meres-travaillent\\\/#article\",\"isPartOf\":{\"@id\":\"https:\\\/\\\/ceric.ca\\\/fr\\\/2024\\\/02\\\/nouveau-numero-cjcd-hhiver-2024-harcelement-travail-orientation-neuro-informee-meres-travaillent\\\/\"},\"author\":{\"name\":\"Rachel So\",\"@id\":\"https:\\\/\\\/ceric.ca\\\/#\\\/schema\\\/person\\\/2e3faddf54acfac0d88b9ce185094d00\"},\"headline\":\"Le nouveau num\u00e9ro de CJCD met l\u2019accent sur l&rsquo;harc\u00e8lement au travail, l&rsquo;orientation professionnelle neuro-inform\u00e9 et les m\u00e8res qui travaillent\",\"datePublished\":\"2024-02-09T05:58:18+00:00\",\"dateModified\":\"2024-02-21T19:24:34+00:00\",\"mainEntityOfPage\":{\"@id\":\"https:\\\/\\\/ceric.ca\\\/fr\\\/2024\\\/02\\\/nouveau-numero-cjcd-hhiver-2024-harcelement-travail-orientation-neuro-informee-meres-travaillent\\\/\"},\"wordCount\":637,\"publisher\":{\"@id\":\"https:\\\/\\\/ceric.ca\\\/#organization\"},\"image\":{\"@id\":\"https:\\\/\\\/ceric.ca\\\/fr\\\/2024\\\/02\\\/nouveau-numero-cjcd-hhiver-2024-harcelement-travail-orientation-neuro-informee-meres-travaillent\\\/#primaryimage\"},\"thumbnailUrl\":\"https:\\\/\\\/ceric.ca\\\/wp-content\\\/uploads\\\/2024\\\/02\\\/CJCD-2024-vol1-news.jpeg\",\"articleSection\":[\"2024\",\"f\u00e9vrier\",\"Nouvelles\"],\"inLanguage\":\"fr-FR\"},{\"@type\":\"WebPage\",\"@id\":\"https:\\\/\\\/ceric.ca\\\/fr\\\/2024\\\/02\\\/nouveau-numero-cjcd-hhiver-2024-harcelement-travail-orientation-neuro-informee-meres-travaillent\\\/\",\"url\":\"https:\\\/\\\/ceric.ca\\\/fr\\\/2024\\\/02\\\/nouveau-numero-cjcd-hhiver-2024-harcelement-travail-orientation-neuro-informee-meres-travaillent\\\/\",\"name\":\"Le nouveau num\u00e9ro de CJCD met l\u2019accent sur l'harc\u00e8lement au travail, l'orientation professionnelle neuro-inform\u00e9 et les m\u00e8res qui travaillent - CERIC\",\"isPartOf\":{\"@id\":\"https:\\\/\\\/ceric.ca\\\/#website\"},\"primaryImageOfPage\":{\"@id\":\"https:\\\/\\\/ceric.ca\\\/fr\\\/2024\\\/02\\\/nouveau-numero-cjcd-hhiver-2024-harcelement-travail-orientation-neuro-informee-meres-travaillent\\\/#primaryimage\"},\"image\":{\"@id\":\"https:\\\/\\\/ceric.ca\\\/fr\\\/2024\\\/02\\\/nouveau-numero-cjcd-hhiver-2024-harcelement-travail-orientation-neuro-informee-meres-travaillent\\\/#primaryimage\"},\"thumbnailUrl\":\"https:\\\/\\\/ceric.ca\\\/wp-content\\\/uploads\\\/2024\\\/02\\\/CJCD-2024-vol1-news.jpeg\",\"datePublished\":\"2024-02-09T05:58:18+00:00\",\"dateModified\":\"2024-02-21T19:24:34+00:00\",\"description\":\"D\u00e9couvrez le dernier num\u00e9ro de la Revue canadienne de d\u00e9veloppement de carri\u00e8re (RCDC) mettant en lumi\u00e8re des sujets d'actualit tels que l'harc\u00e8lement au travail, l'orientation professionnelle neuro-inform\u00e9e et les d\u00e9fis des m\u00e8res qui travaillent. Consultez des \u00e9tudes approfondies et des pratiques exemplaires dans ce domaine crucial du d\u00e9veloppement professionnel.\",\"breadcrumb\":{\"@id\":\"https:\\\/\\\/ceric.ca\\\/fr\\\/2024\\\/02\\\/nouveau-numero-cjcd-hhiver-2024-harcelement-travail-orientation-neuro-informee-meres-travaillent\\\/#breadcrumb\"},\"inLanguage\":\"fr-FR\",\"potentialAction\":[{\"@type\":\"ReadAction\",\"target\":[\"https:\\\/\\\/ceric.ca\\\/fr\\\/2024\\\/02\\\/nouveau-numero-cjcd-hhiver-2024-harcelement-travail-orientation-neuro-informee-meres-travaillent\\\/\"]}]},{\"@type\":\"ImageObject\",\"inLanguage\":\"fr-FR\",\"@id\":\"https:\\\/\\\/ceric.ca\\\/fr\\\/2024\\\/02\\\/nouveau-numero-cjcd-hhiver-2024-harcelement-travail-orientation-neuro-informee-meres-travaillent\\\/#primaryimage\",\"url\":\"https:\\\/\\\/ceric.ca\\\/wp-content\\\/uploads\\\/2024\\\/02\\\/CJCD-2024-vol1-news.jpeg\",\"contentUrl\":\"https:\\\/\\\/ceric.ca\\\/wp-content\\\/uploads\\\/2024\\\/02\\\/CJCD-2024-vol1-news.jpeg\",\"width\":1920,\"height\":1080},{\"@type\":\"BreadcrumbList\",\"@id\":\"https:\\\/\\\/ceric.ca\\\/fr\\\/2024\\\/02\\\/nouveau-numero-cjcd-hhiver-2024-harcelement-travail-orientation-neuro-informee-meres-travaillent\\\/#breadcrumb\",\"itemListElement\":[{\"@type\":\"ListItem\",\"position\":1,\"name\":\"Home\",\"item\":\"https:\\\/\\\/ceric.ca\\\/fr\\\/ceric-homepage-2025\\\/\"},{\"@type\":\"ListItem\",\"position\":2,\"name\":\"Le nouveau num\u00e9ro de CJCD met l\u2019accent sur l&rsquo;harc\u00e8lement au travail, l&rsquo;orientation professionnelle neuro-inform\u00e9 et les m\u00e8res qui travaillent\"}]},{\"@type\":\"WebSite\",\"@id\":\"https:\\\/\\\/ceric.ca\\\/#website\",\"url\":\"https:\\\/\\\/ceric.ca\\\/\",\"name\":\"CERIC\",\"description\":\"\",\"publisher\":{\"@id\":\"https:\\\/\\\/ceric.ca\\\/#organization\"},\"potentialAction\":[{\"@type\":\"SearchAction\",\"target\":{\"@type\":\"EntryPoint\",\"urlTemplate\":\"https:\\\/\\\/ceric.ca\\\/?s={search_term_string}\"},\"query-input\":{\"@type\":\"PropertyValueSpecification\",\"valueRequired\":true,\"valueName\":\"search_term_string\"}}],\"inLanguage\":\"fr-FR\"},{\"@type\":\"Organization\",\"@id\":\"https:\\\/\\\/ceric.ca\\\/#organization\",\"name\":\"CERIC\",\"url\":\"https:\\\/\\\/ceric.ca\\\/\",\"logo\":{\"@type\":\"ImageObject\",\"inLanguage\":\"fr-FR\",\"@id\":\"https:\\\/\\\/ceric.ca\\\/#\\\/schema\\\/logo\\\/image\\\/\",\"url\":\"\",\"contentUrl\":\"\",\"caption\":\"CERIC\"},\"image\":{\"@id\":\"https:\\\/\\\/ceric.ca\\\/#\\\/schema\\\/logo\\\/image\\\/\"}},{\"@type\":\"Person\",\"@id\":\"https:\\\/\\\/ceric.ca\\\/#\\\/schema\\\/person\\\/2e3faddf54acfac0d88b9ce185094d00\",\"name\":\"Rachel So\",\"image\":{\"@type\":\"ImageObject\",\"inLanguage\":\"fr-FR\",\"@id\":\"https:\\\/\\\/secure.gravatar.com\\\/avatar\\\/4c40c9aaacb6f176dbd977bdf43366708b68bdf16dc927d1e222e96783b5a9bc?s=96&d=blank&r=g\",\"url\":\"https:\\\/\\\/secure.gravatar.com\\\/avatar\\\/4c40c9aaacb6f176dbd977bdf43366708b68bdf16dc927d1e222e96783b5a9bc?s=96&d=blank&r=g\",\"contentUrl\":\"https:\\\/\\\/secure.gravatar.com\\\/avatar\\\/4c40c9aaacb6f176dbd977bdf43366708b68bdf16dc927d1e222e96783b5a9bc?s=96&d=blank&r=g\",\"caption\":\"Rachel So\"},\"url\":\"https:\\\/\\\/ceric.ca\\\/fr\\\/author\\\/rachel\\\/\"}]}<\/script>\n<!-- \/ Yoast SEO Premium plugin. -->","yoast_head_json":{"title":"Le nouveau num\u00e9ro de CJCD met l\u2019accent sur l'harc\u00e8lement au travail, l'orientation professionnelle neuro-inform\u00e9 et les m\u00e8res qui travaillent - CERIC","description":"D\u00e9couvrez le dernier num\u00e9ro de la Revue canadienne de d\u00e9veloppement de carri\u00e8re (RCDC) mettant en lumi\u00e8re des sujets d'actualit tels que l'harc\u00e8lement au travail, l'orientation professionnelle neuro-inform\u00e9e et les d\u00e9fis des m\u00e8res qui travaillent. Consultez des \u00e9tudes approfondies et des pratiques exemplaires dans ce domaine crucial du d\u00e9veloppement professionnel.","robots":{"index":"index","follow":"follow","max-snippet":"max-snippet:-1","max-image-preview":"max-image-preview:large","max-video-preview":"max-video-preview:-1"},"canonical":"https:\/\/ceric.ca\/fr\/2024\/02\/nouveau-numero-cjcd-hhiver-2024-harcelement-travail-orientation-neuro-informee-meres-travaillent\/","og_locale":"fr_FR","og_type":"article","og_title":"Le nouveau num\u00e9ro de CJCD met l\u2019accent sur l'harc\u00e8lement au travail, l'orientation professionnelle neuro-inform\u00e9 et les m\u00e8res qui travaillent","og_description":"D\u00e9couvrez le dernier num\u00e9ro de la Revue canadienne de d\u00e9veloppement de carri\u00e8re (RCDC) mettant en lumi\u00e8re des sujets d'actualit tels que l'harc\u00e8lement au travail, l'orientation professionnelle neuro-inform\u00e9e et les d\u00e9fis des m\u00e8res qui travaillent. Consultez des \u00e9tudes approfondies et des pratiques exemplaires dans ce domaine crucial du d\u00e9veloppement professionnel.","og_url":"https:\/\/ceric.ca\/fr\/2024\/02\/nouveau-numero-cjcd-hhiver-2024-harcelement-travail-orientation-neuro-informee-meres-travaillent\/","og_site_name":"CERIC","article_published_time":"2024-02-09T05:58:18+00:00","article_modified_time":"2024-02-21T19:24:34+00:00","og_image":[{"width":1920,"height":1080,"url":"https:\/\/ceric.ca\/wp-content\/uploads\/2024\/02\/CJCD-2024-vol1-news.jpeg","type":"image\/jpeg"}],"author":"Rachel So","twitter_card":"summary_large_image","twitter_misc":{"\u00c9crit par":"Rachel So","Dur\u00e9e de lecture estim\u00e9e":"3 minutes"},"schema":{"@context":"https:\/\/schema.org","@graph":[{"@type":"Article","@id":"https:\/\/ceric.ca\/fr\/2024\/02\/nouveau-numero-cjcd-hhiver-2024-harcelement-travail-orientation-neuro-informee-meres-travaillent\/#article","isPartOf":{"@id":"https:\/\/ceric.ca\/fr\/2024\/02\/nouveau-numero-cjcd-hhiver-2024-harcelement-travail-orientation-neuro-informee-meres-travaillent\/"},"author":{"name":"Rachel So","@id":"https:\/\/ceric.ca\/#\/schema\/person\/2e3faddf54acfac0d88b9ce185094d00"},"headline":"Le nouveau num\u00e9ro de CJCD met l\u2019accent sur l&rsquo;harc\u00e8lement au travail, l&rsquo;orientation professionnelle neuro-inform\u00e9 et les m\u00e8res qui travaillent","datePublished":"2024-02-09T05:58:18+00:00","dateModified":"2024-02-21T19:24:34+00:00","mainEntityOfPage":{"@id":"https:\/\/ceric.ca\/fr\/2024\/02\/nouveau-numero-cjcd-hhiver-2024-harcelement-travail-orientation-neuro-informee-meres-travaillent\/"},"wordCount":637,"publisher":{"@id":"https:\/\/ceric.ca\/#organization"},"image":{"@id":"https:\/\/ceric.ca\/fr\/2024\/02\/nouveau-numero-cjcd-hhiver-2024-harcelement-travail-orientation-neuro-informee-meres-travaillent\/#primaryimage"},"thumbnailUrl":"https:\/\/ceric.ca\/wp-content\/uploads\/2024\/02\/CJCD-2024-vol1-news.jpeg","articleSection":["2024","f\u00e9vrier","Nouvelles"],"inLanguage":"fr-FR"},{"@type":"WebPage","@id":"https:\/\/ceric.ca\/fr\/2024\/02\/nouveau-numero-cjcd-hhiver-2024-harcelement-travail-orientation-neuro-informee-meres-travaillent\/","url":"https:\/\/ceric.ca\/fr\/2024\/02\/nouveau-numero-cjcd-hhiver-2024-harcelement-travail-orientation-neuro-informee-meres-travaillent\/","name":"Le nouveau num\u00e9ro de CJCD met l\u2019accent sur l'harc\u00e8lement au travail, l'orientation professionnelle neuro-inform\u00e9 et les m\u00e8res qui travaillent - CERIC","isPartOf":{"@id":"https:\/\/ceric.ca\/#website"},"primaryImageOfPage":{"@id":"https:\/\/ceric.ca\/fr\/2024\/02\/nouveau-numero-cjcd-hhiver-2024-harcelement-travail-orientation-neuro-informee-meres-travaillent\/#primaryimage"},"image":{"@id":"https:\/\/ceric.ca\/fr\/2024\/02\/nouveau-numero-cjcd-hhiver-2024-harcelement-travail-orientation-neuro-informee-meres-travaillent\/#primaryimage"},"thumbnailUrl":"https:\/\/ceric.ca\/wp-content\/uploads\/2024\/02\/CJCD-2024-vol1-news.jpeg","datePublished":"2024-02-09T05:58:18+00:00","dateModified":"2024-02-21T19:24:34+00:00","description":"D\u00e9couvrez le dernier num\u00e9ro de la Revue canadienne de d\u00e9veloppement de carri\u00e8re (RCDC) mettant en lumi\u00e8re des sujets d'actualit tels que l'harc\u00e8lement au travail, l'orientation professionnelle neuro-inform\u00e9e et les d\u00e9fis des m\u00e8res qui travaillent. Consultez des \u00e9tudes approfondies et des pratiques exemplaires dans ce domaine crucial du d\u00e9veloppement professionnel.","breadcrumb":{"@id":"https:\/\/ceric.ca\/fr\/2024\/02\/nouveau-numero-cjcd-hhiver-2024-harcelement-travail-orientation-neuro-informee-meres-travaillent\/#breadcrumb"},"inLanguage":"fr-FR","potentialAction":[{"@type":"ReadAction","target":["https:\/\/ceric.ca\/fr\/2024\/02\/nouveau-numero-cjcd-hhiver-2024-harcelement-travail-orientation-neuro-informee-meres-travaillent\/"]}]},{"@type":"ImageObject","inLanguage":"fr-FR","@id":"https:\/\/ceric.ca\/fr\/2024\/02\/nouveau-numero-cjcd-hhiver-2024-harcelement-travail-orientation-neuro-informee-meres-travaillent\/#primaryimage","url":"https:\/\/ceric.ca\/wp-content\/uploads\/2024\/02\/CJCD-2024-vol1-news.jpeg","contentUrl":"https:\/\/ceric.ca\/wp-content\/uploads\/2024\/02\/CJCD-2024-vol1-news.jpeg","width":1920,"height":1080},{"@type":"BreadcrumbList","@id":"https:\/\/ceric.ca\/fr\/2024\/02\/nouveau-numero-cjcd-hhiver-2024-harcelement-travail-orientation-neuro-informee-meres-travaillent\/#breadcrumb","itemListElement":[{"@type":"ListItem","position":1,"name":"Home","item":"https:\/\/ceric.ca\/fr\/ceric-homepage-2025\/"},{"@type":"ListItem","position":2,"name":"Le nouveau num\u00e9ro de CJCD met l\u2019accent sur l&rsquo;harc\u00e8lement au travail, l&rsquo;orientation professionnelle neuro-inform\u00e9 et les m\u00e8res qui travaillent"}]},{"@type":"WebSite","@id":"https:\/\/ceric.ca\/#website","url":"https:\/\/ceric.ca\/","name":"CERIC","description":"","publisher":{"@id":"https:\/\/ceric.ca\/#organization"},"potentialAction":[{"@type":"SearchAction","target":{"@type":"EntryPoint","urlTemplate":"https:\/\/ceric.ca\/?s={search_term_string}"},"query-input":{"@type":"PropertyValueSpecification","valueRequired":true,"valueName":"search_term_string"}}],"inLanguage":"fr-FR"},{"@type":"Organization","@id":"https:\/\/ceric.ca\/#organization","name":"CERIC","url":"https:\/\/ceric.ca\/","logo":{"@type":"ImageObject","inLanguage":"fr-FR","@id":"https:\/\/ceric.ca\/#\/schema\/logo\/image\/","url":"","contentUrl":"","caption":"CERIC"},"image":{"@id":"https:\/\/ceric.ca\/#\/schema\/logo\/image\/"}},{"@type":"Person","@id":"https:\/\/ceric.ca\/#\/schema\/person\/2e3faddf54acfac0d88b9ce185094d00","name":"Rachel So","image":{"@type":"ImageObject","inLanguage":"fr-FR","@id":"https:\/\/secure.gravatar.com\/avatar\/4c40c9aaacb6f176dbd977bdf43366708b68bdf16dc927d1e222e96783b5a9bc?s=96&d=blank&r=g","url":"https:\/\/secure.gravatar.com\/avatar\/4c40c9aaacb6f176dbd977bdf43366708b68bdf16dc927d1e222e96783b5a9bc?s=96&d=blank&r=g","contentUrl":"https:\/\/secure.gravatar.com\/avatar\/4c40c9aaacb6f176dbd977bdf43366708b68bdf16dc927d1e222e96783b5a9bc?s=96&d=blank&r=g","caption":"Rachel So"},"url":"https:\/\/ceric.ca\/fr\/author\/rachel\/"}]}},"_links":{"self":[{"href":"https:\/\/ceric.ca\/fr\/wp-json\/wp\/v2\/posts\/64691","targetHints":{"allow":["GET"]}}],"collection":[{"href":"https:\/\/ceric.ca\/fr\/wp-json\/wp\/v2\/posts"}],"about":[{"href":"https:\/\/ceric.ca\/fr\/wp-json\/wp\/v2\/types\/post"}],"author":[{"embeddable":true,"href":"https:\/\/ceric.ca\/fr\/wp-json\/wp\/v2\/users\/30"}],"replies":[{"embeddable":true,"href":"https:\/\/ceric.ca\/fr\/wp-json\/wp\/v2\/comments?post=64691"}],"version-history":[{"count":0,"href":"https:\/\/ceric.ca\/fr\/wp-json\/wp\/v2\/posts\/64691\/revisions"}],"wp:featuredmedia":[{"embeddable":true,"href":"https:\/\/ceric.ca\/fr\/wp-json\/wp\/v2\/media\/64670"}],"wp:attachment":[{"href":"https:\/\/ceric.ca\/fr\/wp-json\/wp\/v2\/media?parent=64691"}],"wp:term":[{"taxonomy":"category","embeddable":true,"href":"https:\/\/ceric.ca\/fr\/wp-json\/wp\/v2\/categories?post=64691"},{"taxonomy":"post_tag","embeddable":true,"href":"https:\/\/ceric.ca\/fr\/wp-json\/wp\/v2\/tags?post=64691"}],"curies":[{"name":"wp","href":"https:\/\/api.w.org\/{rel}","templated":true}]}}