{"id":65241,"date":"2024-04-16T15:24:09","date_gmt":"2024-04-16T19:24:09","guid":{"rendered":"https:\/\/ceric.ca\/?p=65241"},"modified":"2024-11-27T15:42:06","modified_gmt":"2024-11-27T20:42:06","slug":"outiller-les-jeunes-pour-les-emplois-daujourdhui-et-de-demain","status":"publish","type":"post","link":"https:\/\/ceric.ca\/fr\/2024\/04\/outiller-les-jeunes-pour-les-emplois-daujourdhui-et-de-demain\/","title":{"rendered":"Outiller les jeunes pour les emplois d\u2019aujourd\u2019hui et de demain"},"content":{"rendered":"<div class=\"wpb-content-wrapper\"><p>[vc_row][vc_column]<div class=\"wprt-feature-box clearfix \">\r\n\t\t<div class=\"inner clearfix\" style=\"padding:5px;background-color:#CCCCCC;\">\r\n\t\t\t\r\n\t\t\t<div class=\"content-wrap\" style=\"\">\r\n\t\t\t  <div class=\"content-inner\"><p style=\"text-align: center;\"><strong>S\u00c9RIES DE WEBINAIRES GRATUITE (en anglais avec sous-titres sur l\u2019enregistrement)<\/strong><\/p>\n<\/div> \r\n\t\t\t<\/div>\r\n\t\t<\/div>\r\n\t<\/div>\r\n\t<div class=\"wprt-spacer clearfix\" data-desktop=\"35\" data-mobi=\"25\" data-smobi=\"10\"><\/div>[\/vc_column][\/vc_row][vc_row][vc_column width=\u00a0\u00bb1\/2&Prime;][vc_column_text css=\u00a0\u00bb\u00a0\u00bb]<\/p>\n<table>\n<tbody>\n<tr>\n<td><img decoding=\"async\" class=\"alignnone wp-image-56301\" src=\"https:\/\/ceric.ca\/wp-content\/uploads\/2022\/08\/Webinar-headshot-480-\u00d7-480-px-2-300x300.png\" alt=\"person\" width=\"20\" height=\"20\" \/>\u00a0 \u00a0<strong> Pr\u00e9sentateurs<\/strong><\/p>\n<ul>\n<li><strong>Valentina Castillo Cifuentes,<\/strong> Recherche au projet Youth &amp; Innovation, Objectif Avenir RBC<\/li>\n<li><strong>Farahnaaz Kanji,<\/strong> Directrice, Impact Social et Innovation, Objectif Avenir RBC<\/li>\n<li><strong>Jane Thompson<\/strong>, Directrice ex\u00e9cutive, Bourses TD pour le leadership communautaire<\/li>\n<li><strong>Rory Grewar<\/strong>, Directeur, Special Funds Foundation<\/li>\n<li>\n<div class=\"flex max-w-full flex-col flex-grow\">\n<div class=\"min-h-8 text-message flex w-full flex-col items-end gap-2 whitespace-normal break-words [.text-message+&amp;]:mt-5\" dir=\"auto\" data-message-author-role=\"assistant\" data-message-id=\"b6abcece-e44f-4656-996e-b4600dcd1ac1\" data-message-model-slug=\"gpt-4o\">\n<div class=\"flex w-full flex-col gap-1 empty:hidden first:pt-[3px]\">\n<div class=\"markdown prose w-full break-words dark:prose-invert light\">\n<p><strong>Sarah Storm<\/strong>, Gestionnaire principale, Impact social et Innovation, Objectif Avenir RBC<br \/>\n<strong>Vaishnavy Gupta<\/strong>, Responsable du Go-to-Market, FutureFit AI<br \/>\n<strong>Zachary Rose<\/strong>, Directeur des Initiatives Strat\u00e9giques, Magnet<\/p>\n<p>&nbsp;<\/p>\n<\/div>\n<\/div>\n<\/div>\n<\/div>\n<div class=\"mb-2 flex gap-3 empty:hidden -ml-2\">\n<div class=\"items-center justify-start rounded-xl p-1 flex\"><\/div>\n<\/div>\n<\/li>\n<\/ul>\n<p><img decoding=\"async\" class=\"alignnone wp-image-56303\" src=\"https:\/\/ceric.ca\/wp-content\/uploads\/2022\/08\/Webinar-headshot-480-\u00d7-480-px-4.png\" alt=\"calendar icon\" width=\"20\" height=\"20\" srcset=\"https:\/\/ceric.ca\/wp-content\/uploads\/2022\/08\/Webinar-headshot-480-\u00d7-480-px-4.png 240w, https:\/\/ceric.ca\/wp-content\/uploads\/2022\/08\/Webinar-headshot-480-\u00d7-480-px-4-150x150.png 150w, https:\/\/ceric.ca\/wp-content\/uploads\/2022\/08\/Webinar-headshot-480-\u00d7-480-px-4-160x160.png 160w\" sizes=\"(max-width:767px) 20px, 20px\" \/>\u00a0 <strong>Date et horaire<\/strong><\/p>\n<ul>\n<li>Les lundis, 23 s<span class=\"TextRun SCXW244907415 BCX0\" lang=\"EN-US\" xml:lang=\"EN-US\" data-contrast=\"none\"><span class=\"NormalTextRun SCXW244907415 BCX0\">eptembre, 28 octobre &amp; 25 novembre 2024<\/span><\/span><span class=\"EOP SCXW244907415 BCX0\" data-ccp-props=\"{&quot;201341983&quot;:0,&quot;335559740&quot;:259}\"> | 12H00 \u2013 13H00 HE (<a class=\"PrimaryLink BaseLink\" href=\"https:\/\/www.timeanddate.com\/worldclock\/converter.html?iso=20240923T160000&amp;p1=250\" target=\"_blank\" rel=\"noreferrer noopener\">V\u00e9rifiez votre fuseau horaire<\/a>)<\/span><\/li>\n<\/ul>\n<p><strong><img decoding=\"async\" class=\"alignnone wp-image-59172\" src=\"https:\/\/ceric.ca\/wp-content\/uploads\/2023\/03\/Cost-tag.png\" alt=\"\" width=\"20\" height=\"20\" \/> Prix<\/strong><\/p>\n<ul>\n<li>S\u00e9rie de webinaires GRATUITS, sponsoris\u00e9e<\/li>\n<\/ul>\n<p><strong><img loading=\"lazy\" decoding=\"async\" class=\"alignnone wp-image-59172\" src=\"https:\/\/ceric.ca\/wp-content\/uploads\/2023\/03\/484633.png\" alt=\"\" width=\"20\" height=\"20\" \/> Langue<\/strong><\/p>\n<ul>\n<li>Cette s\u00e9rie de webinaires est pr\u00e9sent\u00e9e <strong>en anglais<\/strong>\u00a0avec des sous-titres en fran\u00e7ais disponibles\u00a0<strong>sur les enregistrements<\/strong><\/li>\n<\/ul>\n<p><strong><img loading=\"lazy\" decoding=\"async\" class=\"alignnone size-medium wp-image-60816\" src=\"https:\/\/ceric.ca\/wp-content\/uploads\/2023\/07\/accessibility-300x300.png\" alt=\"\" width=\"20\" height=\"20\" srcset=\"https:\/\/ceric.ca\/wp-content\/uploads\/2023\/07\/accessibility-300x300.png 300w, https:\/\/ceric.ca\/wp-content\/uploads\/2023\/07\/accessibility-150x150.png 150w, https:\/\/ceric.ca\/wp-content\/uploads\/2023\/07\/accessibility-400x400.png 400w, https:\/\/ceric.ca\/wp-content\/uploads\/2023\/07\/accessibility.png 512w, https:\/\/ceric.ca\/wp-content\/uploads\/2023\/07\/accessibility-480x480.png 480w, https:\/\/ceric.ca\/wp-content\/uploads\/2023\/07\/accessibility-160x160.png 160w\" sizes=\"(max-width:767px) 20px, 20px\" \/> <\/strong><strong>Accessibilit\u00e9<\/strong><\/p>\n<ul>\n<li>Des sous-titres cod\u00e9s en direct g\u00e9n\u00e9r\u00e9s par l\u2019IA Zoom sont disponibles en plusieurs langues, dont l\u2019anglais et le fran\u00e7ais<\/li>\n<\/ul>\n<ul>\n<li style=\"list-style-type: none;\"><\/li>\n<\/ul>\n<\/td>\n<\/tr>\n<\/tbody>\n<\/table>\n<p>[\/vc_column_text]\r\n\t<div class=\"wprt-spacer clearfix\" data-desktop=\"20\" data-mobi=\"0\" data-smobi=\"0\"><\/div>[\/vc_column][vc_column width=\u00a0\u00bb1\/2&Prime;][vc_single_image image=\u00a0\u00bb63198&Prime;][vc_single_image image=\u00a0\u00bb65285&Prime;]\r\n\t<div class=\"wprt-spacer clearfix\" data-desktop=\"35\" data-mobi=\"7\" data-smobi=\"7\"><\/div>[vc_column_text css=\u00a0\u00bb\u00a0\u00bb]Cette s\u00e9rie de webinaires est g\u00e9n\u00e9reusement commandit\u00e9e par Objectif Avenir RBC et offerte gratuitement \u00e0 tous les participants. En savoir plus sur Objectif Avenir RBC et <a href=\"https:\/\/www.rbc.com\/fr\/objectif-avenir\/\" target=\"_blank\" rel=\"noopener\">ses travaux actuels<\/a>.[\/vc_column_text]\r\n\t<div class=\"wprt-spacer clearfix\" data-desktop=\"35\" data-mobi=\"7\" data-smobi=\"7\"><\/div>\r\n\t<div class=\"wprt-spacer clearfix\" data-desktop=\"35\" data-mobi=\"25\" data-smobi=\"10\"><\/div>[\/vc_column][\/vc_row][vc_row][vc_column][vc_message message_box_color=\u00a0\u00bbsuccess\u00a0\u00bb icon_fontawesome=\u00a0\u00bbfas fa-language\u00a0\u00bb]Des sous-titres en fran\u00e7ais seront disponibles sur<strong> les enregistrements <\/strong>de cette s\u00e9rie de webinaires.[\/vc_message]\r\n\t<div class=\"wprt-spacer clearfix\" data-desktop=\"35\" data-mobi=\"25\" data-smobi=\"10\"><\/div>[\/vc_column][\/vc_row][vc_row][vc_column]\r\n\t<div class=\"wprt-spacer clearfix\" data-desktop=\"20\" data-mobi=\"0\" data-smobi=\"0\"><\/div><div class=\"wprt-headings clearfix \"  style=\"\"><h2 class=\"heading clearfix\" style=\"color:#568caf;\">\r\n\t\tVue d'ensemble\r\n\t<\/h2><\/div>\r\n\t<div class=\"wprt-spacer clearfix\" data-desktop=\"20\" data-mobi=\"0\" data-smobi=\"0\"><\/div>[vc_column_text css=\u00a0\u00bb\u00a0\u00bb]Le monde du travail \u00e9volue. Les jeunes sont motiv\u00e9s et consid\u00e8rent l\u2019apprentissage tout au long de la vie comme la cl\u00e9 de leur r\u00e9ussite, mais ils ont encore besoin de soutien.<\/p>\n<p>Participez \u00e0 cette s\u00e9rie de webinaires GRATUITS du programme Objectif avenir RBC. Vous pourrez y entendre des chercheurs ainsi que de repr\u00e9sentants d\u2019organismes au service des jeunes discuter des ressources ax\u00e9es sur le soutien aux jeunes Canadiens en mati\u00e8re de d\u00e9veloppement des comp\u00e9tences, d\u2019exp\u00e9riences de travail pratiques, de r\u00e9seautage et de soutien au mentorat.<\/p>\n<p>Cette s\u00e9rie de webinaires en trois parties couvrira une s\u00e9rie de sujets int\u00e9ressants, allant des bourses d\u2019\u00e9tudes \u00e0 l\u2019enseignement postsecondaire, aux outils pratiques pour les jeunes \u00e0 la recherche d\u2019exp\u00e9riences professionnelles et d\u2019occasions pour d\u00e9velopper leurs comp\u00e9tences. Les participants auront \u00e9galement l\u2019occasion d\u2019obtenir des informations sur les recherches men\u00e9es sur le march\u00e9 du travail et de mieux comprendre les r\u00e9sultats obtenus par les jeunes qui participent \u00e0 des programmes de d\u00e9veloppement de carri\u00e8re.[\/vc_column_text]\r\n\t<div class=\"wprt-spacer clearfix\" data-desktop=\"35\" data-mobi=\"25\" data-smobi=\"10\"><\/div><div class=\"wprt-headings clearfix \"  style=\"\"><h2 class=\"heading clearfix\" style=\"color:#568caf;\">\r\n\t\tPourquoi les professionnels de carri\u00e8re devraient participer\r\n\t<\/h2><\/div>\r\n\t<div class=\"wprt-spacer clearfix\" data-desktop=\"20\" data-mobi=\"0\" data-smobi=\"0\"><\/div>[vc_column_text css=\u00a0\u00bb\u00a0\u00bb]Tout au long de la s\u00e9rie, les professionnels du d\u00e9veloppement de carri\u00e8re et les enseignants auront l\u2019occasion d\u2019entendre et d\u2019interagir avec des experts en la mati\u00e8re et des leaders du secteur, ainsi que d\u2019obtenir des informations utiles sur les programmes et les initiatives qui ont eu un impact significatif sur les jeunes. Les participants seront expos\u00e9s \u00e0 une diversit\u00e9 de programmes et de ressources gratuits qu\u2019ils pourront ajouter \u00e0 leur trousse d\u2019outils. \u00c0 la fin de la s\u00e9rie, les professionnels du d\u00e9veloppement de carri\u00e8re \u2013 en particulier ceux qui travaillent avec des jeunes \u00e2g\u00e9s de 15 \u00e0 29 ans \u2013 repartiront avec des connaissances pratiques, des outils et des ressources qu\u2019ils pourront appliquer et partager dans le cadre de leur travail avec leurs jeunes clients.[\/vc_column_text]\r\n\t<div class=\"wprt-spacer clearfix\" data-desktop=\"35\" data-mobi=\"0\" data-smobi=\"0\"><\/div>\r\n\t<div class=\"wprt-spacer clearfix\" data-desktop=\"35\" data-mobi=\"25\" data-smobi=\"10\"><\/div>[\/vc_column][\/vc_row][vc_row][vc_column]<div class=\"wprt-headings clearfix \"  style=\"\"><h3 class=\"heading clearfix\" style=\"color:#568caf;\">\r\n\t\tWebinaire N\u00b01 : Aper\u00e7u de l\u2019avenir du travail\r\n\t<\/h3><\/div>\r\n\t<div class=\"wprt-spacer clearfix\" data-desktop=\"10\" data-mobi=\"5\" data-smobi=\"2\"><\/div><div class=\"wprt-headings clearfix \"  style=\"\"><h6 class=\"heading clearfix\" style=\"font-weight:600;color:#000000;\">\r\n\t\tLundi 23 septembre 2024, de 12H00 \u00e0 13H00 HE\r\n\t<\/h6><\/div>\r\n\t<div class=\"wprt-spacer clearfix\" data-desktop=\"20\" data-mobi=\"10\" data-smobi=\"0\"><\/div>[vc_column_text css=\u00a0\u00bb\u00a0\u00bb]<em><span class=\"TextRun Highlight SCXW9104879 BCX0\" lang=\"FR-CA\" xml:lang=\"FR-CA\" data-contrast=\"none\"><span class=\"NormalTextRun SCXW9104879 BCX0\">Au cours de ce webinaire, des chercheurs du <\/span><span class=\"NormalTextRun SpellingErrorV2Themed SCXW9104879 BCX0\">Youth<\/span><span class=\"NormalTextRun SCXW9104879 BCX0\"> &amp; Innovation Project de l\u2019Universit\u00e9 de Waterloo pr\u00e9senteront les r\u00e9sultats de l\u2019\u00e9tude longitudinale <\/span><\/span><span class=\"TextRun Highlight SCXW9104879 BCX0\" lang=\"FR-CA\" xml:lang=\"FR-CA\" data-contrast=\"none\"><span class=\"NormalTextRun SCXW9104879 BCX0\">Young People &amp; <\/span><span class=\"NormalTextRun SpellingErrorV2Themed SCXW9104879 BCX0\">Economic<\/span><span class=\"NormalTextRun SCXW9104879 BCX0\"> Inclusion<\/span><\/span><span class=\"TextRun Highlight SCXW9104879 BCX0\" lang=\"FR-CA\" xml:lang=\"FR-CA\" data-contrast=\"none\"><span class=\"NormalTextRun SCXW9104879 BCX0\"> (Les jeunes et l\u2019inclusion \u00e9conomique) de RBC.\u00a0<\/span><\/span><\/em>[\/vc_column_text]\r\n\t<div class=\"wprt-spacer clearfix\" data-desktop=\"10\" data-mobi=\"5\" data-smobi=\"0\"><\/div>[vc_column_text]<\/p>\n<ul>\n<li data-leveltext=\"\uf0b7\" data-font=\"Symbol\" data-listid=\"4\" data-list-defn-props=\"{&quot;335552541&quot;:1,&quot;335559685&quot;:720,&quot;335559991&quot;:360,&quot;469769226&quot;:&quot;Symbol&quot;,&quot;469769242&quot;:[8226],&quot;469777803&quot;:&quot;left&quot;,&quot;469777804&quot;:&quot;\uf0b7&quot;,&quot;469777815&quot;:&quot;hybridMultilevel&quot;}\" aria-setsize=\"-1\" data-aria-posinset=\"1\" data-aria-level=\"1\">S\u2019inspirer des recherches men\u00e9es dans le cadre du Youth &amp; Innovation Project de l\u2019Universit\u00e9 de Waterloo sur les r\u00e9sultats en mati\u00e8re d\u2019emploi des jeunes du Canada qui participent \u00e0 des programmes de d\u00e9veloppement de carri\u00e8re<\/li>\n<li data-leveltext=\"\uf0b7\" data-font=\"Symbol\" data-listid=\"4\" data-list-defn-props=\"{&quot;335552541&quot;:1,&quot;335559685&quot;:720,&quot;335559991&quot;:360,&quot;469769226&quot;:&quot;Symbol&quot;,&quot;469769242&quot;:[8226],&quot;469777803&quot;:&quot;left&quot;,&quot;469777804&quot;:&quot;\uf0b7&quot;,&quot;469777815&quot;:&quot;hybridMultilevel&quot;}\" aria-setsize=\"-1\" data-aria-posinset=\"1\" data-aria-level=\"1\">S\u2019int\u00e9resser \u00e0 la r\u00e9alit\u00e9 actuelle des jeunes Canadiens et \u00e0 l\u2019avenir de l\u2019emploi en s\u2019appuyant sur des donn\u00e9es<\/li>\n<li data-leveltext=\"\uf0b7\" data-font=\"Symbol\" data-listid=\"4\" data-list-defn-props=\"{&quot;335552541&quot;:1,&quot;335559685&quot;:720,&quot;335559991&quot;:360,&quot;469769226&quot;:&quot;Symbol&quot;,&quot;469769242&quot;:[8226],&quot;469777803&quot;:&quot;left&quot;,&quot;469777804&quot;:&quot;\uf0b7&quot;,&quot;469777815&quot;:&quot;hybridMultilevel&quot;}\" aria-setsize=\"-1\" data-aria-posinset=\"1\" data-aria-level=\"1\">S\u2019informer directement aupr\u00e8s des jeunes sur leur vision de l\u2019avenir du travail<\/li>\n<\/ul>\n<p>[\/vc_column_text]\r\n\t<div class=\"wprt-spacer clearfix\" data-desktop=\"35\" data-mobi=\"25\" data-smobi=\"15\"><\/div>[vc_column_text css=\u00a0\u00bb\u00a0\u00bb]<strong>ENREGISTREMENT WEBINAIRE N\u00b01<\/strong>[\/vc_column_text]\r\n\t<div class=\"wprt-spacer clearfix\" data-desktop=\"35\" data-mobi=\"25\" data-smobi=\"15\"><\/div>[vc_video link=\u00a0\u00bbhttps:\/\/www.youtube.com\/watch?v=WHy30caAHTI\u00a0\u00bb el_width=\u00a0\u00bb70&Prime; align=\u00a0\u00bbcenter\u00a0\u00bb css=\u00a0\u00bb\u00a0\u00bb]\r\n\t<div class=\"wprt-spacer clearfix\" data-desktop=\"35\" data-mobi=\"25\" data-smobi=\"15\"><\/div>[\/vc_column][\/vc_row][vc_row][vc_column width=\u00a0\u00bb1\/4&Prime;][vc_single_image image=\u00a0\u00bb66337&Prime; img_size=\u00a0\u00bb240&#215;240&Prime; alignment=\u00a0\u00bbcenter\u00a0\u00bb css=\u00a0\u00bb\u00a0\u00bb]\r\n\t<div class=\"wprt-spacer clearfix\" data-desktop=\"30\" data-mobi=\"0\" data-smobi=\"0\"><\/div>[\/vc_column][vc_column width=\u00a0\u00bb3\/4&Prime;][vc_column_text css=\u00a0\u00bb\u00a0\u00bb]<strong>Valentina Castillo Cifuentes<\/strong> est la Responsable de la Recherche au projet Youth &amp; Innovation. Elle supervise la conception et la mise en \u0153uvre du Programme de Recherche sur l&rsquo;Impact Social et Environnemental ainsi que du Programme de Recherche sur l&rsquo;Impact \u00c9conomique, y compris l&rsquo;\u00c9tude Longitudinale RBC sur l&rsquo;Inclusion \u00c9conomique des Jeunes. Valentina poss\u00e8de une vaste exp\u00e9rience en recherche sur la mesure de l&rsquo;impact social et l&rsquo;\u00e9valuation des programmes pour les jeunes. Elle est titulaire d&rsquo;une Ma\u00eetrise en \u00c9tudes Environnementales en Gestion de la Durabilit\u00e9 de l&rsquo;Universit\u00e9 de Waterloo et d&rsquo;un dipl\u00f4me en Sociologie de l&rsquo;Universidad Diego Portales au Chili.[\/vc_column_text]\r\n\t<div class=\"wprt-spacer clearfix\" data-desktop=\"20\" data-mobi=\"0\" data-smobi=\"0\"><\/div>[vc_row_inner rtl_reverse=\u00a0\u00bbyes\u00a0\u00bb][vc_column_inner width=\u00a0\u00bb1\/2&Prime;][vc_icon icon_fontawesome=\u00a0\u00bbfab fa-linkedin\u00a0\u00bb color=\u00a0\u00bbblack\u00a0\u00bb size=\u00a0\u00bblg\u00a0\u00bb align=\u00a0\u00bbcenter\u00a0\u00bb css=\u00a0\u00bb\u00a0\u00bb link=\u00a0\u00bburl:https%3A%2F%2Fwww.linkedin.com%2Fin%2Fvalcastilloc%2F|target:_blank\u00a0\u00bb][\/vc_column_inner][vc_column_inner width=\u00a0\u00bb1\/2&Prime;][\/vc_column_inner][\/vc_row_inner][\/vc_column][\/vc_row][vc_row][vc_column]\r\n\t<div class=\"wprt-spacer clearfix\" data-desktop=\"35\" data-mobi=\"20\" data-smobi=\"0\"><\/div><div class=\"wprt-headings clearfix \"  style=\"\"><h3 class=\"heading clearfix\" style=\"color:#568caf;\">\r\n\t\tWebinaire N\u00b02 : Ouvrir la porte \u00e0 des possibilit\u00e9s gr\u00e2ce aux bourses d\u2019\u00e9tudes\r\n\t<\/h3><\/div>\r\n\t<div class=\"wprt-spacer clearfix\" data-desktop=\"10\" data-mobi=\"5\" data-smobi=\"2\"><\/div><div class=\"wprt-headings clearfix \"  style=\"\"><h6 class=\"heading clearfix\" style=\"font-weight:600;color:#000000;\">\r\n\t\tLundi 28 octobre 2024, de 12H00 \u00e0 13H00 HE\r\n\t<\/h6><\/div>\r\n\t<div class=\"wprt-spacer clearfix\" data-desktop=\"20\" data-mobi=\"0\" data-smobi=\"0\"><\/div>[vc_column_text]<em><span class=\"TextRun Highlight SCXW85919775 BCX0\" lang=\"FR-CA\" xml:lang=\"FR-CA\" data-contrast=\"none\"><span class=\"NormalTextRun SCXW85919775 BCX0\">Au cours de ce webinaire, RBC partagera les conclusions de son r\u00e9cent rapport de leadership \u00e9clair\u00e9 intitul\u00e9 <\/span><\/span><span class=\"TextRun Highlight SCXW85919775 BCX0\" lang=\"FR-CA\" xml:lang=\"FR-CA\" data-contrast=\"none\"><span class=\"NormalTextRun SCXW85919775 BCX0\">Un potentiel inexploit\u00e9\u202f: Collaborer pour ouvrir la porte \u00e0 des possibilit\u00e9s gr\u00e2ce aux bourses d\u2019\u00e9tudes<\/span><\/span><span class=\"TextRun Highlight SCXW85919775 BCX0\" lang=\"FR-CA\" xml:lang=\"FR-CA\" data-contrast=\"none\"><span class=\"NormalTextRun SCXW85919775 BCX0\">. Vous en apprendrez \u00e9galement davantage sur la s\u00e9rie de bourses d\u2019\u00e9tudes Objectif avenir RBC qui favorise l\u2019acc\u00e8s aux \u00e9tudes postsecondaires pour les jeunes qui demeurent sous-repr\u00e9sent\u00e9s aux niveaux coll\u00e9gial et universitaire.<\/span><\/span><span class=\"EOP SCXW85919775 BCX0\" data-ccp-props=\"{}\">\u00a0<\/span><\/em>[\/vc_column_text]\r\n\t<div class=\"wprt-spacer clearfix\" data-desktop=\"10\" data-mobi=\"5\" data-smobi=\"0\"><\/div>[vc_column_text]<\/p>\n<ul>\n<li>Comprendre les obstacles auxquels les jeunes sont confront\u00e9s dans l\u2019acc\u00e8s aux bourses d\u2019\u00e9tudes pour l\u2019enseignement postsecondaire<\/li>\n<li>Apprendre comment les professionnels du d\u00e9veloppement de carri\u00e8re peuvent jouer un r\u00f4le en aidant les jeunes \u00e0 naviguer dans l\u2019\u00e9cosyst\u00e8me des bourses d\u2019\u00e9tudes<\/li>\n<li>Explorer les possibilit\u00e9s de collaboration entre les secteurs afin de mieux aider les jeunes \u00e0 acc\u00e9der aux bourses d\u2019\u00e9tudes et \u00e0 en b\u00e9n\u00e9ficier<\/li>\n<\/ul>\n<p>[\/vc_column_text]\r\n\t<div class=\"wprt-spacer clearfix\" data-desktop=\"35\" data-mobi=\"20\" data-smobi=\"0\"><\/div>[vc_column_text css=\u00a0\u00bb\u00a0\u00bb]<strong>ENREGISTREMENT WEBINAIRE N\u00b02<\/strong>[\/vc_column_text]\r\n\t<div class=\"wprt-spacer clearfix\" data-desktop=\"35\" data-mobi=\"20\" data-smobi=\"0\"><\/div>[vc_video link=\u00a0\u00bbhttps:\/\/youtu.be\/YObQ3ZxUCkI\u00a0\u00bb el_width=\u00a0\u00bb70&Prime; css=\u00a0\u00bb\u00a0\u00bb]\r\n\t<div class=\"wprt-spacer clearfix\" data-desktop=\"35\" data-mobi=\"20\" data-smobi=\"0\"><\/div>[\/vc_column][\/vc_row][vc_row][vc_column][vc_column_text css=\u00a0\u00bb\u00a0\u00bb]<strong>MOD\u00c9RATRICE<\/strong>[\/vc_column_text][\/vc_column][vc_column width=\u00a0\u00bb1\/4&Prime;][vc_single_image image=\u00a0\u00bb66335&Prime; img_size=\u00a0\u00bb240&#215;240&Prime; alignment=\u00a0\u00bbcenter\u00a0\u00bb css=\u00a0\u00bb\u00a0\u00bb]\r\n\t<div class=\"wprt-spacer clearfix\" data-desktop=\"30\" data-mobi=\"0\" data-smobi=\"0\"><\/div>[\/vc_column][vc_column width=\u00a0\u00bb3\/4&Prime;][vc_column_text css=\u00a0\u00bb\u00a0\u00bb]<strong>Farahnaaz Kanji<\/strong> est passionn\u00e9e par l&rsquo;autonomisation de la prochaine g\u00e9n\u00e9ration et s&rsquo;efforce de faire une diff\u00e9rence positive dans la vie des jeunes \u00e0 travers son travail. Elle dirige actuellement la strat\u00e9gie et l&rsquo;ex\u00e9cution de RBC Future Launch en tant que Directrice, Impact Social et Innovation, o\u00f9 elle se concentre sur le soutien aux jeunes \u00e0 travers le pays. Le parcours de Farahnaaz dans l&rsquo;impact social a commenc\u00e9 en tant que b\u00e9n\u00e9vole dans diverses organisations. En tant que premi\u00e8re g\u00e9n\u00e9ration de Canadienne, elle comprend les obstacles auxquels les nouveaux arrivants sont confront\u00e9s, et son exp\u00e9rience r\u00e9cente dans l&rsquo;\u00e9volution de la strat\u00e9gie de RBC pour les nouveaux arrivants lui a permis de faire une diff\u00e9rence au niveau local. Farahnaaz poss\u00e8de plus de 10 ans d&rsquo;exp\u00e9rience dans l&rsquo;industrie des services financiers et d\u00e9tient un baccalaur\u00e9at sp\u00e9cialis\u00e9 en administration des affaires avec une mineure en psychologie.[\/vc_column_text]\r\n\t<div class=\"wprt-spacer clearfix\" data-desktop=\"20\" data-mobi=\"0\" data-smobi=\"0\"><\/div>[\/vc_column][\/vc_row][vc_row][vc_column][vc_column_text css=\u00a0\u00bb\u00a0\u00bb]<strong>PAN\u00c9LISTES<\/strong>[\/vc_column_text][\/vc_column][vc_column width=\u00a0\u00bb1\/4&Prime;][vc_single_image image=\u00a0\u00bb67012&Prime; img_size=\u00a0\u00bb240&#215;240&Prime; alignment=\u00a0\u00bbcenter\u00a0\u00bb css=\u00a0\u00bb\u00a0\u00bb]\r\n\t<div class=\"wprt-spacer clearfix\" data-desktop=\"30\" data-mobi=\"0\" data-smobi=\"0\"><\/div>[\/vc_column][vc_column width=\u00a0\u00bb3\/4&Prime;][vc_column_text css=\u00a0\u00bb\u00a0\u00bb]<strong>Jane Thompson<\/strong> est directrice ex\u00e9cutive des Bourses TD pour le leadership communautaire. Elle a \u00e9t\u00e9 membre et pr\u00e9sidente du conseil d&rsquo;administration de la National Scholarship Providers Association et a cofond\u00e9 la Table ronde canadienne des fournisseurs de bourses d&rsquo;\u00e9tudes. Jane est titulaire d&rsquo;un doctorat en histoire de l&rsquo;Universit\u00e9 de Toronto et est l&rsquo;auteure de <em>\u201cResilient Woman: Weaving Together Work, Family, and Self\u201d.<\/em>[\/vc_column_text]\r\n\t<div class=\"wprt-spacer clearfix\" data-desktop=\"20\" data-mobi=\"0\" data-smobi=\"0\"><\/div>[\/vc_column][\/vc_row][vc_row][vc_column width=\u00a0\u00bb1\/4&Prime;][vc_single_image image=\u00a0\u00bb67014&Prime; img_size=\u00a0\u00bb240&#215;240&Prime; alignment=\u00a0\u00bbcenter\u00a0\u00bb css=\u00a0\u00bb\u00a0\u00bb]\r\n\t<div class=\"wprt-spacer clearfix\" data-desktop=\"30\" data-mobi=\"0\" data-smobi=\"0\"><\/div>[\/vc_column][vc_column width=\u00a0\u00bb3\/4&Prime;][vc_column_text css=\u00a0\u00bb\u00a0\u00bb]<strong>Rory Grewar<\/strong> est n\u00e9 et a grandi \u00e0 Winnipeg, au Canada, et a fr\u00e9quent\u00e9 l&rsquo;Universit\u00e9 du Manitoba. Il a travaill\u00e9 comme administrateur principal \u00e0 la Commission de l&rsquo;environnement du gouvernement du Manitoba pendant 14 ans avant de d\u00e9m\u00e9nager en Colombie-Britannique pour devenir directeur de l&rsquo;administration \u00e0 la Fondation David Suzuki. En 2010, il a r\u00e9alis\u00e9 son r\u00eave de toujours de s&rsquo;installer sur l&rsquo;\u00eele de Vancouver lorsqu&rsquo;il a rejoint l&rsquo;\u00e9quipe de la Victoria Foundation. En tant que directeur des fonds sp\u00e9ciaux de la fondation, Rory g\u00e8re les programmes de bourses et de prix de la BC Scholarship Society, la plus grande organisation de bourses \u00e0 but non lucratif de la province, octroyant plus de 4 millions de dollars chaque ann\u00e9e aux \u00e9tudiants postsecondaires en Colombie-Britannique.[\/vc_column_text]\r\n\t<div class=\"wprt-spacer clearfix\" data-desktop=\"20\" data-mobi=\"0\" data-smobi=\"0\"><\/div>[\/vc_column][\/vc_row][vc_row][vc_column]\r\n\t<div class=\"wprt-spacer clearfix\" data-desktop=\"35\" data-mobi=\"20\" data-smobi=\"0\"><\/div><div class=\"wprt-headings clearfix \"  style=\"\"><h3 class=\"heading clearfix\" style=\"color:#568caf;\">\r\n\t\tWebinaire N\u00b03 : Outils pour les jeunes pour se pr\u00e9parer \u00e0 l\u2019avenir\r\n\t<\/h3><\/div>\r\n\t<div class=\"wprt-spacer clearfix\" data-desktop=\"10\" data-mobi=\"5\" data-smobi=\"2\"><\/div><div class=\"wprt-headings clearfix \"  style=\"\"><h6 class=\"heading clearfix\" style=\"font-weight:600;color:#000000;\">\r\n\t\tLundi 25 novembre 2024, de 12H00 \u00e0 13H00 HE\r\n\t<\/h6><\/div>\r\n\t<div class=\"wprt-spacer clearfix\" data-desktop=\"20\" data-mobi=\"0\" data-smobi=\"0\"><\/div>[vc_column_text]<em><span class=\"TextRun Highlight SCXW244952066 BCX0\" lang=\"FR-CA\" xml:lang=\"FR-CA\" data-contrast=\"none\"><span class=\"NormalTextRun SCXW244952066 BCX0\">Au cours de ce webinaire, les participants d\u00e9couvriront les programmes et ressources en ligne gratuits offerts dans le cadre du programme Objectif avenir RBC par les organismes partenaires de RBC qui \u00e9voluent dans l\u2019\u00e9cosyst\u00e8me du d\u00e9veloppement de carri\u00e8re.<\/span><\/span><span class=\"EOP SCXW244952066 BCX0\" data-ccp-props=\"{}\">\u00a0<\/span><\/em>[\/vc_column_text]\r\n\t<div class=\"wprt-spacer clearfix\" data-desktop=\"10\" data-mobi=\"5\" data-smobi=\"0\"><\/div>[vc_column_text]<\/p>\n<ul>\n<li>\u00c9couter des professionnels du d\u00e9veloppement de carri\u00e8re et d\u2019autres intervenants de services aux jeunes partenaires de RBC, y compris des organismes de bienfaisance et des entreprises sociales, expliquer comment leur travail aide les jeunes \u00e0 acqu\u00e9rir les outils n\u00e9cessaires pour les emplois d\u2019aujourd\u2019hui et de demain<\/li>\n<li>D\u00e9couvrir les outils disponibles dans le cadre du programme Objectif avenir RBC pour favoriser l\u2019acquisition de comp\u00e9tences, l\u2019exp\u00e9rience professionnelle pratique, le r\u00e9seautage et le mentorat, ainsi que le bien-\u00eatre mental des jeunes<\/li>\n<li>Apprendre comment incorporer des outils et des ressources en ligne dans votre pratique de d\u00e9veloppement de carri\u00e8re et d\u2019accompagnement<\/li>\n<\/ul>\n<p>[\/vc_column_text]\r\n\t<div class=\"wprt-spacer clearfix\" data-desktop=\"35\" data-mobi=\"20\" data-smobi=\"0\"><\/div>[vc_column_text css=\u00a0\u00bb\u00a0\u00bb]<strong>ENREGISTREMENT WEBINAIRE N\u00b03<\/strong>[\/vc_column_text]\r\n\t<div class=\"wprt-spacer clearfix\" data-desktop=\"35\" data-mobi=\"20\" data-smobi=\"0\"><\/div>[vc_video link=\u00a0\u00bbhttps:\/\/youtu.be\/iHwhn0A5UF4&Prime; el_width=\u00a0\u00bb70&Prime; css=\u00a0\u00bb\u00a0\u00bb]\r\n\t<div class=\"wprt-spacer clearfix\" data-desktop=\"35\" data-mobi=\"20\" data-smobi=\"0\"><\/div>[\/vc_column][\/vc_row][vc_row][vc_column][vc_column_text css=\u00a0\u00bb\u00a0\u00bb]<strong>MOD\u00c9RATRICE<\/strong>[\/vc_column_text][\/vc_column][vc_column width=\u00a0\u00bb1\/4&Prime;][vc_single_image image=\u00a0\u00bb67122&Prime; img_size=\u00a0\u00bb240&#215;240&Prime; alignment=\u00a0\u00bbcenter\u00a0\u00bb css=\u00a0\u00bb\u00a0\u00bb]\r\n\t<div class=\"wprt-spacer clearfix\" data-desktop=\"30\" data-mobi=\"0\" data-smobi=\"0\"><\/div>[\/vc_column][vc_column width=\u00a0\u00bb3\/4&Prime;][vc_column_text css=\u00a0\u00bb\u00a0\u00bb]<strong>Sarah Strom <\/strong>est une professionnelle de l&rsquo;impact social passionn\u00e9e par les droits de l&rsquo;homme et par la cr\u00e9ation de changements positifs et durables gr\u00e2ce \u00e0 des partenariats significatifs et \u00e0 la philanthropie bas\u00e9e sur la confiance. Elle soutient actuellement la strat\u00e9gie et la mise en \u0153uvre de Objectif Avenir RBC en tant que Gestionnaire principale, Impact social et Innovation, o\u00f9 elle se concentre sur le soutien aux jeunes \u00e0 travers le pays. Sarah croit que m\u00eame les plus petites actions individuelles peuvent changer le monde et elle est reconnaissante de pouvoir contribuer \u00e0 l&rsquo;am\u00e9lioration de la soci\u00e9t\u00e9 \u00e0 travers son travail et son b\u00e9n\u00e9volat. Sarah poss\u00e8de plus de 7 ans d&rsquo;exp\u00e9rience diversifi\u00e9e dans les secteurs \u00e0 but non lucratif et lucratif, et d\u00e9tient un baccalaur\u00e9at sp\u00e9cialis\u00e9 en D\u00e9veloppement international ainsi qu&rsquo;un dipl\u00f4me d&rsquo;\u00e9tudes sup\u00e9rieures en Responsabilit\u00e9 sociale des entreprises et D\u00e9veloppement durable.[\/vc_column_text]\r\n\t<div class=\"wprt-spacer clearfix\" data-desktop=\"20\" data-mobi=\"0\" data-smobi=\"0\"><\/div>[\/vc_column][\/vc_row][vc_row][vc_column][vc_column_text css=\u00a0\u00bb\u00a0\u00bb]<strong>PAN\u00c9LISTES<\/strong>[\/vc_column_text][\/vc_column][vc_column width=\u00a0\u00bb1\/4&Prime;][vc_single_image image=\u00a0\u00bb67335&Prime; img_size=\u00a0\u00bb240&#215;240&Prime; alignment=\u00a0\u00bbcenter\u00a0\u00bb css=\u00a0\u00bb\u00a0\u00bb]\r\n\t<div class=\"wprt-spacer clearfix\" data-desktop=\"30\" data-mobi=\"0\" data-smobi=\"0\"><\/div>[\/vc_column][vc_column width=\u00a0\u00bb3\/4&Prime;][vc_column_text css=\u00a0\u00bb\u00a0\u00bb]<strong>Vaishnavy Gupta <\/strong> est la Responsable du Go-to-Market chez FutureFit AI, une plateforme technologique ax\u00e9e sur la main-d&rsquo;\u0153uvre qui aide les organisations, les gouvernements et les institutions \u00e9ducatives \u00e0 naviguer dans l&rsquo;avenir du travail. Gr\u00e2ce \u00e0 des outils propuls\u00e9s par l\u2019intelligence artificielle, la plateforme offre une navigation de carri\u00e8re personnalis\u00e9e, connecte les individus \u00e0 des ressources de perfectionnement et aide les employeurs \u00e0 trouver des candidats dot\u00e9s des comp\u00e9tences ad\u00e9quates, tout en soutenant le d\u00e9veloppement et la r\u00e9tention des talents. Forte d&rsquo;une vaste exp\u00e9rience dans l&rsquo;expansion de startups \u00e0 forte croissance, Vaishnavy est passionn\u00e9e par le soutien \u00e0 l&rsquo;\u00e9cosyst\u00e8me de l&#8217;emploi au Canada, en particulier pour les communaut\u00e9s marginalis\u00e9es.[\/vc_column_text]\r\n\t<div class=\"wprt-spacer clearfix\" data-desktop=\"20\" data-mobi=\"0\" data-smobi=\"0\"><\/div>[\/vc_column][\/vc_row][vc_row][vc_column width=\u00a0\u00bb1\/4&Prime;][vc_single_image image=\u00a0\u00bb67337&Prime; img_size=\u00a0\u00bb240&#215;240&Prime; alignment=\u00a0\u00bbcenter\u00a0\u00bb css=\u00a0\u00bb\u00a0\u00bb]\r\n\t<div class=\"wprt-spacer clearfix\" data-desktop=\"30\" data-mobi=\"0\" data-smobi=\"0\"><\/div>[\/vc_column][vc_column width=\u00a0\u00bb3\/4&Prime;][vc_column_text css=\u00a0\u00bb\u00a0\u00bb]<strong>Zachary Rose<\/strong> dirige la planification strat\u00e9gique, les partenariats et les initiatives \u00e0 fort impact au sein de la communaut\u00e9 pancanadienne de Magnet. Travaillant en \u00e9troite collaboration avec le directeur ex\u00e9cutif et la haute direction, il supervise le d\u00e9veloppement et la mise en \u0153uvre des priorit\u00e9s organisationnelles transversales, la gestion du conseil consultatif et la strat\u00e9gie d&rsquo;impact organisationnel. Zak joue un r\u00f4le cl\u00e9 dans l\u2019avancement de la vision \u00e0 long terme de Magnet, en facilitant des conversations strat\u00e9giques de haut niveau et en recherchant activement des opportunit\u00e9s de collaboration et de leadership \u00e9clair\u00e9 dans le paysage canadien de l\u2019emploi et de la formation. Il s&rsquo;engage \u00e0 promouvoir des partenariats solides, \u00e0 l\u2019avant-garde de l\u2019innovation et de la durabilit\u00e9 pour l\u2019avenir du travail.[\/vc_column_text]\r\n\t<div class=\"wprt-spacer clearfix\" data-desktop=\"20\" data-mobi=\"0\" data-smobi=\"0\"><\/div>[\/vc_column][\/vc_row][vc_row disable_element=\u00a0\u00bbyes\u00a0\u00bb][vc_column width=\u00a0\u00bb1\/2&Prime;][\/vc_column][vc_column width=\u00a0\u00bb1\/2&Prime;]\r\n\t<div class=\"wprt-spacer clearfix\" data-desktop=\"20\" data-mobi=\"0\" data-smobi=\"0\"><\/div>[\/vc_column][\/vc_row][vc_row disable_element=\u00a0\u00bbyes\u00a0\u00bb][vc_column][vc_message message_box_color=\u00a0\u00bbchino\u00a0\u00bb icon_fontawesome=\u00a0\u00bbfas fa-user-graduate\u00a0\u00bb]<b><span data-contrast=\"none\"><span class=\"TextRun MacChromeBold SCXW104256478 BCX0\" lang=\"EN-CA\" xml:lang=\"EN-CA\" data-contrast=\"auto\"><span class=\"NormalTextRun SCXW104256478 BCX0\">Overview of the research project<\/span><\/span><\/span><\/b><\/p>\n<p>Prior to COVID-19, a broad host of social, technological, economic, environmental, political and values-based changes were disrupting Canada\u2019s labour market, changing the nature of work. COVID-19 accelerated many of these changes, while introducing new disruptions, further complicating the landscape for career development. With this in mind, CERIC has engaged Creative Futures to explore the following questions through future-focused research.<\/p>\n<p><a href=\"https:\/\/ceric.ca\/projects\/career-development-in-2040-how-the-changing-nature-of-work-will-impact-the-concept-of-careers-and-the-role-and-identity-of-career-developers\/\">Learn more about the project and any related resources, including the report<\/a>.[\/vc_message][\/vc_column][\/vc_row][vc_row][vc_column]\r\n\t<div class=\"wprt-spacer clearfix\" data-desktop=\"35\" data-mobi=\"30\" data-smobi=\"25\"><\/div>[vc_row_inner][vc_column_inner][\/vc_column_inner][\/vc_row_inner]\r\n\t<div class=\"wprt-spacer clearfix\" data-desktop=\"20\" data-mobi=\"25\" data-smobi=\"0\"><\/div>[\/vc_column][\/vc_row][vc_row disable_element=\u00a0\u00bbyes\u00a0\u00bb][vc_column width=\u00a0\u00bb1\/2&Prime;][vc_message message_box_color=\u00a0\u00bbsuccess\u00a0\u00bb icon_fontawesome=\u00a0\u00bbfas fa-stamp\u00a0\u00bb]Individual certificates of attendance will be provided for each webinar of the series. Please note that individual certificates of attendance will ONLY be provided to registered participants who attend the webinar <strong>LIVE<\/strong>.[\/vc_message][vc_btn title=\u00a0\u00bb<b>REGISTER NOW<\/b>\u00a0\u00bb color=\u00a0\u00bbwarning\u00a0\u00bb align=\u00a0\u00bbcenter\u00a0\u00bb link=\u00a0\u00bburl:https%3A%2F%2Fwww.eventbrite.ca%2Fe%2Fnavigating-difficult-conversations-for-enhanced-client-well-being-tickets-809793162147%3Faff%3DCERICwebpage|target:_blank\u00a0\u00bb][\/vc_column][vc_column width=\u00a0\u00bb1\/2&Prime;][vc_column_text]<\/p>\n<table>\n<tbody>\n<tr>\n<td width=\"312\"><\/td>\n<td width=\"312\"><strong>COST for the full series<\/strong><\/td>\n<\/tr>\n<tr>\n<td width=\"312\"><strong>Individual Rate<\/strong><\/td>\n<td width=\"312\">$159<\/td>\n<\/tr>\n<tr>\n<td width=\"312\"><strong>Group Rate*\u00a0<\/strong><\/td>\n<td width=\"312\">$119.25 per person<\/td>\n<\/tr>\n<\/tbody>\n<\/table>\n<p>[\/vc_column_text][\/vc_column][\/vc_row][vc_row][vc_column][vc_row_inner disable_element=\u00a0\u00bbyes\u00a0\u00bb][vc_column_inner][vc_column_text]<em><strong>* <\/strong>If you register 5 or more participants from the same organization at the same time, you qualify for the group rate of 25% off registration fees.\u00a0<\/em>[\/vc_column_text][\/vc_column_inner][\/vc_row_inner]\r\n\t<div class=\"wprt-spacer clearfix\" data-desktop=\"20\" data-mobi=\"0\" data-smobi=\"0\"><\/div>[vc_message]Les webinaires du CERIC sont h\u00e9berg\u00e9s sur Zoom. Pour en savoir plus,\u00a0<a href=\"https:\/\/ceric.ca\/fr\/evenements\/webinaires\/faq-webinaires\/\">consultez notre FAQ<\/a>.[\/vc_message]\r\n\t<div class=\"wprt-spacer clearfix\" data-desktop=\"35\" data-mobi=\"25\" data-smobi=\"10\"><\/div>\r\n\t<div class=\"wprt-spacer clearfix\" data-desktop=\"35\" data-mobi=\"0\" data-smobi=\"0\"><\/div>[\/vc_column][\/vc_row][vc_row][vc_column width=\u00a0\u00bb1\/4&Prime;]\r\n\t<div class=\"wprt-spacer clearfix\" data-desktop=\"30\" data-mobi=\"0\" data-smobi=\"0\"><\/div>[vc_single_image image=\u00a0\u00bb65285&Prime; img_size=\u00a0\u00bb240&#215;240&Prime; alignment=\u00a0\u00bbcenter\u00a0\u00bb]\r\n\t<div class=\"wprt-spacer clearfix\" data-desktop=\"30\" data-mobi=\"0\" data-smobi=\"0\"><\/div>[\/vc_column][vc_column width=\u00a0\u00bb3\/4&Prime;]<div class=\"wprt-headings clearfix text-center\"  style=\"\"><h6 class=\"heading clearfix\" style=\"font-weight:500;\">\r\n\t\tPartenaire de promotion de l'apprentissage\r\n\t<\/h6><\/div>\r\n\t<div class=\"wprt-spacer clearfix\" data-desktop=\"20\" data-mobi=\"0\" data-smobi=\"0\"><\/div>[vc_column_text css=\u00a0\u00bb\u00a0\u00bb]Les jeunes m\u00e9ritent une meilleure chance. Ils sont motiv\u00e9s et consid\u00e8rent l\u2019apprentissage tout au long de la vie comme un \u00e9l\u00e9ment cl\u00e9 de leur r\u00e9ussite \u2013 mais ils ont encore besoin de soutien. C\u2019est pourquoi nous nous engageons envers eux et envers l\u2019avenir du Canada.<\/p>\n<p>Nous allons au-del\u00e0 de l\u2019investissement financier en engageant les secteurs public et priv\u00e9 pour mieux comprendre le probl\u00e8me et avoir un impact significatif sur la vie des jeunes Canadiens.Objectif Avenir RBC est un catalyseur de changement \u2013 r\u00e9unissant les gens pour co-cr\u00e9er des solutions afin que les jeunes soient mieux pr\u00e9par\u00e9s pour l\u2019avenir du travail.<\/p>\n<p>Acc\u00e9dez \u00e0 des centaines de programmes, d\u2019outils et de ressources con\u00e7us par nos partenaires pour aider les jeunes \u00e0 lancer leur carri\u00e8re.[\/vc_column_text]\r\n\t<div class=\"wprt-spacer clearfix\" data-desktop=\"20\" data-mobi=\"0\" data-smobi=\"0\"><\/div>[vc_row_inner][vc_column_inner width=\u00a0\u00bb1\/2&Prime;][vc_icon icon_fontawesome=\u00a0\u00bbfas fa-globe\u00a0\u00bb color=\u00a0\u00bbblack\u00a0\u00bb align=\u00a0\u00bbcenter\u00a0\u00bb link=\u00a0\u00bburl:https%3A%2F%2Fwww.rbc.com%2Ffr%2Fobjectif-avenir%2F|target:_blank\u00a0\u00bb][\/vc_column_inner][\/vc_row_inner][\/vc_column][\/vc_row][vc_row disable_element=\u00a0\u00bbyes\u00a0\u00bb][vc_column]\r\n\t<div class=\"wprt-spacer clearfix\" data-desktop=\"35\" data-mobi=\"25\" data-smobi=\"10\"><\/div><div class=\"wprt-headings clearfix \"  style=\"\"><h3 class=\"heading clearfix\" style=\"color:#568caf;\">\r\n\t\tQue nous disent les participants du webinaire de Fr\u00e9d\u00e9ric?\r\n\t<\/h3><\/div>\r\n\t<div class=\"wprt-spacer clearfix\" data-desktop=\"35\" data-mobi=\"25\" data-smobi=\"10\"><\/div>\r\n\t<div class=\"wprt-accordions style-1\"><div class=\"accordion\"><div class=\"mfn-acc accordion_wrapper \"><em>J&rsquo;ai appr\u00e9ci\u00e9 que ce soient contextualis\u00e9s et adapt\u00e9s \u00e0 un contexte de d\u00e9veloppement de carri\u00e8re. L&rsquo;ACT peut \u00e0 premi\u00e8re vue avoir l&rsquo;air d&rsquo;appartenir \u00e0 la psychoth\u00e9rapie, mais je trouve valorisant que les c.o. reconnaissent et utilisent leurs comp\u00e9tences en s&rsquo;int\u00e9ressant et en appliquant \u00ab haut et fort \u00bb une approche qui demande une compr\u00e9hension pouss\u00e9e de la psychologie humaine. <\/em><\/div><\/div>\n<div class=\"accordion\"><div class=\"mfn-acc accordion_wrapper \"><em>Merci. Belle pr\u00e9sentation, claire et pertinente. Bon dosage th\u00e9orie vs pratique.<\/em><\/div><\/div>\n<div class=\"accordion\"><div class=\"mfn-acc accordion_wrapper \"><em>Une tr\u00e8s bonne introduction \u00e0 l&rsquo;approche ACT en orientation avec des exemples d&rsquo;applications dans la pratique. <\/em><\/div><\/div>\n<div class=\"accordion\"><div class=\"mfn-acc accordion_wrapper \"><em>Un gros merci \u00e0 monsieur Piot pour cette formation. Vous m&rsquo;avez donn\u00e9 le go\u00fbt d&rsquo;aller chercher plus d&rsquo;information au sujet de cette approche.<\/em><\/div><\/div>\n<div class=\"accordion\"><div class=\"mfn-acc accordion_wrapper \"><em>Belle pr\u00e9sentation, les exemples et les capsules aident \u00e0 bien concr\u00e9tiser la th\u00e9orie. merci, tr\u00e8s clair et fluide.<\/em><\/div><\/div>\n<\/div>[\/vc_column][\/vc_row][vc_row][vc_column][vc_column_text]<\/p>\n<p style=\"text-align: right;\"><a style=\"font-size: 1.5rem;\" href=\"https:\/\/ceric.ca\/fr\/evenements-formation\/webinaires\/\">Retour \u00e0 la liste des webinaires<\/a><\/p>\n<p>[\/vc_column_text][vc_column_text]<\/p>\n<p style=\"text-align: right;\"><a style=\"font-size: 1.5rem;\" href=\"https:\/\/ceric.ca\/fr\/evenements-formation\/webinaires-passes\/\">Retour \u00e0 la liste des webinaires pr\u00e9c\u00e9dents<\/a><\/p>\n<p>[\/vc_column_text][\/vc_column][\/vc_row]<\/p>\n<\/div>","protected":false},"excerpt":{"rendered":"<p>[vc_row][vc_column][\/vc_column][\/vc_row][vc_row][vc_column width=\u00a0\u00bb1\/2&Prime;][vc_column_text css=\u00a0\u00bb\u00a0\u00bb] \u00a0 \u00a0 Pr\u00e9sentateurs Valentina Castillo Cifuentes, Recherche au projet Youth &amp; Innovation, Objectif Avenir RBC Farahnaaz Kanji, Directrice, Impact Social et Innovation, Objectif<span class=\"excerpt-hellip\"> [\u2026]<\/span><\/p>\n","protected":false},"author":30,"featured_media":0,"comment_status":"closed","ping_status":"closed","sticky":false,"template":"","format":"standard","meta":{"h5ap_radio_sources":[],"footnotes":""},"categories":[1191],"tags":[],"class_list":["post-65241","post","type-post","status-publish","format-standard","hentry","category-2024-fr-2"],"yoast_head":"<!-- This site is optimized with the Yoast SEO Premium plugin v27.4 (Yoast SEO v27.4) - https:\/\/yoast.com\/product\/yoast-seo-premium-wordpress\/ -->\n<title>Outiller les jeunes pour les emplois d\u2019aujourd\u2019hui et de demain - CERIC<\/title>\n<meta name=\"robots\" content=\"index, follow, max-snippet:-1, max-image-preview:large, max-video-preview:-1\" \/>\n<link rel=\"canonical\" href=\"https:\/\/ceric.ca\/fr\/2024\/04\/outiller-les-jeunes-pour-les-emplois-daujourdhui-et-de-demain\/\" \/>\n<meta property=\"og:locale\" content=\"fr_FR\" \/>\n<meta property=\"og:type\" content=\"article\" \/>\n<meta property=\"og:title\" content=\"Outiller les jeunes pour les emplois d\u2019aujourd\u2019hui et de demain\" \/>\n<meta property=\"og:description\" content=\"[vc_row][vc_column][\/vc_column][\/vc_row][vc_row][vc_column width=\u00a0\u00bb1\/2&Prime;][vc_column_text css=\u00a0\u00bb\u00a0\u00bb] \u00a0 \u00a0 Pr\u00e9sentateurs Valentina Castillo Cifuentes, Recherche au projet Youth &amp; Innovation, Objectif Avenir RBC Farahnaaz Kanji, Directrice, Impact Social et Innovation, Objectif [\u2026]\" \/>\n<meta property=\"og:url\" content=\"https:\/\/ceric.ca\/fr\/2024\/04\/outiller-les-jeunes-pour-les-emplois-daujourdhui-et-de-demain\/\" \/>\n<meta property=\"og:site_name\" content=\"CERIC\" \/>\n<meta property=\"article:published_time\" content=\"2024-04-16T19:24:09+00:00\" \/>\n<meta property=\"article:modified_time\" content=\"2024-11-27T20:42:06+00:00\" \/>\n<meta property=\"og:image\" content=\"https:\/\/ceric.ca\/wp-content\/uploads\/2023\/03\/Cost-tag.png\" \/>\n<meta name=\"author\" content=\"Rachel So\" \/>\n<meta name=\"twitter:card\" content=\"summary_large_image\" \/>\n<meta name=\"twitter:label1\" content=\"\u00c9crit par\" \/>\n\t<meta name=\"twitter:data1\" content=\"Rachel So\" \/>\n\t<meta name=\"twitter:label2\" content=\"Dur\u00e9e de lecture estim\u00e9e\" \/>\n\t<meta name=\"twitter:data2\" content=\"14 minutes\" \/>\n<script type=\"application\/ld+json\" class=\"yoast-schema-graph\">{\"@context\":\"https:\\\/\\\/schema.org\",\"@graph\":[{\"@type\":\"Article\",\"@id\":\"https:\\\/\\\/ceric.ca\\\/fr\\\/2024\\\/04\\\/outiller-les-jeunes-pour-les-emplois-daujourdhui-et-de-demain\\\/#article\",\"isPartOf\":{\"@id\":\"https:\\\/\\\/ceric.ca\\\/fr\\\/2024\\\/04\\\/outiller-les-jeunes-pour-les-emplois-daujourdhui-et-de-demain\\\/\"},\"author\":{\"name\":\"Rachel So\",\"@id\":\"https:\\\/\\\/ceric.ca\\\/#\\\/schema\\\/person\\\/2e3faddf54acfac0d88b9ce185094d00\"},\"headline\":\"Outiller les jeunes pour les emplois d\u2019aujourd\u2019hui et de demain\",\"datePublished\":\"2024-04-16T19:24:09+00:00\",\"dateModified\":\"2024-11-27T20:42:06+00:00\",\"mainEntityOfPage\":{\"@id\":\"https:\\\/\\\/ceric.ca\\\/fr\\\/2024\\\/04\\\/outiller-les-jeunes-pour-les-emplois-daujourdhui-et-de-demain\\\/\"},\"wordCount\":3612,\"publisher\":{\"@id\":\"https:\\\/\\\/ceric.ca\\\/#organization\"},\"image\":{\"@id\":\"https:\\\/\\\/ceric.ca\\\/fr\\\/2024\\\/04\\\/outiller-les-jeunes-pour-les-emplois-daujourdhui-et-de-demain\\\/#primaryimage\"},\"thumbnailUrl\":\"https:\\\/\\\/ceric.ca\\\/wp-content\\\/uploads\\\/2023\\\/03\\\/Cost-tag.png\",\"articleSection\":[\"2024\"],\"inLanguage\":\"fr-FR\"},{\"@type\":\"WebPage\",\"@id\":\"https:\\\/\\\/ceric.ca\\\/fr\\\/2024\\\/04\\\/outiller-les-jeunes-pour-les-emplois-daujourdhui-et-de-demain\\\/\",\"url\":\"https:\\\/\\\/ceric.ca\\\/fr\\\/2024\\\/04\\\/outiller-les-jeunes-pour-les-emplois-daujourdhui-et-de-demain\\\/\",\"name\":\"Outiller les jeunes pour les emplois d\u2019aujourd\u2019hui et de demain - CERIC\",\"isPartOf\":{\"@id\":\"https:\\\/\\\/ceric.ca\\\/#website\"},\"primaryImageOfPage\":{\"@id\":\"https:\\\/\\\/ceric.ca\\\/fr\\\/2024\\\/04\\\/outiller-les-jeunes-pour-les-emplois-daujourdhui-et-de-demain\\\/#primaryimage\"},\"image\":{\"@id\":\"https:\\\/\\\/ceric.ca\\\/fr\\\/2024\\\/04\\\/outiller-les-jeunes-pour-les-emplois-daujourdhui-et-de-demain\\\/#primaryimage\"},\"thumbnailUrl\":\"https:\\\/\\\/ceric.ca\\\/wp-content\\\/uploads\\\/2023\\\/03\\\/Cost-tag.png\",\"datePublished\":\"2024-04-16T19:24:09+00:00\",\"dateModified\":\"2024-11-27T20:42:06+00:00\",\"breadcrumb\":{\"@id\":\"https:\\\/\\\/ceric.ca\\\/fr\\\/2024\\\/04\\\/outiller-les-jeunes-pour-les-emplois-daujourdhui-et-de-demain\\\/#breadcrumb\"},\"inLanguage\":\"fr-FR\",\"potentialAction\":[{\"@type\":\"ReadAction\",\"target\":[\"https:\\\/\\\/ceric.ca\\\/fr\\\/2024\\\/04\\\/outiller-les-jeunes-pour-les-emplois-daujourdhui-et-de-demain\\\/\"]}]},{\"@type\":\"ImageObject\",\"inLanguage\":\"fr-FR\",\"@id\":\"https:\\\/\\\/ceric.ca\\\/fr\\\/2024\\\/04\\\/outiller-les-jeunes-pour-les-emplois-daujourdhui-et-de-demain\\\/#primaryimage\",\"url\":\"https:\\\/\\\/ceric.ca\\\/wp-content\\\/uploads\\\/2023\\\/03\\\/Cost-tag.png\",\"contentUrl\":\"https:\\\/\\\/ceric.ca\\\/wp-content\\\/uploads\\\/2023\\\/03\\\/Cost-tag.png\"},{\"@type\":\"BreadcrumbList\",\"@id\":\"https:\\\/\\\/ceric.ca\\\/fr\\\/2024\\\/04\\\/outiller-les-jeunes-pour-les-emplois-daujourdhui-et-de-demain\\\/#breadcrumb\",\"itemListElement\":[{\"@type\":\"ListItem\",\"position\":1,\"name\":\"Home\",\"item\":\"https:\\\/\\\/ceric.ca\\\/fr\\\/ceric-homepage-2025\\\/\"},{\"@type\":\"ListItem\",\"position\":2,\"name\":\"Outiller les jeunes pour les emplois d\u2019aujourd\u2019hui et de demain\"}]},{\"@type\":\"WebSite\",\"@id\":\"https:\\\/\\\/ceric.ca\\\/#website\",\"url\":\"https:\\\/\\\/ceric.ca\\\/\",\"name\":\"CERIC\",\"description\":\"\",\"publisher\":{\"@id\":\"https:\\\/\\\/ceric.ca\\\/#organization\"},\"potentialAction\":[{\"@type\":\"SearchAction\",\"target\":{\"@type\":\"EntryPoint\",\"urlTemplate\":\"https:\\\/\\\/ceric.ca\\\/?s={search_term_string}\"},\"query-input\":{\"@type\":\"PropertyValueSpecification\",\"valueRequired\":true,\"valueName\":\"search_term_string\"}}],\"inLanguage\":\"fr-FR\"},{\"@type\":\"Organization\",\"@id\":\"https:\\\/\\\/ceric.ca\\\/#organization\",\"name\":\"CERIC\",\"url\":\"https:\\\/\\\/ceric.ca\\\/\",\"logo\":{\"@type\":\"ImageObject\",\"inLanguage\":\"fr-FR\",\"@id\":\"https:\\\/\\\/ceric.ca\\\/#\\\/schema\\\/logo\\\/image\\\/\",\"url\":\"\",\"contentUrl\":\"\",\"caption\":\"CERIC\"},\"image\":{\"@id\":\"https:\\\/\\\/ceric.ca\\\/#\\\/schema\\\/logo\\\/image\\\/\"}},{\"@type\":\"Person\",\"@id\":\"https:\\\/\\\/ceric.ca\\\/#\\\/schema\\\/person\\\/2e3faddf54acfac0d88b9ce185094d00\",\"name\":\"Rachel So\",\"image\":{\"@type\":\"ImageObject\",\"inLanguage\":\"fr-FR\",\"@id\":\"https:\\\/\\\/secure.gravatar.com\\\/avatar\\\/4c40c9aaacb6f176dbd977bdf43366708b68bdf16dc927d1e222e96783b5a9bc?s=96&d=blank&r=g\",\"url\":\"https:\\\/\\\/secure.gravatar.com\\\/avatar\\\/4c40c9aaacb6f176dbd977bdf43366708b68bdf16dc927d1e222e96783b5a9bc?s=96&d=blank&r=g\",\"contentUrl\":\"https:\\\/\\\/secure.gravatar.com\\\/avatar\\\/4c40c9aaacb6f176dbd977bdf43366708b68bdf16dc927d1e222e96783b5a9bc?s=96&d=blank&r=g\",\"caption\":\"Rachel So\"},\"url\":\"https:\\\/\\\/ceric.ca\\\/fr\\\/author\\\/rachel\\\/\"}]}<\/script>\n<!-- \/ Yoast SEO Premium plugin. -->","yoast_head_json":{"title":"Outiller les jeunes pour les emplois d\u2019aujourd\u2019hui et de demain - CERIC","robots":{"index":"index","follow":"follow","max-snippet":"max-snippet:-1","max-image-preview":"max-image-preview:large","max-video-preview":"max-video-preview:-1"},"canonical":"https:\/\/ceric.ca\/fr\/2024\/04\/outiller-les-jeunes-pour-les-emplois-daujourdhui-et-de-demain\/","og_locale":"fr_FR","og_type":"article","og_title":"Outiller les jeunes pour les emplois d\u2019aujourd\u2019hui et de demain","og_description":"[vc_row][vc_column][\/vc_column][\/vc_row][vc_row][vc_column width=\u00a0\u00bb1\/2&Prime;][vc_column_text css=\u00a0\u00bb\u00a0\u00bb] \u00a0 \u00a0 Pr\u00e9sentateurs Valentina Castillo Cifuentes, Recherche au projet Youth &amp; Innovation, Objectif Avenir RBC Farahnaaz Kanji, Directrice, Impact Social et Innovation, Objectif [\u2026]","og_url":"https:\/\/ceric.ca\/fr\/2024\/04\/outiller-les-jeunes-pour-les-emplois-daujourdhui-et-de-demain\/","og_site_name":"CERIC","article_published_time":"2024-04-16T19:24:09+00:00","article_modified_time":"2024-11-27T20:42:06+00:00","og_image":[{"url":"https:\/\/ceric.ca\/wp-content\/uploads\/2023\/03\/Cost-tag.png","type":"","width":"","height":""}],"author":"Rachel So","twitter_card":"summary_large_image","twitter_misc":{"\u00c9crit par":"Rachel So","Dur\u00e9e de lecture estim\u00e9e":"14 minutes"},"schema":{"@context":"https:\/\/schema.org","@graph":[{"@type":"Article","@id":"https:\/\/ceric.ca\/fr\/2024\/04\/outiller-les-jeunes-pour-les-emplois-daujourdhui-et-de-demain\/#article","isPartOf":{"@id":"https:\/\/ceric.ca\/fr\/2024\/04\/outiller-les-jeunes-pour-les-emplois-daujourdhui-et-de-demain\/"},"author":{"name":"Rachel So","@id":"https:\/\/ceric.ca\/#\/schema\/person\/2e3faddf54acfac0d88b9ce185094d00"},"headline":"Outiller les jeunes pour les emplois d\u2019aujourd\u2019hui et de demain","datePublished":"2024-04-16T19:24:09+00:00","dateModified":"2024-11-27T20:42:06+00:00","mainEntityOfPage":{"@id":"https:\/\/ceric.ca\/fr\/2024\/04\/outiller-les-jeunes-pour-les-emplois-daujourdhui-et-de-demain\/"},"wordCount":3612,"publisher":{"@id":"https:\/\/ceric.ca\/#organization"},"image":{"@id":"https:\/\/ceric.ca\/fr\/2024\/04\/outiller-les-jeunes-pour-les-emplois-daujourdhui-et-de-demain\/#primaryimage"},"thumbnailUrl":"https:\/\/ceric.ca\/wp-content\/uploads\/2023\/03\/Cost-tag.png","articleSection":["2024"],"inLanguage":"fr-FR"},{"@type":"WebPage","@id":"https:\/\/ceric.ca\/fr\/2024\/04\/outiller-les-jeunes-pour-les-emplois-daujourdhui-et-de-demain\/","url":"https:\/\/ceric.ca\/fr\/2024\/04\/outiller-les-jeunes-pour-les-emplois-daujourdhui-et-de-demain\/","name":"Outiller les jeunes pour les emplois d\u2019aujourd\u2019hui et de demain - CERIC","isPartOf":{"@id":"https:\/\/ceric.ca\/#website"},"primaryImageOfPage":{"@id":"https:\/\/ceric.ca\/fr\/2024\/04\/outiller-les-jeunes-pour-les-emplois-daujourdhui-et-de-demain\/#primaryimage"},"image":{"@id":"https:\/\/ceric.ca\/fr\/2024\/04\/outiller-les-jeunes-pour-les-emplois-daujourdhui-et-de-demain\/#primaryimage"},"thumbnailUrl":"https:\/\/ceric.ca\/wp-content\/uploads\/2023\/03\/Cost-tag.png","datePublished":"2024-04-16T19:24:09+00:00","dateModified":"2024-11-27T20:42:06+00:00","breadcrumb":{"@id":"https:\/\/ceric.ca\/fr\/2024\/04\/outiller-les-jeunes-pour-les-emplois-daujourdhui-et-de-demain\/#breadcrumb"},"inLanguage":"fr-FR","potentialAction":[{"@type":"ReadAction","target":["https:\/\/ceric.ca\/fr\/2024\/04\/outiller-les-jeunes-pour-les-emplois-daujourdhui-et-de-demain\/"]}]},{"@type":"ImageObject","inLanguage":"fr-FR","@id":"https:\/\/ceric.ca\/fr\/2024\/04\/outiller-les-jeunes-pour-les-emplois-daujourdhui-et-de-demain\/#primaryimage","url":"https:\/\/ceric.ca\/wp-content\/uploads\/2023\/03\/Cost-tag.png","contentUrl":"https:\/\/ceric.ca\/wp-content\/uploads\/2023\/03\/Cost-tag.png"},{"@type":"BreadcrumbList","@id":"https:\/\/ceric.ca\/fr\/2024\/04\/outiller-les-jeunes-pour-les-emplois-daujourdhui-et-de-demain\/#breadcrumb","itemListElement":[{"@type":"ListItem","position":1,"name":"Home","item":"https:\/\/ceric.ca\/fr\/ceric-homepage-2025\/"},{"@type":"ListItem","position":2,"name":"Outiller les jeunes pour les emplois d\u2019aujourd\u2019hui et de demain"}]},{"@type":"WebSite","@id":"https:\/\/ceric.ca\/#website","url":"https:\/\/ceric.ca\/","name":"CERIC","description":"","publisher":{"@id":"https:\/\/ceric.ca\/#organization"},"potentialAction":[{"@type":"SearchAction","target":{"@type":"EntryPoint","urlTemplate":"https:\/\/ceric.ca\/?s={search_term_string}"},"query-input":{"@type":"PropertyValueSpecification","valueRequired":true,"valueName":"search_term_string"}}],"inLanguage":"fr-FR"},{"@type":"Organization","@id":"https:\/\/ceric.ca\/#organization","name":"CERIC","url":"https:\/\/ceric.ca\/","logo":{"@type":"ImageObject","inLanguage":"fr-FR","@id":"https:\/\/ceric.ca\/#\/schema\/logo\/image\/","url":"","contentUrl":"","caption":"CERIC"},"image":{"@id":"https:\/\/ceric.ca\/#\/schema\/logo\/image\/"}},{"@type":"Person","@id":"https:\/\/ceric.ca\/#\/schema\/person\/2e3faddf54acfac0d88b9ce185094d00","name":"Rachel So","image":{"@type":"ImageObject","inLanguage":"fr-FR","@id":"https:\/\/secure.gravatar.com\/avatar\/4c40c9aaacb6f176dbd977bdf43366708b68bdf16dc927d1e222e96783b5a9bc?s=96&d=blank&r=g","url":"https:\/\/secure.gravatar.com\/avatar\/4c40c9aaacb6f176dbd977bdf43366708b68bdf16dc927d1e222e96783b5a9bc?s=96&d=blank&r=g","contentUrl":"https:\/\/secure.gravatar.com\/avatar\/4c40c9aaacb6f176dbd977bdf43366708b68bdf16dc927d1e222e96783b5a9bc?s=96&d=blank&r=g","caption":"Rachel So"},"url":"https:\/\/ceric.ca\/fr\/author\/rachel\/"}]}},"_links":{"self":[{"href":"https:\/\/ceric.ca\/fr\/wp-json\/wp\/v2\/posts\/65241","targetHints":{"allow":["GET"]}}],"collection":[{"href":"https:\/\/ceric.ca\/fr\/wp-json\/wp\/v2\/posts"}],"about":[{"href":"https:\/\/ceric.ca\/fr\/wp-json\/wp\/v2\/types\/post"}],"author":[{"embeddable":true,"href":"https:\/\/ceric.ca\/fr\/wp-json\/wp\/v2\/users\/30"}],"replies":[{"embeddable":true,"href":"https:\/\/ceric.ca\/fr\/wp-json\/wp\/v2\/comments?post=65241"}],"version-history":[{"count":0,"href":"https:\/\/ceric.ca\/fr\/wp-json\/wp\/v2\/posts\/65241\/revisions"}],"wp:attachment":[{"href":"https:\/\/ceric.ca\/fr\/wp-json\/wp\/v2\/media?parent=65241"}],"wp:term":[{"taxonomy":"category","embeddable":true,"href":"https:\/\/ceric.ca\/fr\/wp-json\/wp\/v2\/categories?post=65241"},{"taxonomy":"post_tag","embeddable":true,"href":"https:\/\/ceric.ca\/fr\/wp-json\/wp\/v2\/tags?post=65241"}],"curies":[{"name":"wp","href":"https:\/\/api.w.org\/{rel}","templated":true}]}}