{"id":7112,"date":"2013-01-10T18:46:19","date_gmt":"2013-01-10T18:46:19","guid":{"rendered":"http:\/\/ceric.org\/?p=7112"},"modified":"2014-06-06T21:10:27","modified_gmt":"2014-06-06T21:10:27","slug":"le-plus-grand-rassemblement-de-professionnels-en-developpement-de-carriere-se-penche-sur-la-question-du-marche-de-lemploi","status":"publish","type":"post","link":"https:\/\/ceric.ca\/fr\/2013\/01\/le-plus-grand-rassemblement-de-professionnels-en-developpement-de-carriere-se-penche-sur-la-question-du-marche-de-lemploi\/","title":{"rendered":"Le plus grand rassemblement de professionnels en d\u00e9veloppement de carri\u00e8re se penche sur la question du march\u00e9 de l\u2019emploi"},"content":{"rendered":"<address><em>Le congr\u00e8s national en d\u00e9veloppement de carri\u00e8re Cannexus se d\u00e9roule du 28 au 30 janvier \u00e0 Ottawa<\/em><\/address>\n<p><strong>Toronto, le 10 janvier 2013<\/strong>\u00a0\u2013 Alors que l\u2019\u00e9cart se creuse de plus en plus entre l&rsquo;offre et la demande sur le march\u00e9 de l&#8217;emploi au Canada, plus de 700 professionnels en <!--more-->d\u00e9veloppement de carri\u00e8re du pays se r\u00e9uniront au Westin Ottawa du 28 au 30 janvier prochains dans le cadre du congr\u00e8s annuel Cannexus pr\u00e9sent\u00e9 par l\u2019Institut canadien d&rsquo;\u00e9ducation et de recherche en orientation (CERIC).<\/p>\n<p>Cannexus, le congr\u00e8s national bilingue en d\u00e9veloppement de carri\u00e8re le plus important au Canada, regroupe des sp\u00e9cialistes de tous les secteurs li\u00e9s \u00e0 la carri\u00e8re \u2013 \u00e9ducation, services de placement communautaires, gouvernements, entreprises, services de transition de carri\u00e8re et conseillers ind\u00e9pendants \u2013 afin d\u2019explorer des approches novatrices dans toutes les sph\u00e8res de l\u2019orientation et du d\u00e9veloppement de carri\u00e8re, y compris le d\u00e9s\u00e9quilibre qui existe actuellement au pays en mati\u00e8re de main-d\u2019\u0153uvre.<\/p>\n<p>Un rapport publi\u00e9 en d\u00e9cembre 2012 par la CIBC r\u00e9v\u00e8le que de plus en plus d\u2019emplois ne trouvent pas preneur en raison du manque de postulants qualifi\u00e9s. Par ailleurs, de plus en plus d\u2019emplois disparaissent du paysage canadien. Pas moins de 30 % des entreprises indiquent qu\u2019elles font face \u00e0 un manque de personnel qualifi\u00e9. Cela co\u00efncide avec un taux de ch\u00f4mage sup\u00e9rieur \u00e0 7 % selon le rapport. Et les perspectives s\u2019annoncent peu reluisantes particuli\u00e8rement pour les jeunes de 24 ans et moins, dont le taux de ch\u00f4mage a atteint 14,1 % en d\u00e9cembre selon les plus r\u00e9centes donn\u00e9es de Statistique Canada.<\/p>\n<p>\u00ab Cette \u00e9trange situation o\u00f9 les personnes ne trouvent pas d\u2019emploi et les employeurs ne trouvent pas de personnel a de s\u00e9rieuses cons\u00e9quences non seulement sur la productivit\u00e9 du pays tout entier, mais \u00e9galement sur la capacit\u00e9 des Canadiens \u00e0 trouver un bon emploi, d\u00e9clare Nancy Dube, pr\u00e9sidente du conseil d\u2019administration du CERIC et directrice g\u00e9n\u00e9rale du YMCA de Sudbury, en Ontario. Le r\u00f4le du professionnel en d\u00e9veloppement de carri\u00e8re devient donc essentiel pour les chercheurs d\u2019emploi et les personnes qui d\u00e9sirent r\u00e9orienter leur carri\u00e8re. \u00bb<\/p>\n<p>Les participants au congr\u00e8s Cannexus auront la chance d\u2019entendre l\u2019allocution de Cindy Blackstock, Ph. D., directrice g\u00e9n\u00e9rale, Soci\u00e9t\u00e9 de soutien \u00e0 l&rsquo;enfance et \u00e0 la famille des Premi\u00e8res Nations du Canada, sur les obstacles auxquels font face les jeunes autochtones, le segment de la population canadienne qui cro\u00eet le plus rapidement actuellement. Ils entendront \u00e9galement Roxanne Sawatzky, pr\u00e9sidente et fondatrice d\u2019Empowering Change, qui traitera de la motivation des personnes aux prises avec de multiples difficult\u00e9s, ainsi que Debbie Muir, entra\u00eeneuse olympique reconnue internationalement, et Mark Tewskbury, nageur canadien, m\u00e9daill\u00e9 olympique et chef de mission de l\u2019\u00e9quipe olympique canadienne aux Jeux de Londres.<\/p>\n<h4><strong>Voici un aper\u00e7u des sujets trait\u00e9s dans les quelque 140 s\u00e9ances du congr\u00e8s Cannexus :<\/strong><\/h4>\n<ul>\n<li>Nouvelles approches en planification de carri\u00e8re des\u00a0<strong>\u00e9tudiants du secondaire<\/strong><\/li>\n<li>D\u00e9veloppement de carri\u00e8re pour les\u00a0<strong>b\u00e9b\u00e9-boumeurs<\/strong>\u00a0\u00e0 la retraite<\/li>\n<li><strong>Psychologie positive\u00a0<\/strong>et r\u00e9silience en gestion de carri\u00e8re<\/li>\n<li>Aider les<strong>\u00a0militaires<\/strong>\u00a0\u00e0 occuper un emploi civil<\/li>\n<li>Le<strong>\u00a0b\u00e9n\u00e9volat<\/strong>\u00a0comme prolongement d\u2019une carri\u00e8re<\/li>\n<li>Utilisation des\u00a0<strong>m\u00e9dias sociaux<\/strong>\u00a0pour sonder le march\u00e9 secret de l\u2019emploi<\/li>\n<li>L\u2019emploi chez les personnes atteintes de\u00a0<strong>maladie mentale<\/strong><\/li>\n<li>L\u2019int\u00e9gration au Canada des<strong>\u00a0travailleurs form\u00e9s \u00e0 l&rsquo;\u00e9tranger<\/strong><\/li>\n<li>Possibilit\u00e9s de carri\u00e8re pour les\u00a0<strong>conjoints accompagnateurs<\/strong>\u00a0des employ\u00e9s mut\u00e9s<\/li>\n<li>Passer d\u2019une entreprise \u00e0 but lucratif \u00e0 un organisme sans but lucratif :\u00a0<strong>transition de carri\u00e8re chez les dirigeants<\/strong><\/li>\n<li>Les nouveaux entrants mal int\u00e9gr\u00e9s : les\u00a0<strong>dipl\u00f4m\u00e9s du postsecondaire sans emploi ou sous-employ\u00e9s<\/strong><\/li>\n<\/ul>\n<p>Le congr\u00e8s comprend \u00e9galement des ateliers pr\u00e9congr\u00e8s et un salon des exposants o\u00f9 des produits et services sont offerts aux professionnels en d\u00e9veloppement de carri\u00e8re, et offre de nombreuses occasions de r\u00e9seautage.<\/p>\n<p>\u00ab Le domaine de l&rsquo;orientation professionnelle \u00e9volue rapidement en raison des changements au sein du march\u00e9 du travail, des tendances d\u00e9mographiques et des nouveaux mod\u00e8les d\u2019emplois, indique Riz Ibrahim, vice-pr\u00e9sident et directeur g\u00e9n\u00e9ral du CERIC. L\u2019essence m\u00eame du congr\u00e8s Cannexus est d&rsquo;informer les professionnels du d\u00e9veloppement de carri\u00e8re de ces changements et de leur offrir une source de perfectionnement de qualit\u00e9. \u00bb<\/p>\n<p>Le CERIC b\u00e9n\u00e9ficie du soutien de The Counselling Foundation of Canada et d\u2019un vaste r\u00e9seau de 26 organisations collaboratives.<\/p>\n<p>Pour obtenir de plus amples renseignements ou pour vous inscrire au congr\u00e8s, visitez le site\u00a0<a href=\"http:\/\/www.cannexus.ca\/\" target=\"_blank\">www.cannexus.ca<\/a>.<\/p>\n<h3><strong>\u00c0 propos du CERIC<\/strong><\/h3>\n<address>Le CERIC, l\u2019Institut canadien d&rsquo;\u00e9ducation et de recherche en orientation, est un organisme caritatif vou\u00e9 \u00e0 la progression de l&rsquo;\u00e9ducation et de la recherche en mati\u00e8re d&rsquo;orientation professionnelle et de d\u00e9veloppement de carri\u00e8re. Nous soutenons la recherche et le d\u00e9veloppement professionnel en orientation pour une communaut\u00e9 intersectorielle \u00e0 l&rsquo;aide de nos partenariats de projets et de nos programmes strat\u00e9giques. Ces programmes strat\u00e9giques sont Cannexus, ContactPoint\/OrientAction et la Revue canadienne de d\u00e9veloppement de carri\u00e8re.\u00a0<a href=\"http:\/\/www.ceric.ca\/\">www.ceric.ca<\/a><\/address>\n<h3><strong>Personne-ressource pour les m\u00e9dias<\/strong>\u00a0<strong>:<\/strong><\/h3>\n<p>Sharon Ferriss<br \/>\nDirectrice, marketing, Web et nouveaux m\u00e9dias<br \/>\n<a href=\"mailto:sharon@ceric.ca\">sharon@ceric.ca<\/a>\u00a0| 416 929-2510, poste 128<\/p>\n","protected":false},"excerpt":{"rendered":"<p>Le congr\u00e8s national en d\u00e9veloppement de carri\u00e8re Cannexus se d\u00e9roule du 28 au 30 janvier \u00e0 Ottawa Toronto, le 10 janvier 2013\u00a0\u2013 Alors que l\u2019\u00e9cart se<span class=\"excerpt-hellip\"> [\u2026]<\/span><\/p>\n","protected":false},"author":1,"featured_media":0,"comment_status":"closed","ping_status":"open","sticky":false,"template":"","format":"standard","meta":{"h5ap_radio_sources":[],"footnotes":""},"categories":[34],"tags":[],"class_list":["post-7112","post","type-post","status-publish","format-standard","hentry","category-communiques-de-presse"],"yoast_head":"<!-- This site is optimized with the Yoast SEO Premium plugin v27.4 (Yoast SEO v27.4) - https:\/\/yoast.com\/product\/yoast-seo-premium-wordpress\/ -->\n<title>Le plus grand rassemblement de professionnels en d\u00e9veloppement de carri\u00e8re se penche sur la question du march\u00e9 de l\u2019emploi - CERIC<\/title>\n<meta name=\"robots\" content=\"index, follow, max-snippet:-1, max-image-preview:large, max-video-preview:-1\" \/>\n<link rel=\"canonical\" href=\"https:\/\/ceric.ca\/fr\/2013\/01\/le-plus-grand-rassemblement-de-professionnels-en-developpement-de-carriere-se-penche-sur-la-question-du-marche-de-lemploi\/\" \/>\n<meta property=\"og:locale\" content=\"fr_FR\" \/>\n<meta property=\"og:type\" content=\"article\" \/>\n<meta property=\"og:title\" content=\"Le plus grand rassemblement de professionnels en d\u00e9veloppement de carri\u00e8re se penche sur la question du march\u00e9 de l\u2019emploi\" \/>\n<meta property=\"og:description\" content=\"Le congr\u00e8s national en d\u00e9veloppement de carri\u00e8re Cannexus se d\u00e9roule du 28 au 30 janvier \u00e0 Ottawa Toronto, le 10 janvier 2013\u00a0\u2013 Alors que l\u2019\u00e9cart se [\u2026]\" \/>\n<meta property=\"og:url\" content=\"https:\/\/ceric.ca\/fr\/2013\/01\/le-plus-grand-rassemblement-de-professionnels-en-developpement-de-carriere-se-penche-sur-la-question-du-marche-de-lemploi\/\" \/>\n<meta property=\"og:site_name\" content=\"CERIC\" \/>\n<meta property=\"article:published_time\" content=\"2013-01-10T18:46:19+00:00\" \/>\n<meta property=\"article:modified_time\" content=\"2014-06-06T21:10:27+00:00\" \/>\n<meta name=\"author\" content=\"Norman Valdez\" \/>\n<meta name=\"twitter:card\" content=\"summary_large_image\" \/>\n<meta name=\"twitter:creator\" content=\"@rachel@ceric.ca\" \/>\n<meta name=\"twitter:label1\" content=\"\u00c9crit par\" \/>\n\t<meta name=\"twitter:data1\" content=\"Norman Valdez\" \/>\n\t<meta name=\"twitter:label2\" content=\"Dur\u00e9e de lecture estim\u00e9e\" \/>\n\t<meta name=\"twitter:data2\" content=\"4 minutes\" \/>\n<script type=\"application\/ld+json\" class=\"yoast-schema-graph\">{\"@context\":\"https:\\\/\\\/schema.org\",\"@graph\":[{\"@type\":\"Article\",\"@id\":\"https:\\\/\\\/ceric.ca\\\/fr\\\/2013\\\/01\\\/le-plus-grand-rassemblement-de-professionnels-en-developpement-de-carriere-se-penche-sur-la-question-du-marche-de-lemploi\\\/#article\",\"isPartOf\":{\"@id\":\"https:\\\/\\\/ceric.ca\\\/fr\\\/2013\\\/01\\\/le-plus-grand-rassemblement-de-professionnels-en-developpement-de-carriere-se-penche-sur-la-question-du-marche-de-lemploi\\\/\"},\"author\":{\"name\":\"Norman Valdez\",\"@id\":\"https:\\\/\\\/ceric.ca\\\/#\\\/schema\\\/person\\\/444d77ede5f23ae98c74e54ab17e2da2\"},\"headline\":\"Le plus grand rassemblement de professionnels en d\u00e9veloppement de carri\u00e8re se penche sur la question du march\u00e9 de l\u2019emploi\",\"datePublished\":\"2013-01-10T18:46:19+00:00\",\"dateModified\":\"2014-06-06T21:10:27+00:00\",\"mainEntityOfPage\":{\"@id\":\"https:\\\/\\\/ceric.ca\\\/fr\\\/2013\\\/01\\\/le-plus-grand-rassemblement-de-professionnels-en-developpement-de-carriere-se-penche-sur-la-question-du-marche-de-lemploi\\\/\"},\"wordCount\":929,\"publisher\":{\"@id\":\"https:\\\/\\\/ceric.ca\\\/#organization\"},\"articleSection\":[\"Communiqu\u00e9s de presse\"],\"inLanguage\":\"fr-FR\"},{\"@type\":\"WebPage\",\"@id\":\"https:\\\/\\\/ceric.ca\\\/fr\\\/2013\\\/01\\\/le-plus-grand-rassemblement-de-professionnels-en-developpement-de-carriere-se-penche-sur-la-question-du-marche-de-lemploi\\\/\",\"url\":\"https:\\\/\\\/ceric.ca\\\/fr\\\/2013\\\/01\\\/le-plus-grand-rassemblement-de-professionnels-en-developpement-de-carriere-se-penche-sur-la-question-du-marche-de-lemploi\\\/\",\"name\":\"Le plus grand rassemblement de professionnels en d\u00e9veloppement de carri\u00e8re se penche sur la question du march\u00e9 de l\u2019emploi - CERIC\",\"isPartOf\":{\"@id\":\"https:\\\/\\\/ceric.ca\\\/#website\"},\"datePublished\":\"2013-01-10T18:46:19+00:00\",\"dateModified\":\"2014-06-06T21:10:27+00:00\",\"breadcrumb\":{\"@id\":\"https:\\\/\\\/ceric.ca\\\/fr\\\/2013\\\/01\\\/le-plus-grand-rassemblement-de-professionnels-en-developpement-de-carriere-se-penche-sur-la-question-du-marche-de-lemploi\\\/#breadcrumb\"},\"inLanguage\":\"fr-FR\",\"potentialAction\":[{\"@type\":\"ReadAction\",\"target\":[\"https:\\\/\\\/ceric.ca\\\/fr\\\/2013\\\/01\\\/le-plus-grand-rassemblement-de-professionnels-en-developpement-de-carriere-se-penche-sur-la-question-du-marche-de-lemploi\\\/\"]}]},{\"@type\":\"BreadcrumbList\",\"@id\":\"https:\\\/\\\/ceric.ca\\\/fr\\\/2013\\\/01\\\/le-plus-grand-rassemblement-de-professionnels-en-developpement-de-carriere-se-penche-sur-la-question-du-marche-de-lemploi\\\/#breadcrumb\",\"itemListElement\":[{\"@type\":\"ListItem\",\"position\":1,\"name\":\"Home\",\"item\":\"https:\\\/\\\/ceric.ca\\\/fr\\\/ceric-homepage-2025\\\/\"},{\"@type\":\"ListItem\",\"position\":2,\"name\":\"Le plus grand rassemblement de professionnels en d\u00e9veloppement de carri\u00e8re se penche sur la question du march\u00e9 de l\u2019emploi\"}]},{\"@type\":\"WebSite\",\"@id\":\"https:\\\/\\\/ceric.ca\\\/#website\",\"url\":\"https:\\\/\\\/ceric.ca\\\/\",\"name\":\"CERIC\",\"description\":\"\",\"publisher\":{\"@id\":\"https:\\\/\\\/ceric.ca\\\/#organization\"},\"potentialAction\":[{\"@type\":\"SearchAction\",\"target\":{\"@type\":\"EntryPoint\",\"urlTemplate\":\"https:\\\/\\\/ceric.ca\\\/?s={search_term_string}\"},\"query-input\":{\"@type\":\"PropertyValueSpecification\",\"valueRequired\":true,\"valueName\":\"search_term_string\"}}],\"inLanguage\":\"fr-FR\"},{\"@type\":\"Organization\",\"@id\":\"https:\\\/\\\/ceric.ca\\\/#organization\",\"name\":\"CERIC\",\"url\":\"https:\\\/\\\/ceric.ca\\\/\",\"logo\":{\"@type\":\"ImageObject\",\"inLanguage\":\"fr-FR\",\"@id\":\"https:\\\/\\\/ceric.ca\\\/#\\\/schema\\\/logo\\\/image\\\/\",\"url\":\"\",\"contentUrl\":\"\",\"caption\":\"CERIC\"},\"image\":{\"@id\":\"https:\\\/\\\/ceric.ca\\\/#\\\/schema\\\/logo\\\/image\\\/\"}},{\"@type\":\"Person\",\"@id\":\"https:\\\/\\\/ceric.ca\\\/#\\\/schema\\\/person\\\/444d77ede5f23ae98c74e54ab17e2da2\",\"name\":\"Norman Valdez\",\"image\":{\"@type\":\"ImageObject\",\"inLanguage\":\"fr-FR\",\"@id\":\"https:\\\/\\\/secure.gravatar.com\\\/avatar\\\/01def366a03d176e612e177e52d2c8b99d80f13e922b93d5fb9696239fb7fbd4?s=96&d=blank&r=g\",\"url\":\"https:\\\/\\\/secure.gravatar.com\\\/avatar\\\/01def366a03d176e612e177e52d2c8b99d80f13e922b93d5fb9696239fb7fbd4?s=96&d=blank&r=g\",\"contentUrl\":\"https:\\\/\\\/secure.gravatar.com\\\/avatar\\\/01def366a03d176e612e177e52d2c8b99d80f13e922b93d5fb9696239fb7fbd4?s=96&d=blank&r=g\",\"caption\":\"Norman Valdez\"},\"sameAs\":[\"https:\\\/\\\/x.com\\\/rachel@ceric.ca\"],\"url\":\"https:\\\/\\\/ceric.ca\\\/fr\\\/author\\\/norman\\\/\"}]}<\/script>\n<!-- \/ Yoast SEO Premium plugin. -->","yoast_head_json":{"title":"Le plus grand rassemblement de professionnels en d\u00e9veloppement de carri\u00e8re se penche sur la question du march\u00e9 de l\u2019emploi - CERIC","robots":{"index":"index","follow":"follow","max-snippet":"max-snippet:-1","max-image-preview":"max-image-preview:large","max-video-preview":"max-video-preview:-1"},"canonical":"https:\/\/ceric.ca\/fr\/2013\/01\/le-plus-grand-rassemblement-de-professionnels-en-developpement-de-carriere-se-penche-sur-la-question-du-marche-de-lemploi\/","og_locale":"fr_FR","og_type":"article","og_title":"Le plus grand rassemblement de professionnels en d\u00e9veloppement de carri\u00e8re se penche sur la question du march\u00e9 de l\u2019emploi","og_description":"Le congr\u00e8s national en d\u00e9veloppement de carri\u00e8re Cannexus se d\u00e9roule du 28 au 30 janvier \u00e0 Ottawa Toronto, le 10 janvier 2013\u00a0\u2013 Alors que l\u2019\u00e9cart se [\u2026]","og_url":"https:\/\/ceric.ca\/fr\/2013\/01\/le-plus-grand-rassemblement-de-professionnels-en-developpement-de-carriere-se-penche-sur-la-question-du-marche-de-lemploi\/","og_site_name":"CERIC","article_published_time":"2013-01-10T18:46:19+00:00","article_modified_time":"2014-06-06T21:10:27+00:00","author":"Norman Valdez","twitter_card":"summary_large_image","twitter_creator":"@rachel@ceric.ca","twitter_misc":{"\u00c9crit par":"Norman Valdez","Dur\u00e9e de lecture estim\u00e9e":"4 minutes"},"schema":{"@context":"https:\/\/schema.org","@graph":[{"@type":"Article","@id":"https:\/\/ceric.ca\/fr\/2013\/01\/le-plus-grand-rassemblement-de-professionnels-en-developpement-de-carriere-se-penche-sur-la-question-du-marche-de-lemploi\/#article","isPartOf":{"@id":"https:\/\/ceric.ca\/fr\/2013\/01\/le-plus-grand-rassemblement-de-professionnels-en-developpement-de-carriere-se-penche-sur-la-question-du-marche-de-lemploi\/"},"author":{"name":"Norman Valdez","@id":"https:\/\/ceric.ca\/#\/schema\/person\/444d77ede5f23ae98c74e54ab17e2da2"},"headline":"Le plus grand rassemblement de professionnels en d\u00e9veloppement de carri\u00e8re se penche sur la question du march\u00e9 de l\u2019emploi","datePublished":"2013-01-10T18:46:19+00:00","dateModified":"2014-06-06T21:10:27+00:00","mainEntityOfPage":{"@id":"https:\/\/ceric.ca\/fr\/2013\/01\/le-plus-grand-rassemblement-de-professionnels-en-developpement-de-carriere-se-penche-sur-la-question-du-marche-de-lemploi\/"},"wordCount":929,"publisher":{"@id":"https:\/\/ceric.ca\/#organization"},"articleSection":["Communiqu\u00e9s de presse"],"inLanguage":"fr-FR"},{"@type":"WebPage","@id":"https:\/\/ceric.ca\/fr\/2013\/01\/le-plus-grand-rassemblement-de-professionnels-en-developpement-de-carriere-se-penche-sur-la-question-du-marche-de-lemploi\/","url":"https:\/\/ceric.ca\/fr\/2013\/01\/le-plus-grand-rassemblement-de-professionnels-en-developpement-de-carriere-se-penche-sur-la-question-du-marche-de-lemploi\/","name":"Le plus grand rassemblement de professionnels en d\u00e9veloppement de carri\u00e8re se penche sur la question du march\u00e9 de l\u2019emploi - CERIC","isPartOf":{"@id":"https:\/\/ceric.ca\/#website"},"datePublished":"2013-01-10T18:46:19+00:00","dateModified":"2014-06-06T21:10:27+00:00","breadcrumb":{"@id":"https:\/\/ceric.ca\/fr\/2013\/01\/le-plus-grand-rassemblement-de-professionnels-en-developpement-de-carriere-se-penche-sur-la-question-du-marche-de-lemploi\/#breadcrumb"},"inLanguage":"fr-FR","potentialAction":[{"@type":"ReadAction","target":["https:\/\/ceric.ca\/fr\/2013\/01\/le-plus-grand-rassemblement-de-professionnels-en-developpement-de-carriere-se-penche-sur-la-question-du-marche-de-lemploi\/"]}]},{"@type":"BreadcrumbList","@id":"https:\/\/ceric.ca\/fr\/2013\/01\/le-plus-grand-rassemblement-de-professionnels-en-developpement-de-carriere-se-penche-sur-la-question-du-marche-de-lemploi\/#breadcrumb","itemListElement":[{"@type":"ListItem","position":1,"name":"Home","item":"https:\/\/ceric.ca\/fr\/ceric-homepage-2025\/"},{"@type":"ListItem","position":2,"name":"Le plus grand rassemblement de professionnels en d\u00e9veloppement de carri\u00e8re se penche sur la question du march\u00e9 de l\u2019emploi"}]},{"@type":"WebSite","@id":"https:\/\/ceric.ca\/#website","url":"https:\/\/ceric.ca\/","name":"CERIC","description":"","publisher":{"@id":"https:\/\/ceric.ca\/#organization"},"potentialAction":[{"@type":"SearchAction","target":{"@type":"EntryPoint","urlTemplate":"https:\/\/ceric.ca\/?s={search_term_string}"},"query-input":{"@type":"PropertyValueSpecification","valueRequired":true,"valueName":"search_term_string"}}],"inLanguage":"fr-FR"},{"@type":"Organization","@id":"https:\/\/ceric.ca\/#organization","name":"CERIC","url":"https:\/\/ceric.ca\/","logo":{"@type":"ImageObject","inLanguage":"fr-FR","@id":"https:\/\/ceric.ca\/#\/schema\/logo\/image\/","url":"","contentUrl":"","caption":"CERIC"},"image":{"@id":"https:\/\/ceric.ca\/#\/schema\/logo\/image\/"}},{"@type":"Person","@id":"https:\/\/ceric.ca\/#\/schema\/person\/444d77ede5f23ae98c74e54ab17e2da2","name":"Norman Valdez","image":{"@type":"ImageObject","inLanguage":"fr-FR","@id":"https:\/\/secure.gravatar.com\/avatar\/01def366a03d176e612e177e52d2c8b99d80f13e922b93d5fb9696239fb7fbd4?s=96&d=blank&r=g","url":"https:\/\/secure.gravatar.com\/avatar\/01def366a03d176e612e177e52d2c8b99d80f13e922b93d5fb9696239fb7fbd4?s=96&d=blank&r=g","contentUrl":"https:\/\/secure.gravatar.com\/avatar\/01def366a03d176e612e177e52d2c8b99d80f13e922b93d5fb9696239fb7fbd4?s=96&d=blank&r=g","caption":"Norman Valdez"},"sameAs":["https:\/\/x.com\/rachel@ceric.ca"],"url":"https:\/\/ceric.ca\/fr\/author\/norman\/"}]}},"_links":{"self":[{"href":"https:\/\/ceric.ca\/fr\/wp-json\/wp\/v2\/posts\/7112","targetHints":{"allow":["GET"]}}],"collection":[{"href":"https:\/\/ceric.ca\/fr\/wp-json\/wp\/v2\/posts"}],"about":[{"href":"https:\/\/ceric.ca\/fr\/wp-json\/wp\/v2\/types\/post"}],"author":[{"embeddable":true,"href":"https:\/\/ceric.ca\/fr\/wp-json\/wp\/v2\/users\/1"}],"replies":[{"embeddable":true,"href":"https:\/\/ceric.ca\/fr\/wp-json\/wp\/v2\/comments?post=7112"}],"version-history":[{"count":0,"href":"https:\/\/ceric.ca\/fr\/wp-json\/wp\/v2\/posts\/7112\/revisions"}],"wp:attachment":[{"href":"https:\/\/ceric.ca\/fr\/wp-json\/wp\/v2\/media?parent=7112"}],"wp:term":[{"taxonomy":"category","embeddable":true,"href":"https:\/\/ceric.ca\/fr\/wp-json\/wp\/v2\/categories?post=7112"},{"taxonomy":"post_tag","embeddable":true,"href":"https:\/\/ceric.ca\/fr\/wp-json\/wp\/v2\/tags?post=7112"}],"curies":[{"name":"wp","href":"https:\/\/api.w.org\/{rel}","templated":true}]}}