{"id":78323,"date":"2026-04-10T15:09:48","date_gmt":"2026-04-10T19:09:48","guid":{"rendered":"https:\/\/ceric.ca\/?p=78323"},"modified":"2026-04-15T13:19:23","modified_gmt":"2026-04-15T17:19:23","slug":"lappel-aux-conferenciers-pour-cannexus27-est-maintenant-ouvert-alors-que-le-congres-met-laccent-sur-la-navigation-en-contexte-dincertitude","status":"publish","type":"post","link":"https:\/\/ceric.ca\/fr\/2026\/04\/lappel-aux-conferenciers-pour-cannexus27-est-maintenant-ouvert-alors-que-le-congres-met-laccent-sur-la-navigation-en-contexte-dincertitude\/","title":{"rendered":"L\u2019appel aux conf\u00e9renciers pour Cannexus27 est maintenant ouvert, alors que le congr\u00e8s met l\u2019accent sur la navigation en contexte d\u2019incertitude"},"content":{"rendered":"\t\t<div data-elementor-type=\"wp-post\" data-elementor-id=\"78323\" class=\"elementor elementor-78323 elementor-78264\" data-elementor-post-type=\"post\">\n\t\t\t\t<div class=\"elementor-element elementor-element-00bedc8 e-flex e-con-boxed e-con e-parent\" data-id=\"00bedc8\" data-element_type=\"container\" data-e-type=\"container\">\n\t\t\t\t\t<div class=\"e-con-inner\">\n\t\t\t\t<div class=\"elementor-element elementor-element-532a4b7 elementor-widget elementor-widget-text-editor\" data-id=\"532a4b7\" data-element_type=\"widget\" data-e-type=\"widget\" data-widget_type=\"text-editor.default\">\n\t\t\t\t<div class=\"elementor-widget-container\">\n\t\t\t\t\t\t\t\t\t<p>CERIC a lanc\u00e9 son <a href=\"https:\/\/cannexus.ceric.ca\/fr\/presenter-a-cannexus\/\" target=\"_blank\" rel=\"noopener\">appel de propositions pour Cannexus27<\/a>, le plus grand congr\u00e8s bilingue de d\u00e9veloppement de carri\u00e8re au Canada. Le th\u00e8me <strong>Naviguer dans l\u2019incertitude, ouvrir des possibilit\u00e9s <\/strong>refl\u00e8te les d\u00e9fis et les occasions qui fa\u00e7onnent actuellement le d\u00e9veloppement de carri\u00e8re partout au Canada. La volatilit\u00e9 \u00e9conomique, les bouleversements caus\u00e9s par l\u2019IA et les inad\u00e9quations entre les comp\u00e9tences et les besoins du march\u00e9 du travail transforment la fa\u00e7on dont les gens abordent l\u2019apprentissage, le travail et les transitions de carri\u00e8re. \u00c0 une \u00e9poque o\u00f9 de nombreuses personnes se demandent ce qui les attend, les professionnels du d\u00e9veloppement de carri\u00e8re, les \u00e9ducateurs et les leaders du march\u00e9 du travail offrent une source d\u2019orientation, d\u2019encouragement et d\u2019action.<\/p><p><a href=\"https:\/\/cannexus.ceric.ca\/fr\/\" target=\"_blank\" rel=\"noopener\">Cannexus27 <\/a>aura lieu du 25 au 27 janvier 2027, et les volets virtuel et en personne du congr\u00e8s se d\u00e9rouleront sur 2,5 jours. Pr\u00e9sentez en personne au Centre Rogers \u00e0 Ottawa pour une exp\u00e9rience immersive, ou pr\u00e9sentez de fa\u00e7on virtuelle pour une option plus souple, toutes les s\u00e9ances virtuelles et hybrides \u00e9tant enregistr\u00e9es et accessibles aux participants pendant trois mois.<\/p><p>Pr\u00e9senter \u00e0 Cannexus constitue une occasion pr\u00e9cieuse de partager des connaissances, de susciter des discussions et de mettre en valeur des pratiques efficaces en d\u00e9veloppement de carri\u00e8re et de la main-d\u2019\u0153uvre. Le dernier congr\u00e8s a accueilli plus de 1 600 participants du Canada et d\u2019ailleurs dans le monde. Pour les conf\u00e9renciers, c\u2019est l\u2019occasion de faire valoir leur expertise, d\u2019influencer les conversations dans le domaine et de cr\u00e9er de nouveaux liens significatifs, tout en b\u00e9n\u00e9ficiant d\u2019une visibilit\u00e9 pr\u00e9cieuse \u00e0 l\u2019\u00e9chelle nationale.<\/p><p>Les conf\u00e9renciers de Cannexus sont des praticiens et des chercheurs en d\u00e9veloppement de carri\u00e8re, en d\u00e9veloppement de la main-d\u2019\u0153uvre et dans des domaines connexes, qui ont une vision d\u2019avenir et des id\u00e9es et projets nouveaux et percutants \u00e0 partager. Ils peuvent provenir d\u2019universit\u00e9s, d\u2019\u00e9coles, d\u2019organismes communautaires, de gouvernements, de cabinets priv\u00e9s et d\u2019entreprises. Nous encourageons fortement les propositions de personnes issues de groupes en qu\u00eate d\u2019\u00e9quit\u00e9, notamment les personnes autochtones, racis\u00e9es, 2SLGBTQIA+ et les personnes en situation de handicap.<\/p><p>Les conf\u00e9renciers peuvent s\u2019appuyer sur 29 domaines d\u2019int\u00e9r\u00eat d\u00e9finis pour pr\u00e9parer leur proposition. Les th\u00e8mes vont du counseling et du coaching de carri\u00e8re efficaces \u00e0 la pratique tenant compte des traumatismes, en passant par l\u2019IA et les technologies \u00e9mergentes, ainsi que l\u2019avenir du travail et des milieux de travail. Les s\u00e9ances sur la gestion des talents et le d\u00e9veloppement du leadership \u00e0 l\u2019intention des directeurs de centres de carri\u00e8re et d\u2019emploi sont \u00e9galement encourag\u00e9es. Les conf\u00e9renciers internationaux sont invit\u00e9s \u00e0 faire conna\u00eetre des perspectives mondiales sur la recherche et la pratique en d\u00e9veloppement de carri\u00e8re.<\/p><p>La date limite pour soumettre une proposition est le <strong>lundi 1er juin 2026<\/strong>. Veuillez consulter les <a href=\"https:\/\/cannexus.ceric.ca\/fr\/termes-et-conditions-pour-les-conferenciers\/\" target=\"_blank\" rel=\"noopener\">modalit\u00e9s et lignes directrices relatives aux pr\u00e9sentations<\/a>\u00a0avant de soumettre une proposition. Pour en savoir plus, consultez <a href=\"https:\/\/cannexus.ceric.ca\/fr\/a-propos-de-cannexus\/\" target=\"_blank\" rel=\"noopener\">\u00e0 propos de Cannexus<\/a>, ce <a href=\"https:\/\/ceric.ca\/fr\/2026\/02\/cannexus26-souligne-20-ans-dapprentissage-de-liens-et-de-leadership-en-developpement-de-carriere\/\" target=\"_blank\" rel=\"noopener\">compte rendu de Cannexus26 <\/a>ainsi que <a href=\"https:\/\/cannexus.ceric.ca\/fr\/temoignages\/\" target=\"_blank\" rel=\"noopener\">les commentaires d\u2019anciens participants<\/a>.<\/p><p>Cannexus est pr\u00e9sent\u00e9 par CERIC et soutenu par <a href=\"https:\/\/counselling.foundation\/\" target=\"_blank\" rel=\"noopener\">The Counselling Foundation of Canada <\/a>ainsi que par un vaste r\u00e9seau <a href=\"https:\/\/cannexus.ceric.ca\/fr\/organisations-collaboratives\/\" target=\"_blank\" rel=\"noopener\">d\u2019organisations de soutien <\/a>et de partenaires.<\/p>\t\t\t\t\t\t\t\t<\/div>\n\t\t\t\t<\/div>\n\t\t\t\t\t<\/div>\n\t\t\t\t<\/div>\n\t\t\t\t<\/div>\n\t\t","protected":false},"excerpt":{"rendered":"<p>CERIC a lanc\u00e9 son appel de propositions pour Cannexus27, le plus grand congr\u00e8s bilingue de d\u00e9veloppement de carri\u00e8re au Canada. Le th\u00e8me Naviguer dans l\u2019incertitude, ouvrir<span class=\"excerpt-hellip\"> [\u2026]<\/span><\/p>\n","protected":false},"author":53,"featured_media":78427,"comment_status":"closed","ping_status":"closed","sticky":false,"template":"","format":"standard","meta":{"h5ap_radio_sources":[],"footnotes":""},"categories":[32],"tags":[],"class_list":["post-78323","post","type-post","status-publish","format-standard","has-post-thumbnail","hentry","category-nouvelles"],"yoast_head":"<!-- This site is optimized with the Yoast SEO Premium plugin v27.4 (Yoast SEO v27.4) - https:\/\/yoast.com\/product\/yoast-seo-premium-wordpress\/ -->\n<title>L\u2019appel aux conf\u00e9renciers pour Cannexus27 est maintenant ouvert, alors que le congr\u00e8s met l\u2019accent sur la navigation en contexte d\u2019incertitude - CERIC<\/title>\n<meta name=\"robots\" content=\"index, follow, max-snippet:-1, max-image-preview:large, max-video-preview:-1\" \/>\n<link rel=\"canonical\" href=\"https:\/\/ceric.ca\/fr\/2026\/04\/lappel-aux-conferenciers-pour-cannexus27-est-maintenant-ouvert-alors-que-le-congres-met-laccent-sur-la-navigation-en-contexte-dincertitude\/\" \/>\n<meta property=\"og:locale\" content=\"fr_FR\" \/>\n<meta property=\"og:type\" content=\"article\" \/>\n<meta property=\"og:title\" content=\"L\u2019appel aux conf\u00e9renciers pour Cannexus27 est maintenant ouvert, alors que le congr\u00e8s met l\u2019accent sur la navigation en contexte d\u2019incertitude\" \/>\n<meta property=\"og:description\" content=\"CERIC a lanc\u00e9 son appel de propositions pour Cannexus27, le plus grand congr\u00e8s bilingue de d\u00e9veloppement de carri\u00e8re au Canada. Le th\u00e8me Naviguer dans l\u2019incertitude, ouvrir [\u2026]\" \/>\n<meta property=\"og:url\" content=\"https:\/\/ceric.ca\/fr\/2026\/04\/lappel-aux-conferenciers-pour-cannexus27-est-maintenant-ouvert-alors-que-le-congres-met-laccent-sur-la-navigation-en-contexte-dincertitude\/\" \/>\n<meta property=\"og:site_name\" content=\"CERIC\" \/>\n<meta property=\"article:published_time\" content=\"2026-04-10T19:09:48+00:00\" \/>\n<meta property=\"article:modified_time\" content=\"2026-04-15T17:19:23+00:00\" \/>\n<meta property=\"og:image\" content=\"https:\/\/ceric.ca\/wp-content\/uploads\/2026\/04\/Call-for-presenters-social-300-x-300-px-600-x-600-px.png\" \/>\n\t<meta property=\"og:image:width\" content=\"600\" \/>\n\t<meta property=\"og:image:height\" content=\"400\" \/>\n\t<meta property=\"og:image:type\" content=\"image\/png\" \/>\n<meta name=\"author\" content=\"Navi\" \/>\n<meta name=\"twitter:card\" content=\"summary_large_image\" \/>\n<meta name=\"twitter:label1\" content=\"\u00c9crit par\" \/>\n\t<meta name=\"twitter:data1\" content=\"Navi\" \/>\n\t<meta name=\"twitter:label2\" content=\"Dur\u00e9e de lecture estim\u00e9e\" \/>\n\t<meta name=\"twitter:data2\" content=\"3 minutes\" \/>\n<script type=\"application\/ld+json\" class=\"yoast-schema-graph\">{\"@context\":\"https:\\\/\\\/schema.org\",\"@graph\":[{\"@type\":\"Article\",\"@id\":\"https:\\\/\\\/ceric.ca\\\/fr\\\/2026\\\/04\\\/lappel-aux-conferenciers-pour-cannexus27-est-maintenant-ouvert-alors-que-le-congres-met-laccent-sur-la-navigation-en-contexte-dincertitude\\\/#article\",\"isPartOf\":{\"@id\":\"https:\\\/\\\/ceric.ca\\\/fr\\\/2026\\\/04\\\/lappel-aux-conferenciers-pour-cannexus27-est-maintenant-ouvert-alors-que-le-congres-met-laccent-sur-la-navigation-en-contexte-dincertitude\\\/\"},\"author\":{\"name\":\"Navi\",\"@id\":\"https:\\\/\\\/ceric.ca\\\/#\\\/schema\\\/person\\\/93e57c5ae221f74cdf21582116aee017\"},\"headline\":\"L\u2019appel aux conf\u00e9renciers pour Cannexus27 est maintenant ouvert, alors que le congr\u00e8s met l\u2019accent sur la navigation en contexte d\u2019incertitude\",\"datePublished\":\"2026-04-10T19:09:48+00:00\",\"dateModified\":\"2026-04-15T17:19:23+00:00\",\"mainEntityOfPage\":{\"@id\":\"https:\\\/\\\/ceric.ca\\\/fr\\\/2026\\\/04\\\/lappel-aux-conferenciers-pour-cannexus27-est-maintenant-ouvert-alors-que-le-congres-met-laccent-sur-la-navigation-en-contexte-dincertitude\\\/\"},\"wordCount\":602,\"publisher\":{\"@id\":\"https:\\\/\\\/ceric.ca\\\/#organization\"},\"image\":{\"@id\":\"https:\\\/\\\/ceric.ca\\\/fr\\\/2026\\\/04\\\/lappel-aux-conferenciers-pour-cannexus27-est-maintenant-ouvert-alors-que-le-congres-met-laccent-sur-la-navigation-en-contexte-dincertitude\\\/#primaryimage\"},\"thumbnailUrl\":\"https:\\\/\\\/ceric.ca\\\/wp-content\\\/uploads\\\/2026\\\/04\\\/Call-for-presenters-social-300-x-300-px-600-x-600-px.png\",\"articleSection\":[\"Nouvelles\"],\"inLanguage\":\"fr-FR\"},{\"@type\":\"WebPage\",\"@id\":\"https:\\\/\\\/ceric.ca\\\/fr\\\/2026\\\/04\\\/lappel-aux-conferenciers-pour-cannexus27-est-maintenant-ouvert-alors-que-le-congres-met-laccent-sur-la-navigation-en-contexte-dincertitude\\\/\",\"url\":\"https:\\\/\\\/ceric.ca\\\/fr\\\/2026\\\/04\\\/lappel-aux-conferenciers-pour-cannexus27-est-maintenant-ouvert-alors-que-le-congres-met-laccent-sur-la-navigation-en-contexte-dincertitude\\\/\",\"name\":\"L\u2019appel aux conf\u00e9renciers pour Cannexus27 est maintenant ouvert, alors que le congr\u00e8s met l\u2019accent sur la navigation en contexte d\u2019incertitude - CERIC\",\"isPartOf\":{\"@id\":\"https:\\\/\\\/ceric.ca\\\/#website\"},\"primaryImageOfPage\":{\"@id\":\"https:\\\/\\\/ceric.ca\\\/fr\\\/2026\\\/04\\\/lappel-aux-conferenciers-pour-cannexus27-est-maintenant-ouvert-alors-que-le-congres-met-laccent-sur-la-navigation-en-contexte-dincertitude\\\/#primaryimage\"},\"image\":{\"@id\":\"https:\\\/\\\/ceric.ca\\\/fr\\\/2026\\\/04\\\/lappel-aux-conferenciers-pour-cannexus27-est-maintenant-ouvert-alors-que-le-congres-met-laccent-sur-la-navigation-en-contexte-dincertitude\\\/#primaryimage\"},\"thumbnailUrl\":\"https:\\\/\\\/ceric.ca\\\/wp-content\\\/uploads\\\/2026\\\/04\\\/Call-for-presenters-social-300-x-300-px-600-x-600-px.png\",\"datePublished\":\"2026-04-10T19:09:48+00:00\",\"dateModified\":\"2026-04-15T17:19:23+00:00\",\"breadcrumb\":{\"@id\":\"https:\\\/\\\/ceric.ca\\\/fr\\\/2026\\\/04\\\/lappel-aux-conferenciers-pour-cannexus27-est-maintenant-ouvert-alors-que-le-congres-met-laccent-sur-la-navigation-en-contexte-dincertitude\\\/#breadcrumb\"},\"inLanguage\":\"fr-FR\",\"potentialAction\":[{\"@type\":\"ReadAction\",\"target\":[\"https:\\\/\\\/ceric.ca\\\/fr\\\/2026\\\/04\\\/lappel-aux-conferenciers-pour-cannexus27-est-maintenant-ouvert-alors-que-le-congres-met-laccent-sur-la-navigation-en-contexte-dincertitude\\\/\"]}]},{\"@type\":\"ImageObject\",\"inLanguage\":\"fr-FR\",\"@id\":\"https:\\\/\\\/ceric.ca\\\/fr\\\/2026\\\/04\\\/lappel-aux-conferenciers-pour-cannexus27-est-maintenant-ouvert-alors-que-le-congres-met-laccent-sur-la-navigation-en-contexte-dincertitude\\\/#primaryimage\",\"url\":\"https:\\\/\\\/ceric.ca\\\/wp-content\\\/uploads\\\/2026\\\/04\\\/Call-for-presenters-social-300-x-300-px-600-x-600-px.png\",\"contentUrl\":\"https:\\\/\\\/ceric.ca\\\/wp-content\\\/uploads\\\/2026\\\/04\\\/Call-for-presenters-social-300-x-300-px-600-x-600-px.png\",\"width\":600,\"height\":400},{\"@type\":\"BreadcrumbList\",\"@id\":\"https:\\\/\\\/ceric.ca\\\/fr\\\/2026\\\/04\\\/lappel-aux-conferenciers-pour-cannexus27-est-maintenant-ouvert-alors-que-le-congres-met-laccent-sur-la-navigation-en-contexte-dincertitude\\\/#breadcrumb\",\"itemListElement\":[{\"@type\":\"ListItem\",\"position\":1,\"name\":\"Home\",\"item\":\"https:\\\/\\\/ceric.ca\\\/fr\\\/ceric-homepage-2025\\\/\"},{\"@type\":\"ListItem\",\"position\":2,\"name\":\"L\u2019appel aux conf\u00e9renciers pour Cannexus27 est maintenant ouvert, alors que le congr\u00e8s met l\u2019accent sur la navigation en contexte d\u2019incertitude\"}]},{\"@type\":\"WebSite\",\"@id\":\"https:\\\/\\\/ceric.ca\\\/#website\",\"url\":\"https:\\\/\\\/ceric.ca\\\/\",\"name\":\"CERIC\",\"description\":\"\",\"publisher\":{\"@id\":\"https:\\\/\\\/ceric.ca\\\/#organization\"},\"potentialAction\":[{\"@type\":\"SearchAction\",\"target\":{\"@type\":\"EntryPoint\",\"urlTemplate\":\"https:\\\/\\\/ceric.ca\\\/?s={search_term_string}\"},\"query-input\":{\"@type\":\"PropertyValueSpecification\",\"valueRequired\":true,\"valueName\":\"search_term_string\"}}],\"inLanguage\":\"fr-FR\"},{\"@type\":\"Organization\",\"@id\":\"https:\\\/\\\/ceric.ca\\\/#organization\",\"name\":\"CERIC\",\"url\":\"https:\\\/\\\/ceric.ca\\\/\",\"logo\":{\"@type\":\"ImageObject\",\"inLanguage\":\"fr-FR\",\"@id\":\"https:\\\/\\\/ceric.ca\\\/#\\\/schema\\\/logo\\\/image\\\/\",\"url\":\"\",\"contentUrl\":\"\",\"caption\":\"CERIC\"},\"image\":{\"@id\":\"https:\\\/\\\/ceric.ca\\\/#\\\/schema\\\/logo\\\/image\\\/\"}},{\"@type\":\"Person\",\"@id\":\"https:\\\/\\\/ceric.ca\\\/#\\\/schema\\\/person\\\/93e57c5ae221f74cdf21582116aee017\",\"name\":\"Navi\",\"image\":{\"@type\":\"ImageObject\",\"inLanguage\":\"fr-FR\",\"@id\":\"https:\\\/\\\/secure.gravatar.com\\\/avatar\\\/82989c34d9246e9c609e66ac515f32583d1f198679adece96428b8b3b1b35a31?s=96&d=blank&r=g\",\"url\":\"https:\\\/\\\/secure.gravatar.com\\\/avatar\\\/82989c34d9246e9c609e66ac515f32583d1f198679adece96428b8b3b1b35a31?s=96&d=blank&r=g\",\"contentUrl\":\"https:\\\/\\\/secure.gravatar.com\\\/avatar\\\/82989c34d9246e9c609e66ac515f32583d1f198679adece96428b8b3b1b35a31?s=96&d=blank&r=g\",\"caption\":\"Navi\"},\"url\":\"https:\\\/\\\/ceric.ca\\\/fr\\\/author\\\/navi\\\/\"}]}<\/script>\n<!-- \/ Yoast SEO Premium plugin. -->","yoast_head_json":{"title":"L\u2019appel aux conf\u00e9renciers pour Cannexus27 est maintenant ouvert, alors que le congr\u00e8s met l\u2019accent sur la navigation en contexte d\u2019incertitude - CERIC","robots":{"index":"index","follow":"follow","max-snippet":"max-snippet:-1","max-image-preview":"max-image-preview:large","max-video-preview":"max-video-preview:-1"},"canonical":"https:\/\/ceric.ca\/fr\/2026\/04\/lappel-aux-conferenciers-pour-cannexus27-est-maintenant-ouvert-alors-que-le-congres-met-laccent-sur-la-navigation-en-contexte-dincertitude\/","og_locale":"fr_FR","og_type":"article","og_title":"L\u2019appel aux conf\u00e9renciers pour Cannexus27 est maintenant ouvert, alors que le congr\u00e8s met l\u2019accent sur la navigation en contexte d\u2019incertitude","og_description":"CERIC a lanc\u00e9 son appel de propositions pour Cannexus27, le plus grand congr\u00e8s bilingue de d\u00e9veloppement de carri\u00e8re au Canada. Le th\u00e8me Naviguer dans l\u2019incertitude, ouvrir [\u2026]","og_url":"https:\/\/ceric.ca\/fr\/2026\/04\/lappel-aux-conferenciers-pour-cannexus27-est-maintenant-ouvert-alors-que-le-congres-met-laccent-sur-la-navigation-en-contexte-dincertitude\/","og_site_name":"CERIC","article_published_time":"2026-04-10T19:09:48+00:00","article_modified_time":"2026-04-15T17:19:23+00:00","og_image":[{"width":600,"height":400,"url":"https:\/\/ceric.ca\/wp-content\/uploads\/2026\/04\/Call-for-presenters-social-300-x-300-px-600-x-600-px.png","type":"image\/png"}],"author":"Navi","twitter_card":"summary_large_image","twitter_misc":{"\u00c9crit par":"Navi","Dur\u00e9e de lecture estim\u00e9e":"3 minutes"},"schema":{"@context":"https:\/\/schema.org","@graph":[{"@type":"Article","@id":"https:\/\/ceric.ca\/fr\/2026\/04\/lappel-aux-conferenciers-pour-cannexus27-est-maintenant-ouvert-alors-que-le-congres-met-laccent-sur-la-navigation-en-contexte-dincertitude\/#article","isPartOf":{"@id":"https:\/\/ceric.ca\/fr\/2026\/04\/lappel-aux-conferenciers-pour-cannexus27-est-maintenant-ouvert-alors-que-le-congres-met-laccent-sur-la-navigation-en-contexte-dincertitude\/"},"author":{"name":"Navi","@id":"https:\/\/ceric.ca\/#\/schema\/person\/93e57c5ae221f74cdf21582116aee017"},"headline":"L\u2019appel aux conf\u00e9renciers pour Cannexus27 est maintenant ouvert, alors que le congr\u00e8s met l\u2019accent sur la navigation en contexte d\u2019incertitude","datePublished":"2026-04-10T19:09:48+00:00","dateModified":"2026-04-15T17:19:23+00:00","mainEntityOfPage":{"@id":"https:\/\/ceric.ca\/fr\/2026\/04\/lappel-aux-conferenciers-pour-cannexus27-est-maintenant-ouvert-alors-que-le-congres-met-laccent-sur-la-navigation-en-contexte-dincertitude\/"},"wordCount":602,"publisher":{"@id":"https:\/\/ceric.ca\/#organization"},"image":{"@id":"https:\/\/ceric.ca\/fr\/2026\/04\/lappel-aux-conferenciers-pour-cannexus27-est-maintenant-ouvert-alors-que-le-congres-met-laccent-sur-la-navigation-en-contexte-dincertitude\/#primaryimage"},"thumbnailUrl":"https:\/\/ceric.ca\/wp-content\/uploads\/2026\/04\/Call-for-presenters-social-300-x-300-px-600-x-600-px.png","articleSection":["Nouvelles"],"inLanguage":"fr-FR"},{"@type":"WebPage","@id":"https:\/\/ceric.ca\/fr\/2026\/04\/lappel-aux-conferenciers-pour-cannexus27-est-maintenant-ouvert-alors-que-le-congres-met-laccent-sur-la-navigation-en-contexte-dincertitude\/","url":"https:\/\/ceric.ca\/fr\/2026\/04\/lappel-aux-conferenciers-pour-cannexus27-est-maintenant-ouvert-alors-que-le-congres-met-laccent-sur-la-navigation-en-contexte-dincertitude\/","name":"L\u2019appel aux conf\u00e9renciers pour Cannexus27 est maintenant ouvert, alors que le congr\u00e8s met l\u2019accent sur la navigation en contexte d\u2019incertitude - CERIC","isPartOf":{"@id":"https:\/\/ceric.ca\/#website"},"primaryImageOfPage":{"@id":"https:\/\/ceric.ca\/fr\/2026\/04\/lappel-aux-conferenciers-pour-cannexus27-est-maintenant-ouvert-alors-que-le-congres-met-laccent-sur-la-navigation-en-contexte-dincertitude\/#primaryimage"},"image":{"@id":"https:\/\/ceric.ca\/fr\/2026\/04\/lappel-aux-conferenciers-pour-cannexus27-est-maintenant-ouvert-alors-que-le-congres-met-laccent-sur-la-navigation-en-contexte-dincertitude\/#primaryimage"},"thumbnailUrl":"https:\/\/ceric.ca\/wp-content\/uploads\/2026\/04\/Call-for-presenters-social-300-x-300-px-600-x-600-px.png","datePublished":"2026-04-10T19:09:48+00:00","dateModified":"2026-04-15T17:19:23+00:00","breadcrumb":{"@id":"https:\/\/ceric.ca\/fr\/2026\/04\/lappel-aux-conferenciers-pour-cannexus27-est-maintenant-ouvert-alors-que-le-congres-met-laccent-sur-la-navigation-en-contexte-dincertitude\/#breadcrumb"},"inLanguage":"fr-FR","potentialAction":[{"@type":"ReadAction","target":["https:\/\/ceric.ca\/fr\/2026\/04\/lappel-aux-conferenciers-pour-cannexus27-est-maintenant-ouvert-alors-que-le-congres-met-laccent-sur-la-navigation-en-contexte-dincertitude\/"]}]},{"@type":"ImageObject","inLanguage":"fr-FR","@id":"https:\/\/ceric.ca\/fr\/2026\/04\/lappel-aux-conferenciers-pour-cannexus27-est-maintenant-ouvert-alors-que-le-congres-met-laccent-sur-la-navigation-en-contexte-dincertitude\/#primaryimage","url":"https:\/\/ceric.ca\/wp-content\/uploads\/2026\/04\/Call-for-presenters-social-300-x-300-px-600-x-600-px.png","contentUrl":"https:\/\/ceric.ca\/wp-content\/uploads\/2026\/04\/Call-for-presenters-social-300-x-300-px-600-x-600-px.png","width":600,"height":400},{"@type":"BreadcrumbList","@id":"https:\/\/ceric.ca\/fr\/2026\/04\/lappel-aux-conferenciers-pour-cannexus27-est-maintenant-ouvert-alors-que-le-congres-met-laccent-sur-la-navigation-en-contexte-dincertitude\/#breadcrumb","itemListElement":[{"@type":"ListItem","position":1,"name":"Home","item":"https:\/\/ceric.ca\/fr\/ceric-homepage-2025\/"},{"@type":"ListItem","position":2,"name":"L\u2019appel aux conf\u00e9renciers pour Cannexus27 est maintenant ouvert, alors que le congr\u00e8s met l\u2019accent sur la navigation en contexte d\u2019incertitude"}]},{"@type":"WebSite","@id":"https:\/\/ceric.ca\/#website","url":"https:\/\/ceric.ca\/","name":"CERIC","description":"","publisher":{"@id":"https:\/\/ceric.ca\/#organization"},"potentialAction":[{"@type":"SearchAction","target":{"@type":"EntryPoint","urlTemplate":"https:\/\/ceric.ca\/?s={search_term_string}"},"query-input":{"@type":"PropertyValueSpecification","valueRequired":true,"valueName":"search_term_string"}}],"inLanguage":"fr-FR"},{"@type":"Organization","@id":"https:\/\/ceric.ca\/#organization","name":"CERIC","url":"https:\/\/ceric.ca\/","logo":{"@type":"ImageObject","inLanguage":"fr-FR","@id":"https:\/\/ceric.ca\/#\/schema\/logo\/image\/","url":"","contentUrl":"","caption":"CERIC"},"image":{"@id":"https:\/\/ceric.ca\/#\/schema\/logo\/image\/"}},{"@type":"Person","@id":"https:\/\/ceric.ca\/#\/schema\/person\/93e57c5ae221f74cdf21582116aee017","name":"Navi","image":{"@type":"ImageObject","inLanguage":"fr-FR","@id":"https:\/\/secure.gravatar.com\/avatar\/82989c34d9246e9c609e66ac515f32583d1f198679adece96428b8b3b1b35a31?s=96&d=blank&r=g","url":"https:\/\/secure.gravatar.com\/avatar\/82989c34d9246e9c609e66ac515f32583d1f198679adece96428b8b3b1b35a31?s=96&d=blank&r=g","contentUrl":"https:\/\/secure.gravatar.com\/avatar\/82989c34d9246e9c609e66ac515f32583d1f198679adece96428b8b3b1b35a31?s=96&d=blank&r=g","caption":"Navi"},"url":"https:\/\/ceric.ca\/fr\/author\/navi\/"}]}},"_links":{"self":[{"href":"https:\/\/ceric.ca\/fr\/wp-json\/wp\/v2\/posts\/78323","targetHints":{"allow":["GET"]}}],"collection":[{"href":"https:\/\/ceric.ca\/fr\/wp-json\/wp\/v2\/posts"}],"about":[{"href":"https:\/\/ceric.ca\/fr\/wp-json\/wp\/v2\/types\/post"}],"author":[{"embeddable":true,"href":"https:\/\/ceric.ca\/fr\/wp-json\/wp\/v2\/users\/53"}],"replies":[{"embeddable":true,"href":"https:\/\/ceric.ca\/fr\/wp-json\/wp\/v2\/comments?post=78323"}],"version-history":[{"count":0,"href":"https:\/\/ceric.ca\/fr\/wp-json\/wp\/v2\/posts\/78323\/revisions"}],"wp:featuredmedia":[{"embeddable":true,"href":"https:\/\/ceric.ca\/fr\/wp-json\/wp\/v2\/media\/78427"}],"wp:attachment":[{"href":"https:\/\/ceric.ca\/fr\/wp-json\/wp\/v2\/media?parent=78323"}],"wp:term":[{"taxonomy":"category","embeddable":true,"href":"https:\/\/ceric.ca\/fr\/wp-json\/wp\/v2\/categories?post=78323"},{"taxonomy":"post_tag","embeddable":true,"href":"https:\/\/ceric.ca\/fr\/wp-json\/wp\/v2\/tags?post=78323"}],"curies":[{"name":"wp","href":"https:\/\/api.w.org\/{rel}","templated":true}]}}