{"id":7913,"date":"2011-12-06T16:37:09","date_gmt":"2011-12-06T16:37:09","guid":{"rendered":"http:\/\/ceric.org\/?p=7913"},"modified":"2014-07-29T21:06:06","modified_gmt":"2014-07-29T21:06:06","slug":"restez-a-laffut-pour-connaitre-les-resultats-du-sondage-sur-les-specialistes-de-lorientation-professionnelle-du-ceric","status":"publish","type":"post","link":"https:\/\/ceric.ca\/fr\/2011\/12\/restez-a-laffut-pour-connaitre-les-resultats-du-sondage-sur-les-specialistes-de-lorientation-professionnelle-du-ceric\/","title":{"rendered":"Restez \u00e0 l&rsquo;aff\u00fbt pour conna\u00eetre les r\u00e9sultats du sondage sur les sp\u00e9cialistes de l&rsquo;orientation professionnelle du CERIC"},"content":{"rendered":"<p>Le CERIC est heureux d&rsquo;annoncer que les r\u00e9sultats de son Sondage sur les sp\u00e9cialistes de l&rsquo;orientation professionnelle seront pr\u00e9sent\u00e9s au Congr\u00e8s Cannexus12 \u00e0 Ottawa. <!--more-->Nous remercions les quelque 1 000 membres de la communaut\u00e9 des services d&rsquo;orientation professionnelle qui ont r\u00e9pondu au sondage en octobre et novembre.<\/p>\n<p>Veuillez vous joindre \u00e0 nous pour le <strong>d\u00e9jeuner de Connexions Cannexus du 24 janvier 2012<\/strong> au cours duquel Mario R. Gravelle, analyste de l&rsquo;apprentissage et de l&rsquo;innovation pour The Counselling Foundation of Canada, pr\u00e9sentera un aper\u00e7u des r\u00e9sultats du sondage, notamment l&rsquo;aspect d\u00e9mographique, la recherche et le d\u00e9veloppement, les comp\u00e9tences professionnelles requises et la mobilit\u00e9 dans le domaine de l&rsquo;orientation professionnelle. Un sommaire des le\u00e7ons tir\u00e9es de ce sondage sera offert aux personnes pr\u00e9sentes.<\/p>\n<p>Le CERIC fera conna\u00eetre les autres r\u00e9sultats de ses recherches tout au long de l&rsquo;ann\u00e9e 2012 dans le Bulletin, sur ContactPoint et OrientAction !<\/p>\n","protected":false},"excerpt":{"rendered":"<p>Le CERIC est heureux d&rsquo;annoncer que les r\u00e9sultats de son Sondage sur les sp\u00e9cialistes de l&rsquo;orientation professionnelle seront pr\u00e9sent\u00e9s au Congr\u00e8s Cannexus12 \u00e0 Ottawa.<\/p>\n","protected":false},"author":1,"featured_media":0,"comment_status":"closed","ping_status":"open","sticky":false,"template":"","format":"standard","meta":{"h5ap_radio_sources":[],"footnotes":""},"categories":[47,175,32],"tags":[],"class_list":["post-7913","post","type-post","status-publish","format-standard","hentry","category-2011-fr","category-decembre-2011-fr","category-nouvelles"],"yoast_head":"<!-- This site is optimized with the Yoast SEO Premium plugin v27.4 (Yoast SEO v27.4) - https:\/\/yoast.com\/product\/yoast-seo-premium-wordpress\/ -->\n<title>Restez \u00e0 l&#039;aff\u00fbt pour conna\u00eetre les r\u00e9sultats du sondage sur les sp\u00e9cialistes de l&#039;orientation professionnelle du CERIC - CERIC<\/title>\n<meta name=\"robots\" content=\"index, follow, max-snippet:-1, max-image-preview:large, max-video-preview:-1\" \/>\n<link rel=\"canonical\" href=\"https:\/\/ceric.ca\/fr\/2011\/12\/restez-a-laffut-pour-connaitre-les-resultats-du-sondage-sur-les-specialistes-de-lorientation-professionnelle-du-ceric\/\" \/>\n<meta property=\"og:locale\" content=\"fr_FR\" \/>\n<meta property=\"og:type\" content=\"article\" \/>\n<meta property=\"og:title\" content=\"Restez \u00e0 l&#039;aff\u00fbt pour conna\u00eetre les r\u00e9sultats du sondage sur les sp\u00e9cialistes de l&#039;orientation professionnelle du CERIC\" \/>\n<meta property=\"og:description\" content=\"Le CERIC est heureux d&rsquo;annoncer que les r\u00e9sultats de son Sondage sur les sp\u00e9cialistes de l&rsquo;orientation professionnelle seront pr\u00e9sent\u00e9s au Congr\u00e8s Cannexus12 \u00e0 Ottawa.\" \/>\n<meta property=\"og:url\" content=\"https:\/\/ceric.ca\/fr\/2011\/12\/restez-a-laffut-pour-connaitre-les-resultats-du-sondage-sur-les-specialistes-de-lorientation-professionnelle-du-ceric\/\" \/>\n<meta property=\"og:site_name\" content=\"CERIC\" \/>\n<meta property=\"article:published_time\" content=\"2011-12-06T16:37:09+00:00\" \/>\n<meta property=\"article:modified_time\" content=\"2014-07-29T21:06:06+00:00\" \/>\n<meta name=\"author\" content=\"Norman Valdez\" \/>\n<meta name=\"twitter:card\" content=\"summary_large_image\" \/>\n<meta name=\"twitter:creator\" content=\"@rachel@ceric.ca\" \/>\n<meta name=\"twitter:label1\" content=\"\u00c9crit par\" \/>\n\t<meta name=\"twitter:data1\" content=\"Norman Valdez\" \/>\n\t<meta name=\"twitter:label2\" content=\"Dur\u00e9e de lecture estim\u00e9e\" \/>\n\t<meta name=\"twitter:data2\" content=\"1 minute\" \/>\n<script type=\"application\/ld+json\" class=\"yoast-schema-graph\">{\"@context\":\"https:\\\/\\\/schema.org\",\"@graph\":[{\"@type\":\"Article\",\"@id\":\"https:\\\/\\\/ceric.ca\\\/fr\\\/2011\\\/12\\\/restez-a-laffut-pour-connaitre-les-resultats-du-sondage-sur-les-specialistes-de-lorientation-professionnelle-du-ceric\\\/#article\",\"isPartOf\":{\"@id\":\"https:\\\/\\\/ceric.ca\\\/fr\\\/2011\\\/12\\\/restez-a-laffut-pour-connaitre-les-resultats-du-sondage-sur-les-specialistes-de-lorientation-professionnelle-du-ceric\\\/\"},\"author\":{\"name\":\"Norman Valdez\",\"@id\":\"https:\\\/\\\/ceric.ca\\\/#\\\/schema\\\/person\\\/444d77ede5f23ae98c74e54ab17e2da2\"},\"headline\":\"Restez \u00e0 l&rsquo;aff\u00fbt pour conna\u00eetre les r\u00e9sultats du sondage sur les sp\u00e9cialistes de l&rsquo;orientation professionnelle du CERIC\",\"datePublished\":\"2011-12-06T16:37:09+00:00\",\"dateModified\":\"2014-07-29T21:06:06+00:00\",\"mainEntityOfPage\":{\"@id\":\"https:\\\/\\\/ceric.ca\\\/fr\\\/2011\\\/12\\\/restez-a-laffut-pour-connaitre-les-resultats-du-sondage-sur-les-specialistes-de-lorientation-professionnelle-du-ceric\\\/\"},\"wordCount\":186,\"publisher\":{\"@id\":\"https:\\\/\\\/ceric.ca\\\/#organization\"},\"articleSection\":[\"2011\",\"d\u00e9cembre\",\"Nouvelles\"],\"inLanguage\":\"fr-FR\"},{\"@type\":\"WebPage\",\"@id\":\"https:\\\/\\\/ceric.ca\\\/fr\\\/2011\\\/12\\\/restez-a-laffut-pour-connaitre-les-resultats-du-sondage-sur-les-specialistes-de-lorientation-professionnelle-du-ceric\\\/\",\"url\":\"https:\\\/\\\/ceric.ca\\\/fr\\\/2011\\\/12\\\/restez-a-laffut-pour-connaitre-les-resultats-du-sondage-sur-les-specialistes-de-lorientation-professionnelle-du-ceric\\\/\",\"name\":\"Restez \u00e0 l'aff\u00fbt pour conna\u00eetre les r\u00e9sultats du sondage sur les sp\u00e9cialistes de l'orientation professionnelle du CERIC - CERIC\",\"isPartOf\":{\"@id\":\"https:\\\/\\\/ceric.ca\\\/#website\"},\"datePublished\":\"2011-12-06T16:37:09+00:00\",\"dateModified\":\"2014-07-29T21:06:06+00:00\",\"breadcrumb\":{\"@id\":\"https:\\\/\\\/ceric.ca\\\/fr\\\/2011\\\/12\\\/restez-a-laffut-pour-connaitre-les-resultats-du-sondage-sur-les-specialistes-de-lorientation-professionnelle-du-ceric\\\/#breadcrumb\"},\"inLanguage\":\"fr-FR\",\"potentialAction\":[{\"@type\":\"ReadAction\",\"target\":[\"https:\\\/\\\/ceric.ca\\\/fr\\\/2011\\\/12\\\/restez-a-laffut-pour-connaitre-les-resultats-du-sondage-sur-les-specialistes-de-lorientation-professionnelle-du-ceric\\\/\"]}]},{\"@type\":\"BreadcrumbList\",\"@id\":\"https:\\\/\\\/ceric.ca\\\/fr\\\/2011\\\/12\\\/restez-a-laffut-pour-connaitre-les-resultats-du-sondage-sur-les-specialistes-de-lorientation-professionnelle-du-ceric\\\/#breadcrumb\",\"itemListElement\":[{\"@type\":\"ListItem\",\"position\":1,\"name\":\"Home\",\"item\":\"https:\\\/\\\/ceric.ca\\\/fr\\\/ceric-homepage-2025\\\/\"},{\"@type\":\"ListItem\",\"position\":2,\"name\":\"Restez \u00e0 l&rsquo;aff\u00fbt pour conna\u00eetre les r\u00e9sultats du sondage sur les sp\u00e9cialistes de l&rsquo;orientation professionnelle du CERIC\"}]},{\"@type\":\"WebSite\",\"@id\":\"https:\\\/\\\/ceric.ca\\\/#website\",\"url\":\"https:\\\/\\\/ceric.ca\\\/\",\"name\":\"CERIC\",\"description\":\"\",\"publisher\":{\"@id\":\"https:\\\/\\\/ceric.ca\\\/#organization\"},\"potentialAction\":[{\"@type\":\"SearchAction\",\"target\":{\"@type\":\"EntryPoint\",\"urlTemplate\":\"https:\\\/\\\/ceric.ca\\\/?s={search_term_string}\"},\"query-input\":{\"@type\":\"PropertyValueSpecification\",\"valueRequired\":true,\"valueName\":\"search_term_string\"}}],\"inLanguage\":\"fr-FR\"},{\"@type\":\"Organization\",\"@id\":\"https:\\\/\\\/ceric.ca\\\/#organization\",\"name\":\"CERIC\",\"url\":\"https:\\\/\\\/ceric.ca\\\/\",\"logo\":{\"@type\":\"ImageObject\",\"inLanguage\":\"fr-FR\",\"@id\":\"https:\\\/\\\/ceric.ca\\\/#\\\/schema\\\/logo\\\/image\\\/\",\"url\":\"\",\"contentUrl\":\"\",\"caption\":\"CERIC\"},\"image\":{\"@id\":\"https:\\\/\\\/ceric.ca\\\/#\\\/schema\\\/logo\\\/image\\\/\"}},{\"@type\":\"Person\",\"@id\":\"https:\\\/\\\/ceric.ca\\\/#\\\/schema\\\/person\\\/444d77ede5f23ae98c74e54ab17e2da2\",\"name\":\"Norman Valdez\",\"image\":{\"@type\":\"ImageObject\",\"inLanguage\":\"fr-FR\",\"@id\":\"https:\\\/\\\/secure.gravatar.com\\\/avatar\\\/01def366a03d176e612e177e52d2c8b99d80f13e922b93d5fb9696239fb7fbd4?s=96&d=blank&r=g\",\"url\":\"https:\\\/\\\/secure.gravatar.com\\\/avatar\\\/01def366a03d176e612e177e52d2c8b99d80f13e922b93d5fb9696239fb7fbd4?s=96&d=blank&r=g\",\"contentUrl\":\"https:\\\/\\\/secure.gravatar.com\\\/avatar\\\/01def366a03d176e612e177e52d2c8b99d80f13e922b93d5fb9696239fb7fbd4?s=96&d=blank&r=g\",\"caption\":\"Norman Valdez\"},\"sameAs\":[\"https:\\\/\\\/x.com\\\/rachel@ceric.ca\"],\"url\":\"https:\\\/\\\/ceric.ca\\\/fr\\\/author\\\/norman\\\/\"}]}<\/script>\n<!-- \/ Yoast SEO Premium plugin. -->","yoast_head_json":{"title":"Restez \u00e0 l'aff\u00fbt pour conna\u00eetre les r\u00e9sultats du sondage sur les sp\u00e9cialistes de l'orientation professionnelle du CERIC - CERIC","robots":{"index":"index","follow":"follow","max-snippet":"max-snippet:-1","max-image-preview":"max-image-preview:large","max-video-preview":"max-video-preview:-1"},"canonical":"https:\/\/ceric.ca\/fr\/2011\/12\/restez-a-laffut-pour-connaitre-les-resultats-du-sondage-sur-les-specialistes-de-lorientation-professionnelle-du-ceric\/","og_locale":"fr_FR","og_type":"article","og_title":"Restez \u00e0 l'aff\u00fbt pour conna\u00eetre les r\u00e9sultats du sondage sur les sp\u00e9cialistes de l'orientation professionnelle du CERIC","og_description":"Le CERIC est heureux d&rsquo;annoncer que les r\u00e9sultats de son Sondage sur les sp\u00e9cialistes de l&rsquo;orientation professionnelle seront pr\u00e9sent\u00e9s au Congr\u00e8s Cannexus12 \u00e0 Ottawa.","og_url":"https:\/\/ceric.ca\/fr\/2011\/12\/restez-a-laffut-pour-connaitre-les-resultats-du-sondage-sur-les-specialistes-de-lorientation-professionnelle-du-ceric\/","og_site_name":"CERIC","article_published_time":"2011-12-06T16:37:09+00:00","article_modified_time":"2014-07-29T21:06:06+00:00","author":"Norman Valdez","twitter_card":"summary_large_image","twitter_creator":"@rachel@ceric.ca","twitter_misc":{"\u00c9crit par":"Norman Valdez","Dur\u00e9e de lecture estim\u00e9e":"1 minute"},"schema":{"@context":"https:\/\/schema.org","@graph":[{"@type":"Article","@id":"https:\/\/ceric.ca\/fr\/2011\/12\/restez-a-laffut-pour-connaitre-les-resultats-du-sondage-sur-les-specialistes-de-lorientation-professionnelle-du-ceric\/#article","isPartOf":{"@id":"https:\/\/ceric.ca\/fr\/2011\/12\/restez-a-laffut-pour-connaitre-les-resultats-du-sondage-sur-les-specialistes-de-lorientation-professionnelle-du-ceric\/"},"author":{"name":"Norman Valdez","@id":"https:\/\/ceric.ca\/#\/schema\/person\/444d77ede5f23ae98c74e54ab17e2da2"},"headline":"Restez \u00e0 l&rsquo;aff\u00fbt pour conna\u00eetre les r\u00e9sultats du sondage sur les sp\u00e9cialistes de l&rsquo;orientation professionnelle du CERIC","datePublished":"2011-12-06T16:37:09+00:00","dateModified":"2014-07-29T21:06:06+00:00","mainEntityOfPage":{"@id":"https:\/\/ceric.ca\/fr\/2011\/12\/restez-a-laffut-pour-connaitre-les-resultats-du-sondage-sur-les-specialistes-de-lorientation-professionnelle-du-ceric\/"},"wordCount":186,"publisher":{"@id":"https:\/\/ceric.ca\/#organization"},"articleSection":["2011","d\u00e9cembre","Nouvelles"],"inLanguage":"fr-FR"},{"@type":"WebPage","@id":"https:\/\/ceric.ca\/fr\/2011\/12\/restez-a-laffut-pour-connaitre-les-resultats-du-sondage-sur-les-specialistes-de-lorientation-professionnelle-du-ceric\/","url":"https:\/\/ceric.ca\/fr\/2011\/12\/restez-a-laffut-pour-connaitre-les-resultats-du-sondage-sur-les-specialistes-de-lorientation-professionnelle-du-ceric\/","name":"Restez \u00e0 l'aff\u00fbt pour conna\u00eetre les r\u00e9sultats du sondage sur les sp\u00e9cialistes de l'orientation professionnelle du CERIC - CERIC","isPartOf":{"@id":"https:\/\/ceric.ca\/#website"},"datePublished":"2011-12-06T16:37:09+00:00","dateModified":"2014-07-29T21:06:06+00:00","breadcrumb":{"@id":"https:\/\/ceric.ca\/fr\/2011\/12\/restez-a-laffut-pour-connaitre-les-resultats-du-sondage-sur-les-specialistes-de-lorientation-professionnelle-du-ceric\/#breadcrumb"},"inLanguage":"fr-FR","potentialAction":[{"@type":"ReadAction","target":["https:\/\/ceric.ca\/fr\/2011\/12\/restez-a-laffut-pour-connaitre-les-resultats-du-sondage-sur-les-specialistes-de-lorientation-professionnelle-du-ceric\/"]}]},{"@type":"BreadcrumbList","@id":"https:\/\/ceric.ca\/fr\/2011\/12\/restez-a-laffut-pour-connaitre-les-resultats-du-sondage-sur-les-specialistes-de-lorientation-professionnelle-du-ceric\/#breadcrumb","itemListElement":[{"@type":"ListItem","position":1,"name":"Home","item":"https:\/\/ceric.ca\/fr\/ceric-homepage-2025\/"},{"@type":"ListItem","position":2,"name":"Restez \u00e0 l&rsquo;aff\u00fbt pour conna\u00eetre les r\u00e9sultats du sondage sur les sp\u00e9cialistes de l&rsquo;orientation professionnelle du CERIC"}]},{"@type":"WebSite","@id":"https:\/\/ceric.ca\/#website","url":"https:\/\/ceric.ca\/","name":"CERIC","description":"","publisher":{"@id":"https:\/\/ceric.ca\/#organization"},"potentialAction":[{"@type":"SearchAction","target":{"@type":"EntryPoint","urlTemplate":"https:\/\/ceric.ca\/?s={search_term_string}"},"query-input":{"@type":"PropertyValueSpecification","valueRequired":true,"valueName":"search_term_string"}}],"inLanguage":"fr-FR"},{"@type":"Organization","@id":"https:\/\/ceric.ca\/#organization","name":"CERIC","url":"https:\/\/ceric.ca\/","logo":{"@type":"ImageObject","inLanguage":"fr-FR","@id":"https:\/\/ceric.ca\/#\/schema\/logo\/image\/","url":"","contentUrl":"","caption":"CERIC"},"image":{"@id":"https:\/\/ceric.ca\/#\/schema\/logo\/image\/"}},{"@type":"Person","@id":"https:\/\/ceric.ca\/#\/schema\/person\/444d77ede5f23ae98c74e54ab17e2da2","name":"Norman Valdez","image":{"@type":"ImageObject","inLanguage":"fr-FR","@id":"https:\/\/secure.gravatar.com\/avatar\/01def366a03d176e612e177e52d2c8b99d80f13e922b93d5fb9696239fb7fbd4?s=96&d=blank&r=g","url":"https:\/\/secure.gravatar.com\/avatar\/01def366a03d176e612e177e52d2c8b99d80f13e922b93d5fb9696239fb7fbd4?s=96&d=blank&r=g","contentUrl":"https:\/\/secure.gravatar.com\/avatar\/01def366a03d176e612e177e52d2c8b99d80f13e922b93d5fb9696239fb7fbd4?s=96&d=blank&r=g","caption":"Norman Valdez"},"sameAs":["https:\/\/x.com\/rachel@ceric.ca"],"url":"https:\/\/ceric.ca\/fr\/author\/norman\/"}]}},"_links":{"self":[{"href":"https:\/\/ceric.ca\/fr\/wp-json\/wp\/v2\/posts\/7913","targetHints":{"allow":["GET"]}}],"collection":[{"href":"https:\/\/ceric.ca\/fr\/wp-json\/wp\/v2\/posts"}],"about":[{"href":"https:\/\/ceric.ca\/fr\/wp-json\/wp\/v2\/types\/post"}],"author":[{"embeddable":true,"href":"https:\/\/ceric.ca\/fr\/wp-json\/wp\/v2\/users\/1"}],"replies":[{"embeddable":true,"href":"https:\/\/ceric.ca\/fr\/wp-json\/wp\/v2\/comments?post=7913"}],"version-history":[{"count":0,"href":"https:\/\/ceric.ca\/fr\/wp-json\/wp\/v2\/posts\/7913\/revisions"}],"wp:attachment":[{"href":"https:\/\/ceric.ca\/fr\/wp-json\/wp\/v2\/media?parent=7913"}],"wp:term":[{"taxonomy":"category","embeddable":true,"href":"https:\/\/ceric.ca\/fr\/wp-json\/wp\/v2\/categories?post=7913"},{"taxonomy":"post_tag","embeddable":true,"href":"https:\/\/ceric.ca\/fr\/wp-json\/wp\/v2\/tags?post=7913"}],"curies":[{"name":"wp","href":"https:\/\/api.w.org\/{rel}","templated":true}]}}