{"id":9169,"date":"2014-05-05T14:36:52","date_gmt":"2014-05-05T14:36:52","guid":{"rendered":"http:\/\/ceric.org\/?p=9169"},"modified":"2014-06-09T16:02:09","modified_gmt":"2014-06-09T16:02:09","slug":"voici-nos-conferenciers-dhonneur-pour-cannexus15","status":"publish","type":"post","link":"https:\/\/ceric.ca\/fr\/2014\/05\/voici-nos-conferenciers-dhonneur-pour-cannexus15\/","title":{"rendered":"Voici nos conf\u00e9renciers d\u2019honneur pour Cannexus15"},"content":{"rendered":"<p class=\"MsoNormalCxSpFirst\"><span lang=\"FR-CA\" style=\"mso-ansi-language: FR-CA;\">Des citoyens remarquables prononceront les allocutions \u00e0 <\/span><span lang=\"EN-US\"><a href=\"http:\/\/www.cannexus.ca\/\" target=\"_blank\"><span lang=\"FR-CA\" style=\"mso-ansi-language: FR-CA;\">Cannexus15<\/span><\/a><\/span><span lang=\"FR-CA\" style=\"mso-ansi-language: FR-CA;\">, le congr\u00e8s national en d\u00e9veloppement de carri\u00e8re du Canada, qui aura lieu du 26 au 28 janvier \u00e0 Ottawa.<\/span><!--more--><\/p>\n<h4 class=\"MsoNormalCxSpMiddle\"><strong><span lang=\"FR-CA\" style=\"mso-ansi-language: FR-CA;\">Venez \u00e9couter les id\u00e9es de ces trois conf\u00e9renciers d\u2019honneur exceptionnels\u00a0:<\/span><\/strong><\/h4>\n<ul>\n<li><span lang=\"FR-CA\" style=\"mso-ansi-language: FR-CA;\"><a href=\"http:\/\/cannexus.ca\/fr\/speaker\/jamie-watt\/\" target=\"_blank\">Jaime Watt<\/a>, pr\u00e9sident ex\u00e9cutif, Navigator Ltd. et commentateur d\u2019affaires publiques<\/span><\/li>\n<li><span lang=\"FR-CA\" style=\"mso-ansi-language: FR-CA;\"><a href=\"http:\/\/cannexus.ca\/fr\/speaker\/nancy-arthur\/\" target=\"_blank\">Nancy Arthur<\/a>, professeure et vice-doyenne de la recherche, Werklund School of Education, Universit\u00e9 de Calgary<\/span><\/li>\n<li><span lang=\"FR-CA\" style=\"mso-ansi-language: FR-CA;\">La tr\u00e8s honorable <a href=\"http:\/\/cannexus.ca\/fr\/speaker\/la-tres-honorable-adrienne-clarkson\/\" target=\"_blank\">Adrienne Clarkson<\/a>, 26e gouverneure g\u00e9n\u00e9rale du Canada<\/span><\/li>\n<\/ul>\n<p class=\"MsoNormalCxSpMiddle\"><span lang=\"FR-CA\" style=\"mso-ansi-language: FR-CA;\">Cannexus est con\u00e7u pour favoriser les \u00e9changes entre participants et pour explorer de nouvelles approches en orientation et en d\u00e9veloppement de carri\u00e8re. Nous pr\u00e9voyons accueillir 800 participants de partout au Canada et de l\u2019\u00e9tranger au Centre des congr\u00e8s d\u2019Ottawa en 2015.<\/span><\/p>\n<p class=\"MsoNormalCxSpMiddle\"><span lang=\"FR-CA\" style=\"mso-ansi-language: FR-CA;\">Ce congr\u00e8s vous est pr\u00e9sent\u00e9 par le CERIC avec le soutien de <\/span><span lang=\"EN-US\"><a href=\"http:\/\/www.counselling.net\/jnew\/\" target=\"_blank\"><span lang=\"FR-CA\" style=\"mso-ansi-language: FR-CA;\">The Counselling Foundation of Canada<\/span><\/a><\/span><span lang=\"FR-CA\" style=\"mso-ansi-language: FR-CA;\">et d\u2019un vaste r\u00e9seau d\u2019organisations collaboratives.<\/span><\/p>\n<p class=\"MsoNormalCxSpMiddle\"><span lang=\"FR-CA\" style=\"mso-ansi-language: FR-CA;\">L\u2019inscription \u00e0 Cannexus15 d\u00e9butera le <strong style=\"mso-bidi-font-weight: normal;\">20 mai<\/strong>.<\/span><\/p>\n","protected":false},"excerpt":{"rendered":"<p>Des citoyens remarquables prononceront les allocutions \u00e0 Cannexus15, le congr\u00e8s national en d\u00e9veloppement de carri\u00e8re du Canada, qui aura lieu du 26 au 28 janvier \u00e0<span class=\"excerpt-hellip\"> [\u2026]<\/span><\/p>\n","protected":false},"author":1,"featured_media":0,"comment_status":"closed","ping_status":"open","sticky":false,"template":"","format":"standard","meta":{"h5ap_radio_sources":[],"footnotes":""},"categories":[63,140,32],"tags":[],"class_list":["post-9169","post","type-post","status-publish","format-standard","hentry","category-2014-fr","category-mai","category-nouvelles"],"yoast_head":"<!-- This site is optimized with the Yoast SEO Premium plugin v27.4 (Yoast SEO v27.4) - https:\/\/yoast.com\/product\/yoast-seo-premium-wordpress\/ -->\n<title>Voici nos conf\u00e9renciers d\u2019honneur pour Cannexus15 - CERIC<\/title>\n<meta name=\"robots\" content=\"index, follow, max-snippet:-1, max-image-preview:large, max-video-preview:-1\" \/>\n<link rel=\"canonical\" href=\"https:\/\/ceric.ca\/fr\/2014\/05\/voici-nos-conferenciers-dhonneur-pour-cannexus15\/\" \/>\n<meta property=\"og:locale\" content=\"fr_FR\" \/>\n<meta property=\"og:type\" content=\"article\" \/>\n<meta property=\"og:title\" content=\"Voici nos conf\u00e9renciers d\u2019honneur pour Cannexus15\" \/>\n<meta property=\"og:description\" content=\"Des citoyens remarquables prononceront les allocutions \u00e0 Cannexus15, le congr\u00e8s national en d\u00e9veloppement de carri\u00e8re du Canada, qui aura lieu du 26 au 28 janvier \u00e0 [\u2026]\" \/>\n<meta property=\"og:url\" content=\"https:\/\/ceric.ca\/fr\/2014\/05\/voici-nos-conferenciers-dhonneur-pour-cannexus15\/\" \/>\n<meta property=\"og:site_name\" content=\"CERIC\" \/>\n<meta property=\"article:published_time\" content=\"2014-05-05T14:36:52+00:00\" \/>\n<meta property=\"article:modified_time\" content=\"2014-06-09T16:02:09+00:00\" \/>\n<meta name=\"author\" content=\"Norman Valdez\" \/>\n<meta name=\"twitter:card\" content=\"summary_large_image\" \/>\n<meta name=\"twitter:creator\" content=\"@rachel@ceric.ca\" \/>\n<meta name=\"twitter:label1\" content=\"\u00c9crit par\" \/>\n\t<meta name=\"twitter:data1\" content=\"Norman Valdez\" \/>\n\t<meta name=\"twitter:label2\" content=\"Dur\u00e9e de lecture estim\u00e9e\" \/>\n\t<meta name=\"twitter:data2\" content=\"1 minute\" \/>\n<script type=\"application\/ld+json\" class=\"yoast-schema-graph\">{\"@context\":\"https:\\\/\\\/schema.org\",\"@graph\":[{\"@type\":\"Article\",\"@id\":\"https:\\\/\\\/ceric.ca\\\/fr\\\/2014\\\/05\\\/voici-nos-conferenciers-dhonneur-pour-cannexus15\\\/#article\",\"isPartOf\":{\"@id\":\"https:\\\/\\\/ceric.ca\\\/fr\\\/2014\\\/05\\\/voici-nos-conferenciers-dhonneur-pour-cannexus15\\\/\"},\"author\":{\"name\":\"Norman Valdez\",\"@id\":\"https:\\\/\\\/ceric.ca\\\/#\\\/schema\\\/person\\\/444d77ede5f23ae98c74e54ab17e2da2\"},\"headline\":\"Voici nos conf\u00e9renciers d\u2019honneur pour Cannexus15\",\"datePublished\":\"2014-05-05T14:36:52+00:00\",\"dateModified\":\"2014-06-09T16:02:09+00:00\",\"mainEntityOfPage\":{\"@id\":\"https:\\\/\\\/ceric.ca\\\/fr\\\/2014\\\/05\\\/voici-nos-conferenciers-dhonneur-pour-cannexus15\\\/\"},\"wordCount\":169,\"publisher\":{\"@id\":\"https:\\\/\\\/ceric.ca\\\/#organization\"},\"articleSection\":[\"2014\",\"mai\",\"Nouvelles\"],\"inLanguage\":\"fr-FR\"},{\"@type\":\"WebPage\",\"@id\":\"https:\\\/\\\/ceric.ca\\\/fr\\\/2014\\\/05\\\/voici-nos-conferenciers-dhonneur-pour-cannexus15\\\/\",\"url\":\"https:\\\/\\\/ceric.ca\\\/fr\\\/2014\\\/05\\\/voici-nos-conferenciers-dhonneur-pour-cannexus15\\\/\",\"name\":\"Voici nos conf\u00e9renciers d\u2019honneur pour Cannexus15 - CERIC\",\"isPartOf\":{\"@id\":\"https:\\\/\\\/ceric.ca\\\/#website\"},\"datePublished\":\"2014-05-05T14:36:52+00:00\",\"dateModified\":\"2014-06-09T16:02:09+00:00\",\"breadcrumb\":{\"@id\":\"https:\\\/\\\/ceric.ca\\\/fr\\\/2014\\\/05\\\/voici-nos-conferenciers-dhonneur-pour-cannexus15\\\/#breadcrumb\"},\"inLanguage\":\"fr-FR\",\"potentialAction\":[{\"@type\":\"ReadAction\",\"target\":[\"https:\\\/\\\/ceric.ca\\\/fr\\\/2014\\\/05\\\/voici-nos-conferenciers-dhonneur-pour-cannexus15\\\/\"]}]},{\"@type\":\"BreadcrumbList\",\"@id\":\"https:\\\/\\\/ceric.ca\\\/fr\\\/2014\\\/05\\\/voici-nos-conferenciers-dhonneur-pour-cannexus15\\\/#breadcrumb\",\"itemListElement\":[{\"@type\":\"ListItem\",\"position\":1,\"name\":\"Home\",\"item\":\"https:\\\/\\\/ceric.ca\\\/fr\\\/ceric-homepage-2025\\\/\"},{\"@type\":\"ListItem\",\"position\":2,\"name\":\"Voici nos conf\u00e9renciers d\u2019honneur pour Cannexus15\"}]},{\"@type\":\"WebSite\",\"@id\":\"https:\\\/\\\/ceric.ca\\\/#website\",\"url\":\"https:\\\/\\\/ceric.ca\\\/\",\"name\":\"CERIC\",\"description\":\"\",\"publisher\":{\"@id\":\"https:\\\/\\\/ceric.ca\\\/#organization\"},\"potentialAction\":[{\"@type\":\"SearchAction\",\"target\":{\"@type\":\"EntryPoint\",\"urlTemplate\":\"https:\\\/\\\/ceric.ca\\\/?s={search_term_string}\"},\"query-input\":{\"@type\":\"PropertyValueSpecification\",\"valueRequired\":true,\"valueName\":\"search_term_string\"}}],\"inLanguage\":\"fr-FR\"},{\"@type\":\"Organization\",\"@id\":\"https:\\\/\\\/ceric.ca\\\/#organization\",\"name\":\"CERIC\",\"url\":\"https:\\\/\\\/ceric.ca\\\/\",\"logo\":{\"@type\":\"ImageObject\",\"inLanguage\":\"fr-FR\",\"@id\":\"https:\\\/\\\/ceric.ca\\\/#\\\/schema\\\/logo\\\/image\\\/\",\"url\":\"\",\"contentUrl\":\"\",\"caption\":\"CERIC\"},\"image\":{\"@id\":\"https:\\\/\\\/ceric.ca\\\/#\\\/schema\\\/logo\\\/image\\\/\"}},{\"@type\":\"Person\",\"@id\":\"https:\\\/\\\/ceric.ca\\\/#\\\/schema\\\/person\\\/444d77ede5f23ae98c74e54ab17e2da2\",\"name\":\"Norman Valdez\",\"image\":{\"@type\":\"ImageObject\",\"inLanguage\":\"fr-FR\",\"@id\":\"https:\\\/\\\/secure.gravatar.com\\\/avatar\\\/01def366a03d176e612e177e52d2c8b99d80f13e922b93d5fb9696239fb7fbd4?s=96&d=blank&r=g\",\"url\":\"https:\\\/\\\/secure.gravatar.com\\\/avatar\\\/01def366a03d176e612e177e52d2c8b99d80f13e922b93d5fb9696239fb7fbd4?s=96&d=blank&r=g\",\"contentUrl\":\"https:\\\/\\\/secure.gravatar.com\\\/avatar\\\/01def366a03d176e612e177e52d2c8b99d80f13e922b93d5fb9696239fb7fbd4?s=96&d=blank&r=g\",\"caption\":\"Norman Valdez\"},\"sameAs\":[\"https:\\\/\\\/x.com\\\/rachel@ceric.ca\"],\"url\":\"https:\\\/\\\/ceric.ca\\\/fr\\\/author\\\/norman\\\/\"}]}<\/script>\n<!-- \/ Yoast SEO Premium plugin. -->","yoast_head_json":{"title":"Voici nos conf\u00e9renciers d\u2019honneur pour Cannexus15 - CERIC","robots":{"index":"index","follow":"follow","max-snippet":"max-snippet:-1","max-image-preview":"max-image-preview:large","max-video-preview":"max-video-preview:-1"},"canonical":"https:\/\/ceric.ca\/fr\/2014\/05\/voici-nos-conferenciers-dhonneur-pour-cannexus15\/","og_locale":"fr_FR","og_type":"article","og_title":"Voici nos conf\u00e9renciers d\u2019honneur pour Cannexus15","og_description":"Des citoyens remarquables prononceront les allocutions \u00e0 Cannexus15, le congr\u00e8s national en d\u00e9veloppement de carri\u00e8re du Canada, qui aura lieu du 26 au 28 janvier \u00e0 [\u2026]","og_url":"https:\/\/ceric.ca\/fr\/2014\/05\/voici-nos-conferenciers-dhonneur-pour-cannexus15\/","og_site_name":"CERIC","article_published_time":"2014-05-05T14:36:52+00:00","article_modified_time":"2014-06-09T16:02:09+00:00","author":"Norman Valdez","twitter_card":"summary_large_image","twitter_creator":"@rachel@ceric.ca","twitter_misc":{"\u00c9crit par":"Norman Valdez","Dur\u00e9e de lecture estim\u00e9e":"1 minute"},"schema":{"@context":"https:\/\/schema.org","@graph":[{"@type":"Article","@id":"https:\/\/ceric.ca\/fr\/2014\/05\/voici-nos-conferenciers-dhonneur-pour-cannexus15\/#article","isPartOf":{"@id":"https:\/\/ceric.ca\/fr\/2014\/05\/voici-nos-conferenciers-dhonneur-pour-cannexus15\/"},"author":{"name":"Norman Valdez","@id":"https:\/\/ceric.ca\/#\/schema\/person\/444d77ede5f23ae98c74e54ab17e2da2"},"headline":"Voici nos conf\u00e9renciers d\u2019honneur pour Cannexus15","datePublished":"2014-05-05T14:36:52+00:00","dateModified":"2014-06-09T16:02:09+00:00","mainEntityOfPage":{"@id":"https:\/\/ceric.ca\/fr\/2014\/05\/voici-nos-conferenciers-dhonneur-pour-cannexus15\/"},"wordCount":169,"publisher":{"@id":"https:\/\/ceric.ca\/#organization"},"articleSection":["2014","mai","Nouvelles"],"inLanguage":"fr-FR"},{"@type":"WebPage","@id":"https:\/\/ceric.ca\/fr\/2014\/05\/voici-nos-conferenciers-dhonneur-pour-cannexus15\/","url":"https:\/\/ceric.ca\/fr\/2014\/05\/voici-nos-conferenciers-dhonneur-pour-cannexus15\/","name":"Voici nos conf\u00e9renciers d\u2019honneur pour Cannexus15 - CERIC","isPartOf":{"@id":"https:\/\/ceric.ca\/#website"},"datePublished":"2014-05-05T14:36:52+00:00","dateModified":"2014-06-09T16:02:09+00:00","breadcrumb":{"@id":"https:\/\/ceric.ca\/fr\/2014\/05\/voici-nos-conferenciers-dhonneur-pour-cannexus15\/#breadcrumb"},"inLanguage":"fr-FR","potentialAction":[{"@type":"ReadAction","target":["https:\/\/ceric.ca\/fr\/2014\/05\/voici-nos-conferenciers-dhonneur-pour-cannexus15\/"]}]},{"@type":"BreadcrumbList","@id":"https:\/\/ceric.ca\/fr\/2014\/05\/voici-nos-conferenciers-dhonneur-pour-cannexus15\/#breadcrumb","itemListElement":[{"@type":"ListItem","position":1,"name":"Home","item":"https:\/\/ceric.ca\/fr\/ceric-homepage-2025\/"},{"@type":"ListItem","position":2,"name":"Voici nos conf\u00e9renciers d\u2019honneur pour Cannexus15"}]},{"@type":"WebSite","@id":"https:\/\/ceric.ca\/#website","url":"https:\/\/ceric.ca\/","name":"CERIC","description":"","publisher":{"@id":"https:\/\/ceric.ca\/#organization"},"potentialAction":[{"@type":"SearchAction","target":{"@type":"EntryPoint","urlTemplate":"https:\/\/ceric.ca\/?s={search_term_string}"},"query-input":{"@type":"PropertyValueSpecification","valueRequired":true,"valueName":"search_term_string"}}],"inLanguage":"fr-FR"},{"@type":"Organization","@id":"https:\/\/ceric.ca\/#organization","name":"CERIC","url":"https:\/\/ceric.ca\/","logo":{"@type":"ImageObject","inLanguage":"fr-FR","@id":"https:\/\/ceric.ca\/#\/schema\/logo\/image\/","url":"","contentUrl":"","caption":"CERIC"},"image":{"@id":"https:\/\/ceric.ca\/#\/schema\/logo\/image\/"}},{"@type":"Person","@id":"https:\/\/ceric.ca\/#\/schema\/person\/444d77ede5f23ae98c74e54ab17e2da2","name":"Norman Valdez","image":{"@type":"ImageObject","inLanguage":"fr-FR","@id":"https:\/\/secure.gravatar.com\/avatar\/01def366a03d176e612e177e52d2c8b99d80f13e922b93d5fb9696239fb7fbd4?s=96&d=blank&r=g","url":"https:\/\/secure.gravatar.com\/avatar\/01def366a03d176e612e177e52d2c8b99d80f13e922b93d5fb9696239fb7fbd4?s=96&d=blank&r=g","contentUrl":"https:\/\/secure.gravatar.com\/avatar\/01def366a03d176e612e177e52d2c8b99d80f13e922b93d5fb9696239fb7fbd4?s=96&d=blank&r=g","caption":"Norman Valdez"},"sameAs":["https:\/\/x.com\/rachel@ceric.ca"],"url":"https:\/\/ceric.ca\/fr\/author\/norman\/"}]}},"_links":{"self":[{"href":"https:\/\/ceric.ca\/fr\/wp-json\/wp\/v2\/posts\/9169","targetHints":{"allow":["GET"]}}],"collection":[{"href":"https:\/\/ceric.ca\/fr\/wp-json\/wp\/v2\/posts"}],"about":[{"href":"https:\/\/ceric.ca\/fr\/wp-json\/wp\/v2\/types\/post"}],"author":[{"embeddable":true,"href":"https:\/\/ceric.ca\/fr\/wp-json\/wp\/v2\/users\/1"}],"replies":[{"embeddable":true,"href":"https:\/\/ceric.ca\/fr\/wp-json\/wp\/v2\/comments?post=9169"}],"version-history":[{"count":0,"href":"https:\/\/ceric.ca\/fr\/wp-json\/wp\/v2\/posts\/9169\/revisions"}],"wp:attachment":[{"href":"https:\/\/ceric.ca\/fr\/wp-json\/wp\/v2\/media?parent=9169"}],"wp:term":[{"taxonomy":"category","embeddable":true,"href":"https:\/\/ceric.ca\/fr\/wp-json\/wp\/v2\/categories?post=9169"},{"taxonomy":"post_tag","embeddable":true,"href":"https:\/\/ceric.ca\/fr\/wp-json\/wp\/v2\/tags?post=9169"}],"curies":[{"name":"wp","href":"https:\/\/api.w.org\/{rel}","templated":true}]}}